{"id":15675,"date":"2015-06-26T06:16:06","date_gmt":"2015-06-26T04:16:06","guid":{"rendered":"http:\/\/www.psoecaceres.com\/es\/?p=15675"},"modified":"2015-06-26T07:24:38","modified_gmt":"2015-06-26T05:24:38","slug":"los-ayuntamientos-socialistas-luciran-la-bandera-arcoiris-para-celebrar-el-dia-del-orgullo-lgtb","status":"publish","type":"post","link":"https:\/\/www.psoecaceres.com\/es\/actualidad\/los-ayuntamientos-socialistas-luciran-la-bandera-arcoiris-para-celebrar-el-dia-del-orgullo-lgtb\/","title":{"rendered":"Los Ayuntamientos socialistas lucir\u00e1n la bandera arco\u00edris para celebrar el D\u00eda del Orgullo LGTB"},"content":{"rendered":"<p>El PSOE de Extremadura conmemora el D\u00eda del Orgullo LGTB, que se celebra el pr\u00f3ximo domingo 28 de junio, ondeando en los Ayuntamientos en los que gobierna la bandera arco\u00edris, s\u00edmbolo del orgullo LGTB.\u00a0<a href=\"https:\/\/www.psoecaceres.com\/es\/wp-content\/uploads\/2015\/06\/Ayuntamiento-de-Caminomorisco.jpg\"><img loading=\"lazy\" decoding=\"async\" class=\"alignright size-medium wp-image-15676\" src=\"https:\/\/www.psoecaceres.com\/es\/wp-content\/uploads\/2015\/06\/Ayuntamiento-de-Caminomorisco-300x148.jpg\" alt=\"Ayuntamiento de Caminomorisco\" width=\"300\" height=\"148\" \/><\/a><\/p>\n<p>El responsable del grupo LGTB del PSOE de Extremadura, \u00d3scar Salguero Barrena, ha mostrado su satisfacci\u00f3n porque se\u00a0 conmemore con este gesto esta fecha en nuestra comunidad, lo que supone un reconocimiento a la lucha del colectivo contra la desigualdad y la discriminaci\u00f3n social.<\/p>\n<p>El socialista ha manifestado adem\u00e1s que esta legislatura ser\u00e1 clave para avanzar en materia de igualdad \u201cno s\u00f3lo entre hombres y mujeres, sino tambi\u00e9n en materia de igualdad de las personas LGTBI en la regi\u00f3n.\u201d<\/p>\n<p>De este modo, \u00d3scar Salguero ha recordado que entre las 60 medidas para cambiar Extremadura presentadas el Secretario General del PSOE y candidato a la Presidencia de la Junta de Extremadura, Guillermo Fern\u00e1ndez Vara, se recoge un Plan Integral para la Igualdad LGTBI, que contempla, entre otras muchas,\u00a0 medidas para la igualdad y la diversidad en materia LGTBI en el \u00e1mbito educativo, familiar y de juventud. Este Plan ser\u00e1 la piedra angular para el desarrollo de la<strong> Ley de Igualdad social de Lesbianas, Gays, Bisexuales, Transg\u00e9neros, Transexuales e Intersexuales<\/strong>, y de\u00a0<strong>pol\u00edticas p\u00fablicas contra la discriminaci\u00f3n por homofobia y<\/strong>\u00a0transfobia en la Comunidad Aut\u00f3noma de Extremadura.<\/p>\n<p>Asimismo, el responsable socialista ha informado de que hoy\u00a0viernes 26 de mayo, los activistas LGTBI, as\u00ed como otros miembros destacados\u00a0 del PSOE de Extremadura participar\u00e1n en los actos que se celebrar\u00e1n en la Asamblea de Extremadura para conmemorar el d\u00eda del Orgullo LGTB, as\u00ed como en los que tendr\u00e1n lugar este fin de semana en la regi\u00f3n.<\/p>\n","protected":false},"excerpt":{"rendered":"<p>El PSOE de Extremadura conmemora el D\u00eda del Orgullo LGTB, que se celebra el pr\u00f3ximo domingo 28 de junio, ondeando en los Ayuntamientos en los que gobierna la bandera arco\u00edris, s\u00edmbolo del orgullo LGTB.\u00a0 El responsable del grupo LGTB del PSOE de Extremadura, \u00d3scar Salguero Barrena, ha mostrado su satisfacci\u00f3n porque se\u00a0 conmemore con este [&hellip;]<\/p>\n","protected":false},"author":3,"featured_media":15676,"comment_status":"open","ping_status":"open","sticky":false,"template":"","format":"standard","meta":{"_et_pb_use_builder":"","_et_pb_old_content":"","_et_gb_content_width":"","footnotes":""},"categories":[21],"tags":[151],"class_list":["post-15675","post","type-post","status-publish","format-standard","has-post-thumbnail","hentry","category-actualidad","tag-destacada"],"yoast_head":"<!-- This site is optimized with the Yoast SEO plugin v26.7 - https:\/\/yoast.com\/wordpress\/plugins\/seo\/ -->\n<title>Los Ayuntamientos socialistas lucir\u00e1n la bandera arco\u00edris para celebrar el D\u00eda del Orgullo LGTB - PSOE provincia de C\u00e1ceres<\/title>\n<meta name=\"description\" content=\"El PSOE de Extremadura conmemora el D\u00eda del Orgullo LGTB, ondeando en los Ayuntamientos en los que gobierna la bandera arco\u00edris\" \/>\n<meta name=\"robots\" content=\"index, follow, max-snippet:-1, max-image-preview:large, max-video-preview:-1\" \/>\n<link rel=\"canonical\" href=\"https:\/\/www.psoecaceres.com\/es\/actualidad\/los-ayuntamientos-socialistas-luciran-la-bandera-arcoiris-para-celebrar-el-dia-del-orgullo-lgtb\/\" \/>\n<meta property=\"og:locale\" content=\"es_ES\" \/>\n<meta property=\"og:type\" content=\"article\" \/>\n<meta property=\"og:title\" content=\"Los Ayuntamientos socialistas lucir\u00e1n la bandera arco\u00edris para celebrar el D\u00eda del Orgullo LGTB - PSOE provincia de C\u00e1ceres\" \/>\n<meta property=\"og:description\" content=\"El PSOE de Extremadura conmemora el D\u00eda del Orgullo LGTB, ondeando en los Ayuntamientos en los que gobierna la bandera arco\u00edris\" \/>\n<meta property=\"og:url\" content=\"https:\/\/www.psoecaceres.com\/es\/actualidad\/los-ayuntamientos-socialistas-luciran-la-bandera-arcoiris-para-celebrar-el-dia-del-orgullo-lgtb\/\" \/>\n<meta property=\"og:site_name\" content=\"PSOE provincia de C\u00e1ceres\" \/>\n<meta property=\"article:publisher\" content=\"https:\/\/www.facebook.com\/psoecaceres\" \/>\n<meta property=\"article:published_time\" content=\"2015-06-26T04:16:06+00:00\" \/>\n<meta property=\"article:modified_time\" content=\"2015-06-26T05:24:38+00:00\" \/>\n<meta property=\"og:image\" content=\"https:\/\/www.psoecaceres.com\/es\/wp-content\/uploads\/2015\/06\/Ayuntamiento-de-Caminomorisco.jpg\" \/>\n\t<meta property=\"og:image:width\" content=\"640\" \/>\n\t<meta property=\"og:image:height\" content=\"315\" \/>\n\t<meta property=\"og:image:type\" content=\"image\/jpeg\" \/>\n<meta name=\"author\" content=\"PSOE\" \/>\n<meta name=\"twitter:card\" content=\"summary_large_image\" \/>\n<meta name=\"twitter:creator\" content=\"@PSOEC\" \/>\n<meta name=\"twitter:site\" content=\"@PSOEC\" \/>\n<meta name=\"twitter:label1\" content=\"Escrito por\" \/>\n\t<meta name=\"twitter:data1\" content=\"PSOE\" \/>\n\t<meta name=\"twitter:label2\" content=\"Tiempo de lectura\" \/>\n\t<meta name=\"twitter:data2\" content=\"1 minuto\" \/>\n<script type=\"application\/ld+json\" class=\"yoast-schema-graph\">{\"@context\":\"https:\/\/schema.org\",\"@graph\":[{\"@type\":\"Article\",\"@id\":\"https:\/\/www.psoecaceres.com\/es\/actualidad\/los-ayuntamientos-socialistas-luciran-la-bandera-arcoiris-para-celebrar-el-dia-del-orgullo-lgtb\/#article\",\"isPartOf\":{\"@id\":\"https:\/\/www.psoecaceres.com\/es\/actualidad\/los-ayuntamientos-socialistas-luciran-la-bandera-arcoiris-para-celebrar-el-dia-del-orgullo-lgtb\/\"},\"author\":{\"name\":\"PSOE\",\"@id\":\"https:\/\/www.psoecaceres.com\/es\/#\/schema\/person\/f39f54f038cc2ed62af85f6d76c466a9\"},\"headline\":\"Los Ayuntamientos socialistas lucir\u00e1n la bandera arco\u00edris para celebrar el D\u00eda del Orgullo LGTB\",\"datePublished\":\"2015-06-26T04:16:06+00:00\",\"dateModified\":\"2015-06-26T05:24:38+00:00\",\"mainEntityOfPage\":{\"@id\":\"https:\/\/www.psoecaceres.com\/es\/actualidad\/los-ayuntamientos-socialistas-luciran-la-bandera-arcoiris-para-celebrar-el-dia-del-orgullo-lgtb\/\"},\"wordCount\":312,\"commentCount\":0,\"publisher\":{\"@id\":\"https:\/\/www.psoecaceres.com\/es\/#organization\"},\"image\":{\"@id\":\"https:\/\/www.psoecaceres.com\/es\/actualidad\/los-ayuntamientos-socialistas-luciran-la-bandera-arcoiris-para-celebrar-el-dia-del-orgullo-lgtb\/#primaryimage\"},\"thumbnailUrl\":\"https:\/\/www.psoecaceres.com\/es\/wp-content\/uploads\/2015\/06\/Ayuntamiento-de-Caminomorisco.jpg\",\"keywords\":[\"destacada\"],\"articleSection\":[\"Actualidad\"],\"inLanguage\":\"es\",\"potentialAction\":[{\"@type\":\"CommentAction\",\"name\":\"Comment\",\"target\":[\"https:\/\/www.psoecaceres.com\/es\/actualidad\/los-ayuntamientos-socialistas-luciran-la-bandera-arcoiris-para-celebrar-el-dia-del-orgullo-lgtb\/#respond\"]}]},{\"@type\":\"WebPage\",\"@id\":\"https:\/\/www.psoecaceres.com\/es\/actualidad\/los-ayuntamientos-socialistas-luciran-la-bandera-arcoiris-para-celebrar-el-dia-del-orgullo-lgtb\/\",\"url\":\"https:\/\/www.psoecaceres.com\/es\/actualidad\/los-ayuntamientos-socialistas-luciran-la-bandera-arcoiris-para-celebrar-el-dia-del-orgullo-lgtb\/\",\"name\":\"Los Ayuntamientos socialistas lucir\u00e1n la bandera arco\u00edris para celebrar el D\u00eda del Orgullo LGTB - PSOE provincia de C\u00e1ceres\",\"isPartOf\":{\"@id\":\"https:\/\/www.psoecaceres.com\/es\/#website\"},\"primaryImageOfPage\":{\"@id\":\"https:\/\/www.psoecaceres.com\/es\/actualidad\/los-ayuntamientos-socialistas-luciran-la-bandera-arcoiris-para-celebrar-el-dia-del-orgullo-lgtb\/#primaryimage\"},\"image\":{\"@id\":\"https:\/\/www.psoecaceres.com\/es\/actualidad\/los-ayuntamientos-socialistas-luciran-la-bandera-arcoiris-para-celebrar-el-dia-del-orgullo-lgtb\/#primaryimage\"},\"thumbnailUrl\":\"https:\/\/www.psoecaceres.com\/es\/wp-content\/uploads\/2015\/06\/Ayuntamiento-de-Caminomorisco.jpg\",\"datePublished\":\"2015-06-26T04:16:06+00:00\",\"dateModified\":\"2015-06-26T05:24:38+00:00\",\"description\":\"El PSOE de Extremadura conmemora el D\u00eda del Orgullo LGTB, ondeando en los Ayuntamientos en los que gobierna la bandera arco\u00edris\",\"breadcrumb\":{\"@id\":\"https:\/\/www.psoecaceres.com\/es\/actualidad\/los-ayuntamientos-socialistas-luciran-la-bandera-arcoiris-para-celebrar-el-dia-del-orgullo-lgtb\/#breadcrumb\"},\"inLanguage\":\"es\",\"potentialAction\":[{\"@type\":\"ReadAction\",\"target\":[\"https:\/\/www.psoecaceres.com\/es\/actualidad\/los-ayuntamientos-socialistas-luciran-la-bandera-arcoiris-para-celebrar-el-dia-del-orgullo-lgtb\/\"]}]},{\"@type\":\"ImageObject\",\"inLanguage\":\"es\",\"@id\":\"https:\/\/www.psoecaceres.com\/es\/actualidad\/los-ayuntamientos-socialistas-luciran-la-bandera-arcoiris-para-celebrar-el-dia-del-orgullo-lgtb\/#primaryimage\",\"url\":\"https:\/\/www.psoecaceres.com\/es\/wp-content\/uploads\/2015\/06\/Ayuntamiento-de-Caminomorisco.jpg\",\"contentUrl\":\"https:\/\/www.psoecaceres.com\/es\/wp-content\/uploads\/2015\/06\/Ayuntamiento-de-Caminomorisco.jpg\",\"width\":640,\"height\":315},{\"@type\":\"BreadcrumbList\",\"@id\":\"https:\/\/www.psoecaceres.com\/es\/actualidad\/los-ayuntamientos-socialistas-luciran-la-bandera-arcoiris-para-celebrar-el-dia-del-orgullo-lgtb\/#breadcrumb\",\"itemListElement\":[{\"@type\":\"ListItem\",\"position\":1,\"name\":\"Portada\",\"item\":\"https:\/\/www.psoecaceres.com\/es\/\"},{\"@type\":\"ListItem\",\"position\":2,\"name\":\"Los Ayuntamientos socialistas lucir\u00e1n la bandera arco\u00edris para celebrar el D\u00eda del Orgullo LGTB\"}]},{\"@type\":\"WebSite\",\"@id\":\"https:\/\/www.psoecaceres.com\/es\/#website\",\"url\":\"https:\/\/www.psoecaceres.com\/es\/\",\"name\":\"PSOE provincia de C\u00e1ceres\",\"description\":\"Pasi\u00f3n por Nuestros Pueblos\",\"publisher\":{\"@id\":\"https:\/\/www.psoecaceres.com\/es\/#organization\"},\"alternateName\":\"PSOE Caceres\",\"potentialAction\":[{\"@type\":\"SearchAction\",\"target\":{\"@type\":\"EntryPoint\",\"urlTemplate\":\"https:\/\/www.psoecaceres.com\/es\/?s={search_term_string}\"},\"query-input\":{\"@type\":\"PropertyValueSpecification\",\"valueRequired\":true,\"valueName\":\"search_term_string\"}}],\"inLanguage\":\"es\"},{\"@type\":\"Organization\",\"@id\":\"https:\/\/www.psoecaceres.com\/es\/#organization\",\"name\":\"Psoe C\u00e1ceres\",\"alternateName\":\"PSOE Caceres\",\"url\":\"https:\/\/www.psoecaceres.com\/es\/\",\"logo\":{\"@type\":\"ImageObject\",\"inLanguage\":\"es\",\"@id\":\"https:\/\/www.psoecaceres.com\/es\/#\/schema\/logo\/image\/\",\"url\":\"https:\/\/www.psoecaceres.com\/es\/wp-content\/uploads\/2020\/08\/logo-psoe-caceres-web-2020.png\",\"contentUrl\":\"https:\/\/www.psoecaceres.com\/es\/wp-content\/uploads\/2020\/08\/logo-psoe-caceres-web-2020.png\",\"width\":180,\"height\":105,\"caption\":\"Psoe C\u00e1ceres\"},\"image\":{\"@id\":\"https:\/\/www.psoecaceres.com\/es\/#\/schema\/logo\/image\/\"},\"sameAs\":[\"https:\/\/www.facebook.com\/psoecaceres\",\"https:\/\/x.com\/PSOEC\"]},{\"@type\":\"Person\",\"@id\":\"https:\/\/www.psoecaceres.com\/es\/#\/schema\/person\/f39f54f038cc2ed62af85f6d76c466a9\",\"name\":\"PSOE\",\"url\":\"https:\/\/www.psoecaceres.com\/es\/author\/ivar\/\"}]}<\/script>\n<!-- \/ Yoast SEO plugin. -->","yoast_head_json":{"title":"Los Ayuntamientos socialistas lucir\u00e1n la bandera arco\u00edris para celebrar el D\u00eda del Orgullo LGTB - PSOE provincia de C\u00e1ceres","description":"El PSOE de Extremadura conmemora el D\u00eda del Orgullo LGTB, ondeando en los Ayuntamientos en los que gobierna la bandera arco\u00edris","robots":{"index":"index","follow":"follow","max-snippet":"max-snippet:-1","max-image-preview":"max-image-preview:large","max-video-preview":"max-video-preview:-1"},"canonical":"https:\/\/www.psoecaceres.com\/es\/actualidad\/los-ayuntamientos-socialistas-luciran-la-bandera-arcoiris-para-celebrar-el-dia-del-orgullo-lgtb\/","og_locale":"es_ES","og_type":"article","og_title":"Los Ayuntamientos socialistas lucir\u00e1n la bandera arco\u00edris para celebrar el D\u00eda del Orgullo LGTB - PSOE provincia de C\u00e1ceres","og_description":"El PSOE de Extremadura conmemora el D\u00eda del Orgullo LGTB, ondeando en los Ayuntamientos en los que gobierna la bandera arco\u00edris","og_url":"https:\/\/www.psoecaceres.com\/es\/actualidad\/los-ayuntamientos-socialistas-luciran-la-bandera-arcoiris-para-celebrar-el-dia-del-orgullo-lgtb\/","og_site_name":"PSOE provincia de C\u00e1ceres","article_publisher":"https:\/\/www.facebook.com\/psoecaceres","article_published_time":"2015-06-26T04:16:06+00:00","article_modified_time":"2015-06-26T05:24:38+00:00","og_image":[{"width":640,"height":315,"url":"https:\/\/www.psoecaceres.com\/es\/wp-content\/uploads\/2015\/06\/Ayuntamiento-de-Caminomorisco.jpg","type":"image\/jpeg"}],"author":"PSOE","twitter_card":"summary_large_image","twitter_creator":"@PSOEC","twitter_site":"@PSOEC","twitter_misc":{"Escrito por":"PSOE","Tiempo de lectura":"1 minuto"},"schema":{"@context":"https:\/\/schema.org","@graph":[{"@type":"Article","@id":"https:\/\/www.psoecaceres.com\/es\/actualidad\/los-ayuntamientos-socialistas-luciran-la-bandera-arcoiris-para-celebrar-el-dia-del-orgullo-lgtb\/#article","isPartOf":{"@id":"https:\/\/www.psoecaceres.com\/es\/actualidad\/los-ayuntamientos-socialistas-luciran-la-bandera-arcoiris-para-celebrar-el-dia-del-orgullo-lgtb\/"},"author":{"name":"PSOE","@id":"https:\/\/www.psoecaceres.com\/es\/#\/schema\/person\/f39f54f038cc2ed62af85f6d76c466a9"},"headline":"Los Ayuntamientos socialistas lucir\u00e1n la bandera arco\u00edris para celebrar el D\u00eda del Orgullo LGTB","datePublished":"2015-06-26T04:16:06+00:00","dateModified":"2015-06-26T05:24:38+00:00","mainEntityOfPage":{"@id":"https:\/\/www.psoecaceres.com\/es\/actualidad\/los-ayuntamientos-socialistas-luciran-la-bandera-arcoiris-para-celebrar-el-dia-del-orgullo-lgtb\/"},"wordCount":312,"commentCount":0,"publisher":{"@id":"https:\/\/www.psoecaceres.com\/es\/#organization"},"image":{"@id":"https:\/\/www.psoecaceres.com\/es\/actualidad\/los-ayuntamientos-socialistas-luciran-la-bandera-arcoiris-para-celebrar-el-dia-del-orgullo-lgtb\/#primaryimage"},"thumbnailUrl":"https:\/\/www.psoecaceres.com\/es\/wp-content\/uploads\/2015\/06\/Ayuntamiento-de-Caminomorisco.jpg","keywords":["destacada"],"articleSection":["Actualidad"],"inLanguage":"es","potentialAction":[{"@type":"CommentAction","name":"Comment","target":["https:\/\/www.psoecaceres.com\/es\/actualidad\/los-ayuntamientos-socialistas-luciran-la-bandera-arcoiris-para-celebrar-el-dia-del-orgullo-lgtb\/#respond"]}]},{"@type":"WebPage","@id":"https:\/\/www.psoecaceres.com\/es\/actualidad\/los-ayuntamientos-socialistas-luciran-la-bandera-arcoiris-para-celebrar-el-dia-del-orgullo-lgtb\/","url":"https:\/\/www.psoecaceres.com\/es\/actualidad\/los-ayuntamientos-socialistas-luciran-la-bandera-arcoiris-para-celebrar-el-dia-del-orgullo-lgtb\/","name":"Los Ayuntamientos socialistas lucir\u00e1n la bandera arco\u00edris para celebrar el D\u00eda del Orgullo LGTB - PSOE provincia de C\u00e1ceres","isPartOf":{"@id":"https:\/\/www.psoecaceres.com\/es\/#website"},"primaryImageOfPage":{"@id":"https:\/\/www.psoecaceres.com\/es\/actualidad\/los-ayuntamientos-socialistas-luciran-la-bandera-arcoiris-para-celebrar-el-dia-del-orgullo-lgtb\/#primaryimage"},"image":{"@id":"https:\/\/www.psoecaceres.com\/es\/actualidad\/los-ayuntamientos-socialistas-luciran-la-bandera-arcoiris-para-celebrar-el-dia-del-orgullo-lgtb\/#primaryimage"},"thumbnailUrl":"https:\/\/www.psoecaceres.com\/es\/wp-content\/uploads\/2015\/06\/Ayuntamiento-de-Caminomorisco.jpg","datePublished":"2015-06-26T04:16:06+00:00","dateModified":"2015-06-26T05:24:38+00:00","description":"El PSOE de Extremadura conmemora el D\u00eda del Orgullo LGTB, ondeando en los Ayuntamientos en los que gobierna la bandera arco\u00edris","breadcrumb":{"@id":"https:\/\/www.psoecaceres.com\/es\/actualidad\/los-ayuntamientos-socialistas-luciran-la-bandera-arcoiris-para-celebrar-el-dia-del-orgullo-lgtb\/#breadcrumb"},"inLanguage":"es","potentialAction":[{"@type":"ReadAction","target":["https:\/\/www.psoecaceres.com\/es\/actualidad\/los-ayuntamientos-socialistas-luciran-la-bandera-arcoiris-para-celebrar-el-dia-del-orgullo-lgtb\/"]}]},{"@type":"ImageObject","inLanguage":"es","@id":"https:\/\/www.psoecaceres.com\/es\/actualidad\/los-ayuntamientos-socialistas-luciran-la-bandera-arcoiris-para-celebrar-el-dia-del-orgullo-lgtb\/#primaryimage","url":"https:\/\/www.psoecaceres.com\/es\/wp-content\/uploads\/2015\/06\/Ayuntamiento-de-Caminomorisco.jpg","contentUrl":"https:\/\/www.psoecaceres.com\/es\/wp-content\/uploads\/2015\/06\/Ayuntamiento-de-Caminomorisco.jpg","width":640,"height":315},{"@type":"BreadcrumbList","@id":"https:\/\/www.psoecaceres.com\/es\/actualidad\/los-ayuntamientos-socialistas-luciran-la-bandera-arcoiris-para-celebrar-el-dia-del-orgullo-lgtb\/#breadcrumb","itemListElement":[{"@type":"ListItem","position":1,"name":"Portada","item":"https:\/\/www.psoecaceres.com\/es\/"},{"@type":"ListItem","position":2,"name":"Los Ayuntamientos socialistas lucir\u00e1n la bandera arco\u00edris para celebrar el D\u00eda del Orgullo LGTB"}]},{"@type":"WebSite","@id":"https:\/\/www.psoecaceres.com\/es\/#website","url":"https:\/\/www.psoecaceres.com\/es\/","name":"PSOE provincia de C\u00e1ceres","description":"Pasi\u00f3n por Nuestros Pueblos","publisher":{"@id":"https:\/\/www.psoecaceres.com\/es\/#organization"},"alternateName":"PSOE Caceres","potentialAction":[{"@type":"SearchAction","target":{"@type":"EntryPoint","urlTemplate":"https:\/\/www.psoecaceres.com\/es\/?s={search_term_string}"},"query-input":{"@type":"PropertyValueSpecification","valueRequired":true,"valueName":"search_term_string"}}],"inLanguage":"es"},{"@type":"Organization","@id":"https:\/\/www.psoecaceres.com\/es\/#organization","name":"Psoe C\u00e1ceres","alternateName":"PSOE Caceres","url":"https:\/\/www.psoecaceres.com\/es\/","logo":{"@type":"ImageObject","inLanguage":"es","@id":"https:\/\/www.psoecaceres.com\/es\/#\/schema\/logo\/image\/","url":"https:\/\/www.psoecaceres.com\/es\/wp-content\/uploads\/2020\/08\/logo-psoe-caceres-web-2020.png","contentUrl":"https:\/\/www.psoecaceres.com\/es\/wp-content\/uploads\/2020\/08\/logo-psoe-caceres-web-2020.png","width":180,"height":105,"caption":"Psoe C\u00e1ceres"},"image":{"@id":"https:\/\/www.psoecaceres.com\/es\/#\/schema\/logo\/image\/"},"sameAs":["https:\/\/www.facebook.com\/psoecaceres","https:\/\/x.com\/PSOEC"]},{"@type":"Person","@id":"https:\/\/www.psoecaceres.com\/es\/#\/schema\/person\/f39f54f038cc2ed62af85f6d76c466a9","name":"PSOE","url":"https:\/\/www.psoecaceres.com\/es\/author\/ivar\/"}]}},"_links":{"self":[{"href":"https:\/\/www.psoecaceres.com\/es\/wp-json\/wp\/v2\/posts\/15675","targetHints":{"allow":["GET"]}}],"collection":[{"href":"https:\/\/www.psoecaceres.com\/es\/wp-json\/wp\/v2\/posts"}],"about":[{"href":"https:\/\/www.psoecaceres.com\/es\/wp-json\/wp\/v2\/types\/post"}],"author":[{"embeddable":true,"href":"https:\/\/www.psoecaceres.com\/es\/wp-json\/wp\/v2\/users\/3"}],"replies":[{"embeddable":true,"href":"https:\/\/www.psoecaceres.com\/es\/wp-json\/wp\/v2\/comments?post=15675"}],"version-history":[{"count":0,"href":"https:\/\/www.psoecaceres.com\/es\/wp-json\/wp\/v2\/posts\/15675\/revisions"}],"wp:featuredmedia":[{"embeddable":true,"href":"https:\/\/www.psoecaceres.com\/es\/wp-json\/wp\/v2\/media\/15676"}],"wp:attachment":[{"href":"https:\/\/www.psoecaceres.com\/es\/wp-json\/wp\/v2\/media?parent=15675"}],"wp:term":[{"taxonomy":"category","embeddable":true,"href":"https:\/\/www.psoecaceres.com\/es\/wp-json\/wp\/v2\/categories?post=15675"},{"taxonomy":"post_tag","embeddable":true,"href":"https:\/\/www.psoecaceres.com\/es\/wp-json\/wp\/v2\/tags?post=15675"}],"curies":[{"name":"wp","href":"https:\/\/api.w.org\/{rel}","templated":true}]}}