{"id":19000,"date":"2016-04-05T04:55:56","date_gmt":"2016-04-05T02:55:56","guid":{"rendered":"http:\/\/www.psoecaceres.com\/es\/?p=19000"},"modified":"2016-04-04T17:09:29","modified_gmt":"2016-04-04T15:09:29","slug":"la-junta-resalta-desarrollo-economico-medioambiental-conlleva-la-cereza-valle-del-jerte","status":"publish","type":"post","link":"https:\/\/www.psoecaceres.com\/es\/actualidad\/la-junta-resalta-desarrollo-economico-medioambiental-conlleva-la-cereza-valle-del-jerte\/","title":{"rendered":"La Junta resalta el desarrollo econ\u00f3mico y medioambiental que conlleva la cereza en el Valle del Jerte"},"content":{"rendered":"<p><strong>La consejera de Medio Ambiente y Rural, Pol\u00edticas Agrarias y Territorio, Bego\u00f1a Garc\u00eda,\u00a0 ha destacado la figura de la cereza como eje clave en la estrategia de especializaci\u00f3n de la comarca del Valle del Jerte, cuyo 95% del territorio est\u00e1 dentro de zonas y espacios protegidos, por lo que ha resaltado la buena convivencia entre el desarrollo econ\u00f3mico y medioambiental.\u00a0<a href=\"https:\/\/www.psoecaceres.com\/es\/wp-content\/uploads\/2016\/03\/Cerezo-en-flor.png\" rel=\"attachment wp-att-18903\"><img loading=\"lazy\" decoding=\"async\" class=\"alignright size-medium wp-image-18903\" src=\"https:\/\/www.psoecaceres.com\/es\/wp-content\/uploads\/2016\/03\/Cerezo-en-flor-300x127.png\" alt=\"Cerezo en flor\" width=\"300\" height=\"127\" \/><\/a><\/strong><\/p>\n<p>Dichas palabras las ha pronunciado la consejera en la inauguraci\u00f3n de la Fiesta del Cerezo en Flor celebrada en Barrado, uno de los principales reclamos tur\u00edsticos de Extremadura. Una festividad declarada de Inter\u00e9s Tur\u00edstico Nacional en 2010 y que atrae a m\u00e1s de 45.000 visitantes durante los quince d\u00edas programados de actividades. En el acto tambi\u00e9n ha estado presente el director general de Turismo, Francisco Mart\u00edn, quien ha mostrado el compromiso de las pol\u00edticas tur\u00edsticas regionales con el Valle del Jerte.<\/p>\n<p>La consejera de Medio Ambiente ha asegurado que la cereza del Jerte es una referencia nacional e internacional que genera riqueza y turismo, convirti\u00e9ndose en un modelo a imitar de desarrollo rural gracias a su estrategia de especializaci\u00f3n. Un desarrollo rural que, a juicio de Bego\u00f1a Garc\u00eda, \u201cpermite mantener vivos nuestros pueblos y mantener abiertos los puntos de atenci\u00f3n continuada, las cooperativas, las universidades populares\u2026 en definitiva, la vida de cada d\u00eda\u201d. Seg\u00fan la consejera, la cereza del Jerte es \u201ccultura agraria trasmitida durante generaciones, es nuestra historia, nuestros r\u00edos y cascadas, nuestras tradiciones, nuestras fiestas\u201d.<\/p>\n<p>&nbsp;<\/p>\n<p>Bego\u00f1a Garc\u00eda ha recordado que la Junta est\u00e1 dando nuevo impulso a las denominaciones origen, que tienen un papel fundamental para preservar la calidad y promocionar nuestros productos estrellas, como es la cereza. \u201cLas Denominaciones de Origen nacieron hace a\u00f1os para cuidar la calidad de nuestras mejores producciones agroalimentarias, nacieron con vocaci\u00f3n de apoyar p\u00fablicamente nuestras mejores producciones\u201d, ha a\u00f1adido la consejera.<\/p>\n<p>Por \u00faltimo, la consejera ha resaltado\u00a0 el papel \u201cclave\u201d que la mujer extreme\u00f1a desempe\u00f1a para mantener la estructura productiva y b\u00e1sica a la hora de dinamizar los n\u00facleos rurales. Por ello, la administraci\u00f3n regional impulsar\u00e1 un plan para la Mujer Rural para que el mundo rural \u201cofrezca visibilidad a las mujeres\u201d, para que la igualdad de g\u00e9nero sea una realidad en las ciudades y tambi\u00e9n en el campo, en las escuelas y en las parcelas, entre los olivos del sur y las cerezas del Jerte.<\/p>\n<p>El cultivo de la cereza es un cultivo de gran tradici\u00f3n en Extremadura, donde hay plantadas m\u00e1s de 7.000 hect\u00e1reas, concretamente 7.415 ha en 2015, lo que supone m\u00e1s de un tercio de la superficie nacional, y sit\u00faa a Extremadura como la primera regi\u00f3n en superficie y producci\u00f3n de cereza. El cerezo est\u00e1 casi en su totalidad en la provincia de C\u00e1ceres, principalmente en la comarca del Valle del Jerte (6.000 ha), pero con presencia en comarcas vecinas como La Vera, Las Hurdes y Valle de Ambroz. La producci\u00f3n total de cereza en Extremadura durante la campa\u00f1a pasada ha sido de 28.000 toneladas, cantidad inferior a la de la campa\u00f1a anterior de 2014. Las variedades con mayor producci\u00f3n en 2015 fueron Ambrun\u00e9s (6.000 ton), Lapins\u00a0 (4.950 ton) y California (4.830 ton).<\/p>\n","protected":false},"excerpt":{"rendered":"<p>La consejera de Medio Ambiente y Rural, Pol\u00edticas Agrarias y Territorio, Bego\u00f1a Garc\u00eda,\u00a0 ha destacado la figura de la cereza como eje clave en la estrategia de especializaci\u00f3n de la comarca del Valle del Jerte, cuyo 95% del territorio est\u00e1 dentro de zonas y espacios protegidos, por lo que ha resaltado la buena convivencia entre [&hellip;]<\/p>\n","protected":false},"author":3,"featured_media":18903,"comment_status":"open","ping_status":"open","sticky":false,"template":"","format":"standard","meta":{"_et_pb_use_builder":"","_et_pb_old_content":"","_et_gb_content_width":"","footnotes":""},"categories":[21],"tags":[151],"class_list":["post-19000","post","type-post","status-publish","format-standard","has-post-thumbnail","hentry","category-actualidad","tag-destacada"],"yoast_head":"<!-- This site is optimized with the Yoast SEO plugin v26.7 - https:\/\/yoast.com\/wordpress\/plugins\/seo\/ -->\n<title>La Junta resalta el desarrollo econ\u00f3mico y medioambiental que conlleva la cereza en el Valle del Jerte - PSOE provincia de C\u00e1ceres<\/title>\n<meta name=\"robots\" content=\"index, follow, max-snippet:-1, max-image-preview:large, max-video-preview:-1\" \/>\n<link rel=\"canonical\" href=\"https:\/\/www.psoecaceres.com\/es\/actualidad\/la-junta-resalta-desarrollo-economico-medioambiental-conlleva-la-cereza-valle-del-jerte\/\" \/>\n<meta property=\"og:locale\" content=\"es_ES\" \/>\n<meta property=\"og:type\" content=\"article\" \/>\n<meta property=\"og:title\" content=\"La Junta resalta el desarrollo econ\u00f3mico y medioambiental que conlleva la cereza en el Valle del Jerte - PSOE provincia de C\u00e1ceres\" \/>\n<meta property=\"og:description\" content=\"La consejera de Medio Ambiente y Rural, Pol\u00edticas Agrarias y Territorio, Bego\u00f1a Garc\u00eda,\u00a0 ha destacado la figura de la cereza como eje clave en la estrategia de especializaci\u00f3n de la comarca del Valle del Jerte, cuyo 95% del territorio est\u00e1 dentro de zonas y espacios protegidos, por lo que ha resaltado la buena convivencia entre [&hellip;]\" \/>\n<meta property=\"og:url\" content=\"https:\/\/www.psoecaceres.com\/es\/actualidad\/la-junta-resalta-desarrollo-economico-medioambiental-conlleva-la-cereza-valle-del-jerte\/\" \/>\n<meta property=\"og:site_name\" content=\"PSOE provincia de C\u00e1ceres\" \/>\n<meta property=\"article:publisher\" content=\"https:\/\/www.facebook.com\/psoecaceres\" \/>\n<meta property=\"article:published_time\" content=\"2016-04-05T02:55:56+00:00\" \/>\n<meta property=\"og:image\" content=\"https:\/\/www.psoecaceres.com\/es\/wp-content\/uploads\/2016\/03\/Cerezo-en-flor-1024x433.png\" \/>\n\t<meta property=\"og:image:width\" content=\"1024\" \/>\n\t<meta property=\"og:image:height\" content=\"433\" \/>\n\t<meta property=\"og:image:type\" content=\"image\/png\" \/>\n<meta name=\"author\" content=\"PSOE\" \/>\n<meta name=\"twitter:card\" content=\"summary_large_image\" \/>\n<meta name=\"twitter:creator\" content=\"@PSOEC\" \/>\n<meta name=\"twitter:site\" content=\"@PSOEC\" \/>\n<meta name=\"twitter:label1\" content=\"Escrito por\" \/>\n\t<meta name=\"twitter:data1\" content=\"PSOE\" \/>\n\t<meta name=\"twitter:label2\" content=\"Tiempo de lectura\" \/>\n\t<meta name=\"twitter:data2\" content=\"3 minutos\" \/>\n<script type=\"application\/ld+json\" class=\"yoast-schema-graph\">{\"@context\":\"https:\/\/schema.org\",\"@graph\":[{\"@type\":\"Article\",\"@id\":\"https:\/\/www.psoecaceres.com\/es\/actualidad\/la-junta-resalta-desarrollo-economico-medioambiental-conlleva-la-cereza-valle-del-jerte\/#article\",\"isPartOf\":{\"@id\":\"https:\/\/www.psoecaceres.com\/es\/actualidad\/la-junta-resalta-desarrollo-economico-medioambiental-conlleva-la-cereza-valle-del-jerte\/\"},\"author\":{\"name\":\"PSOE\",\"@id\":\"https:\/\/www.psoecaceres.com\/es\/#\/schema\/person\/f39f54f038cc2ed62af85f6d76c466a9\"},\"headline\":\"La Junta resalta el desarrollo econ\u00f3mico y medioambiental que conlleva la cereza en el Valle del Jerte\",\"datePublished\":\"2016-04-05T02:55:56+00:00\",\"mainEntityOfPage\":{\"@id\":\"https:\/\/www.psoecaceres.com\/es\/actualidad\/la-junta-resalta-desarrollo-economico-medioambiental-conlleva-la-cereza-valle-del-jerte\/\"},\"wordCount\":570,\"commentCount\":0,\"publisher\":{\"@id\":\"https:\/\/www.psoecaceres.com\/es\/#organization\"},\"image\":{\"@id\":\"https:\/\/www.psoecaceres.com\/es\/actualidad\/la-junta-resalta-desarrollo-economico-medioambiental-conlleva-la-cereza-valle-del-jerte\/#primaryimage\"},\"thumbnailUrl\":\"https:\/\/www.psoecaceres.com\/es\/wp-content\/uploads\/2016\/03\/Cerezo-en-flor.png\",\"keywords\":[\"destacada\"],\"articleSection\":[\"Actualidad\"],\"inLanguage\":\"es\",\"potentialAction\":[{\"@type\":\"CommentAction\",\"name\":\"Comment\",\"target\":[\"https:\/\/www.psoecaceres.com\/es\/actualidad\/la-junta-resalta-desarrollo-economico-medioambiental-conlleva-la-cereza-valle-del-jerte\/#respond\"]}]},{\"@type\":\"WebPage\",\"@id\":\"https:\/\/www.psoecaceres.com\/es\/actualidad\/la-junta-resalta-desarrollo-economico-medioambiental-conlleva-la-cereza-valle-del-jerte\/\",\"url\":\"https:\/\/www.psoecaceres.com\/es\/actualidad\/la-junta-resalta-desarrollo-economico-medioambiental-conlleva-la-cereza-valle-del-jerte\/\",\"name\":\"La Junta resalta el desarrollo econ\u00f3mico y medioambiental que conlleva la cereza en el Valle del Jerte - PSOE provincia de C\u00e1ceres\",\"isPartOf\":{\"@id\":\"https:\/\/www.psoecaceres.com\/es\/#website\"},\"primaryImageOfPage\":{\"@id\":\"https:\/\/www.psoecaceres.com\/es\/actualidad\/la-junta-resalta-desarrollo-economico-medioambiental-conlleva-la-cereza-valle-del-jerte\/#primaryimage\"},\"image\":{\"@id\":\"https:\/\/www.psoecaceres.com\/es\/actualidad\/la-junta-resalta-desarrollo-economico-medioambiental-conlleva-la-cereza-valle-del-jerte\/#primaryimage\"},\"thumbnailUrl\":\"https:\/\/www.psoecaceres.com\/es\/wp-content\/uploads\/2016\/03\/Cerezo-en-flor.png\",\"datePublished\":\"2016-04-05T02:55:56+00:00\",\"breadcrumb\":{\"@id\":\"https:\/\/www.psoecaceres.com\/es\/actualidad\/la-junta-resalta-desarrollo-economico-medioambiental-conlleva-la-cereza-valle-del-jerte\/#breadcrumb\"},\"inLanguage\":\"es\",\"potentialAction\":[{\"@type\":\"ReadAction\",\"target\":[\"https:\/\/www.psoecaceres.com\/es\/actualidad\/la-junta-resalta-desarrollo-economico-medioambiental-conlleva-la-cereza-valle-del-jerte\/\"]}]},{\"@type\":\"ImageObject\",\"inLanguage\":\"es\",\"@id\":\"https:\/\/www.psoecaceres.com\/es\/actualidad\/la-junta-resalta-desarrollo-economico-medioambiental-conlleva-la-cereza-valle-del-jerte\/#primaryimage\",\"url\":\"https:\/\/www.psoecaceres.com\/es\/wp-content\/uploads\/2016\/03\/Cerezo-en-flor.png\",\"contentUrl\":\"https:\/\/www.psoecaceres.com\/es\/wp-content\/uploads\/2016\/03\/Cerezo-en-flor.png\",\"width\":1586,\"height\":670},{\"@type\":\"BreadcrumbList\",\"@id\":\"https:\/\/www.psoecaceres.com\/es\/actualidad\/la-junta-resalta-desarrollo-economico-medioambiental-conlleva-la-cereza-valle-del-jerte\/#breadcrumb\",\"itemListElement\":[{\"@type\":\"ListItem\",\"position\":1,\"name\":\"Portada\",\"item\":\"https:\/\/www.psoecaceres.com\/es\/\"},{\"@type\":\"ListItem\",\"position\":2,\"name\":\"La Junta resalta el desarrollo econ\u00f3mico y medioambiental que conlleva la cereza en el Valle del Jerte\"}]},{\"@type\":\"WebSite\",\"@id\":\"https:\/\/www.psoecaceres.com\/es\/#website\",\"url\":\"https:\/\/www.psoecaceres.com\/es\/\",\"name\":\"PSOE provincia de C\u00e1ceres\",\"description\":\"Pasi\u00f3n por Nuestros Pueblos\",\"publisher\":{\"@id\":\"https:\/\/www.psoecaceres.com\/es\/#organization\"},\"alternateName\":\"PSOE Caceres\",\"potentialAction\":[{\"@type\":\"SearchAction\",\"target\":{\"@type\":\"EntryPoint\",\"urlTemplate\":\"https:\/\/www.psoecaceres.com\/es\/?s={search_term_string}\"},\"query-input\":{\"@type\":\"PropertyValueSpecification\",\"valueRequired\":true,\"valueName\":\"search_term_string\"}}],\"inLanguage\":\"es\"},{\"@type\":\"Organization\",\"@id\":\"https:\/\/www.psoecaceres.com\/es\/#organization\",\"name\":\"Psoe C\u00e1ceres\",\"alternateName\":\"PSOE Caceres\",\"url\":\"https:\/\/www.psoecaceres.com\/es\/\",\"logo\":{\"@type\":\"ImageObject\",\"inLanguage\":\"es\",\"@id\":\"https:\/\/www.psoecaceres.com\/es\/#\/schema\/logo\/image\/\",\"url\":\"https:\/\/www.psoecaceres.com\/es\/wp-content\/uploads\/2020\/08\/logo-psoe-caceres-web-2020.png\",\"contentUrl\":\"https:\/\/www.psoecaceres.com\/es\/wp-content\/uploads\/2020\/08\/logo-psoe-caceres-web-2020.png\",\"width\":180,\"height\":105,\"caption\":\"Psoe C\u00e1ceres\"},\"image\":{\"@id\":\"https:\/\/www.psoecaceres.com\/es\/#\/schema\/logo\/image\/\"},\"sameAs\":[\"https:\/\/www.facebook.com\/psoecaceres\",\"https:\/\/x.com\/PSOEC\"]},{\"@type\":\"Person\",\"@id\":\"https:\/\/www.psoecaceres.com\/es\/#\/schema\/person\/f39f54f038cc2ed62af85f6d76c466a9\",\"name\":\"PSOE\",\"url\":\"https:\/\/www.psoecaceres.com\/es\/author\/ivar\/\"}]}<\/script>\n<!-- \/ Yoast SEO plugin. -->","yoast_head_json":{"title":"La Junta resalta el desarrollo econ\u00f3mico y medioambiental que conlleva la cereza en el Valle del Jerte - PSOE provincia de C\u00e1ceres","robots":{"index":"index","follow":"follow","max-snippet":"max-snippet:-1","max-image-preview":"max-image-preview:large","max-video-preview":"max-video-preview:-1"},"canonical":"https:\/\/www.psoecaceres.com\/es\/actualidad\/la-junta-resalta-desarrollo-economico-medioambiental-conlleva-la-cereza-valle-del-jerte\/","og_locale":"es_ES","og_type":"article","og_title":"La Junta resalta el desarrollo econ\u00f3mico y medioambiental que conlleva la cereza en el Valle del Jerte - PSOE provincia de C\u00e1ceres","og_description":"La consejera de Medio Ambiente y Rural, Pol\u00edticas Agrarias y Territorio, Bego\u00f1a Garc\u00eda,\u00a0 ha destacado la figura de la cereza como eje clave en la estrategia de especializaci\u00f3n de la comarca del Valle del Jerte, cuyo 95% del territorio est\u00e1 dentro de zonas y espacios protegidos, por lo que ha resaltado la buena convivencia entre [&hellip;]","og_url":"https:\/\/www.psoecaceres.com\/es\/actualidad\/la-junta-resalta-desarrollo-economico-medioambiental-conlleva-la-cereza-valle-del-jerte\/","og_site_name":"PSOE provincia de C\u00e1ceres","article_publisher":"https:\/\/www.facebook.com\/psoecaceres","article_published_time":"2016-04-05T02:55:56+00:00","og_image":[{"width":1024,"height":433,"url":"https:\/\/www.psoecaceres.com\/es\/wp-content\/uploads\/2016\/03\/Cerezo-en-flor-1024x433.png","type":"image\/png"}],"author":"PSOE","twitter_card":"summary_large_image","twitter_creator":"@PSOEC","twitter_site":"@PSOEC","twitter_misc":{"Escrito por":"PSOE","Tiempo de lectura":"3 minutos"},"schema":{"@context":"https:\/\/schema.org","@graph":[{"@type":"Article","@id":"https:\/\/www.psoecaceres.com\/es\/actualidad\/la-junta-resalta-desarrollo-economico-medioambiental-conlleva-la-cereza-valle-del-jerte\/#article","isPartOf":{"@id":"https:\/\/www.psoecaceres.com\/es\/actualidad\/la-junta-resalta-desarrollo-economico-medioambiental-conlleva-la-cereza-valle-del-jerte\/"},"author":{"name":"PSOE","@id":"https:\/\/www.psoecaceres.com\/es\/#\/schema\/person\/f39f54f038cc2ed62af85f6d76c466a9"},"headline":"La Junta resalta el desarrollo econ\u00f3mico y medioambiental que conlleva la cereza en el Valle del Jerte","datePublished":"2016-04-05T02:55:56+00:00","mainEntityOfPage":{"@id":"https:\/\/www.psoecaceres.com\/es\/actualidad\/la-junta-resalta-desarrollo-economico-medioambiental-conlleva-la-cereza-valle-del-jerte\/"},"wordCount":570,"commentCount":0,"publisher":{"@id":"https:\/\/www.psoecaceres.com\/es\/#organization"},"image":{"@id":"https:\/\/www.psoecaceres.com\/es\/actualidad\/la-junta-resalta-desarrollo-economico-medioambiental-conlleva-la-cereza-valle-del-jerte\/#primaryimage"},"thumbnailUrl":"https:\/\/www.psoecaceres.com\/es\/wp-content\/uploads\/2016\/03\/Cerezo-en-flor.png","keywords":["destacada"],"articleSection":["Actualidad"],"inLanguage":"es","potentialAction":[{"@type":"CommentAction","name":"Comment","target":["https:\/\/www.psoecaceres.com\/es\/actualidad\/la-junta-resalta-desarrollo-economico-medioambiental-conlleva-la-cereza-valle-del-jerte\/#respond"]}]},{"@type":"WebPage","@id":"https:\/\/www.psoecaceres.com\/es\/actualidad\/la-junta-resalta-desarrollo-economico-medioambiental-conlleva-la-cereza-valle-del-jerte\/","url":"https:\/\/www.psoecaceres.com\/es\/actualidad\/la-junta-resalta-desarrollo-economico-medioambiental-conlleva-la-cereza-valle-del-jerte\/","name":"La Junta resalta el desarrollo econ\u00f3mico y medioambiental que conlleva la cereza en el Valle del Jerte - PSOE provincia de C\u00e1ceres","isPartOf":{"@id":"https:\/\/www.psoecaceres.com\/es\/#website"},"primaryImageOfPage":{"@id":"https:\/\/www.psoecaceres.com\/es\/actualidad\/la-junta-resalta-desarrollo-economico-medioambiental-conlleva-la-cereza-valle-del-jerte\/#primaryimage"},"image":{"@id":"https:\/\/www.psoecaceres.com\/es\/actualidad\/la-junta-resalta-desarrollo-economico-medioambiental-conlleva-la-cereza-valle-del-jerte\/#primaryimage"},"thumbnailUrl":"https:\/\/www.psoecaceres.com\/es\/wp-content\/uploads\/2016\/03\/Cerezo-en-flor.png","datePublished":"2016-04-05T02:55:56+00:00","breadcrumb":{"@id":"https:\/\/www.psoecaceres.com\/es\/actualidad\/la-junta-resalta-desarrollo-economico-medioambiental-conlleva-la-cereza-valle-del-jerte\/#breadcrumb"},"inLanguage":"es","potentialAction":[{"@type":"ReadAction","target":["https:\/\/www.psoecaceres.com\/es\/actualidad\/la-junta-resalta-desarrollo-economico-medioambiental-conlleva-la-cereza-valle-del-jerte\/"]}]},{"@type":"ImageObject","inLanguage":"es","@id":"https:\/\/www.psoecaceres.com\/es\/actualidad\/la-junta-resalta-desarrollo-economico-medioambiental-conlleva-la-cereza-valle-del-jerte\/#primaryimage","url":"https:\/\/www.psoecaceres.com\/es\/wp-content\/uploads\/2016\/03\/Cerezo-en-flor.png","contentUrl":"https:\/\/www.psoecaceres.com\/es\/wp-content\/uploads\/2016\/03\/Cerezo-en-flor.png","width":1586,"height":670},{"@type":"BreadcrumbList","@id":"https:\/\/www.psoecaceres.com\/es\/actualidad\/la-junta-resalta-desarrollo-economico-medioambiental-conlleva-la-cereza-valle-del-jerte\/#breadcrumb","itemListElement":[{"@type":"ListItem","position":1,"name":"Portada","item":"https:\/\/www.psoecaceres.com\/es\/"},{"@type":"ListItem","position":2,"name":"La Junta resalta el desarrollo econ\u00f3mico y medioambiental que conlleva la cereza en el Valle del Jerte"}]},{"@type":"WebSite","@id":"https:\/\/www.psoecaceres.com\/es\/#website","url":"https:\/\/www.psoecaceres.com\/es\/","name":"PSOE provincia de C\u00e1ceres","description":"Pasi\u00f3n por Nuestros Pueblos","publisher":{"@id":"https:\/\/www.psoecaceres.com\/es\/#organization"},"alternateName":"PSOE Caceres","potentialAction":[{"@type":"SearchAction","target":{"@type":"EntryPoint","urlTemplate":"https:\/\/www.psoecaceres.com\/es\/?s={search_term_string}"},"query-input":{"@type":"PropertyValueSpecification","valueRequired":true,"valueName":"search_term_string"}}],"inLanguage":"es"},{"@type":"Organization","@id":"https:\/\/www.psoecaceres.com\/es\/#organization","name":"Psoe C\u00e1ceres","alternateName":"PSOE Caceres","url":"https:\/\/www.psoecaceres.com\/es\/","logo":{"@type":"ImageObject","inLanguage":"es","@id":"https:\/\/www.psoecaceres.com\/es\/#\/schema\/logo\/image\/","url":"https:\/\/www.psoecaceres.com\/es\/wp-content\/uploads\/2020\/08\/logo-psoe-caceres-web-2020.png","contentUrl":"https:\/\/www.psoecaceres.com\/es\/wp-content\/uploads\/2020\/08\/logo-psoe-caceres-web-2020.png","width":180,"height":105,"caption":"Psoe C\u00e1ceres"},"image":{"@id":"https:\/\/www.psoecaceres.com\/es\/#\/schema\/logo\/image\/"},"sameAs":["https:\/\/www.facebook.com\/psoecaceres","https:\/\/x.com\/PSOEC"]},{"@type":"Person","@id":"https:\/\/www.psoecaceres.com\/es\/#\/schema\/person\/f39f54f038cc2ed62af85f6d76c466a9","name":"PSOE","url":"https:\/\/www.psoecaceres.com\/es\/author\/ivar\/"}]}},"_links":{"self":[{"href":"https:\/\/www.psoecaceres.com\/es\/wp-json\/wp\/v2\/posts\/19000","targetHints":{"allow":["GET"]}}],"collection":[{"href":"https:\/\/www.psoecaceres.com\/es\/wp-json\/wp\/v2\/posts"}],"about":[{"href":"https:\/\/www.psoecaceres.com\/es\/wp-json\/wp\/v2\/types\/post"}],"author":[{"embeddable":true,"href":"https:\/\/www.psoecaceres.com\/es\/wp-json\/wp\/v2\/users\/3"}],"replies":[{"embeddable":true,"href":"https:\/\/www.psoecaceres.com\/es\/wp-json\/wp\/v2\/comments?post=19000"}],"version-history":[{"count":0,"href":"https:\/\/www.psoecaceres.com\/es\/wp-json\/wp\/v2\/posts\/19000\/revisions"}],"wp:featuredmedia":[{"embeddable":true,"href":"https:\/\/www.psoecaceres.com\/es\/wp-json\/wp\/v2\/media\/18903"}],"wp:attachment":[{"href":"https:\/\/www.psoecaceres.com\/es\/wp-json\/wp\/v2\/media?parent=19000"}],"wp:term":[{"taxonomy":"category","embeddable":true,"href":"https:\/\/www.psoecaceres.com\/es\/wp-json\/wp\/v2\/categories?post=19000"},{"taxonomy":"post_tag","embeddable":true,"href":"https:\/\/www.psoecaceres.com\/es\/wp-json\/wp\/v2\/tags?post=19000"}],"curies":[{"name":"wp","href":"https:\/\/api.w.org\/{rel}","templated":true}]}}