{"id":25866,"date":"2017-11-03T04:30:09","date_gmt":"2017-11-03T02:30:09","guid":{"rendered":"http:\/\/www.psoecaceres.com\/es\/?p=25866"},"modified":"2017-11-01T08:11:07","modified_gmt":"2017-11-01T06:11:07","slug":"juan-antonio-morales-nuevo-secretario-general-las-jjss-extremadura","status":"publish","type":"post","link":"https:\/\/www.psoecaceres.com\/es\/actualidad\/juan-antonio-morales-nuevo-secretario-general-las-jjss-extremadura\/","title":{"rendered":"Juan Antonio Morales, nuevo secretario general de las JJSS de Extremadura"},"content":{"rendered":"<p><strong>Entre los d\u00edas 28 y 29 de octubre se ha celebrado en M\u00e9rida, en la sede regional del PSOE, el IX Congreso Regional de Juventudes Socialistas de Extremadura.\u00a0<a href=\"https:\/\/www.psoecaceres.com\/es\/wp-content\/uploads\/2017\/11\/Nueva-ejecutiva-JJSS-Extremadura.jpg\"><img loading=\"lazy\" decoding=\"async\" class=\"alignright size-medium wp-image-25868\" src=\"https:\/\/www.psoecaceres.com\/es\/wp-content\/uploads\/2017\/11\/Nueva-ejecutiva-JJSS-Extremadura-300x192.jpg\" alt=\"\" width=\"300\" height=\"192\" \/><\/a><\/strong><\/p>\n<p>En \u00e9l se proclam\u00f3 Secretario General de la organizaci\u00f3n a Juan Antonio Morales como resultados del proceso de elecci\u00f3n de secretario general\u00a0 de la organizaci\u00f3n juvenil socialista. Morales\u00a0 que es\u00a0 natural de Villafranca de los Barros, releva en el cargo a Soraya Vega Prieto tras 5 a\u00f1os y 5 meses como secretaria general.<\/p>\n<p>El IX Congreso Regional arranc\u00f3 el s\u00e1bado 28, tras el dictamen de la comisi\u00f3n de credenciales y la elecci\u00f3n de la mesa que dirigir\u00eda el congreso tomaron la palabra Omar Anguita, Secretario General de las Juventudes Socialistas de Espa\u00f1a y Lara Garlito, Secretaria adjunta a la Secretar\u00eda General de Relaciones institucionales.<\/p>\n<p>A continuaci\u00f3n se debati\u00f3 y aprob\u00f3 por amplia mayor\u00eda el informe de gesti\u00f3n de los \u00f3rganos regionales salientes.<\/p>\n<p>Ya por la tarde, se produjo el debate de enmiendas a la ponencia marco y justo despu\u00e9s un intenso debate sobre el modelo territorial. A \u00faltima, los j\u00f3venes socialistas votaron sus \u00f3rganos regionales, los cuales fueron elegidos por unanimidad de los\/as delegados\/as<\/p>\n<p>Para finalizar, el domingo 29 se cerr\u00f3 el Congreso con las intervenciones de Juan Antonio Morales, Secretario Regional de Juventudes Socialistas, Estrella Gordillo, Secretaria General del PSOE de M\u00e9rida y Guillermo Fern\u00e1ndez Vara, Presidente de la Junta de Extremadura. Los tres destacaron la importancia de acudir el pr\u00f3ximo 18 de Noviembre a Madrid a la concentraci\u00f3n \u201cTren digno ya\u201d, para conseguir que los extreme\u00f1os comiencen a tener unas infraestructuras de este siglo.<\/p>\n<p><strong><u>Comisi\u00f3n Ejecutiva Regional<\/u><\/strong><\/p>\n<p><strong>Secretar\u00eda General: <\/strong>Juan Antonio Morales Gil<\/p>\n<p><strong>Vicesecretar\u00eda General y Comunicaci\u00f3n:<\/strong> Ana Manso Acosta<\/p>\n<ol>\n<li><strong> Organizaci\u00f3n:<\/strong> Francisco Cruces Horrillo<\/li>\n<\/ol>\n<p><strong>Vicesecretar\u00eda de Organizaci\u00f3n y Administraci\u00f3n: <\/strong>Encarnaci\u00f3n P\u00e9rez Becerra<\/p>\n<ol>\n<li><strong> Pol\u00edtica Municipal:<\/strong> \u00c1lvaro Cita<\/li>\n<li><strong> Empleo Juvenil y Vivienda:<\/strong> Miriam Carnerero<\/li>\n<li><strong> Concejales J\u00f3venes:<\/strong> Arturo Corraliza<\/li>\n<li><strong> Cooperaci\u00f3n:<\/strong> Victoria Bermejo<\/li>\n<li><strong> Asociacionismo y Movimientos Sociales:<\/strong> Ricardo Salaya Juli\u00e1n<\/li>\n<li><strong> Igualdad:<\/strong> M\u00aa del Carmen Contreras Espa\u00f1a<\/li>\n<li><strong> Infraestructuras y Desarrollo Industrial:<\/strong> Cristian Maldonado<\/li>\n<li><strong> Ideas y Programas:<\/strong> Beatriz Corrales<\/li>\n<li><strong> Econom\u00eda Circular y Turismo:<\/strong> Jos\u00e9 Carlos Luque<\/li>\n<li><strong> Desarrollo Rural y Reto Demogr\u00e1fico:<\/strong> Cecilia D\u00edaz<\/li>\n<li><strong> Formaci\u00f3n<\/strong>: Margarita Su\u00e1rez Villalba<\/li>\n<li><strong> Ocio y Deporte<\/strong>: Alfonso Sol\u00eds<\/li>\n<li><strong> Dinamizaci\u00f3n de Agrupaciones Locales:<\/strong> Jos\u00e9 Manuel Encinas<\/li>\n<li><strong> Educaci\u00f3n y Universidad:<\/strong> Irene Pozas<\/li>\n<li><strong> Nuevas Tecnolog\u00edas y RRSS<\/strong>: Vicente Izquierdo<\/li>\n<li><strong> Salud y Bienestar Social:<\/strong> F\u00e1tima Cabello Ramiro<\/li>\n<li><strong> Memoria Hist\u00f3rica y Memoria Democr\u00e1tica<\/strong>: Jaime Rinc\u00f3n<\/li>\n<li><strong> LGBTI:<\/strong> V\u00edctor Gil<\/li>\n<li><strong> Relaciones Institucionales<\/strong>: Alba Olivera<\/li>\n<\/ol>\n","protected":false},"excerpt":{"rendered":"<p>Entre los d\u00edas 28 y 29 de octubre se ha celebrado en M\u00e9rida, en la sede regional del PSOE, el IX Congreso Regional de Juventudes Socialistas de Extremadura.\u00a0 En \u00e9l se proclam\u00f3 Secretario General de la organizaci\u00f3n a Juan Antonio Morales como resultados del proceso de elecci\u00f3n de secretario general\u00a0 de la organizaci\u00f3n juvenil socialista. [&hellip;]<\/p>\n","protected":false},"author":3,"featured_media":25868,"comment_status":"open","ping_status":"open","sticky":false,"template":"","format":"standard","meta":{"_et_pb_use_builder":"","_et_pb_old_content":"","_et_gb_content_width":"","footnotes":""},"categories":[21],"tags":[151],"class_list":["post-25866","post","type-post","status-publish","format-standard","has-post-thumbnail","hentry","category-actualidad","tag-destacada"],"yoast_head":"<!-- This site is optimized with the Yoast SEO plugin v26.7 - https:\/\/yoast.com\/wordpress\/plugins\/seo\/ -->\n<title>Juan Antonio Morales, nuevo secretario general de las JJSS de Extremadura - PSOE provincia de C\u00e1ceres<\/title>\n<meta name=\"robots\" content=\"index, follow, max-snippet:-1, max-image-preview:large, max-video-preview:-1\" \/>\n<link rel=\"canonical\" href=\"https:\/\/www.psoecaceres.com\/es\/actualidad\/juan-antonio-morales-nuevo-secretario-general-las-jjss-extremadura\/\" \/>\n<meta property=\"og:locale\" content=\"es_ES\" \/>\n<meta property=\"og:type\" content=\"article\" \/>\n<meta property=\"og:title\" content=\"Juan Antonio Morales, nuevo secretario general de las JJSS de Extremadura - PSOE provincia de C\u00e1ceres\" \/>\n<meta property=\"og:description\" content=\"Entre los d\u00edas 28 y 29 de octubre se ha celebrado en M\u00e9rida, en la sede regional del PSOE, el IX Congreso Regional de Juventudes Socialistas de Extremadura.\u00a0 En \u00e9l se proclam\u00f3 Secretario General de la organizaci\u00f3n a Juan Antonio Morales como resultados del proceso de elecci\u00f3n de secretario general\u00a0 de la organizaci\u00f3n juvenil socialista. [&hellip;]\" \/>\n<meta property=\"og:url\" content=\"https:\/\/www.psoecaceres.com\/es\/actualidad\/juan-antonio-morales-nuevo-secretario-general-las-jjss-extremadura\/\" \/>\n<meta property=\"og:site_name\" content=\"PSOE provincia de C\u00e1ceres\" \/>\n<meta property=\"article:publisher\" content=\"https:\/\/www.facebook.com\/psoecaceres\" \/>\n<meta property=\"article:published_time\" content=\"2017-11-03T02:30:09+00:00\" \/>\n<meta property=\"og:image\" content=\"https:\/\/www.psoecaceres.com\/es\/wp-content\/uploads\/2017\/11\/Nueva-ejecutiva-JJSS-Extremadura.jpg\" \/>\n\t<meta property=\"og:image:width\" content=\"960\" \/>\n\t<meta property=\"og:image:height\" content=\"613\" \/>\n\t<meta property=\"og:image:type\" content=\"image\/jpeg\" \/>\n<meta name=\"author\" content=\"PSOE\" \/>\n<meta name=\"twitter:card\" content=\"summary_large_image\" \/>\n<meta name=\"twitter:creator\" content=\"@PSOEC\" \/>\n<meta name=\"twitter:site\" content=\"@PSOEC\" \/>\n<meta name=\"twitter:label1\" content=\"Escrito por\" \/>\n\t<meta name=\"twitter:data1\" content=\"PSOE\" \/>\n\t<meta name=\"twitter:label2\" content=\"Tiempo de lectura\" \/>\n\t<meta name=\"twitter:data2\" content=\"2 minutos\" \/>\n<script type=\"application\/ld+json\" class=\"yoast-schema-graph\">{\"@context\":\"https:\/\/schema.org\",\"@graph\":[{\"@type\":\"Article\",\"@id\":\"https:\/\/www.psoecaceres.com\/es\/actualidad\/juan-antonio-morales-nuevo-secretario-general-las-jjss-extremadura\/#article\",\"isPartOf\":{\"@id\":\"https:\/\/www.psoecaceres.com\/es\/actualidad\/juan-antonio-morales-nuevo-secretario-general-las-jjss-extremadura\/\"},\"author\":{\"name\":\"PSOE\",\"@id\":\"https:\/\/www.psoecaceres.com\/es\/#\/schema\/person\/f39f54f038cc2ed62af85f6d76c466a9\"},\"headline\":\"Juan Antonio Morales, nuevo secretario general de las JJSS de Extremadura\",\"datePublished\":\"2017-11-03T02:30:09+00:00\",\"mainEntityOfPage\":{\"@id\":\"https:\/\/www.psoecaceres.com\/es\/actualidad\/juan-antonio-morales-nuevo-secretario-general-las-jjss-extremadura\/\"},\"wordCount\":452,\"commentCount\":0,\"publisher\":{\"@id\":\"https:\/\/www.psoecaceres.com\/es\/#organization\"},\"image\":{\"@id\":\"https:\/\/www.psoecaceres.com\/es\/actualidad\/juan-antonio-morales-nuevo-secretario-general-las-jjss-extremadura\/#primaryimage\"},\"thumbnailUrl\":\"https:\/\/www.psoecaceres.com\/es\/wp-content\/uploads\/2017\/11\/Nueva-ejecutiva-JJSS-Extremadura.jpg\",\"keywords\":[\"destacada\"],\"articleSection\":[\"Actualidad\"],\"inLanguage\":\"es\",\"potentialAction\":[{\"@type\":\"CommentAction\",\"name\":\"Comment\",\"target\":[\"https:\/\/www.psoecaceres.com\/es\/actualidad\/juan-antonio-morales-nuevo-secretario-general-las-jjss-extremadura\/#respond\"]}]},{\"@type\":\"WebPage\",\"@id\":\"https:\/\/www.psoecaceres.com\/es\/actualidad\/juan-antonio-morales-nuevo-secretario-general-las-jjss-extremadura\/\",\"url\":\"https:\/\/www.psoecaceres.com\/es\/actualidad\/juan-antonio-morales-nuevo-secretario-general-las-jjss-extremadura\/\",\"name\":\"Juan Antonio Morales, nuevo secretario general de las JJSS de Extremadura - PSOE provincia de C\u00e1ceres\",\"isPartOf\":{\"@id\":\"https:\/\/www.psoecaceres.com\/es\/#website\"},\"primaryImageOfPage\":{\"@id\":\"https:\/\/www.psoecaceres.com\/es\/actualidad\/juan-antonio-morales-nuevo-secretario-general-las-jjss-extremadura\/#primaryimage\"},\"image\":{\"@id\":\"https:\/\/www.psoecaceres.com\/es\/actualidad\/juan-antonio-morales-nuevo-secretario-general-las-jjss-extremadura\/#primaryimage\"},\"thumbnailUrl\":\"https:\/\/www.psoecaceres.com\/es\/wp-content\/uploads\/2017\/11\/Nueva-ejecutiva-JJSS-Extremadura.jpg\",\"datePublished\":\"2017-11-03T02:30:09+00:00\",\"breadcrumb\":{\"@id\":\"https:\/\/www.psoecaceres.com\/es\/actualidad\/juan-antonio-morales-nuevo-secretario-general-las-jjss-extremadura\/#breadcrumb\"},\"inLanguage\":\"es\",\"potentialAction\":[{\"@type\":\"ReadAction\",\"target\":[\"https:\/\/www.psoecaceres.com\/es\/actualidad\/juan-antonio-morales-nuevo-secretario-general-las-jjss-extremadura\/\"]}]},{\"@type\":\"ImageObject\",\"inLanguage\":\"es\",\"@id\":\"https:\/\/www.psoecaceres.com\/es\/actualidad\/juan-antonio-morales-nuevo-secretario-general-las-jjss-extremadura\/#primaryimage\",\"url\":\"https:\/\/www.psoecaceres.com\/es\/wp-content\/uploads\/2017\/11\/Nueva-ejecutiva-JJSS-Extremadura.jpg\",\"contentUrl\":\"https:\/\/www.psoecaceres.com\/es\/wp-content\/uploads\/2017\/11\/Nueva-ejecutiva-JJSS-Extremadura.jpg\",\"width\":960,\"height\":613},{\"@type\":\"BreadcrumbList\",\"@id\":\"https:\/\/www.psoecaceres.com\/es\/actualidad\/juan-antonio-morales-nuevo-secretario-general-las-jjss-extremadura\/#breadcrumb\",\"itemListElement\":[{\"@type\":\"ListItem\",\"position\":1,\"name\":\"Portada\",\"item\":\"https:\/\/www.psoecaceres.com\/es\/\"},{\"@type\":\"ListItem\",\"position\":2,\"name\":\"Juan Antonio Morales, nuevo secretario general de las JJSS de Extremadura\"}]},{\"@type\":\"WebSite\",\"@id\":\"https:\/\/www.psoecaceres.com\/es\/#website\",\"url\":\"https:\/\/www.psoecaceres.com\/es\/\",\"name\":\"PSOE provincia de C\u00e1ceres\",\"description\":\"Pasi\u00f3n por Nuestros Pueblos\",\"publisher\":{\"@id\":\"https:\/\/www.psoecaceres.com\/es\/#organization\"},\"alternateName\":\"PSOE Caceres\",\"potentialAction\":[{\"@type\":\"SearchAction\",\"target\":{\"@type\":\"EntryPoint\",\"urlTemplate\":\"https:\/\/www.psoecaceres.com\/es\/?s={search_term_string}\"},\"query-input\":{\"@type\":\"PropertyValueSpecification\",\"valueRequired\":true,\"valueName\":\"search_term_string\"}}],\"inLanguage\":\"es\"},{\"@type\":\"Organization\",\"@id\":\"https:\/\/www.psoecaceres.com\/es\/#organization\",\"name\":\"Psoe C\u00e1ceres\",\"alternateName\":\"PSOE Caceres\",\"url\":\"https:\/\/www.psoecaceres.com\/es\/\",\"logo\":{\"@type\":\"ImageObject\",\"inLanguage\":\"es\",\"@id\":\"https:\/\/www.psoecaceres.com\/es\/#\/schema\/logo\/image\/\",\"url\":\"https:\/\/www.psoecaceres.com\/es\/wp-content\/uploads\/2020\/08\/logo-psoe-caceres-web-2020.png\",\"contentUrl\":\"https:\/\/www.psoecaceres.com\/es\/wp-content\/uploads\/2020\/08\/logo-psoe-caceres-web-2020.png\",\"width\":180,\"height\":105,\"caption\":\"Psoe C\u00e1ceres\"},\"image\":{\"@id\":\"https:\/\/www.psoecaceres.com\/es\/#\/schema\/logo\/image\/\"},\"sameAs\":[\"https:\/\/www.facebook.com\/psoecaceres\",\"https:\/\/x.com\/PSOEC\"]},{\"@type\":\"Person\",\"@id\":\"https:\/\/www.psoecaceres.com\/es\/#\/schema\/person\/f39f54f038cc2ed62af85f6d76c466a9\",\"name\":\"PSOE\",\"url\":\"https:\/\/www.psoecaceres.com\/es\/author\/ivar\/\"}]}<\/script>\n<!-- \/ Yoast SEO plugin. -->","yoast_head_json":{"title":"Juan Antonio Morales, nuevo secretario general de las JJSS de Extremadura - PSOE provincia de C\u00e1ceres","robots":{"index":"index","follow":"follow","max-snippet":"max-snippet:-1","max-image-preview":"max-image-preview:large","max-video-preview":"max-video-preview:-1"},"canonical":"https:\/\/www.psoecaceres.com\/es\/actualidad\/juan-antonio-morales-nuevo-secretario-general-las-jjss-extremadura\/","og_locale":"es_ES","og_type":"article","og_title":"Juan Antonio Morales, nuevo secretario general de las JJSS de Extremadura - PSOE provincia de C\u00e1ceres","og_description":"Entre los d\u00edas 28 y 29 de octubre se ha celebrado en M\u00e9rida, en la sede regional del PSOE, el IX Congreso Regional de Juventudes Socialistas de Extremadura.\u00a0 En \u00e9l se proclam\u00f3 Secretario General de la organizaci\u00f3n a Juan Antonio Morales como resultados del proceso de elecci\u00f3n de secretario general\u00a0 de la organizaci\u00f3n juvenil socialista. [&hellip;]","og_url":"https:\/\/www.psoecaceres.com\/es\/actualidad\/juan-antonio-morales-nuevo-secretario-general-las-jjss-extremadura\/","og_site_name":"PSOE provincia de C\u00e1ceres","article_publisher":"https:\/\/www.facebook.com\/psoecaceres","article_published_time":"2017-11-03T02:30:09+00:00","og_image":[{"width":960,"height":613,"url":"https:\/\/www.psoecaceres.com\/es\/wp-content\/uploads\/2017\/11\/Nueva-ejecutiva-JJSS-Extremadura.jpg","type":"image\/jpeg"}],"author":"PSOE","twitter_card":"summary_large_image","twitter_creator":"@PSOEC","twitter_site":"@PSOEC","twitter_misc":{"Escrito por":"PSOE","Tiempo de lectura":"2 minutos"},"schema":{"@context":"https:\/\/schema.org","@graph":[{"@type":"Article","@id":"https:\/\/www.psoecaceres.com\/es\/actualidad\/juan-antonio-morales-nuevo-secretario-general-las-jjss-extremadura\/#article","isPartOf":{"@id":"https:\/\/www.psoecaceres.com\/es\/actualidad\/juan-antonio-morales-nuevo-secretario-general-las-jjss-extremadura\/"},"author":{"name":"PSOE","@id":"https:\/\/www.psoecaceres.com\/es\/#\/schema\/person\/f39f54f038cc2ed62af85f6d76c466a9"},"headline":"Juan Antonio Morales, nuevo secretario general de las JJSS de Extremadura","datePublished":"2017-11-03T02:30:09+00:00","mainEntityOfPage":{"@id":"https:\/\/www.psoecaceres.com\/es\/actualidad\/juan-antonio-morales-nuevo-secretario-general-las-jjss-extremadura\/"},"wordCount":452,"commentCount":0,"publisher":{"@id":"https:\/\/www.psoecaceres.com\/es\/#organization"},"image":{"@id":"https:\/\/www.psoecaceres.com\/es\/actualidad\/juan-antonio-morales-nuevo-secretario-general-las-jjss-extremadura\/#primaryimage"},"thumbnailUrl":"https:\/\/www.psoecaceres.com\/es\/wp-content\/uploads\/2017\/11\/Nueva-ejecutiva-JJSS-Extremadura.jpg","keywords":["destacada"],"articleSection":["Actualidad"],"inLanguage":"es","potentialAction":[{"@type":"CommentAction","name":"Comment","target":["https:\/\/www.psoecaceres.com\/es\/actualidad\/juan-antonio-morales-nuevo-secretario-general-las-jjss-extremadura\/#respond"]}]},{"@type":"WebPage","@id":"https:\/\/www.psoecaceres.com\/es\/actualidad\/juan-antonio-morales-nuevo-secretario-general-las-jjss-extremadura\/","url":"https:\/\/www.psoecaceres.com\/es\/actualidad\/juan-antonio-morales-nuevo-secretario-general-las-jjss-extremadura\/","name":"Juan Antonio Morales, nuevo secretario general de las JJSS de Extremadura - PSOE provincia de C\u00e1ceres","isPartOf":{"@id":"https:\/\/www.psoecaceres.com\/es\/#website"},"primaryImageOfPage":{"@id":"https:\/\/www.psoecaceres.com\/es\/actualidad\/juan-antonio-morales-nuevo-secretario-general-las-jjss-extremadura\/#primaryimage"},"image":{"@id":"https:\/\/www.psoecaceres.com\/es\/actualidad\/juan-antonio-morales-nuevo-secretario-general-las-jjss-extremadura\/#primaryimage"},"thumbnailUrl":"https:\/\/www.psoecaceres.com\/es\/wp-content\/uploads\/2017\/11\/Nueva-ejecutiva-JJSS-Extremadura.jpg","datePublished":"2017-11-03T02:30:09+00:00","breadcrumb":{"@id":"https:\/\/www.psoecaceres.com\/es\/actualidad\/juan-antonio-morales-nuevo-secretario-general-las-jjss-extremadura\/#breadcrumb"},"inLanguage":"es","potentialAction":[{"@type":"ReadAction","target":["https:\/\/www.psoecaceres.com\/es\/actualidad\/juan-antonio-morales-nuevo-secretario-general-las-jjss-extremadura\/"]}]},{"@type":"ImageObject","inLanguage":"es","@id":"https:\/\/www.psoecaceres.com\/es\/actualidad\/juan-antonio-morales-nuevo-secretario-general-las-jjss-extremadura\/#primaryimage","url":"https:\/\/www.psoecaceres.com\/es\/wp-content\/uploads\/2017\/11\/Nueva-ejecutiva-JJSS-Extremadura.jpg","contentUrl":"https:\/\/www.psoecaceres.com\/es\/wp-content\/uploads\/2017\/11\/Nueva-ejecutiva-JJSS-Extremadura.jpg","width":960,"height":613},{"@type":"BreadcrumbList","@id":"https:\/\/www.psoecaceres.com\/es\/actualidad\/juan-antonio-morales-nuevo-secretario-general-las-jjss-extremadura\/#breadcrumb","itemListElement":[{"@type":"ListItem","position":1,"name":"Portada","item":"https:\/\/www.psoecaceres.com\/es\/"},{"@type":"ListItem","position":2,"name":"Juan Antonio Morales, nuevo secretario general de las JJSS de Extremadura"}]},{"@type":"WebSite","@id":"https:\/\/www.psoecaceres.com\/es\/#website","url":"https:\/\/www.psoecaceres.com\/es\/","name":"PSOE provincia de C\u00e1ceres","description":"Pasi\u00f3n por Nuestros Pueblos","publisher":{"@id":"https:\/\/www.psoecaceres.com\/es\/#organization"},"alternateName":"PSOE Caceres","potentialAction":[{"@type":"SearchAction","target":{"@type":"EntryPoint","urlTemplate":"https:\/\/www.psoecaceres.com\/es\/?s={search_term_string}"},"query-input":{"@type":"PropertyValueSpecification","valueRequired":true,"valueName":"search_term_string"}}],"inLanguage":"es"},{"@type":"Organization","@id":"https:\/\/www.psoecaceres.com\/es\/#organization","name":"Psoe C\u00e1ceres","alternateName":"PSOE Caceres","url":"https:\/\/www.psoecaceres.com\/es\/","logo":{"@type":"ImageObject","inLanguage":"es","@id":"https:\/\/www.psoecaceres.com\/es\/#\/schema\/logo\/image\/","url":"https:\/\/www.psoecaceres.com\/es\/wp-content\/uploads\/2020\/08\/logo-psoe-caceres-web-2020.png","contentUrl":"https:\/\/www.psoecaceres.com\/es\/wp-content\/uploads\/2020\/08\/logo-psoe-caceres-web-2020.png","width":180,"height":105,"caption":"Psoe C\u00e1ceres"},"image":{"@id":"https:\/\/www.psoecaceres.com\/es\/#\/schema\/logo\/image\/"},"sameAs":["https:\/\/www.facebook.com\/psoecaceres","https:\/\/x.com\/PSOEC"]},{"@type":"Person","@id":"https:\/\/www.psoecaceres.com\/es\/#\/schema\/person\/f39f54f038cc2ed62af85f6d76c466a9","name":"PSOE","url":"https:\/\/www.psoecaceres.com\/es\/author\/ivar\/"}]}},"_links":{"self":[{"href":"https:\/\/www.psoecaceres.com\/es\/wp-json\/wp\/v2\/posts\/25866","targetHints":{"allow":["GET"]}}],"collection":[{"href":"https:\/\/www.psoecaceres.com\/es\/wp-json\/wp\/v2\/posts"}],"about":[{"href":"https:\/\/www.psoecaceres.com\/es\/wp-json\/wp\/v2\/types\/post"}],"author":[{"embeddable":true,"href":"https:\/\/www.psoecaceres.com\/es\/wp-json\/wp\/v2\/users\/3"}],"replies":[{"embeddable":true,"href":"https:\/\/www.psoecaceres.com\/es\/wp-json\/wp\/v2\/comments?post=25866"}],"version-history":[{"count":0,"href":"https:\/\/www.psoecaceres.com\/es\/wp-json\/wp\/v2\/posts\/25866\/revisions"}],"wp:featuredmedia":[{"embeddable":true,"href":"https:\/\/www.psoecaceres.com\/es\/wp-json\/wp\/v2\/media\/25868"}],"wp:attachment":[{"href":"https:\/\/www.psoecaceres.com\/es\/wp-json\/wp\/v2\/media?parent=25866"}],"wp:term":[{"taxonomy":"category","embeddable":true,"href":"https:\/\/www.psoecaceres.com\/es\/wp-json\/wp\/v2\/categories?post=25866"},{"taxonomy":"post_tag","embeddable":true,"href":"https:\/\/www.psoecaceres.com\/es\/wp-json\/wp\/v2\/tags?post=25866"}],"curies":[{"name":"wp","href":"https:\/\/api.w.org\/{rel}","templated":true}]}}