{"id":3403,"date":"2013-04-28T20:25:12","date_gmt":"2013-04-28T18:25:12","guid":{"rendered":"http:\/\/www.psoecaceres.com\/es\/?p=3403"},"modified":"2013-04-28T20:25:12","modified_gmt":"2013-04-28T18:25:12","slug":"comision-ejecutiva-provincial","status":"publish","type":"post","link":"https:\/\/www.psoecaceres.com\/es\/prensa\/comision-ejecutiva-provincial\/","title":{"rendered":"Comisi\u00f3n Ejecutiva Provincial"},"content":{"rendered":"<p>El lunes, <strong>29 de abril, a las 17.30 horas<\/strong> se re\u00fane la Comisi\u00f3n Ejecutiva Provincial del PSOE de C\u00e1ceres en su <strong>sede provincial (Hern\u00e1n Cort\u00e9s, 36).\u00a0<a href=\"https:\/\/www.psoecaceres.com\/es\/wp-content\/uploads\/2013\/02\/La-fiesta-de-la-libertad.jpg\"><img loading=\"lazy\" decoding=\"async\" class=\"alignright size-medium wp-image-2461\" title=\"La fiesta de la libertad\" src=\"https:\/\/www.psoecaceres.com\/es\/wp-content\/uploads\/2013\/02\/La-fiesta-de-la-libertad-300x192.jpg\" alt=\"\" width=\"300\" height=\"192\" \/><\/a><\/strong><\/p>\n<p>Abordar\u00e1n, entre otros asuntos, la organizaci\u00f3n de la campa\u00f1a \u201cPSOE eres t\u00fa\u201d<\/p>\n<p>&nbsp;<\/p>\n","protected":false},"excerpt":{"rendered":"<p>El lunes, 29 de abril, a las 17.30 horas se re\u00fane la Comisi\u00f3n Ejecutiva Provincial del PSOE de C\u00e1ceres en su sede provincial (Hern\u00e1n Cort\u00e9s, 36).\u00a0 Abordar\u00e1n, entre otros asuntos, la organizaci\u00f3n de la campa\u00f1a \u201cPSOE eres t\u00fa\u201d &nbsp;<\/p>\n","protected":false},"author":3,"featured_media":2461,"comment_status":"open","ping_status":"open","sticky":false,"template":"","format":"standard","meta":{"_et_pb_use_builder":"","_et_pb_old_content":"","_et_gb_content_width":"","footnotes":""},"categories":[21,20],"tags":[],"class_list":["post-3403","post","type-post","status-publish","format-standard","has-post-thumbnail","hentry","category-actualidad","category-prensa"],"yoast_head":"<!-- This site is optimized with the Yoast SEO plugin v26.7 - https:\/\/yoast.com\/wordpress\/plugins\/seo\/ -->\n<title>Comisi\u00f3n Ejecutiva Provincial - PSOE provincia de C\u00e1ceres<\/title>\n<meta name=\"robots\" content=\"index, follow, max-snippet:-1, max-image-preview:large, max-video-preview:-1\" \/>\n<link rel=\"canonical\" href=\"https:\/\/www.psoecaceres.com\/es\/prensa\/comision-ejecutiva-provincial\/\" \/>\n<meta property=\"og:locale\" content=\"es_ES\" \/>\n<meta property=\"og:type\" content=\"article\" \/>\n<meta property=\"og:title\" content=\"Comisi\u00f3n Ejecutiva Provincial - PSOE provincia de C\u00e1ceres\" \/>\n<meta property=\"og:description\" content=\"El lunes, 29 de abril, a las 17.30 horas se re\u00fane la Comisi\u00f3n Ejecutiva Provincial del PSOE de C\u00e1ceres en su sede provincial (Hern\u00e1n Cort\u00e9s, 36).\u00a0 Abordar\u00e1n, entre otros asuntos, la organizaci\u00f3n de la campa\u00f1a \u201cPSOE eres t\u00fa\u201d &nbsp;\" \/>\n<meta property=\"og:url\" content=\"https:\/\/www.psoecaceres.com\/es\/prensa\/comision-ejecutiva-provincial\/\" \/>\n<meta property=\"og:site_name\" content=\"PSOE provincia de C\u00e1ceres\" \/>\n<meta property=\"article:publisher\" content=\"https:\/\/www.facebook.com\/psoecaceres\" \/>\n<meta property=\"article:published_time\" content=\"2013-04-28T18:25:12+00:00\" \/>\n<meta property=\"og:image\" content=\"https:\/\/www.psoecaceres.com\/es\/wp-content\/uploads\/2013\/02\/La-fiesta-de-la-libertad.jpg\" \/>\n\t<meta property=\"og:image:width\" content=\"640\" \/>\n\t<meta property=\"og:image:height\" content=\"411\" \/>\n\t<meta property=\"og:image:type\" content=\"image\/jpeg\" \/>\n<meta name=\"author\" content=\"PSOE\" \/>\n<meta name=\"twitter:card\" content=\"summary_large_image\" \/>\n<meta name=\"twitter:creator\" content=\"@PSOEC\" \/>\n<meta name=\"twitter:site\" content=\"@PSOEC\" \/>\n<meta name=\"twitter:label1\" content=\"Escrito por\" \/>\n\t<meta name=\"twitter:data1\" content=\"PSOE\" \/>\n<script type=\"application\/ld+json\" class=\"yoast-schema-graph\">{\"@context\":\"https:\/\/schema.org\",\"@graph\":[{\"@type\":\"Article\",\"@id\":\"https:\/\/www.psoecaceres.com\/es\/prensa\/comision-ejecutiva-provincial\/#article\",\"isPartOf\":{\"@id\":\"https:\/\/www.psoecaceres.com\/es\/prensa\/comision-ejecutiva-provincial\/\"},\"author\":{\"name\":\"PSOE\",\"@id\":\"https:\/\/www.psoecaceres.com\/es\/#\/schema\/person\/f39f54f038cc2ed62af85f6d76c466a9\"},\"headline\":\"Comisi\u00f3n Ejecutiva Provincial\",\"datePublished\":\"2013-04-28T18:25:12+00:00\",\"mainEntityOfPage\":{\"@id\":\"https:\/\/www.psoecaceres.com\/es\/prensa\/comision-ejecutiva-provincial\/\"},\"wordCount\":48,\"commentCount\":0,\"publisher\":{\"@id\":\"https:\/\/www.psoecaceres.com\/es\/#organization\"},\"image\":{\"@id\":\"https:\/\/www.psoecaceres.com\/es\/prensa\/comision-ejecutiva-provincial\/#primaryimage\"},\"thumbnailUrl\":\"https:\/\/www.psoecaceres.com\/es\/wp-content\/uploads\/2013\/02\/La-fiesta-de-la-libertad.jpg\",\"articleSection\":[\"Actualidad\",\"Prensa\"],\"inLanguage\":\"es\",\"potentialAction\":[{\"@type\":\"CommentAction\",\"name\":\"Comment\",\"target\":[\"https:\/\/www.psoecaceres.com\/es\/prensa\/comision-ejecutiva-provincial\/#respond\"]}]},{\"@type\":\"WebPage\",\"@id\":\"https:\/\/www.psoecaceres.com\/es\/prensa\/comision-ejecutiva-provincial\/\",\"url\":\"https:\/\/www.psoecaceres.com\/es\/prensa\/comision-ejecutiva-provincial\/\",\"name\":\"Comisi\u00f3n Ejecutiva Provincial - PSOE provincia de C\u00e1ceres\",\"isPartOf\":{\"@id\":\"https:\/\/www.psoecaceres.com\/es\/#website\"},\"primaryImageOfPage\":{\"@id\":\"https:\/\/www.psoecaceres.com\/es\/prensa\/comision-ejecutiva-provincial\/#primaryimage\"},\"image\":{\"@id\":\"https:\/\/www.psoecaceres.com\/es\/prensa\/comision-ejecutiva-provincial\/#primaryimage\"},\"thumbnailUrl\":\"https:\/\/www.psoecaceres.com\/es\/wp-content\/uploads\/2013\/02\/La-fiesta-de-la-libertad.jpg\",\"datePublished\":\"2013-04-28T18:25:12+00:00\",\"breadcrumb\":{\"@id\":\"https:\/\/www.psoecaceres.com\/es\/prensa\/comision-ejecutiva-provincial\/#breadcrumb\"},\"inLanguage\":\"es\",\"potentialAction\":[{\"@type\":\"ReadAction\",\"target\":[\"https:\/\/www.psoecaceres.com\/es\/prensa\/comision-ejecutiva-provincial\/\"]}]},{\"@type\":\"ImageObject\",\"inLanguage\":\"es\",\"@id\":\"https:\/\/www.psoecaceres.com\/es\/prensa\/comision-ejecutiva-provincial\/#primaryimage\",\"url\":\"https:\/\/www.psoecaceres.com\/es\/wp-content\/uploads\/2013\/02\/La-fiesta-de-la-libertad.jpg\",\"contentUrl\":\"https:\/\/www.psoecaceres.com\/es\/wp-content\/uploads\/2013\/02\/La-fiesta-de-la-libertad.jpg\",\"width\":\"640\",\"height\":\"411\"},{\"@type\":\"BreadcrumbList\",\"@id\":\"https:\/\/www.psoecaceres.com\/es\/prensa\/comision-ejecutiva-provincial\/#breadcrumb\",\"itemListElement\":[{\"@type\":\"ListItem\",\"position\":1,\"name\":\"Portada\",\"item\":\"https:\/\/www.psoecaceres.com\/es\/\"},{\"@type\":\"ListItem\",\"position\":2,\"name\":\"Comisi\u00f3n Ejecutiva Provincial\"}]},{\"@type\":\"WebSite\",\"@id\":\"https:\/\/www.psoecaceres.com\/es\/#website\",\"url\":\"https:\/\/www.psoecaceres.com\/es\/\",\"name\":\"PSOE provincia de C\u00e1ceres\",\"description\":\"Pasi\u00f3n por Nuestros Pueblos\",\"publisher\":{\"@id\":\"https:\/\/www.psoecaceres.com\/es\/#organization\"},\"alternateName\":\"PSOE Caceres\",\"potentialAction\":[{\"@type\":\"SearchAction\",\"target\":{\"@type\":\"EntryPoint\",\"urlTemplate\":\"https:\/\/www.psoecaceres.com\/es\/?s={search_term_string}\"},\"query-input\":{\"@type\":\"PropertyValueSpecification\",\"valueRequired\":true,\"valueName\":\"search_term_string\"}}],\"inLanguage\":\"es\"},{\"@type\":\"Organization\",\"@id\":\"https:\/\/www.psoecaceres.com\/es\/#organization\",\"name\":\"Psoe C\u00e1ceres\",\"alternateName\":\"PSOE Caceres\",\"url\":\"https:\/\/www.psoecaceres.com\/es\/\",\"logo\":{\"@type\":\"ImageObject\",\"inLanguage\":\"es\",\"@id\":\"https:\/\/www.psoecaceres.com\/es\/#\/schema\/logo\/image\/\",\"url\":\"https:\/\/www.psoecaceres.com\/es\/wp-content\/uploads\/2020\/08\/logo-psoe-caceres-web-2020.png\",\"contentUrl\":\"https:\/\/www.psoecaceres.com\/es\/wp-content\/uploads\/2020\/08\/logo-psoe-caceres-web-2020.png\",\"width\":180,\"height\":105,\"caption\":\"Psoe C\u00e1ceres\"},\"image\":{\"@id\":\"https:\/\/www.psoecaceres.com\/es\/#\/schema\/logo\/image\/\"},\"sameAs\":[\"https:\/\/www.facebook.com\/psoecaceres\",\"https:\/\/x.com\/PSOEC\"]},{\"@type\":\"Person\",\"@id\":\"https:\/\/www.psoecaceres.com\/es\/#\/schema\/person\/f39f54f038cc2ed62af85f6d76c466a9\",\"name\":\"PSOE\",\"url\":\"https:\/\/www.psoecaceres.com\/es\/author\/ivar\/\"}]}<\/script>\n<!-- \/ Yoast SEO plugin. -->","yoast_head_json":{"title":"Comisi\u00f3n Ejecutiva Provincial - PSOE provincia de C\u00e1ceres","robots":{"index":"index","follow":"follow","max-snippet":"max-snippet:-1","max-image-preview":"max-image-preview:large","max-video-preview":"max-video-preview:-1"},"canonical":"https:\/\/www.psoecaceres.com\/es\/prensa\/comision-ejecutiva-provincial\/","og_locale":"es_ES","og_type":"article","og_title":"Comisi\u00f3n Ejecutiva Provincial - PSOE provincia de C\u00e1ceres","og_description":"El lunes, 29 de abril, a las 17.30 horas se re\u00fane la Comisi\u00f3n Ejecutiva Provincial del PSOE de C\u00e1ceres en su sede provincial (Hern\u00e1n Cort\u00e9s, 36).\u00a0 Abordar\u00e1n, entre otros asuntos, la organizaci\u00f3n de la campa\u00f1a \u201cPSOE eres t\u00fa\u201d &nbsp;","og_url":"https:\/\/www.psoecaceres.com\/es\/prensa\/comision-ejecutiva-provincial\/","og_site_name":"PSOE provincia de C\u00e1ceres","article_publisher":"https:\/\/www.facebook.com\/psoecaceres","article_published_time":"2013-04-28T18:25:12+00:00","og_image":[{"width":640,"height":411,"url":"https:\/\/www.psoecaceres.com\/es\/wp-content\/uploads\/2013\/02\/La-fiesta-de-la-libertad.jpg","type":"image\/jpeg"}],"author":"PSOE","twitter_card":"summary_large_image","twitter_creator":"@PSOEC","twitter_site":"@PSOEC","twitter_misc":{"Escrito por":"PSOE"},"schema":{"@context":"https:\/\/schema.org","@graph":[{"@type":"Article","@id":"https:\/\/www.psoecaceres.com\/es\/prensa\/comision-ejecutiva-provincial\/#article","isPartOf":{"@id":"https:\/\/www.psoecaceres.com\/es\/prensa\/comision-ejecutiva-provincial\/"},"author":{"name":"PSOE","@id":"https:\/\/www.psoecaceres.com\/es\/#\/schema\/person\/f39f54f038cc2ed62af85f6d76c466a9"},"headline":"Comisi\u00f3n Ejecutiva Provincial","datePublished":"2013-04-28T18:25:12+00:00","mainEntityOfPage":{"@id":"https:\/\/www.psoecaceres.com\/es\/prensa\/comision-ejecutiva-provincial\/"},"wordCount":48,"commentCount":0,"publisher":{"@id":"https:\/\/www.psoecaceres.com\/es\/#organization"},"image":{"@id":"https:\/\/www.psoecaceres.com\/es\/prensa\/comision-ejecutiva-provincial\/#primaryimage"},"thumbnailUrl":"https:\/\/www.psoecaceres.com\/es\/wp-content\/uploads\/2013\/02\/La-fiesta-de-la-libertad.jpg","articleSection":["Actualidad","Prensa"],"inLanguage":"es","potentialAction":[{"@type":"CommentAction","name":"Comment","target":["https:\/\/www.psoecaceres.com\/es\/prensa\/comision-ejecutiva-provincial\/#respond"]}]},{"@type":"WebPage","@id":"https:\/\/www.psoecaceres.com\/es\/prensa\/comision-ejecutiva-provincial\/","url":"https:\/\/www.psoecaceres.com\/es\/prensa\/comision-ejecutiva-provincial\/","name":"Comisi\u00f3n Ejecutiva Provincial - PSOE provincia de C\u00e1ceres","isPartOf":{"@id":"https:\/\/www.psoecaceres.com\/es\/#website"},"primaryImageOfPage":{"@id":"https:\/\/www.psoecaceres.com\/es\/prensa\/comision-ejecutiva-provincial\/#primaryimage"},"image":{"@id":"https:\/\/www.psoecaceres.com\/es\/prensa\/comision-ejecutiva-provincial\/#primaryimage"},"thumbnailUrl":"https:\/\/www.psoecaceres.com\/es\/wp-content\/uploads\/2013\/02\/La-fiesta-de-la-libertad.jpg","datePublished":"2013-04-28T18:25:12+00:00","breadcrumb":{"@id":"https:\/\/www.psoecaceres.com\/es\/prensa\/comision-ejecutiva-provincial\/#breadcrumb"},"inLanguage":"es","potentialAction":[{"@type":"ReadAction","target":["https:\/\/www.psoecaceres.com\/es\/prensa\/comision-ejecutiva-provincial\/"]}]},{"@type":"ImageObject","inLanguage":"es","@id":"https:\/\/www.psoecaceres.com\/es\/prensa\/comision-ejecutiva-provincial\/#primaryimage","url":"https:\/\/www.psoecaceres.com\/es\/wp-content\/uploads\/2013\/02\/La-fiesta-de-la-libertad.jpg","contentUrl":"https:\/\/www.psoecaceres.com\/es\/wp-content\/uploads\/2013\/02\/La-fiesta-de-la-libertad.jpg","width":"640","height":"411"},{"@type":"BreadcrumbList","@id":"https:\/\/www.psoecaceres.com\/es\/prensa\/comision-ejecutiva-provincial\/#breadcrumb","itemListElement":[{"@type":"ListItem","position":1,"name":"Portada","item":"https:\/\/www.psoecaceres.com\/es\/"},{"@type":"ListItem","position":2,"name":"Comisi\u00f3n Ejecutiva Provincial"}]},{"@type":"WebSite","@id":"https:\/\/www.psoecaceres.com\/es\/#website","url":"https:\/\/www.psoecaceres.com\/es\/","name":"PSOE provincia de C\u00e1ceres","description":"Pasi\u00f3n por Nuestros Pueblos","publisher":{"@id":"https:\/\/www.psoecaceres.com\/es\/#organization"},"alternateName":"PSOE Caceres","potentialAction":[{"@type":"SearchAction","target":{"@type":"EntryPoint","urlTemplate":"https:\/\/www.psoecaceres.com\/es\/?s={search_term_string}"},"query-input":{"@type":"PropertyValueSpecification","valueRequired":true,"valueName":"search_term_string"}}],"inLanguage":"es"},{"@type":"Organization","@id":"https:\/\/www.psoecaceres.com\/es\/#organization","name":"Psoe C\u00e1ceres","alternateName":"PSOE Caceres","url":"https:\/\/www.psoecaceres.com\/es\/","logo":{"@type":"ImageObject","inLanguage":"es","@id":"https:\/\/www.psoecaceres.com\/es\/#\/schema\/logo\/image\/","url":"https:\/\/www.psoecaceres.com\/es\/wp-content\/uploads\/2020\/08\/logo-psoe-caceres-web-2020.png","contentUrl":"https:\/\/www.psoecaceres.com\/es\/wp-content\/uploads\/2020\/08\/logo-psoe-caceres-web-2020.png","width":180,"height":105,"caption":"Psoe C\u00e1ceres"},"image":{"@id":"https:\/\/www.psoecaceres.com\/es\/#\/schema\/logo\/image\/"},"sameAs":["https:\/\/www.facebook.com\/psoecaceres","https:\/\/x.com\/PSOEC"]},{"@type":"Person","@id":"https:\/\/www.psoecaceres.com\/es\/#\/schema\/person\/f39f54f038cc2ed62af85f6d76c466a9","name":"PSOE","url":"https:\/\/www.psoecaceres.com\/es\/author\/ivar\/"}]}},"_links":{"self":[{"href":"https:\/\/www.psoecaceres.com\/es\/wp-json\/wp\/v2\/posts\/3403","targetHints":{"allow":["GET"]}}],"collection":[{"href":"https:\/\/www.psoecaceres.com\/es\/wp-json\/wp\/v2\/posts"}],"about":[{"href":"https:\/\/www.psoecaceres.com\/es\/wp-json\/wp\/v2\/types\/post"}],"author":[{"embeddable":true,"href":"https:\/\/www.psoecaceres.com\/es\/wp-json\/wp\/v2\/users\/3"}],"replies":[{"embeddable":true,"href":"https:\/\/www.psoecaceres.com\/es\/wp-json\/wp\/v2\/comments?post=3403"}],"version-history":[{"count":0,"href":"https:\/\/www.psoecaceres.com\/es\/wp-json\/wp\/v2\/posts\/3403\/revisions"}],"wp:featuredmedia":[{"embeddable":true,"href":"https:\/\/www.psoecaceres.com\/es\/wp-json\/wp\/v2\/media\/2461"}],"wp:attachment":[{"href":"https:\/\/www.psoecaceres.com\/es\/wp-json\/wp\/v2\/media?parent=3403"}],"wp:term":[{"taxonomy":"category","embeddable":true,"href":"https:\/\/www.psoecaceres.com\/es\/wp-json\/wp\/v2\/categories?post=3403"},{"taxonomy":"post_tag","embeddable":true,"href":"https:\/\/www.psoecaceres.com\/es\/wp-json\/wp\/v2\/tags?post=3403"}],"curies":[{"name":"wp","href":"https:\/\/api.w.org\/{rel}","templated":true}]}}