{"id":39505,"date":"2020-02-13T06:30:28","date_gmt":"2020-02-13T04:30:28","guid":{"rendered":"http:\/\/www.psoecaceres.com\/es\/?p=39505"},"modified":"2020-02-12T19:33:32","modified_gmt":"2020-02-12T17:33:32","slug":"son-un-desproposito-las-palabras-de-isabel-villa-ex-alcaldesa-del-pp-en-logrosan-tras-su-condena","status":"publish","type":"post","link":"https:\/\/www.psoecaceres.com\/es\/actualidad\/son-un-desproposito-las-palabras-de-isabel-villa-ex-alcaldesa-del-pp-en-logrosan-tras-su-condena\/","title":{"rendered":"Son un desprop\u00f3sito las palabras de Isabel Villa, ex alcaldesa (PP) de Logros\u00e1n, tras su condena\u00a0"},"content":{"rendered":"<p><a href=\"https:\/\/www.psoecaceres.com\/es\/wp-content\/uploads\/2019\/07\/Comunicado.png\"><img loading=\"lazy\" decoding=\"async\" class=\"aligncenter size-full wp-image-36699\" src=\"https:\/\/www.psoecaceres.com\/es\/wp-content\/uploads\/2019\/07\/Comunicado.png\" alt=\"\" width=\"1200\" height=\"629\" \/><\/a><\/p>\n<p><strong>Decir que lo \u201cvolver\u00eda hacer\u201d significa manchar el trabajo de los ediles que ejercen dignamente sus cargos y que estar\u00eda dispuesta a volver a saltarse la ley en beneficio propio.<\/strong><\/p>\n<p>Tras la llegada del PSOE al gobierno local en Logros\u00e1n en 2015, el equipo de gobierno se encontr\u00f3 con numerosas y graves irregularidades que les llev\u00f3 a denunciar la gesti\u00f3n del equipo anterior, liderado por la que fuera alcaldesa por el Partido Popular durante dos legislaturas, Isabel Villa Naharro, y como diputada provincial entre 2011 y 2015.<\/p>\n<p>El pasado mes de enero se confirm\u00f3 el fallo de la sentencia a Villa que, tras llegar a un acuerdo con la acusaci\u00f3n, se la condena a\u00a0<strong>un total de 2 a\u00f1os de prisi\u00f3n, 13 de inhabilitaci\u00f3n para cargo p\u00fablico y el pago de m\u00e1s 12.000 euros m\u00e1s interesas<\/strong>\u00a0<strong><u>por el reconocimiento de tres delitos<\/u>: prevaricaci\u00f3n continuada, malversaci\u00f3n de caudales p\u00fablicos y negociaciones prohibidas.<\/strong><\/p>\n<p>Y frente a los hechos probados, perfectamente desarrollados en la sentencia, la ex alcaldesa del PP los reconoce y dice que\u00a0<strong>\u201clo volver\u00eda a hacer\u201d.<\/strong>\u00a0Desde el PSOE nos preguntamos,\u00a0<strong>\u00bfqu\u00e9 es lo que volver\u00eda a hacer se\u00f1ora Villa?,<\/strong>\u00a0<strong><u>\u00bfcoaccionar a funcionarios y trabajadores para intentar que firmen procedimientos que, tal y como se le hizo saber, no son regulares con vistas a comprarse viviendas a s\u00ed misma con dinero del Ayuntamiento, de todos?,<\/u><\/strong>\u00a0\u00bfpagarse comidas en restaurantes, alojamientos en hoteles o compras en Decathlon, entre otros, con tarjetas del Ayuntamiento?,\u00a0<strong><u>\u00bfcargar al Consistorio local m\u00e1s de 2.000 euros de gastos en dietas y transporte que ya le hab\u00eda costeado la Diputaci\u00f3n de C\u00e1ceres, incluso estando de baja laboral?<\/u><\/strong><\/p>\n<p>Desde el PSOE no quisimos pronunciarnos en el momento de la sentencia porque entend\u00edamos que con el reconocimiento de los delitos cometidos por la ex alcaldesa del PP, esta asum\u00eda y se responsabilizaba de las irregularidades y del agravio a los logrosanos y logrosanas por haber utilizado dinero del Ayuntamiento, del pueblo, para uso propio. Sin embargo, lo que nos encontramos es\u00a0<strong>la vergonzosa afirmaci\u00f3n de \u201clo volver\u00eda hacer\u201d<\/strong>\u00a0y\u00a0<strong>una banalizaci\u00f3n escandalosa<\/strong>\u00a0al afirmar, a trav\u00e9s seg\u00fan de su red social Facebook, que se tuvo \u201cque declarar culpable por el tema de las viviendas, negociaciones prohibidas y malversaci\u00f3n de caudales p\u00fablicos por no haber justificado debidamente sobre 8000 euros de la tarjeta de cr\u00e9dito\u201d.<\/p>\n<p>Y al respecto el PSOE se pregunta,\u00a0<strong>\u00bfd\u00f3nde est\u00e1 el Partido Popular para denunciar la mala gesti\u00f3n de una alcaldesa que gobern\u00f3 Logros\u00e1n bajo sus siglas y que fue nombrada diputada provincial por el propio presidente del PP de la provincia de C\u00e1ceres, Laureano Le\u00f3n?<\/strong><\/p>\n<p>En el PSOE tenemos claro que\u00a0<strong>un cargo p\u00fablico debe ser un ejemplo para la ciudadan\u00eda, un referente de honorabilidad<\/strong>. Tras las palabras de la ex alcaldesa del PP y la falta de respuesta del Partido Popular al respecto no tenemos claro que. otros, se tomen en serio ni nuestras instituciones ni el servicio que nos debemos a nuestros vecinos y vecinas. M\u00e1s bien pareciera que cuando se comenten delitos tan graves, miran para otro lado y parecieran justificar actos tan impresentables como por los que se condena a Isabel Villa Naharro.<\/p>\n<p>Sin \u00e1nimo de ensa\u00f1arnos con la ex alcaldesa del PP condenada,\u00a0<strong>desde el PSOE queremos reivindicar la honorabilidad que deben tener los cargos p\u00fablicos<\/strong>\u00a0y recordar que,\u00a0<strong>frente a personas que ensucian el nombre de las instituciones<\/strong>, existen muchos alcaldes y alcaldesas que ejercen con dignidad y responsabilidad el cargo que la ciudadan\u00eda les ha encomendado con sus votos.<\/p>\n","protected":false},"excerpt":{"rendered":"<p>Decir que lo \u201cvolver\u00eda hacer\u201d significa manchar el trabajo de los ediles que ejercen dignamente sus cargos y que estar\u00eda dispuesta a volver a saltarse la ley en beneficio propio. Tras la llegada del PSOE al gobierno local en Logros\u00e1n en 2015, el equipo de gobierno se encontr\u00f3 con numerosas y graves irregularidades que les [&hellip;]<\/p>\n","protected":false},"author":3,"featured_media":36699,"comment_status":"open","ping_status":"open","sticky":false,"template":"","format":"standard","meta":{"_et_pb_use_builder":"","_et_pb_old_content":"","_et_gb_content_width":"","footnotes":""},"categories":[21,20],"tags":[151],"class_list":["post-39505","post","type-post","status-publish","format-standard","has-post-thumbnail","hentry","category-actualidad","category-prensa","tag-destacada"],"yoast_head":"<!-- This site is optimized with the Yoast SEO plugin v26.7 - https:\/\/yoast.com\/wordpress\/plugins\/seo\/ -->\n<title>Son un desprop\u00f3sito las palabras de Isabel Villa, ex alcaldesa (PP) de Logros\u00e1n, tras su condena\u00a0 - PSOE provincia de C\u00e1ceres<\/title>\n<meta name=\"robots\" content=\"index, follow, max-snippet:-1, max-image-preview:large, max-video-preview:-1\" \/>\n<link rel=\"canonical\" href=\"https:\/\/www.psoecaceres.com\/es\/actualidad\/son-un-desproposito-las-palabras-de-isabel-villa-ex-alcaldesa-del-pp-en-logrosan-tras-su-condena\/\" \/>\n<meta property=\"og:locale\" content=\"es_ES\" \/>\n<meta property=\"og:type\" content=\"article\" \/>\n<meta property=\"og:title\" content=\"Son un desprop\u00f3sito las palabras de Isabel Villa, ex alcaldesa (PP) de Logros\u00e1n, tras su condena\u00a0 - PSOE provincia de C\u00e1ceres\" \/>\n<meta property=\"og:description\" content=\"Decir que lo \u201cvolver\u00eda hacer\u201d significa manchar el trabajo de los ediles que ejercen dignamente sus cargos y que estar\u00eda dispuesta a volver a saltarse la ley en beneficio propio. Tras la llegada del PSOE al gobierno local en Logros\u00e1n en 2015, el equipo de gobierno se encontr\u00f3 con numerosas y graves irregularidades que les [&hellip;]\" \/>\n<meta property=\"og:url\" content=\"https:\/\/www.psoecaceres.com\/es\/actualidad\/son-un-desproposito-las-palabras-de-isabel-villa-ex-alcaldesa-del-pp-en-logrosan-tras-su-condena\/\" \/>\n<meta property=\"og:site_name\" content=\"PSOE provincia de C\u00e1ceres\" \/>\n<meta property=\"article:publisher\" content=\"https:\/\/www.facebook.com\/psoecaceres\" \/>\n<meta property=\"article:published_time\" content=\"2020-02-13T04:30:28+00:00\" \/>\n<meta property=\"og:image\" content=\"https:\/\/www.psoecaceres.com\/es\/wp-content\/uploads\/2019\/07\/Comunicado.png\" \/>\n\t<meta property=\"og:image:width\" content=\"1200\" \/>\n\t<meta property=\"og:image:height\" content=\"629\" \/>\n\t<meta property=\"og:image:type\" content=\"image\/png\" \/>\n<meta name=\"author\" content=\"PSOE\" \/>\n<meta name=\"twitter:card\" content=\"summary_large_image\" \/>\n<meta name=\"twitter:creator\" content=\"@PSOEC\" \/>\n<meta name=\"twitter:site\" content=\"@PSOEC\" \/>\n<meta name=\"twitter:label1\" content=\"Escrito por\" \/>\n\t<meta name=\"twitter:data1\" content=\"PSOE\" \/>\n\t<meta name=\"twitter:label2\" content=\"Tiempo de lectura\" \/>\n\t<meta name=\"twitter:data2\" content=\"3 minutos\" \/>\n<script type=\"application\/ld+json\" class=\"yoast-schema-graph\">{\"@context\":\"https:\/\/schema.org\",\"@graph\":[{\"@type\":\"Article\",\"@id\":\"https:\/\/www.psoecaceres.com\/es\/actualidad\/son-un-desproposito-las-palabras-de-isabel-villa-ex-alcaldesa-del-pp-en-logrosan-tras-su-condena\/#article\",\"isPartOf\":{\"@id\":\"https:\/\/www.psoecaceres.com\/es\/actualidad\/son-un-desproposito-las-palabras-de-isabel-villa-ex-alcaldesa-del-pp-en-logrosan-tras-su-condena\/\"},\"author\":{\"name\":\"PSOE\",\"@id\":\"https:\/\/www.psoecaceres.com\/es\/#\/schema\/person\/f39f54f038cc2ed62af85f6d76c466a9\"},\"headline\":\"Son un desprop\u00f3sito las palabras de Isabel Villa, ex alcaldesa (PP) de Logros\u00e1n, tras su condena\u00a0\",\"datePublished\":\"2020-02-13T04:30:28+00:00\",\"mainEntityOfPage\":{\"@id\":\"https:\/\/www.psoecaceres.com\/es\/actualidad\/son-un-desproposito-las-palabras-de-isabel-villa-ex-alcaldesa-del-pp-en-logrosan-tras-su-condena\/\"},\"wordCount\":633,\"commentCount\":0,\"publisher\":{\"@id\":\"https:\/\/www.psoecaceres.com\/es\/#organization\"},\"image\":{\"@id\":\"https:\/\/www.psoecaceres.com\/es\/actualidad\/son-un-desproposito-las-palabras-de-isabel-villa-ex-alcaldesa-del-pp-en-logrosan-tras-su-condena\/#primaryimage\"},\"thumbnailUrl\":\"https:\/\/www.psoecaceres.com\/es\/wp-content\/uploads\/2019\/07\/Comunicado.png\",\"keywords\":[\"destacada\"],\"articleSection\":[\"Actualidad\",\"Prensa\"],\"inLanguage\":\"es\",\"potentialAction\":[{\"@type\":\"CommentAction\",\"name\":\"Comment\",\"target\":[\"https:\/\/www.psoecaceres.com\/es\/actualidad\/son-un-desproposito-las-palabras-de-isabel-villa-ex-alcaldesa-del-pp-en-logrosan-tras-su-condena\/#respond\"]}]},{\"@type\":\"WebPage\",\"@id\":\"https:\/\/www.psoecaceres.com\/es\/actualidad\/son-un-desproposito-las-palabras-de-isabel-villa-ex-alcaldesa-del-pp-en-logrosan-tras-su-condena\/\",\"url\":\"https:\/\/www.psoecaceres.com\/es\/actualidad\/son-un-desproposito-las-palabras-de-isabel-villa-ex-alcaldesa-del-pp-en-logrosan-tras-su-condena\/\",\"name\":\"Son un desprop\u00f3sito las palabras de Isabel Villa, ex alcaldesa (PP) de Logros\u00e1n, tras su condena\u00a0 - PSOE provincia de C\u00e1ceres\",\"isPartOf\":{\"@id\":\"https:\/\/www.psoecaceres.com\/es\/#website\"},\"primaryImageOfPage\":{\"@id\":\"https:\/\/www.psoecaceres.com\/es\/actualidad\/son-un-desproposito-las-palabras-de-isabel-villa-ex-alcaldesa-del-pp-en-logrosan-tras-su-condena\/#primaryimage\"},\"image\":{\"@id\":\"https:\/\/www.psoecaceres.com\/es\/actualidad\/son-un-desproposito-las-palabras-de-isabel-villa-ex-alcaldesa-del-pp-en-logrosan-tras-su-condena\/#primaryimage\"},\"thumbnailUrl\":\"https:\/\/www.psoecaceres.com\/es\/wp-content\/uploads\/2019\/07\/Comunicado.png\",\"datePublished\":\"2020-02-13T04:30:28+00:00\",\"breadcrumb\":{\"@id\":\"https:\/\/www.psoecaceres.com\/es\/actualidad\/son-un-desproposito-las-palabras-de-isabel-villa-ex-alcaldesa-del-pp-en-logrosan-tras-su-condena\/#breadcrumb\"},\"inLanguage\":\"es\",\"potentialAction\":[{\"@type\":\"ReadAction\",\"target\":[\"https:\/\/www.psoecaceres.com\/es\/actualidad\/son-un-desproposito-las-palabras-de-isabel-villa-ex-alcaldesa-del-pp-en-logrosan-tras-su-condena\/\"]}]},{\"@type\":\"ImageObject\",\"inLanguage\":\"es\",\"@id\":\"https:\/\/www.psoecaceres.com\/es\/actualidad\/son-un-desproposito-las-palabras-de-isabel-villa-ex-alcaldesa-del-pp-en-logrosan-tras-su-condena\/#primaryimage\",\"url\":\"https:\/\/www.psoecaceres.com\/es\/wp-content\/uploads\/2019\/07\/Comunicado.png\",\"contentUrl\":\"https:\/\/www.psoecaceres.com\/es\/wp-content\/uploads\/2019\/07\/Comunicado.png\",\"width\":1200,\"height\":629},{\"@type\":\"BreadcrumbList\",\"@id\":\"https:\/\/www.psoecaceres.com\/es\/actualidad\/son-un-desproposito-las-palabras-de-isabel-villa-ex-alcaldesa-del-pp-en-logrosan-tras-su-condena\/#breadcrumb\",\"itemListElement\":[{\"@type\":\"ListItem\",\"position\":1,\"name\":\"Portada\",\"item\":\"https:\/\/www.psoecaceres.com\/es\/\"},{\"@type\":\"ListItem\",\"position\":2,\"name\":\"Son un desprop\u00f3sito las palabras de Isabel Villa, ex alcaldesa (PP) de Logros\u00e1n, tras su condena\u00a0\"}]},{\"@type\":\"WebSite\",\"@id\":\"https:\/\/www.psoecaceres.com\/es\/#website\",\"url\":\"https:\/\/www.psoecaceres.com\/es\/\",\"name\":\"PSOE provincia de C\u00e1ceres\",\"description\":\"Pasi\u00f3n por Nuestros Pueblos\",\"publisher\":{\"@id\":\"https:\/\/www.psoecaceres.com\/es\/#organization\"},\"alternateName\":\"PSOE Caceres\",\"potentialAction\":[{\"@type\":\"SearchAction\",\"target\":{\"@type\":\"EntryPoint\",\"urlTemplate\":\"https:\/\/www.psoecaceres.com\/es\/?s={search_term_string}\"},\"query-input\":{\"@type\":\"PropertyValueSpecification\",\"valueRequired\":true,\"valueName\":\"search_term_string\"}}],\"inLanguage\":\"es\"},{\"@type\":\"Organization\",\"@id\":\"https:\/\/www.psoecaceres.com\/es\/#organization\",\"name\":\"Psoe C\u00e1ceres\",\"alternateName\":\"PSOE Caceres\",\"url\":\"https:\/\/www.psoecaceres.com\/es\/\",\"logo\":{\"@type\":\"ImageObject\",\"inLanguage\":\"es\",\"@id\":\"https:\/\/www.psoecaceres.com\/es\/#\/schema\/logo\/image\/\",\"url\":\"https:\/\/www.psoecaceres.com\/es\/wp-content\/uploads\/2020\/08\/logo-psoe-caceres-web-2020.png\",\"contentUrl\":\"https:\/\/www.psoecaceres.com\/es\/wp-content\/uploads\/2020\/08\/logo-psoe-caceres-web-2020.png\",\"width\":180,\"height\":105,\"caption\":\"Psoe C\u00e1ceres\"},\"image\":{\"@id\":\"https:\/\/www.psoecaceres.com\/es\/#\/schema\/logo\/image\/\"},\"sameAs\":[\"https:\/\/www.facebook.com\/psoecaceres\",\"https:\/\/x.com\/PSOEC\"]},{\"@type\":\"Person\",\"@id\":\"https:\/\/www.psoecaceres.com\/es\/#\/schema\/person\/f39f54f038cc2ed62af85f6d76c466a9\",\"name\":\"PSOE\",\"url\":\"https:\/\/www.psoecaceres.com\/es\/author\/ivar\/\"}]}<\/script>\n<!-- \/ Yoast SEO plugin. -->","yoast_head_json":{"title":"Son un desprop\u00f3sito las palabras de Isabel Villa, ex alcaldesa (PP) de Logros\u00e1n, tras su condena\u00a0 - PSOE provincia de C\u00e1ceres","robots":{"index":"index","follow":"follow","max-snippet":"max-snippet:-1","max-image-preview":"max-image-preview:large","max-video-preview":"max-video-preview:-1"},"canonical":"https:\/\/www.psoecaceres.com\/es\/actualidad\/son-un-desproposito-las-palabras-de-isabel-villa-ex-alcaldesa-del-pp-en-logrosan-tras-su-condena\/","og_locale":"es_ES","og_type":"article","og_title":"Son un desprop\u00f3sito las palabras de Isabel Villa, ex alcaldesa (PP) de Logros\u00e1n, tras su condena\u00a0 - PSOE provincia de C\u00e1ceres","og_description":"Decir que lo \u201cvolver\u00eda hacer\u201d significa manchar el trabajo de los ediles que ejercen dignamente sus cargos y que estar\u00eda dispuesta a volver a saltarse la ley en beneficio propio. Tras la llegada del PSOE al gobierno local en Logros\u00e1n en 2015, el equipo de gobierno se encontr\u00f3 con numerosas y graves irregularidades que les [&hellip;]","og_url":"https:\/\/www.psoecaceres.com\/es\/actualidad\/son-un-desproposito-las-palabras-de-isabel-villa-ex-alcaldesa-del-pp-en-logrosan-tras-su-condena\/","og_site_name":"PSOE provincia de C\u00e1ceres","article_publisher":"https:\/\/www.facebook.com\/psoecaceres","article_published_time":"2020-02-13T04:30:28+00:00","og_image":[{"width":1200,"height":629,"url":"https:\/\/www.psoecaceres.com\/es\/wp-content\/uploads\/2019\/07\/Comunicado.png","type":"image\/png"}],"author":"PSOE","twitter_card":"summary_large_image","twitter_creator":"@PSOEC","twitter_site":"@PSOEC","twitter_misc":{"Escrito por":"PSOE","Tiempo de lectura":"3 minutos"},"schema":{"@context":"https:\/\/schema.org","@graph":[{"@type":"Article","@id":"https:\/\/www.psoecaceres.com\/es\/actualidad\/son-un-desproposito-las-palabras-de-isabel-villa-ex-alcaldesa-del-pp-en-logrosan-tras-su-condena\/#article","isPartOf":{"@id":"https:\/\/www.psoecaceres.com\/es\/actualidad\/son-un-desproposito-las-palabras-de-isabel-villa-ex-alcaldesa-del-pp-en-logrosan-tras-su-condena\/"},"author":{"name":"PSOE","@id":"https:\/\/www.psoecaceres.com\/es\/#\/schema\/person\/f39f54f038cc2ed62af85f6d76c466a9"},"headline":"Son un desprop\u00f3sito las palabras de Isabel Villa, ex alcaldesa (PP) de Logros\u00e1n, tras su condena\u00a0","datePublished":"2020-02-13T04:30:28+00:00","mainEntityOfPage":{"@id":"https:\/\/www.psoecaceres.com\/es\/actualidad\/son-un-desproposito-las-palabras-de-isabel-villa-ex-alcaldesa-del-pp-en-logrosan-tras-su-condena\/"},"wordCount":633,"commentCount":0,"publisher":{"@id":"https:\/\/www.psoecaceres.com\/es\/#organization"},"image":{"@id":"https:\/\/www.psoecaceres.com\/es\/actualidad\/son-un-desproposito-las-palabras-de-isabel-villa-ex-alcaldesa-del-pp-en-logrosan-tras-su-condena\/#primaryimage"},"thumbnailUrl":"https:\/\/www.psoecaceres.com\/es\/wp-content\/uploads\/2019\/07\/Comunicado.png","keywords":["destacada"],"articleSection":["Actualidad","Prensa"],"inLanguage":"es","potentialAction":[{"@type":"CommentAction","name":"Comment","target":["https:\/\/www.psoecaceres.com\/es\/actualidad\/son-un-desproposito-las-palabras-de-isabel-villa-ex-alcaldesa-del-pp-en-logrosan-tras-su-condena\/#respond"]}]},{"@type":"WebPage","@id":"https:\/\/www.psoecaceres.com\/es\/actualidad\/son-un-desproposito-las-palabras-de-isabel-villa-ex-alcaldesa-del-pp-en-logrosan-tras-su-condena\/","url":"https:\/\/www.psoecaceres.com\/es\/actualidad\/son-un-desproposito-las-palabras-de-isabel-villa-ex-alcaldesa-del-pp-en-logrosan-tras-su-condena\/","name":"Son un desprop\u00f3sito las palabras de Isabel Villa, ex alcaldesa (PP) de Logros\u00e1n, tras su condena\u00a0 - PSOE provincia de C\u00e1ceres","isPartOf":{"@id":"https:\/\/www.psoecaceres.com\/es\/#website"},"primaryImageOfPage":{"@id":"https:\/\/www.psoecaceres.com\/es\/actualidad\/son-un-desproposito-las-palabras-de-isabel-villa-ex-alcaldesa-del-pp-en-logrosan-tras-su-condena\/#primaryimage"},"image":{"@id":"https:\/\/www.psoecaceres.com\/es\/actualidad\/son-un-desproposito-las-palabras-de-isabel-villa-ex-alcaldesa-del-pp-en-logrosan-tras-su-condena\/#primaryimage"},"thumbnailUrl":"https:\/\/www.psoecaceres.com\/es\/wp-content\/uploads\/2019\/07\/Comunicado.png","datePublished":"2020-02-13T04:30:28+00:00","breadcrumb":{"@id":"https:\/\/www.psoecaceres.com\/es\/actualidad\/son-un-desproposito-las-palabras-de-isabel-villa-ex-alcaldesa-del-pp-en-logrosan-tras-su-condena\/#breadcrumb"},"inLanguage":"es","potentialAction":[{"@type":"ReadAction","target":["https:\/\/www.psoecaceres.com\/es\/actualidad\/son-un-desproposito-las-palabras-de-isabel-villa-ex-alcaldesa-del-pp-en-logrosan-tras-su-condena\/"]}]},{"@type":"ImageObject","inLanguage":"es","@id":"https:\/\/www.psoecaceres.com\/es\/actualidad\/son-un-desproposito-las-palabras-de-isabel-villa-ex-alcaldesa-del-pp-en-logrosan-tras-su-condena\/#primaryimage","url":"https:\/\/www.psoecaceres.com\/es\/wp-content\/uploads\/2019\/07\/Comunicado.png","contentUrl":"https:\/\/www.psoecaceres.com\/es\/wp-content\/uploads\/2019\/07\/Comunicado.png","width":1200,"height":629},{"@type":"BreadcrumbList","@id":"https:\/\/www.psoecaceres.com\/es\/actualidad\/son-un-desproposito-las-palabras-de-isabel-villa-ex-alcaldesa-del-pp-en-logrosan-tras-su-condena\/#breadcrumb","itemListElement":[{"@type":"ListItem","position":1,"name":"Portada","item":"https:\/\/www.psoecaceres.com\/es\/"},{"@type":"ListItem","position":2,"name":"Son un desprop\u00f3sito las palabras de Isabel Villa, ex alcaldesa (PP) de Logros\u00e1n, tras su condena\u00a0"}]},{"@type":"WebSite","@id":"https:\/\/www.psoecaceres.com\/es\/#website","url":"https:\/\/www.psoecaceres.com\/es\/","name":"PSOE provincia de C\u00e1ceres","description":"Pasi\u00f3n por Nuestros Pueblos","publisher":{"@id":"https:\/\/www.psoecaceres.com\/es\/#organization"},"alternateName":"PSOE Caceres","potentialAction":[{"@type":"SearchAction","target":{"@type":"EntryPoint","urlTemplate":"https:\/\/www.psoecaceres.com\/es\/?s={search_term_string}"},"query-input":{"@type":"PropertyValueSpecification","valueRequired":true,"valueName":"search_term_string"}}],"inLanguage":"es"},{"@type":"Organization","@id":"https:\/\/www.psoecaceres.com\/es\/#organization","name":"Psoe C\u00e1ceres","alternateName":"PSOE Caceres","url":"https:\/\/www.psoecaceres.com\/es\/","logo":{"@type":"ImageObject","inLanguage":"es","@id":"https:\/\/www.psoecaceres.com\/es\/#\/schema\/logo\/image\/","url":"https:\/\/www.psoecaceres.com\/es\/wp-content\/uploads\/2020\/08\/logo-psoe-caceres-web-2020.png","contentUrl":"https:\/\/www.psoecaceres.com\/es\/wp-content\/uploads\/2020\/08\/logo-psoe-caceres-web-2020.png","width":180,"height":105,"caption":"Psoe C\u00e1ceres"},"image":{"@id":"https:\/\/www.psoecaceres.com\/es\/#\/schema\/logo\/image\/"},"sameAs":["https:\/\/www.facebook.com\/psoecaceres","https:\/\/x.com\/PSOEC"]},{"@type":"Person","@id":"https:\/\/www.psoecaceres.com\/es\/#\/schema\/person\/f39f54f038cc2ed62af85f6d76c466a9","name":"PSOE","url":"https:\/\/www.psoecaceres.com\/es\/author\/ivar\/"}]}},"_links":{"self":[{"href":"https:\/\/www.psoecaceres.com\/es\/wp-json\/wp\/v2\/posts\/39505","targetHints":{"allow":["GET"]}}],"collection":[{"href":"https:\/\/www.psoecaceres.com\/es\/wp-json\/wp\/v2\/posts"}],"about":[{"href":"https:\/\/www.psoecaceres.com\/es\/wp-json\/wp\/v2\/types\/post"}],"author":[{"embeddable":true,"href":"https:\/\/www.psoecaceres.com\/es\/wp-json\/wp\/v2\/users\/3"}],"replies":[{"embeddable":true,"href":"https:\/\/www.psoecaceres.com\/es\/wp-json\/wp\/v2\/comments?post=39505"}],"version-history":[{"count":2,"href":"https:\/\/www.psoecaceres.com\/es\/wp-json\/wp\/v2\/posts\/39505\/revisions"}],"predecessor-version":[{"id":39509,"href":"https:\/\/www.psoecaceres.com\/es\/wp-json\/wp\/v2\/posts\/39505\/revisions\/39509"}],"wp:featuredmedia":[{"embeddable":true,"href":"https:\/\/www.psoecaceres.com\/es\/wp-json\/wp\/v2\/media\/36699"}],"wp:attachment":[{"href":"https:\/\/www.psoecaceres.com\/es\/wp-json\/wp\/v2\/media?parent=39505"}],"wp:term":[{"taxonomy":"category","embeddable":true,"href":"https:\/\/www.psoecaceres.com\/es\/wp-json\/wp\/v2\/categories?post=39505"},{"taxonomy":"post_tag","embeddable":true,"href":"https:\/\/www.psoecaceres.com\/es\/wp-json\/wp\/v2\/tags?post=39505"}],"curies":[{"name":"wp","href":"https:\/\/api.w.org\/{rel}","templated":true}]}}