{"id":4193,"date":"2013-07-08T04:52:39","date_gmt":"2013-07-08T02:52:39","guid":{"rendered":"http:\/\/www.psoecaceres.com\/es\/?p=4193"},"modified":"2013-07-08T07:54:07","modified_gmt":"2013-07-08T05:54:07","slug":"contra-la-discriminacion-del-pp-mas-igualdad-y-diversidad","status":"publish","type":"post","link":"https:\/\/www.psoecaceres.com\/es\/actualidad\/contra-la-discriminacion-del-pp-mas-igualdad-y-diversidad\/","title":{"rendered":"Contra la discriminaci\u00f3n del PP, m\u00e1s igualdad y diversidad"},"content":{"rendered":"<p>La Secretaria de Igualdad, Purificaci\u00f3n Causapi\u00e9, y la Secretaria de Participaci\u00f3n, Redes e Innovaci\u00f3n, Mar\u00eda Gonz\u00e1lez Veracruz, han participado esta ma\u00f1ana, en la sede de Ferraz, en la tradicional recepci\u00f3n de bienvenida a los grupos territoriales del Partido Socialista que acuden a la Manifestaci\u00f3n Estatal del Orgullo LGTB 2013 de Madrid.\u00a0<a href=\"https:\/\/www.psoecaceres.com\/es\/wp-content\/uploads\/2012\/12\/igualdad1.gif\"><img loading=\"lazy\" decoding=\"async\" class=\"alignright size-medium wp-image-1608\" title=\"igualdad[1]\" src=\"https:\/\/www.psoecaceres.com\/es\/wp-content\/uploads\/2012\/12\/igualdad1-300x231.gif\" alt=\"\" width=\"300\" height=\"231\" \/><\/a><\/p>\n<p>En esta ocasi\u00f3n, en el acto de bienvenida tambi\u00e9n se ha conmemorado el 15 aniversario de la constituci\u00f3n del Grupo LGTB (Grupo de Lesbianas, Gays, Transexuales y Bisexuales) organizado dentro del PSOE, que fue creado el 28 de junio de 1998.<\/p>\n<p>Durante el acto, la Secretaria de Igualdad, Purificaci\u00f3n Causapi\u00e9, ha subrayado los avances conseguidos en el lucha por la igualdad, como con la Ley de matrimonios igualitarios, pero ha advertido de que \u201ctodav\u00eda nos queda mucho camino por recorrer\u201d, porque \u201choy todav\u00eda las personas LGTB viven situaciones de discriminaci\u00f3n\u201d que \u201cconduce a la exclusi\u00f3n social y al sufrimiento\u201d.<\/p>\n<p>En este sentido, ha denunciado que el Gobierno del PP \u201cataca la educaci\u00f3n en igualdad al aprobar una ley, la LOMCE, sexista y hom\u00f3fona\u201d y \u201ccontraria a los derechos y libertades que reclama la sociedad\u201d y \u201cest\u00e1 acabando con la sanidad p\u00fablica para todos y todas, y con ello est\u00e1 atacando al colectivo LGTB\u201d, ya que, entre otras cosas, deja fuera las pol\u00edticas de prevenci\u00f3n.<\/p>\n<p>\u201cNos queda un camino de combate de la discriminaci\u00f3n, de rechazo a pol\u00edticas discriminatorias como las que est\u00e1 aplicando el Partido Popular, y reclamamos educaci\u00f3n y de sensibilizaci\u00f3n social\u201d, apunt\u00f3.<\/p>\n<p>Por eso,- a\u00f1adi\u00f3- \u201cel PSOE seguir\u00e1 trabajando para llevar a la ley la lucha contra la homofobia, y por supuesto para combatir la discriminaci\u00f3n en todas sus formas\u201d y lo har\u00e1 con iniciativas en el Parlamento \u201cpara llevar la igualdad a las aulas, y defender el derecho de todos los j\u00f3venes y las j\u00f3venes\u201d.<br \/>\nCausapi\u00e9 a\u00f1adi\u00f3 que el modelo territorial, que hoy est\u00e1 debatiendo el PSOE en el Consejo Territorial, \u201csupone avanzar hacia la igualdad de todas y de todos, pero no solo quienes vivimos en diferentes lugares de Espa\u00f1a, sino tambi\u00e9n entre todas las personas en de este pa\u00eds\u201d. As\u00ed, explic\u00f3 que \u201ccuando defendemos una educaci\u00f3n en igualdad, una sanidad en igualdad, servicios sociales para todos, estamos defendiendo los derechos de todas las personas sea cual sea su sexo, su g\u00e9nero, su orientaci\u00f3n sexual, su origen. Esto est\u00e1 en la se\u00f1a de identidad de este partido, que es el partido de la igualdad y la diversidad\u201d, concluy\u00f3.<\/p>\n<p>Mar\u00eda Gonz\u00e1lez<\/p>\n<p>En su intervenci\u00f3n, la Secretaria de Participaci\u00f3n record\u00f3 que a \u201ca pesar del PP y su recurso ante el Tribunal Constitucional\u201d contra el matrimonio igualitario, esta instituci\u00f3n lo ha rechazado y ha sentenciado que \u201cel amor de dos personas, de un hombre y un hombre, de una mujer y una mujer, tambi\u00e9n se llama matrimonio\u00bb.<\/p>\n<p>\u00abEstos \u00faltimos a\u00f1os han sido de grandes avances legales para el colectivo LGTB y tambi\u00e9n en cuanto a la visibilidad\u201d y record\u00f3 que se cumplen 15 a\u00f1os de la creaci\u00f3n del Grupo Federal LGTB del PSOE \u201c15 a\u00f1os para hacer visible lo que se obviaba, para cambiar este partido, para so\u00f1ar con cambiar la sociedad. 15 a\u00f1os de lucha que emprendieron un grupo de valientes por algo tan bonito y noble como la igualdad\u201d.<\/p>\n<p>Mar\u00eda Gonz\u00e1lez se\u00f1al\u00f3 que \u201cson tiempos complicados en los que hay que poner por delante lo que nos une y los valores que defendemos, frente a tanto retroceso en derechos que plantea la derecha\u00bb.<\/p>\n<p>Finalmente, se refiri\u00f3 a la manifestaci\u00f3n de este a\u00f1o que pone el foco en los m\u00e1s j\u00f3venes, con el lema \u00abj\u00f3venes sin armarios\u00bb. Y en este sentido, reivindic\u00f3 \u201cel activismo que se hace desde los colectivos, desde nuestro grupo LGTB, para que muchos j\u00f3venes tengan m\u00e1s f\u00e1cil salir del armario y puedan vivir con libertad y con felicidad\u00bb.<br \/>\nEl PSOE en la manifestaci\u00f3n del Orgullo<\/p>\n<p>Como en anteriores ediciones, el PSOE participa en la Manifestaci\u00f3n Estatal del Orgullo LGTB 2013 de Madrid. Purificaci\u00f3n Causapi\u00e9 y Mar\u00eda Gonz\u00e1lez encabezan la delegaci\u00f3n socialista que participa en esta convocatoria que comienza a las 18,00 horas en la Glorieta de Atocha y transcurrir\u00e1 hasta la Puerta de Alcal\u00e1.<\/p>\n","protected":false},"excerpt":{"rendered":"<p>La Secretaria de Igualdad, Purificaci\u00f3n Causapi\u00e9, y la Secretaria de Participaci\u00f3n, Redes e Innovaci\u00f3n, Mar\u00eda Gonz\u00e1lez Veracruz, han participado esta ma\u00f1ana, en la sede de Ferraz, en la tradicional recepci\u00f3n de bienvenida a los grupos territoriales del Partido Socialista que acuden a la Manifestaci\u00f3n Estatal del Orgullo LGTB 2013 de Madrid.\u00a0 En esta ocasi\u00f3n, en [&hellip;]<\/p>\n","protected":false},"author":3,"featured_media":1608,"comment_status":"open","ping_status":"open","sticky":false,"template":"","format":"standard","meta":{"_et_pb_use_builder":"","_et_pb_old_content":"","_et_gb_content_width":"","footnotes":""},"categories":[21],"tags":[151],"class_list":["post-4193","post","type-post","status-publish","format-standard","has-post-thumbnail","hentry","category-actualidad","tag-destacada"],"yoast_head":"<!-- This site is optimized with the Yoast SEO plugin v26.7 - https:\/\/yoast.com\/wordpress\/plugins\/seo\/ -->\n<title>Contra la discriminaci\u00f3n del PP, m\u00e1s igualdad y diversidad - PSOE provincia de C\u00e1ceres<\/title>\n<meta name=\"robots\" content=\"index, follow, max-snippet:-1, max-image-preview:large, max-video-preview:-1\" \/>\n<link rel=\"canonical\" href=\"https:\/\/www.psoecaceres.com\/es\/actualidad\/contra-la-discriminacion-del-pp-mas-igualdad-y-diversidad\/\" \/>\n<meta property=\"og:locale\" content=\"es_ES\" \/>\n<meta property=\"og:type\" content=\"article\" \/>\n<meta property=\"og:title\" content=\"Contra la discriminaci\u00f3n del PP, m\u00e1s igualdad y diversidad - PSOE provincia de C\u00e1ceres\" \/>\n<meta property=\"og:description\" content=\"La Secretaria de Igualdad, Purificaci\u00f3n Causapi\u00e9, y la Secretaria de Participaci\u00f3n, Redes e Innovaci\u00f3n, Mar\u00eda Gonz\u00e1lez Veracruz, han participado esta ma\u00f1ana, en la sede de Ferraz, en la tradicional recepci\u00f3n de bienvenida a los grupos territoriales del Partido Socialista que acuden a la Manifestaci\u00f3n Estatal del Orgullo LGTB 2013 de Madrid.\u00a0 En esta ocasi\u00f3n, en [&hellip;]\" \/>\n<meta property=\"og:url\" content=\"https:\/\/www.psoecaceres.com\/es\/actualidad\/contra-la-discriminacion-del-pp-mas-igualdad-y-diversidad\/\" \/>\n<meta property=\"og:site_name\" content=\"PSOE provincia de C\u00e1ceres\" \/>\n<meta property=\"article:publisher\" content=\"https:\/\/www.facebook.com\/psoecaceres\" \/>\n<meta property=\"article:published_time\" content=\"2013-07-08T02:52:39+00:00\" \/>\n<meta property=\"article:modified_time\" content=\"2013-07-08T05:54:07+00:00\" \/>\n<meta property=\"og:image\" content=\"https:\/\/www.psoecaceres.com\/es\/wp-content\/uploads\/2012\/12\/igualdad1.gif\" \/>\n\t<meta property=\"og:image:width\" content=\"624\" \/>\n\t<meta property=\"og:image:height\" content=\"482\" \/>\n\t<meta property=\"og:image:type\" content=\"image\/gif\" \/>\n<meta name=\"author\" content=\"PSOE\" \/>\n<meta name=\"twitter:card\" content=\"summary_large_image\" \/>\n<meta name=\"twitter:creator\" content=\"@PSOEC\" \/>\n<meta name=\"twitter:site\" content=\"@PSOEC\" \/>\n<meta name=\"twitter:label1\" content=\"Escrito por\" \/>\n\t<meta name=\"twitter:data1\" content=\"PSOE\" \/>\n\t<meta name=\"twitter:label2\" content=\"Tiempo de lectura\" \/>\n\t<meta name=\"twitter:data2\" content=\"4 minutos\" \/>\n<script type=\"application\/ld+json\" class=\"yoast-schema-graph\">{\"@context\":\"https:\/\/schema.org\",\"@graph\":[{\"@type\":\"Article\",\"@id\":\"https:\/\/www.psoecaceres.com\/es\/actualidad\/contra-la-discriminacion-del-pp-mas-igualdad-y-diversidad\/#article\",\"isPartOf\":{\"@id\":\"https:\/\/www.psoecaceres.com\/es\/actualidad\/contra-la-discriminacion-del-pp-mas-igualdad-y-diversidad\/\"},\"author\":{\"name\":\"PSOE\",\"@id\":\"https:\/\/www.psoecaceres.com\/es\/#\/schema\/person\/f39f54f038cc2ed62af85f6d76c466a9\"},\"headline\":\"Contra la discriminaci\u00f3n del PP, m\u00e1s igualdad y diversidad\",\"datePublished\":\"2013-07-08T02:52:39+00:00\",\"dateModified\":\"2013-07-08T05:54:07+00:00\",\"mainEntityOfPage\":{\"@id\":\"https:\/\/www.psoecaceres.com\/es\/actualidad\/contra-la-discriminacion-del-pp-mas-igualdad-y-diversidad\/\"},\"wordCount\":753,\"commentCount\":0,\"publisher\":{\"@id\":\"https:\/\/www.psoecaceres.com\/es\/#organization\"},\"image\":{\"@id\":\"https:\/\/www.psoecaceres.com\/es\/actualidad\/contra-la-discriminacion-del-pp-mas-igualdad-y-diversidad\/#primaryimage\"},\"thumbnailUrl\":\"https:\/\/www.psoecaceres.com\/es\/wp-content\/uploads\/2012\/12\/igualdad1.gif\",\"keywords\":[\"destacada\"],\"articleSection\":[\"Actualidad\"],\"inLanguage\":\"es\",\"potentialAction\":[{\"@type\":\"CommentAction\",\"name\":\"Comment\",\"target\":[\"https:\/\/www.psoecaceres.com\/es\/actualidad\/contra-la-discriminacion-del-pp-mas-igualdad-y-diversidad\/#respond\"]}]},{\"@type\":\"WebPage\",\"@id\":\"https:\/\/www.psoecaceres.com\/es\/actualidad\/contra-la-discriminacion-del-pp-mas-igualdad-y-diversidad\/\",\"url\":\"https:\/\/www.psoecaceres.com\/es\/actualidad\/contra-la-discriminacion-del-pp-mas-igualdad-y-diversidad\/\",\"name\":\"Contra la discriminaci\u00f3n del PP, m\u00e1s igualdad y diversidad - PSOE provincia de C\u00e1ceres\",\"isPartOf\":{\"@id\":\"https:\/\/www.psoecaceres.com\/es\/#website\"},\"primaryImageOfPage\":{\"@id\":\"https:\/\/www.psoecaceres.com\/es\/actualidad\/contra-la-discriminacion-del-pp-mas-igualdad-y-diversidad\/#primaryimage\"},\"image\":{\"@id\":\"https:\/\/www.psoecaceres.com\/es\/actualidad\/contra-la-discriminacion-del-pp-mas-igualdad-y-diversidad\/#primaryimage\"},\"thumbnailUrl\":\"https:\/\/www.psoecaceres.com\/es\/wp-content\/uploads\/2012\/12\/igualdad1.gif\",\"datePublished\":\"2013-07-08T02:52:39+00:00\",\"dateModified\":\"2013-07-08T05:54:07+00:00\",\"breadcrumb\":{\"@id\":\"https:\/\/www.psoecaceres.com\/es\/actualidad\/contra-la-discriminacion-del-pp-mas-igualdad-y-diversidad\/#breadcrumb\"},\"inLanguage\":\"es\",\"potentialAction\":[{\"@type\":\"ReadAction\",\"target\":[\"https:\/\/www.psoecaceres.com\/es\/actualidad\/contra-la-discriminacion-del-pp-mas-igualdad-y-diversidad\/\"]}]},{\"@type\":\"ImageObject\",\"inLanguage\":\"es\",\"@id\":\"https:\/\/www.psoecaceres.com\/es\/actualidad\/contra-la-discriminacion-del-pp-mas-igualdad-y-diversidad\/#primaryimage\",\"url\":\"https:\/\/www.psoecaceres.com\/es\/wp-content\/uploads\/2012\/12\/igualdad1.gif\",\"contentUrl\":\"https:\/\/www.psoecaceres.com\/es\/wp-content\/uploads\/2012\/12\/igualdad1.gif\",\"width\":\"624\",\"height\":\"482\"},{\"@type\":\"BreadcrumbList\",\"@id\":\"https:\/\/www.psoecaceres.com\/es\/actualidad\/contra-la-discriminacion-del-pp-mas-igualdad-y-diversidad\/#breadcrumb\",\"itemListElement\":[{\"@type\":\"ListItem\",\"position\":1,\"name\":\"Portada\",\"item\":\"https:\/\/www.psoecaceres.com\/es\/\"},{\"@type\":\"ListItem\",\"position\":2,\"name\":\"Contra la discriminaci\u00f3n del PP, m\u00e1s igualdad y diversidad\"}]},{\"@type\":\"WebSite\",\"@id\":\"https:\/\/www.psoecaceres.com\/es\/#website\",\"url\":\"https:\/\/www.psoecaceres.com\/es\/\",\"name\":\"PSOE provincia de C\u00e1ceres\",\"description\":\"Pasi\u00f3n por Nuestros Pueblos\",\"publisher\":{\"@id\":\"https:\/\/www.psoecaceres.com\/es\/#organization\"},\"alternateName\":\"PSOE Caceres\",\"potentialAction\":[{\"@type\":\"SearchAction\",\"target\":{\"@type\":\"EntryPoint\",\"urlTemplate\":\"https:\/\/www.psoecaceres.com\/es\/?s={search_term_string}\"},\"query-input\":{\"@type\":\"PropertyValueSpecification\",\"valueRequired\":true,\"valueName\":\"search_term_string\"}}],\"inLanguage\":\"es\"},{\"@type\":\"Organization\",\"@id\":\"https:\/\/www.psoecaceres.com\/es\/#organization\",\"name\":\"Psoe C\u00e1ceres\",\"alternateName\":\"PSOE Caceres\",\"url\":\"https:\/\/www.psoecaceres.com\/es\/\",\"logo\":{\"@type\":\"ImageObject\",\"inLanguage\":\"es\",\"@id\":\"https:\/\/www.psoecaceres.com\/es\/#\/schema\/logo\/image\/\",\"url\":\"https:\/\/www.psoecaceres.com\/es\/wp-content\/uploads\/2020\/08\/logo-psoe-caceres-web-2020.png\",\"contentUrl\":\"https:\/\/www.psoecaceres.com\/es\/wp-content\/uploads\/2020\/08\/logo-psoe-caceres-web-2020.png\",\"width\":180,\"height\":105,\"caption\":\"Psoe C\u00e1ceres\"},\"image\":{\"@id\":\"https:\/\/www.psoecaceres.com\/es\/#\/schema\/logo\/image\/\"},\"sameAs\":[\"https:\/\/www.facebook.com\/psoecaceres\",\"https:\/\/x.com\/PSOEC\"]},{\"@type\":\"Person\",\"@id\":\"https:\/\/www.psoecaceres.com\/es\/#\/schema\/person\/f39f54f038cc2ed62af85f6d76c466a9\",\"name\":\"PSOE\",\"url\":\"https:\/\/www.psoecaceres.com\/es\/author\/ivar\/\"}]}<\/script>\n<!-- \/ Yoast SEO plugin. -->","yoast_head_json":{"title":"Contra la discriminaci\u00f3n del PP, m\u00e1s igualdad y diversidad - PSOE provincia de C\u00e1ceres","robots":{"index":"index","follow":"follow","max-snippet":"max-snippet:-1","max-image-preview":"max-image-preview:large","max-video-preview":"max-video-preview:-1"},"canonical":"https:\/\/www.psoecaceres.com\/es\/actualidad\/contra-la-discriminacion-del-pp-mas-igualdad-y-diversidad\/","og_locale":"es_ES","og_type":"article","og_title":"Contra la discriminaci\u00f3n del PP, m\u00e1s igualdad y diversidad - PSOE provincia de C\u00e1ceres","og_description":"La Secretaria de Igualdad, Purificaci\u00f3n Causapi\u00e9, y la Secretaria de Participaci\u00f3n, Redes e Innovaci\u00f3n, Mar\u00eda Gonz\u00e1lez Veracruz, han participado esta ma\u00f1ana, en la sede de Ferraz, en la tradicional recepci\u00f3n de bienvenida a los grupos territoriales del Partido Socialista que acuden a la Manifestaci\u00f3n Estatal del Orgullo LGTB 2013 de Madrid.\u00a0 En esta ocasi\u00f3n, en [&hellip;]","og_url":"https:\/\/www.psoecaceres.com\/es\/actualidad\/contra-la-discriminacion-del-pp-mas-igualdad-y-diversidad\/","og_site_name":"PSOE provincia de C\u00e1ceres","article_publisher":"https:\/\/www.facebook.com\/psoecaceres","article_published_time":"2013-07-08T02:52:39+00:00","article_modified_time":"2013-07-08T05:54:07+00:00","og_image":[{"width":624,"height":482,"url":"https:\/\/www.psoecaceres.com\/es\/wp-content\/uploads\/2012\/12\/igualdad1.gif","type":"image\/gif"}],"author":"PSOE","twitter_card":"summary_large_image","twitter_creator":"@PSOEC","twitter_site":"@PSOEC","twitter_misc":{"Escrito por":"PSOE","Tiempo de lectura":"4 minutos"},"schema":{"@context":"https:\/\/schema.org","@graph":[{"@type":"Article","@id":"https:\/\/www.psoecaceres.com\/es\/actualidad\/contra-la-discriminacion-del-pp-mas-igualdad-y-diversidad\/#article","isPartOf":{"@id":"https:\/\/www.psoecaceres.com\/es\/actualidad\/contra-la-discriminacion-del-pp-mas-igualdad-y-diversidad\/"},"author":{"name":"PSOE","@id":"https:\/\/www.psoecaceres.com\/es\/#\/schema\/person\/f39f54f038cc2ed62af85f6d76c466a9"},"headline":"Contra la discriminaci\u00f3n del PP, m\u00e1s igualdad y diversidad","datePublished":"2013-07-08T02:52:39+00:00","dateModified":"2013-07-08T05:54:07+00:00","mainEntityOfPage":{"@id":"https:\/\/www.psoecaceres.com\/es\/actualidad\/contra-la-discriminacion-del-pp-mas-igualdad-y-diversidad\/"},"wordCount":753,"commentCount":0,"publisher":{"@id":"https:\/\/www.psoecaceres.com\/es\/#organization"},"image":{"@id":"https:\/\/www.psoecaceres.com\/es\/actualidad\/contra-la-discriminacion-del-pp-mas-igualdad-y-diversidad\/#primaryimage"},"thumbnailUrl":"https:\/\/www.psoecaceres.com\/es\/wp-content\/uploads\/2012\/12\/igualdad1.gif","keywords":["destacada"],"articleSection":["Actualidad"],"inLanguage":"es","potentialAction":[{"@type":"CommentAction","name":"Comment","target":["https:\/\/www.psoecaceres.com\/es\/actualidad\/contra-la-discriminacion-del-pp-mas-igualdad-y-diversidad\/#respond"]}]},{"@type":"WebPage","@id":"https:\/\/www.psoecaceres.com\/es\/actualidad\/contra-la-discriminacion-del-pp-mas-igualdad-y-diversidad\/","url":"https:\/\/www.psoecaceres.com\/es\/actualidad\/contra-la-discriminacion-del-pp-mas-igualdad-y-diversidad\/","name":"Contra la discriminaci\u00f3n del PP, m\u00e1s igualdad y diversidad - PSOE provincia de C\u00e1ceres","isPartOf":{"@id":"https:\/\/www.psoecaceres.com\/es\/#website"},"primaryImageOfPage":{"@id":"https:\/\/www.psoecaceres.com\/es\/actualidad\/contra-la-discriminacion-del-pp-mas-igualdad-y-diversidad\/#primaryimage"},"image":{"@id":"https:\/\/www.psoecaceres.com\/es\/actualidad\/contra-la-discriminacion-del-pp-mas-igualdad-y-diversidad\/#primaryimage"},"thumbnailUrl":"https:\/\/www.psoecaceres.com\/es\/wp-content\/uploads\/2012\/12\/igualdad1.gif","datePublished":"2013-07-08T02:52:39+00:00","dateModified":"2013-07-08T05:54:07+00:00","breadcrumb":{"@id":"https:\/\/www.psoecaceres.com\/es\/actualidad\/contra-la-discriminacion-del-pp-mas-igualdad-y-diversidad\/#breadcrumb"},"inLanguage":"es","potentialAction":[{"@type":"ReadAction","target":["https:\/\/www.psoecaceres.com\/es\/actualidad\/contra-la-discriminacion-del-pp-mas-igualdad-y-diversidad\/"]}]},{"@type":"ImageObject","inLanguage":"es","@id":"https:\/\/www.psoecaceres.com\/es\/actualidad\/contra-la-discriminacion-del-pp-mas-igualdad-y-diversidad\/#primaryimage","url":"https:\/\/www.psoecaceres.com\/es\/wp-content\/uploads\/2012\/12\/igualdad1.gif","contentUrl":"https:\/\/www.psoecaceres.com\/es\/wp-content\/uploads\/2012\/12\/igualdad1.gif","width":"624","height":"482"},{"@type":"BreadcrumbList","@id":"https:\/\/www.psoecaceres.com\/es\/actualidad\/contra-la-discriminacion-del-pp-mas-igualdad-y-diversidad\/#breadcrumb","itemListElement":[{"@type":"ListItem","position":1,"name":"Portada","item":"https:\/\/www.psoecaceres.com\/es\/"},{"@type":"ListItem","position":2,"name":"Contra la discriminaci\u00f3n del PP, m\u00e1s igualdad y diversidad"}]},{"@type":"WebSite","@id":"https:\/\/www.psoecaceres.com\/es\/#website","url":"https:\/\/www.psoecaceres.com\/es\/","name":"PSOE provincia de C\u00e1ceres","description":"Pasi\u00f3n por Nuestros Pueblos","publisher":{"@id":"https:\/\/www.psoecaceres.com\/es\/#organization"},"alternateName":"PSOE Caceres","potentialAction":[{"@type":"SearchAction","target":{"@type":"EntryPoint","urlTemplate":"https:\/\/www.psoecaceres.com\/es\/?s={search_term_string}"},"query-input":{"@type":"PropertyValueSpecification","valueRequired":true,"valueName":"search_term_string"}}],"inLanguage":"es"},{"@type":"Organization","@id":"https:\/\/www.psoecaceres.com\/es\/#organization","name":"Psoe C\u00e1ceres","alternateName":"PSOE Caceres","url":"https:\/\/www.psoecaceres.com\/es\/","logo":{"@type":"ImageObject","inLanguage":"es","@id":"https:\/\/www.psoecaceres.com\/es\/#\/schema\/logo\/image\/","url":"https:\/\/www.psoecaceres.com\/es\/wp-content\/uploads\/2020\/08\/logo-psoe-caceres-web-2020.png","contentUrl":"https:\/\/www.psoecaceres.com\/es\/wp-content\/uploads\/2020\/08\/logo-psoe-caceres-web-2020.png","width":180,"height":105,"caption":"Psoe C\u00e1ceres"},"image":{"@id":"https:\/\/www.psoecaceres.com\/es\/#\/schema\/logo\/image\/"},"sameAs":["https:\/\/www.facebook.com\/psoecaceres","https:\/\/x.com\/PSOEC"]},{"@type":"Person","@id":"https:\/\/www.psoecaceres.com\/es\/#\/schema\/person\/f39f54f038cc2ed62af85f6d76c466a9","name":"PSOE","url":"https:\/\/www.psoecaceres.com\/es\/author\/ivar\/"}]}},"_links":{"self":[{"href":"https:\/\/www.psoecaceres.com\/es\/wp-json\/wp\/v2\/posts\/4193","targetHints":{"allow":["GET"]}}],"collection":[{"href":"https:\/\/www.psoecaceres.com\/es\/wp-json\/wp\/v2\/posts"}],"about":[{"href":"https:\/\/www.psoecaceres.com\/es\/wp-json\/wp\/v2\/types\/post"}],"author":[{"embeddable":true,"href":"https:\/\/www.psoecaceres.com\/es\/wp-json\/wp\/v2\/users\/3"}],"replies":[{"embeddable":true,"href":"https:\/\/www.psoecaceres.com\/es\/wp-json\/wp\/v2\/comments?post=4193"}],"version-history":[{"count":0,"href":"https:\/\/www.psoecaceres.com\/es\/wp-json\/wp\/v2\/posts\/4193\/revisions"}],"wp:featuredmedia":[{"embeddable":true,"href":"https:\/\/www.psoecaceres.com\/es\/wp-json\/wp\/v2\/media\/1608"}],"wp:attachment":[{"href":"https:\/\/www.psoecaceres.com\/es\/wp-json\/wp\/v2\/media?parent=4193"}],"wp:term":[{"taxonomy":"category","embeddable":true,"href":"https:\/\/www.psoecaceres.com\/es\/wp-json\/wp\/v2\/categories?post=4193"},{"taxonomy":"post_tag","embeddable":true,"href":"https:\/\/www.psoecaceres.com\/es\/wp-json\/wp\/v2\/tags?post=4193"}],"curies":[{"name":"wp","href":"https:\/\/api.w.org\/{rel}","templated":true}]}}