{"id":57014,"date":"2021-09-10T05:57:13","date_gmt":"2021-09-10T03:57:13","guid":{"rendered":"https:\/\/www.psoecaceres.com\/es\/?p=57014"},"modified":"2021-09-09T09:01:23","modified_gmt":"2021-09-09T07:01:23","slug":"guillermo-fernandez-vara","status":"publish","type":"post","link":"https:\/\/www.psoecaceres.com\/es\/actualidad\/guillermo-fernandez-vara\/","title":{"rendered":"Guillermo Fern\u00e1ndez Vara: \u00abAdelante Extremadura\u00bb &#x1f49a;&#x1f90d;&#x1f5a4;"},"content":{"rendered":"<p><strong>Art\u00edculo del Presidente de la Junta de Extremadura publicado por el Diario Hoy este martes 8 de septiembre.<\/strong><\/p>\n<p class=\"voc-paragraph\">Estamos en el segundo a\u00f1o de la pandemia de la covid-19. Desde aqu\u00ed, una vez, m\u00e1s mi emocionado recuerdo hacia los que se fueron y dejaron en nuestras casas y en nuestras vidas un hueco imposible de llenar. Hemos alcanzado unas cotas alt\u00edsimas de vacunaci\u00f3n impensables hace un a\u00f1o y ha sido gracias al esfuerzo de los profesionales sanitarios. Encaramos con esperanza un nuevo curso educativo y social en el que a buen seguro todos estar\u00e1n a la altura, como lo han estado siempre.<\/p>\n<div class=\"voc-advertising\">\n<div class=\"voc-bggray voc-mt8 voc-mb24\">\n<div id=\"robapaginas_local\" class=\"voc-advertising--roba voc-w300 voc-mt4 voc-mb4 voc-msauto\">\n<div data-voc-vam=\"\" data-voc-vam-position=\"robapaginas_local\" data-voc-vam-outofpage=\"false\">Hace unos d\u00edas ardieron las instalaciones que la Central Hortofrut\u00edcola &#8216;El Escobar&#8217; tiene, y tendr\u00e1, en las proximidades de M\u00e9rida. Hay dos im\u00e1genes que no olvidar\u00e9 nunca. Una: la de los trabajadores evacuados viendo la f\u00e1brica arder desde unos de los puentes que cruzan la autov\u00eda y la otra: la de Natalio, el gerente, al que el mundo se le hab\u00eda venido de golpe encima. Le dije que lo m\u00e1s importante no hab\u00eda ardido. Que todo lo dem\u00e1s se repone y se repondr\u00e1. Hab\u00eda sobrevivido lo m\u00e1s importante: la empresa y sus trabajadores.<\/div>\n<\/div>\n<\/div>\n<\/div>\n<p class=\"voc-paragraph\">Sobre esto me gustar\u00eda reflexionar en este D\u00eda de Extremadura.<\/p>\n<p class=\"voc-paragraph\">Durante muchos a\u00f1os en esta querida tierra nuestra hubo que construir casi todo. Lo m\u00e1s visible, las infraestructuras. Est\u00e1n pendientes a\u00fan algunas de ellas, como el tren. Una vez que el trazado a su paso por Extremadura est\u00e1 muy avanzado, esperamos que sea una realidad muy pronto y se salde para siempre la deuda que Espa\u00f1a tiene con nosotros.<\/p>\n<p class=\"voc-paragraph\">Pero hay otras m\u00e1s intangibles que son la verdadera clave del presente y la llave de nuestro futuro.<\/p>\n<p class=\"voc-paragraph\">Por un lado, el tejido empresarial en manos de una generaci\u00f3n muy bien preparada Y, por otro, los trabajadores y trabajadoras que a trav\u00e9s de la formaci\u00f3n profesional, hoy con el doble de alumnos que hace 20 a\u00f1os, y de la Universidad de Extremadura constituyen sin g\u00e9nero de dudas la gran esperanza de Extremadura.<\/p>\n<p class=\"voc-paragraph\">Esos son hoy nuestros principales retos: m\u00e1s y mejores empresas que hagan crecer a su alrededor el emprendimiento y adem\u00e1s hagan viables los peque\u00f1os negocios y el inmenso trabajo de los aut\u00f3nomos. Y m\u00e1s y mejor formaci\u00f3n, con un especial \u00e9nfasis en la Formaci\u00f3n Profesional y en la respuesta que nuestra Universidad debe dar a la sociedad a la que debe servir. Entre otras razones, porque el mercado laboral extreme\u00f1o ya no es capaz de dar respuesta a las necesidades de trabajadores en algunos sectores.<\/p>\n<p class=\"voc-paragraph\">Estamos ante la mejor oportunidad de nuestra historia reciente. Hace dos semanas el Observatorio Regional de una de las grandes instituciones financieras avanzaba que Extremadura ser\u00e1 la regi\u00f3n en la que m\u00e1s crezca el PIB en el trienio 2019-2022. Si asumimos que eso no se lo puede ni se lo debe apuntar nadie que no sean las empresas y sus trabajadores, probablemente entenderemos por qu\u00e9 no debemos perder tiempo en debates est\u00e9riles.<\/p>\n<p class=\"voc-paragraph\">La mejor manera de luchar contra la despoblaci\u00f3n y de actuar en el inmenso reto demogr\u00e1fico que tenemos por delante son empleos dignos y viviendas dignas para los ciudadanos. No nos enga\u00f1emos, todo lo dem\u00e1s ser\u00e1n esfuerzos in\u00fatiles. Para que una persona se plante\u00e9 llevar a cabo un proyecto de vida y de familia precisa de un empleo digno y de un hogar.<\/p>\n<p class=\"voc-paragraph\">Se trata pues de lograr m\u00e1s y nuevos empleos y que estos sean de la mayor calidad posible, adem\u00e1s de posibilitar desarrollos de suelo que permitan viviendas asequibles para que nadie tenga que destinar m\u00e1s de un treinta por ciento de sus ingresos a pagarla.<\/p>\n<p class=\"voc-paragraph\">Extremadura lleg\u00f3 150 a\u00f1os tarde a la revoluci\u00f3n industrial. \u00bfNo les parece ilusionante que a esta nueva revoluci\u00f3n verde, digital, sostenible y justa podamos llegar de los primeros?<\/p>\n<p class=\"voc-paragraph\">Los tres primeros proyectos industriales que se han puesto encima de la mesa en este a\u00f1o: las f\u00e1bricas de c\u00e1todos y celdas de bater\u00edas, la de semiconductores a partir de diamantes sint\u00e9ticos o la de guantes de nitrilo se est\u00e1 planteando aqu\u00ed con nosotros, por nosotros y entre nosotros.<\/p>\n<p class=\"voc-paragraph\">Y otros muchos. No s\u00e9 si saldr\u00e1n todos, pero estamos aprendiendo una cosa fundamental. Que ya no somos menos que nadie. Que nos podemos sentar a las mesas donde se toman las grandes decisiones de inversi\u00f3n y ofrecer lo que tenemos con orgullo, sabiendo que podemos competir y ganar. Porque tenemos suelo, sol, agua, leyes de simplificaci\u00f3n administrativa que nos sit\u00faan a la vanguardia en nuestro pa\u00eds, dialogo social, estabilidad pol\u00edtica, seguridad ciudadana, mejor conectividad y comunicaciones, especialmente para mercanc\u00edas a partir del a\u00f1o que viene.<\/p>\n<p class=\"voc-paragraph\">La pol\u00edtica social es la base de la convivencia. Que todo el mundo pueda tener cubiertas sus necesidades b\u00e1sicas y un futuro, aunque su familia no lo pueda comprar. Para eso hacen falta recursos presupuestarios. Para eso hacen falta ingresos y para que haya ingresos es necesario que a las empresas y a los trabajadores les vaya bien. Ese c\u00edrculo virtuoso que constituye la justicia social y la prosperidad compartida.<\/p>\n<p class=\"voc-paragraph\">Las sociedades m\u00e1s justas no son aquellas en las que solamente se tienen m\u00e1s derechos, sino las que son capaces de conciliar los derechos con las obligaciones que hagan que los primeros sean perdurables.<\/p>\n<p class=\"voc-paragraph\">Espa\u00f1a no puede ser solo una bandera y una ventanilla donde se va a pedir. Espa\u00f1a se construye desde todas partes, tambi\u00e9n desde Extremadura. Si cada uno miramos solamente a nuestro ombligo perderemos todas las perspectivas. Y un pa\u00eds necesita ser visto con todos sus matices y sus perspectivas.<\/p>\n<p class=\"voc-paragraph\">Desde aqu\u00ed, desde nuestra regi\u00f3n seguiremos proyectando todo lo que significa Europa y todo lo que representa Am\u00e9rica Latina. Nuestra querida Guadalupe es la ciudad m\u00e1s europea de Am\u00e9rica Latina y la ciudad m\u00e1s americana de Europa y por ello la Fundaci\u00f3n Academia Europea de Yuste y el Centro Extreme\u00f1o de Cooperaci\u00f3n con Iberoam\u00e9rica se dieron la mano, porque unos y otros nos necesitamos para crear espacios de di\u00e1logo compartido.<\/p>\n<p class=\"voc-paragraph\">Extremadura es una regi\u00f3n comprometida y solidaria que muestra siempre su compromiso con el Derecho Internacional de asilo y con la necesidad de colaborar con el Estado es situaciones humanitarias complejas.<\/p>\n<p class=\"voc-paragraph\">Por ello, fuimos de los primeros en contactar con el gobierno de Espa\u00f1a para ofrecer todos los recursos de acogida que fueran necesarios y que la regi\u00f3n tuviera en disposici\u00f3n para garantizar una correcta acogida de posibles personas refugiadas afganas que hoy est\u00e1n ya entre nosotros.<\/p>\n<p class=\"voc-paragraph\">No quiero dejar pasar esta oportunidad sin hacer una reflexi\u00f3n sobre los Fondos Europeos extraordinarios que van a llegar, sobre la nueva reforma de la PAC y sobre el precio de la energ\u00eda.<\/p>\n<p class=\"voc-paragraph\">Sobre los primeros, son muy importantes, pero no nos enga\u00f1emos, lo realmente importante es lo que sean capaces de movilizar. Y no lo digo solamente en inversi\u00f3n privada, que tambi\u00e9n. Fundamentalmente en catarsis colectiva. Me refiero a la emocional. Soltemos los lastres que nos atan a nuestro pasado. El lamento debe dejar paso al convencimiento de que nunca nos vimos ante una oportunidad igual.<\/p>\n<p class=\"voc-paragraph\">La nueva propuesta de la Pol\u00edtica Agraria Com\u00fan consensuada en la Conferencia Sectorial de Agricultura y Desarrollo Rural es buen un acuerdo para Extremadura, un acuerdo que ha sido posible gracias a un objetivo com\u00fan de lograr una PAC justa para el campo pero sobre todo que fuera una PAC adaptada a la sociedad del siglo XXI.<\/p>\n<p class=\"voc-paragraph\">Esta nueva reforma de la PAC permitir\u00e1 que entre un 75 y un 80 por ciento de los perceptores extreme\u00f1os puedan cobrar m\u00e1s a partir de la solicitud \u00fanica de 2023, lo que supone un dato m\u00e1s ventajoso que el de la reforma anterior.<\/p>\n<p class=\"voc-paragraph\">Respecto al precio de la energ\u00eda, Europa y Espa\u00f1a deben arbitrar medidas frente al castigo que est\u00e1n sufriendo ciudadanos y negocios, pero ser\u00e1n coyunturales. Las definitivas son dotarnos de fuentes de energ\u00eda m\u00e1s baratas que sustituyan con el tiempo a las m\u00e1s caras, que sean sostenibles y gestionables, que los ciudadanos paguemos en nuestro recibo la energ\u00eda que consumimos pero no m\u00e1s cosas, y que con el autoconsumo se nos sit\u00fae en el centro del sistema. Y eso se llama Plan Integrado de Energ\u00eda y Clima.<\/p>\n","protected":false},"excerpt":{"rendered":"<p>Art\u00edculo del Presidente de la Junta de Extremadura publicado por el Diario Hoy este martes 8 de septiembre. Estamos en el segundo a\u00f1o de la pandemia de la covid-19. Desde aqu\u00ed, una vez, m\u00e1s mi emocionado recuerdo hacia los que se fueron y dejaron en nuestras casas y en nuestras vidas un hueco imposible de [&hellip;]<\/p>\n","protected":false},"author":3,"featured_media":57015,"comment_status":"open","ping_status":"open","sticky":false,"template":"","format":"standard","meta":{"_et_pb_use_builder":"","_et_pb_old_content":"","_et_gb_content_width":"","footnotes":""},"categories":[21,189],"tags":[151],"class_list":["post-57014","post","type-post","status-publish","format-standard","has-post-thumbnail","hentry","category-actualidad","category-opinion","tag-destacada"],"yoast_head":"<!-- This site is optimized with the Yoast SEO plugin v26.7 - https:\/\/yoast.com\/wordpress\/plugins\/seo\/ -->\n<title>Guillermo Fern\u00e1ndez Vara: &quot;Adelante Extremadura&quot; &#x1f49a;&#x1f90d;&#x1f5a4; - PSOE provincia de C\u00e1ceres<\/title>\n<meta name=\"robots\" content=\"index, follow, max-snippet:-1, max-image-preview:large, max-video-preview:-1\" \/>\n<link rel=\"canonical\" href=\"https:\/\/www.psoecaceres.com\/es\/actualidad\/guillermo-fernandez-vara\/\" \/>\n<meta property=\"og:locale\" content=\"es_ES\" \/>\n<meta property=\"og:type\" content=\"article\" \/>\n<meta property=\"og:title\" content=\"Guillermo Fern\u00e1ndez Vara: &quot;Adelante Extremadura&quot; &#x1f49a;&#x1f90d;&#x1f5a4; - PSOE provincia de C\u00e1ceres\" \/>\n<meta property=\"og:description\" content=\"Art\u00edculo del Presidente de la Junta de Extremadura publicado por el Diario Hoy este martes 8 de septiembre. Estamos en el segundo a\u00f1o de la pandemia de la covid-19. Desde aqu\u00ed, una vez, m\u00e1s mi emocionado recuerdo hacia los que se fueron y dejaron en nuestras casas y en nuestras vidas un hueco imposible de [&hellip;]\" \/>\n<meta property=\"og:url\" content=\"https:\/\/www.psoecaceres.com\/es\/actualidad\/guillermo-fernandez-vara\/\" \/>\n<meta property=\"og:site_name\" content=\"PSOE provincia de C\u00e1ceres\" \/>\n<meta property=\"article:publisher\" content=\"https:\/\/www.facebook.com\/psoecaceres\" \/>\n<meta property=\"article:published_time\" content=\"2021-09-10T03:57:13+00:00\" \/>\n<meta property=\"og:image\" content=\"https:\/\/www.psoecaceres.com\/es\/wp-content\/uploads\/2021\/09\/Vara-1.jpg\" \/>\n\t<meta property=\"og:image:width\" content=\"1040\" \/>\n\t<meta property=\"og:image:height\" content=\"585\" \/>\n\t<meta property=\"og:image:type\" content=\"image\/jpeg\" \/>\n<meta name=\"author\" content=\"PSOE\" \/>\n<meta name=\"twitter:card\" content=\"summary_large_image\" \/>\n<meta name=\"twitter:creator\" content=\"@PSOEC\" \/>\n<meta name=\"twitter:site\" content=\"@PSOEC\" \/>\n<meta name=\"twitter:label1\" content=\"Escrito por\" \/>\n\t<meta name=\"twitter:data1\" content=\"PSOE\" \/>\n\t<meta name=\"twitter:label2\" content=\"Tiempo de lectura\" \/>\n\t<meta name=\"twitter:data2\" content=\"6 minutos\" \/>\n<script type=\"application\/ld+json\" class=\"yoast-schema-graph\">{\"@context\":\"https:\/\/schema.org\",\"@graph\":[{\"@type\":\"Article\",\"@id\":\"https:\/\/www.psoecaceres.com\/es\/actualidad\/guillermo-fernandez-vara\/#article\",\"isPartOf\":{\"@id\":\"https:\/\/www.psoecaceres.com\/es\/actualidad\/guillermo-fernandez-vara\/\"},\"author\":{\"name\":\"PSOE\",\"@id\":\"https:\/\/www.psoecaceres.com\/es\/#\/schema\/person\/f39f54f038cc2ed62af85f6d76c466a9\"},\"headline\":\"Guillermo Fern\u00e1ndez Vara: \u00abAdelante Extremadura\u00bb &#x1f49a;&#x1f90d;&#x1f5a4;\",\"datePublished\":\"2021-09-10T03:57:13+00:00\",\"mainEntityOfPage\":{\"@id\":\"https:\/\/www.psoecaceres.com\/es\/actualidad\/guillermo-fernandez-vara\/\"},\"wordCount\":1471,\"commentCount\":0,\"publisher\":{\"@id\":\"https:\/\/www.psoecaceres.com\/es\/#organization\"},\"image\":{\"@id\":\"https:\/\/www.psoecaceres.com\/es\/actualidad\/guillermo-fernandez-vara\/#primaryimage\"},\"thumbnailUrl\":\"https:\/\/www.psoecaceres.com\/es\/wp-content\/uploads\/2021\/09\/Vara-1.jpg\",\"keywords\":[\"destacada\"],\"articleSection\":[\"Actualidad\",\"Opini\u00f3n\"],\"inLanguage\":\"es\",\"potentialAction\":[{\"@type\":\"CommentAction\",\"name\":\"Comment\",\"target\":[\"https:\/\/www.psoecaceres.com\/es\/actualidad\/guillermo-fernandez-vara\/#respond\"]}]},{\"@type\":\"WebPage\",\"@id\":\"https:\/\/www.psoecaceres.com\/es\/actualidad\/guillermo-fernandez-vara\/\",\"url\":\"https:\/\/www.psoecaceres.com\/es\/actualidad\/guillermo-fernandez-vara\/\",\"name\":\"Guillermo Fern\u00e1ndez Vara: \\\"Adelante Extremadura\\\" &#x1f49a;&#x1f90d;&#x1f5a4; - PSOE provincia de C\u00e1ceres\",\"isPartOf\":{\"@id\":\"https:\/\/www.psoecaceres.com\/es\/#website\"},\"primaryImageOfPage\":{\"@id\":\"https:\/\/www.psoecaceres.com\/es\/actualidad\/guillermo-fernandez-vara\/#primaryimage\"},\"image\":{\"@id\":\"https:\/\/www.psoecaceres.com\/es\/actualidad\/guillermo-fernandez-vara\/#primaryimage\"},\"thumbnailUrl\":\"https:\/\/www.psoecaceres.com\/es\/wp-content\/uploads\/2021\/09\/Vara-1.jpg\",\"datePublished\":\"2021-09-10T03:57:13+00:00\",\"breadcrumb\":{\"@id\":\"https:\/\/www.psoecaceres.com\/es\/actualidad\/guillermo-fernandez-vara\/#breadcrumb\"},\"inLanguage\":\"es\",\"potentialAction\":[{\"@type\":\"ReadAction\",\"target\":[\"https:\/\/www.psoecaceres.com\/es\/actualidad\/guillermo-fernandez-vara\/\"]}]},{\"@type\":\"ImageObject\",\"inLanguage\":\"es\",\"@id\":\"https:\/\/www.psoecaceres.com\/es\/actualidad\/guillermo-fernandez-vara\/#primaryimage\",\"url\":\"https:\/\/www.psoecaceres.com\/es\/wp-content\/uploads\/2021\/09\/Vara-1.jpg\",\"contentUrl\":\"https:\/\/www.psoecaceres.com\/es\/wp-content\/uploads\/2021\/09\/Vara-1.jpg\",\"width\":1040,\"height\":585},{\"@type\":\"BreadcrumbList\",\"@id\":\"https:\/\/www.psoecaceres.com\/es\/actualidad\/guillermo-fernandez-vara\/#breadcrumb\",\"itemListElement\":[{\"@type\":\"ListItem\",\"position\":1,\"name\":\"Portada\",\"item\":\"https:\/\/www.psoecaceres.com\/es\/\"},{\"@type\":\"ListItem\",\"position\":2,\"name\":\"Guillermo Fern\u00e1ndez Vara: \u00abAdelante Extremadura\u00bb &#x1f49a;&#x1f90d;&#x1f5a4;\"}]},{\"@type\":\"WebSite\",\"@id\":\"https:\/\/www.psoecaceres.com\/es\/#website\",\"url\":\"https:\/\/www.psoecaceres.com\/es\/\",\"name\":\"PSOE provincia de C\u00e1ceres\",\"description\":\"Pasi\u00f3n por Nuestros Pueblos\",\"publisher\":{\"@id\":\"https:\/\/www.psoecaceres.com\/es\/#organization\"},\"alternateName\":\"PSOE Caceres\",\"potentialAction\":[{\"@type\":\"SearchAction\",\"target\":{\"@type\":\"EntryPoint\",\"urlTemplate\":\"https:\/\/www.psoecaceres.com\/es\/?s={search_term_string}\"},\"query-input\":{\"@type\":\"PropertyValueSpecification\",\"valueRequired\":true,\"valueName\":\"search_term_string\"}}],\"inLanguage\":\"es\"},{\"@type\":\"Organization\",\"@id\":\"https:\/\/www.psoecaceres.com\/es\/#organization\",\"name\":\"Psoe C\u00e1ceres\",\"alternateName\":\"PSOE Caceres\",\"url\":\"https:\/\/www.psoecaceres.com\/es\/\",\"logo\":{\"@type\":\"ImageObject\",\"inLanguage\":\"es\",\"@id\":\"https:\/\/www.psoecaceres.com\/es\/#\/schema\/logo\/image\/\",\"url\":\"https:\/\/www.psoecaceres.com\/es\/wp-content\/uploads\/2020\/08\/logo-psoe-caceres-web-2020.png\",\"contentUrl\":\"https:\/\/www.psoecaceres.com\/es\/wp-content\/uploads\/2020\/08\/logo-psoe-caceres-web-2020.png\",\"width\":180,\"height\":105,\"caption\":\"Psoe C\u00e1ceres\"},\"image\":{\"@id\":\"https:\/\/www.psoecaceres.com\/es\/#\/schema\/logo\/image\/\"},\"sameAs\":[\"https:\/\/www.facebook.com\/psoecaceres\",\"https:\/\/x.com\/PSOEC\"]},{\"@type\":\"Person\",\"@id\":\"https:\/\/www.psoecaceres.com\/es\/#\/schema\/person\/f39f54f038cc2ed62af85f6d76c466a9\",\"name\":\"PSOE\",\"url\":\"https:\/\/www.psoecaceres.com\/es\/author\/ivar\/\"}]}<\/script>\n<!-- \/ Yoast SEO plugin. -->","yoast_head_json":{"title":"Guillermo Fern\u00e1ndez Vara: \"Adelante Extremadura\" &#x1f49a;&#x1f90d;&#x1f5a4; - PSOE provincia de C\u00e1ceres","robots":{"index":"index","follow":"follow","max-snippet":"max-snippet:-1","max-image-preview":"max-image-preview:large","max-video-preview":"max-video-preview:-1"},"canonical":"https:\/\/www.psoecaceres.com\/es\/actualidad\/guillermo-fernandez-vara\/","og_locale":"es_ES","og_type":"article","og_title":"Guillermo Fern\u00e1ndez Vara: \"Adelante Extremadura\" &#x1f49a;&#x1f90d;&#x1f5a4; - PSOE provincia de C\u00e1ceres","og_description":"Art\u00edculo del Presidente de la Junta de Extremadura publicado por el Diario Hoy este martes 8 de septiembre. Estamos en el segundo a\u00f1o de la pandemia de la covid-19. Desde aqu\u00ed, una vez, m\u00e1s mi emocionado recuerdo hacia los que se fueron y dejaron en nuestras casas y en nuestras vidas un hueco imposible de [&hellip;]","og_url":"https:\/\/www.psoecaceres.com\/es\/actualidad\/guillermo-fernandez-vara\/","og_site_name":"PSOE provincia de C\u00e1ceres","article_publisher":"https:\/\/www.facebook.com\/psoecaceres","article_published_time":"2021-09-10T03:57:13+00:00","og_image":[{"width":1040,"height":585,"url":"https:\/\/www.psoecaceres.com\/es\/wp-content\/uploads\/2021\/09\/Vara-1.jpg","type":"image\/jpeg"}],"author":"PSOE","twitter_card":"summary_large_image","twitter_creator":"@PSOEC","twitter_site":"@PSOEC","twitter_misc":{"Escrito por":"PSOE","Tiempo de lectura":"6 minutos"},"schema":{"@context":"https:\/\/schema.org","@graph":[{"@type":"Article","@id":"https:\/\/www.psoecaceres.com\/es\/actualidad\/guillermo-fernandez-vara\/#article","isPartOf":{"@id":"https:\/\/www.psoecaceres.com\/es\/actualidad\/guillermo-fernandez-vara\/"},"author":{"name":"PSOE","@id":"https:\/\/www.psoecaceres.com\/es\/#\/schema\/person\/f39f54f038cc2ed62af85f6d76c466a9"},"headline":"Guillermo Fern\u00e1ndez Vara: \u00abAdelante Extremadura\u00bb &#x1f49a;&#x1f90d;&#x1f5a4;","datePublished":"2021-09-10T03:57:13+00:00","mainEntityOfPage":{"@id":"https:\/\/www.psoecaceres.com\/es\/actualidad\/guillermo-fernandez-vara\/"},"wordCount":1471,"commentCount":0,"publisher":{"@id":"https:\/\/www.psoecaceres.com\/es\/#organization"},"image":{"@id":"https:\/\/www.psoecaceres.com\/es\/actualidad\/guillermo-fernandez-vara\/#primaryimage"},"thumbnailUrl":"https:\/\/www.psoecaceres.com\/es\/wp-content\/uploads\/2021\/09\/Vara-1.jpg","keywords":["destacada"],"articleSection":["Actualidad","Opini\u00f3n"],"inLanguage":"es","potentialAction":[{"@type":"CommentAction","name":"Comment","target":["https:\/\/www.psoecaceres.com\/es\/actualidad\/guillermo-fernandez-vara\/#respond"]}]},{"@type":"WebPage","@id":"https:\/\/www.psoecaceres.com\/es\/actualidad\/guillermo-fernandez-vara\/","url":"https:\/\/www.psoecaceres.com\/es\/actualidad\/guillermo-fernandez-vara\/","name":"Guillermo Fern\u00e1ndez Vara: \"Adelante Extremadura\" &#x1f49a;&#x1f90d;&#x1f5a4; - PSOE provincia de C\u00e1ceres","isPartOf":{"@id":"https:\/\/www.psoecaceres.com\/es\/#website"},"primaryImageOfPage":{"@id":"https:\/\/www.psoecaceres.com\/es\/actualidad\/guillermo-fernandez-vara\/#primaryimage"},"image":{"@id":"https:\/\/www.psoecaceres.com\/es\/actualidad\/guillermo-fernandez-vara\/#primaryimage"},"thumbnailUrl":"https:\/\/www.psoecaceres.com\/es\/wp-content\/uploads\/2021\/09\/Vara-1.jpg","datePublished":"2021-09-10T03:57:13+00:00","breadcrumb":{"@id":"https:\/\/www.psoecaceres.com\/es\/actualidad\/guillermo-fernandez-vara\/#breadcrumb"},"inLanguage":"es","potentialAction":[{"@type":"ReadAction","target":["https:\/\/www.psoecaceres.com\/es\/actualidad\/guillermo-fernandez-vara\/"]}]},{"@type":"ImageObject","inLanguage":"es","@id":"https:\/\/www.psoecaceres.com\/es\/actualidad\/guillermo-fernandez-vara\/#primaryimage","url":"https:\/\/www.psoecaceres.com\/es\/wp-content\/uploads\/2021\/09\/Vara-1.jpg","contentUrl":"https:\/\/www.psoecaceres.com\/es\/wp-content\/uploads\/2021\/09\/Vara-1.jpg","width":1040,"height":585},{"@type":"BreadcrumbList","@id":"https:\/\/www.psoecaceres.com\/es\/actualidad\/guillermo-fernandez-vara\/#breadcrumb","itemListElement":[{"@type":"ListItem","position":1,"name":"Portada","item":"https:\/\/www.psoecaceres.com\/es\/"},{"@type":"ListItem","position":2,"name":"Guillermo Fern\u00e1ndez Vara: \u00abAdelante Extremadura\u00bb &#x1f49a;&#x1f90d;&#x1f5a4;"}]},{"@type":"WebSite","@id":"https:\/\/www.psoecaceres.com\/es\/#website","url":"https:\/\/www.psoecaceres.com\/es\/","name":"PSOE provincia de C\u00e1ceres","description":"Pasi\u00f3n por Nuestros Pueblos","publisher":{"@id":"https:\/\/www.psoecaceres.com\/es\/#organization"},"alternateName":"PSOE Caceres","potentialAction":[{"@type":"SearchAction","target":{"@type":"EntryPoint","urlTemplate":"https:\/\/www.psoecaceres.com\/es\/?s={search_term_string}"},"query-input":{"@type":"PropertyValueSpecification","valueRequired":true,"valueName":"search_term_string"}}],"inLanguage":"es"},{"@type":"Organization","@id":"https:\/\/www.psoecaceres.com\/es\/#organization","name":"Psoe C\u00e1ceres","alternateName":"PSOE Caceres","url":"https:\/\/www.psoecaceres.com\/es\/","logo":{"@type":"ImageObject","inLanguage":"es","@id":"https:\/\/www.psoecaceres.com\/es\/#\/schema\/logo\/image\/","url":"https:\/\/www.psoecaceres.com\/es\/wp-content\/uploads\/2020\/08\/logo-psoe-caceres-web-2020.png","contentUrl":"https:\/\/www.psoecaceres.com\/es\/wp-content\/uploads\/2020\/08\/logo-psoe-caceres-web-2020.png","width":180,"height":105,"caption":"Psoe C\u00e1ceres"},"image":{"@id":"https:\/\/www.psoecaceres.com\/es\/#\/schema\/logo\/image\/"},"sameAs":["https:\/\/www.facebook.com\/psoecaceres","https:\/\/x.com\/PSOEC"]},{"@type":"Person","@id":"https:\/\/www.psoecaceres.com\/es\/#\/schema\/person\/f39f54f038cc2ed62af85f6d76c466a9","name":"PSOE","url":"https:\/\/www.psoecaceres.com\/es\/author\/ivar\/"}]}},"_links":{"self":[{"href":"https:\/\/www.psoecaceres.com\/es\/wp-json\/wp\/v2\/posts\/57014","targetHints":{"allow":["GET"]}}],"collection":[{"href":"https:\/\/www.psoecaceres.com\/es\/wp-json\/wp\/v2\/posts"}],"about":[{"href":"https:\/\/www.psoecaceres.com\/es\/wp-json\/wp\/v2\/types\/post"}],"author":[{"embeddable":true,"href":"https:\/\/www.psoecaceres.com\/es\/wp-json\/wp\/v2\/users\/3"}],"replies":[{"embeddable":true,"href":"https:\/\/www.psoecaceres.com\/es\/wp-json\/wp\/v2\/comments?post=57014"}],"version-history":[{"count":2,"href":"https:\/\/www.psoecaceres.com\/es\/wp-json\/wp\/v2\/posts\/57014\/revisions"}],"predecessor-version":[{"id":57018,"href":"https:\/\/www.psoecaceres.com\/es\/wp-json\/wp\/v2\/posts\/57014\/revisions\/57018"}],"wp:featuredmedia":[{"embeddable":true,"href":"https:\/\/www.psoecaceres.com\/es\/wp-json\/wp\/v2\/media\/57015"}],"wp:attachment":[{"href":"https:\/\/www.psoecaceres.com\/es\/wp-json\/wp\/v2\/media?parent=57014"}],"wp:term":[{"taxonomy":"category","embeddable":true,"href":"https:\/\/www.psoecaceres.com\/es\/wp-json\/wp\/v2\/categories?post=57014"},{"taxonomy":"post_tag","embeddable":true,"href":"https:\/\/www.psoecaceres.com\/es\/wp-json\/wp\/v2\/tags?post=57014"}],"curies":[{"name":"wp","href":"https:\/\/api.w.org\/{rel}","templated":true}]}}