{"id":57568,"date":"2021-11-06T19:45:14","date_gmt":"2021-11-06T17:45:14","guid":{"rendered":"https:\/\/www.psoecaceres.com\/es\/?p=57568"},"modified":"2021-12-21T11:01:52","modified_gmt":"2021-12-21T09:01:52","slug":"la-comision-ejecutiva-provincial-del-psoe-de-caceres-elegida-con-el-951-de-los-votos","status":"publish","type":"post","link":"https:\/\/www.psoecaceres.com\/es\/actualidad\/la-comision-ejecutiva-provincial-del-psoe-de-caceres-elegida-con-el-951-de-los-votos\/","title":{"rendered":"Nueva Comisi\u00f3n Ejecutiva Provincial del PSOE de C\u00e1ceres"},"content":{"rendered":"<table style=\"height: 887px;\" border=\"0\" width=\"851\" cellspacing=\"0\" cellpadding=\"0\">\n<tbody>\n<tr>\n<td height=\"19\">BEGO\u00d1A GARC\u00cdA BERNAL<\/td>\n<td><strong>PRESIDENCIA<\/strong><\/td>\n<\/tr>\n<tr>\n<td height=\"19\">MIGUEL \u00c1NGEL MORALES S\u00c1NCHEZ<\/td>\n<td><strong>SECRETAR\u00cdA GENERAL<\/strong><\/td>\n<\/tr>\n<tr>\n<td height=\"19\">ESTHER GUTI\u00c9RREZ MOR\u00c1N<\/td>\n<td><strong>VICESECRETAR\u00cdA\u00a0 GENERAL, POL\u00cdTICA AUTON\u00d3MICA E INSTITUCIONAL<\/strong><\/td>\n<\/tr>\n<tr>\n<td height=\"19\">EDUARDO B\u00c9JAR MART\u00cdN<\/td>\n<td><strong>SECRETAR\u00cdA DE ORGANIZACI\u00d3N<\/strong><\/td>\n<\/tr>\n<tr>\n<td height=\"19\">\u00c1LVARO S\u00c1NCHEZ COTRINA<\/td>\n<td><strong>SECRETAR\u00cdA DE COMUNICACI\u00d3N Y PORTAVOC\u00edA<\/strong><\/td>\n<\/tr>\n<tr>\n<td height=\"19\">JORGE AMADO BORRELLA<\/td>\n<td><strong>SECRETAR\u00cdA DE IDEAS Y PROGRAMAS<\/strong><\/td>\n<\/tr>\n<tr>\n<td height=\"19\">ELISABETH MART\u00cdN DECLARA<\/td>\n<td><strong>SECRETAR\u00cdA DE FORMACI\u00d3N<\/strong><\/td>\n<\/tr>\n<tr>\n<td height=\"19\">JAVIER PRIETO CALLE<\/td>\n<td><strong>SECRETAR\u00cdA DE POL\u00cdTICA MUNICIPAL<\/strong><\/td>\n<\/tr>\n<tr>\n<td height=\"19\">MAR\u00cdA PAZ AVILA MU\u00d1OZ<\/td>\n<td><strong>SECRETAR\u00cdA DE IGUALDAD<\/strong><\/td>\n<\/tr>\n<tr>\n<td height=\"19\">LUIS FERNANDO GARC\u00cdA NICOL\u00c1S<\/td>\n<td><strong>SECRETAR\u00cdA MANCOMUNIDADES Y TERRITORIO<\/strong><\/td>\n<\/tr>\n<tr>\n<td height=\"19\">ISABEL RUIZ CORREYERO<\/td>\n<td><strong>SECRETAR\u00cdA DE ECONOM\u00cdA SOCIAL Y TRABAJO AUT\u00d3NOMO<\/strong><\/td>\n<\/tr>\n<tr>\n<td height=\"19\">ESTEFAN\u00cdA GONZ\u00c1LEZ BIZARRO<\/td>\n<td><strong>SECRETAR\u00cdA DE DESARROLLO RURAL<\/strong><\/td>\n<\/tr>\n<tr>\n<td height=\"19\">RA\u00daL V\u00c1ZQUEZ S\u00c1NCHEZ<\/td>\n<td><strong>SECRETAR\u00cdA DE RETO DEMOGR\u00c1FICO<\/strong><\/td>\n<\/tr>\n<tr>\n<td height=\"19\">PABLO IGLESIAS ORD\u00d3\u00d1EZ<\/td>\n<td><strong>SECRETAR\u00cdA DE MEMORIA DEMOCR\u00c1TICA Y LAICIDAD<\/strong><\/td>\n<\/tr>\n<tr>\n<td height=\"19\">PAULA RODR\u00cdGUEZ PALLERO<\/td>\n<td><strong>SECRETAR\u00cdA DE MOVIMIENTOS SOCIALES Y DIVERSIDAD<\/strong><\/td>\n<\/tr>\n<tr>\n<td height=\"19\">FRANCISCO JAVIER GARC\u00cdA B\u00c9JAR<\/td>\n<td><strong>SECRETAR\u00cdA DE AGRICULTURA Y GANADER\u00cdA<\/strong><\/td>\n<\/tr>\n<tr>\n<td height=\"19\">JULIO C\u00c9SAR HERRERO CAMPO<\/td>\n<td><strong>SECRETAR\u00cdA DE EMPLEO Y TRABAJO<\/strong><\/td>\n<\/tr>\n<tr>\n<td height=\"19\">ANTONIA MOLINA M\u00c1RQUEZ<\/td>\n<td><strong>SECRETAR\u00cdA DE EDUCACI\u00d3N, UNIVERSIDAD Y FORMACI\u00d3N PROFESIONAL<\/strong><\/td>\n<\/tr>\n<tr>\n<td height=\"19\">FRANCISCO CALVO CHAC\u00d3N<\/td>\n<td><strong>SECRETAR\u00cdA DE SANIDAD<\/strong><\/td>\n<\/tr>\n<tr>\n<td height=\"19\">RICARDO RODRIGO GONZ\u00c1LEZ<\/td>\n<td><strong>SECRETAR\u00cdA DE TRANSFORMACI\u00d3N Y AGENDA DIGITAL<\/strong><\/td>\n<\/tr>\n<tr>\n<td height=\"19\">FRANCISCO JAVIER S\u00c1NCHEZ VEGA<\/td>\n<td><strong>SECRETAR\u00cdA DE TRANSICI\u00d3N ECOL\u00d3GICA JUSTA Y SOSTENIBILIDAD<\/strong><\/td>\n<\/tr>\n<tr>\n<td height=\"19\">MIREYA CONEJERO DOM\u00cdNGUEZ<\/td>\n<td><strong>SECRETAR\u00cdA DE INMIGRACI\u00d3N Y COOPERACI\u00d3N AL DESARROLLO<\/strong><\/td>\n<\/tr>\n<tr>\n<td height=\"19\">ENRIQUE BORREGA JIM\u00c9NEZ<\/td>\n<td><strong>SECRETAR\u00cdA DE LGTBI<\/strong><\/td>\n<\/tr>\n<tr>\n<td height=\"19\">SILVIA GONZ\u00c1LEZ GORDILLO<\/td>\n<td><strong>SECRETAR\u00cdA DE CULTURA<\/strong><\/td>\n<\/tr>\n<tr>\n<td height=\"19\">DIONISIO VASCO JUEZ<\/td>\n<td><strong>SECRETAR\u00cdA DE MOVILIDAD Y TRANSPORTES<\/strong><\/td>\n<\/tr>\n<tr>\n<td height=\"19\">SHEILA MART\u00cdN GIL<\/td>\n<td><strong>SECRETAR\u00cdA DE POL\u00cdTICAS SOCIALES<\/strong><\/td>\n<\/tr>\n<tr>\n<td height=\"19\">TOM\u00c1S S\u00c1NCHEZ CAMPO<\/td>\n<td><strong>SECRETAR\u00cdA DE ASESORAMIENTO A GRUPOS MUNICIPALES Y OPOSICI\u00d3N<\/strong><\/td>\n<\/tr>\n<tr>\n<td height=\"19\">PATRICIA VALLE CORRIOLS<\/td>\n<td><strong>SECRETAR\u00cdA DE TURISMO Y DEPORTES<\/strong><\/td>\n<\/tr>\n<tr>\n<td height=\"19\">MAR\u00cdA \u00c1NGELES D\u00cdAZ BENITO<\/td>\n<td><strong>SECRETAR\u00cdA DE VIVIENDA<\/strong><\/td>\n<\/tr>\n<tr>\n<td height=\"19\">ALEJANDRO TANCO RECIO<\/td>\n<td><strong>SECRETAR\u00cdA DE ECONOM\u00cdA Y HACIENDA<\/strong><\/td>\n<\/tr>\n<tr>\n<td height=\"19\">ADELA DUR\u00c1N RODR\u00cdGUEZ<\/td>\n<td><strong>SECRETAR\u00cdA DE ASISTENCIA JUR\u00cdDICA<\/strong><\/td>\n<\/tr>\n<\/tbody>\n<\/table>\n<h4 style=\"text-align: left;\"><strong>La nueva Comisi\u00f3n Ejecutiva Provincial ha sido elegida por el 95,1% del voto de las y los delegados.<\/strong><\/h4>\n<p><a href=\"https:\/\/www.psoecaceres.com\/es\/wp-content\/uploads\/2021\/11\/Morales.jpg\"><img loading=\"lazy\" decoding=\"async\" class=\"aligncenter size-large wp-image-57574\" src=\"https:\/\/www.psoecaceres.com\/es\/wp-content\/uploads\/2021\/11\/Morales-1024x467.jpg\" alt=\"\" width=\"1024\" height=\"467\" \/><\/a><\/p>\n","protected":false},"excerpt":{"rendered":"<p>BEGO\u00d1A GARC\u00cdA BERNAL PRESIDENCIA MIGUEL \u00c1NGEL MORALES S\u00c1NCHEZ SECRETAR\u00cdA GENERAL ESTHER GUTI\u00c9RREZ MOR\u00c1N VICESECRETAR\u00cdA\u00a0 GENERAL, POL\u00cdTICA AUTON\u00d3MICA E INSTITUCIONAL EDUARDO B\u00c9JAR MART\u00cdN SECRETAR\u00cdA DE ORGANIZACI\u00d3N \u00c1LVARO S\u00c1NCHEZ COTRINA SECRETAR\u00cdA DE COMUNICACI\u00d3N Y PORTAVOC\u00edA JORGE AMADO BORRELLA SECRETAR\u00cdA DE IDEAS Y PROGRAMAS ELISABETH MART\u00cdN DECLARA SECRETAR\u00cdA DE FORMACI\u00d3N JAVIER PRIETO CALLE SECRETAR\u00cdA DE POL\u00cdTICA MUNICIPAL MAR\u00cdA [&hellip;]<\/p>\n","protected":false},"author":3,"featured_media":57576,"comment_status":"open","ping_status":"open","sticky":false,"template":"","format":"standard","meta":{"_et_pb_use_builder":"","_et_pb_old_content":"","_et_gb_content_width":"","footnotes":""},"categories":[21,246,20],"tags":[151],"class_list":["post-57568","post","type-post","status-publish","format-standard","has-post-thumbnail","hentry","category-actualidad","category-noticias","category-prensa","tag-destacada"],"yoast_head":"<!-- This site is optimized with the Yoast SEO plugin v26.7 - https:\/\/yoast.com\/wordpress\/plugins\/seo\/ -->\n<title>Nueva Comisi\u00f3n Ejecutiva Provincial del PSOE de C\u00e1ceres - PSOE provincia de C\u00e1ceres<\/title>\n<meta name=\"robots\" content=\"index, follow, max-snippet:-1, max-image-preview:large, max-video-preview:-1\" \/>\n<link rel=\"canonical\" href=\"https:\/\/www.psoecaceres.com\/es\/actualidad\/la-comision-ejecutiva-provincial-del-psoe-de-caceres-elegida-con-el-951-de-los-votos\/\" \/>\n<meta property=\"og:locale\" content=\"es_ES\" \/>\n<meta property=\"og:type\" content=\"article\" \/>\n<meta property=\"og:title\" content=\"Nueva Comisi\u00f3n Ejecutiva Provincial del PSOE de C\u00e1ceres - PSOE provincia de C\u00e1ceres\" \/>\n<meta property=\"og:description\" content=\"BEGO\u00d1A GARC\u00cdA BERNAL PRESIDENCIA MIGUEL \u00c1NGEL MORALES S\u00c1NCHEZ SECRETAR\u00cdA GENERAL ESTHER GUTI\u00c9RREZ MOR\u00c1N VICESECRETAR\u00cdA\u00a0 GENERAL, POL\u00cdTICA AUTON\u00d3MICA E INSTITUCIONAL EDUARDO B\u00c9JAR MART\u00cdN SECRETAR\u00cdA DE ORGANIZACI\u00d3N \u00c1LVARO S\u00c1NCHEZ COTRINA SECRETAR\u00cdA DE COMUNICACI\u00d3N Y PORTAVOC\u00edA JORGE AMADO BORRELLA SECRETAR\u00cdA DE IDEAS Y PROGRAMAS ELISABETH MART\u00cdN DECLARA SECRETAR\u00cdA DE FORMACI\u00d3N JAVIER PRIETO CALLE SECRETAR\u00cdA DE POL\u00cdTICA MUNICIPAL MAR\u00cdA [&hellip;]\" \/>\n<meta property=\"og:url\" content=\"https:\/\/www.psoecaceres.com\/es\/actualidad\/la-comision-ejecutiva-provincial-del-psoe-de-caceres-elegida-con-el-951-de-los-votos\/\" \/>\n<meta property=\"og:site_name\" content=\"PSOE provincia de C\u00e1ceres\" \/>\n<meta property=\"article:publisher\" content=\"https:\/\/www.facebook.com\/psoecaceres\" \/>\n<meta property=\"article:published_time\" content=\"2021-11-06T17:45:14+00:00\" \/>\n<meta property=\"article:modified_time\" content=\"2021-12-21T09:01:52+00:00\" \/>\n<meta property=\"og:image\" content=\"https:\/\/www.psoecaceres.com\/es\/wp-content\/uploads\/2021\/11\/Nueva-CEP.jpg\" \/>\n\t<meta property=\"og:image:width\" content=\"1280\" \/>\n\t<meta property=\"og:image:height\" content=\"853\" \/>\n\t<meta property=\"og:image:type\" content=\"image\/jpeg\" \/>\n<meta name=\"author\" content=\"PSOE\" \/>\n<meta name=\"twitter:card\" content=\"summary_large_image\" \/>\n<meta name=\"twitter:creator\" content=\"@PSOEC\" \/>\n<meta name=\"twitter:site\" content=\"@PSOEC\" \/>\n<meta name=\"twitter:label1\" content=\"Escrito por\" \/>\n\t<meta name=\"twitter:data1\" content=\"PSOE\" \/>\n\t<meta name=\"twitter:label2\" content=\"Tiempo de lectura\" \/>\n\t<meta name=\"twitter:data2\" content=\"2 minutos\" \/>\n<script type=\"application\/ld+json\" class=\"yoast-schema-graph\">{\"@context\":\"https:\/\/schema.org\",\"@graph\":[{\"@type\":\"Article\",\"@id\":\"https:\/\/www.psoecaceres.com\/es\/actualidad\/la-comision-ejecutiva-provincial-del-psoe-de-caceres-elegida-con-el-951-de-los-votos\/#article\",\"isPartOf\":{\"@id\":\"https:\/\/www.psoecaceres.com\/es\/actualidad\/la-comision-ejecutiva-provincial-del-psoe-de-caceres-elegida-con-el-951-de-los-votos\/\"},\"author\":{\"name\":\"PSOE\",\"@id\":\"https:\/\/www.psoecaceres.com\/es\/#\/schema\/person\/f39f54f038cc2ed62af85f6d76c466a9\"},\"headline\":\"Nueva Comisi\u00f3n Ejecutiva Provincial del PSOE de C\u00e1ceres\",\"datePublished\":\"2021-11-06T17:45:14+00:00\",\"dateModified\":\"2021-12-21T09:01:52+00:00\",\"mainEntityOfPage\":{\"@id\":\"https:\/\/www.psoecaceres.com\/es\/actualidad\/la-comision-ejecutiva-provincial-del-psoe-de-caceres-elegida-con-el-951-de-los-votos\/\"},\"wordCount\":361,\"commentCount\":0,\"publisher\":{\"@id\":\"https:\/\/www.psoecaceres.com\/es\/#organization\"},\"image\":{\"@id\":\"https:\/\/www.psoecaceres.com\/es\/actualidad\/la-comision-ejecutiva-provincial-del-psoe-de-caceres-elegida-con-el-951-de-los-votos\/#primaryimage\"},\"thumbnailUrl\":\"https:\/\/www.psoecaceres.com\/es\/wp-content\/uploads\/2021\/11\/Nueva-CEP.jpg\",\"keywords\":[\"destacada\"],\"articleSection\":[\"Actualidad\",\"Noticias\",\"Prensa\"],\"inLanguage\":\"es\",\"potentialAction\":[{\"@type\":\"CommentAction\",\"name\":\"Comment\",\"target\":[\"https:\/\/www.psoecaceres.com\/es\/actualidad\/la-comision-ejecutiva-provincial-del-psoe-de-caceres-elegida-con-el-951-de-los-votos\/#respond\"]}]},{\"@type\":\"WebPage\",\"@id\":\"https:\/\/www.psoecaceres.com\/es\/actualidad\/la-comision-ejecutiva-provincial-del-psoe-de-caceres-elegida-con-el-951-de-los-votos\/\",\"url\":\"https:\/\/www.psoecaceres.com\/es\/actualidad\/la-comision-ejecutiva-provincial-del-psoe-de-caceres-elegida-con-el-951-de-los-votos\/\",\"name\":\"Nueva Comisi\u00f3n Ejecutiva Provincial del PSOE de C\u00e1ceres - PSOE provincia de C\u00e1ceres\",\"isPartOf\":{\"@id\":\"https:\/\/www.psoecaceres.com\/es\/#website\"},\"primaryImageOfPage\":{\"@id\":\"https:\/\/www.psoecaceres.com\/es\/actualidad\/la-comision-ejecutiva-provincial-del-psoe-de-caceres-elegida-con-el-951-de-los-votos\/#primaryimage\"},\"image\":{\"@id\":\"https:\/\/www.psoecaceres.com\/es\/actualidad\/la-comision-ejecutiva-provincial-del-psoe-de-caceres-elegida-con-el-951-de-los-votos\/#primaryimage\"},\"thumbnailUrl\":\"https:\/\/www.psoecaceres.com\/es\/wp-content\/uploads\/2021\/11\/Nueva-CEP.jpg\",\"datePublished\":\"2021-11-06T17:45:14+00:00\",\"dateModified\":\"2021-12-21T09:01:52+00:00\",\"breadcrumb\":{\"@id\":\"https:\/\/www.psoecaceres.com\/es\/actualidad\/la-comision-ejecutiva-provincial-del-psoe-de-caceres-elegida-con-el-951-de-los-votos\/#breadcrumb\"},\"inLanguage\":\"es\",\"potentialAction\":[{\"@type\":\"ReadAction\",\"target\":[\"https:\/\/www.psoecaceres.com\/es\/actualidad\/la-comision-ejecutiva-provincial-del-psoe-de-caceres-elegida-con-el-951-de-los-votos\/\"]}]},{\"@type\":\"ImageObject\",\"inLanguage\":\"es\",\"@id\":\"https:\/\/www.psoecaceres.com\/es\/actualidad\/la-comision-ejecutiva-provincial-del-psoe-de-caceres-elegida-con-el-951-de-los-votos\/#primaryimage\",\"url\":\"https:\/\/www.psoecaceres.com\/es\/wp-content\/uploads\/2021\/11\/Nueva-CEP.jpg\",\"contentUrl\":\"https:\/\/www.psoecaceres.com\/es\/wp-content\/uploads\/2021\/11\/Nueva-CEP.jpg\",\"width\":1280,\"height\":853},{\"@type\":\"BreadcrumbList\",\"@id\":\"https:\/\/www.psoecaceres.com\/es\/actualidad\/la-comision-ejecutiva-provincial-del-psoe-de-caceres-elegida-con-el-951-de-los-votos\/#breadcrumb\",\"itemListElement\":[{\"@type\":\"ListItem\",\"position\":1,\"name\":\"Portada\",\"item\":\"https:\/\/www.psoecaceres.com\/es\/\"},{\"@type\":\"ListItem\",\"position\":2,\"name\":\"Nueva Comisi\u00f3n Ejecutiva Provincial del PSOE de C\u00e1ceres\"}]},{\"@type\":\"WebSite\",\"@id\":\"https:\/\/www.psoecaceres.com\/es\/#website\",\"url\":\"https:\/\/www.psoecaceres.com\/es\/\",\"name\":\"PSOE provincia de C\u00e1ceres\",\"description\":\"Pasi\u00f3n por Nuestros Pueblos\",\"publisher\":{\"@id\":\"https:\/\/www.psoecaceres.com\/es\/#organization\"},\"alternateName\":\"PSOE Caceres\",\"potentialAction\":[{\"@type\":\"SearchAction\",\"target\":{\"@type\":\"EntryPoint\",\"urlTemplate\":\"https:\/\/www.psoecaceres.com\/es\/?s={search_term_string}\"},\"query-input\":{\"@type\":\"PropertyValueSpecification\",\"valueRequired\":true,\"valueName\":\"search_term_string\"}}],\"inLanguage\":\"es\"},{\"@type\":\"Organization\",\"@id\":\"https:\/\/www.psoecaceres.com\/es\/#organization\",\"name\":\"Psoe C\u00e1ceres\",\"alternateName\":\"PSOE Caceres\",\"url\":\"https:\/\/www.psoecaceres.com\/es\/\",\"logo\":{\"@type\":\"ImageObject\",\"inLanguage\":\"es\",\"@id\":\"https:\/\/www.psoecaceres.com\/es\/#\/schema\/logo\/image\/\",\"url\":\"https:\/\/www.psoecaceres.com\/es\/wp-content\/uploads\/2020\/08\/logo-psoe-caceres-web-2020.png\",\"contentUrl\":\"https:\/\/www.psoecaceres.com\/es\/wp-content\/uploads\/2020\/08\/logo-psoe-caceres-web-2020.png\",\"width\":180,\"height\":105,\"caption\":\"Psoe C\u00e1ceres\"},\"image\":{\"@id\":\"https:\/\/www.psoecaceres.com\/es\/#\/schema\/logo\/image\/\"},\"sameAs\":[\"https:\/\/www.facebook.com\/psoecaceres\",\"https:\/\/x.com\/PSOEC\"]},{\"@type\":\"Person\",\"@id\":\"https:\/\/www.psoecaceres.com\/es\/#\/schema\/person\/f39f54f038cc2ed62af85f6d76c466a9\",\"name\":\"PSOE\",\"url\":\"https:\/\/www.psoecaceres.com\/es\/author\/ivar\/\"}]}<\/script>\n<!-- \/ Yoast SEO plugin. -->","yoast_head_json":{"title":"Nueva Comisi\u00f3n Ejecutiva Provincial del PSOE de C\u00e1ceres - PSOE provincia de C\u00e1ceres","robots":{"index":"index","follow":"follow","max-snippet":"max-snippet:-1","max-image-preview":"max-image-preview:large","max-video-preview":"max-video-preview:-1"},"canonical":"https:\/\/www.psoecaceres.com\/es\/actualidad\/la-comision-ejecutiva-provincial-del-psoe-de-caceres-elegida-con-el-951-de-los-votos\/","og_locale":"es_ES","og_type":"article","og_title":"Nueva Comisi\u00f3n Ejecutiva Provincial del PSOE de C\u00e1ceres - PSOE provincia de C\u00e1ceres","og_description":"BEGO\u00d1A GARC\u00cdA BERNAL PRESIDENCIA MIGUEL \u00c1NGEL MORALES S\u00c1NCHEZ SECRETAR\u00cdA GENERAL ESTHER GUTI\u00c9RREZ MOR\u00c1N VICESECRETAR\u00cdA\u00a0 GENERAL, POL\u00cdTICA AUTON\u00d3MICA E INSTITUCIONAL EDUARDO B\u00c9JAR MART\u00cdN SECRETAR\u00cdA DE ORGANIZACI\u00d3N \u00c1LVARO S\u00c1NCHEZ COTRINA SECRETAR\u00cdA DE COMUNICACI\u00d3N Y PORTAVOC\u00edA JORGE AMADO BORRELLA SECRETAR\u00cdA DE IDEAS Y PROGRAMAS ELISABETH MART\u00cdN DECLARA SECRETAR\u00cdA DE FORMACI\u00d3N JAVIER PRIETO CALLE SECRETAR\u00cdA DE POL\u00cdTICA MUNICIPAL MAR\u00cdA [&hellip;]","og_url":"https:\/\/www.psoecaceres.com\/es\/actualidad\/la-comision-ejecutiva-provincial-del-psoe-de-caceres-elegida-con-el-951-de-los-votos\/","og_site_name":"PSOE provincia de C\u00e1ceres","article_publisher":"https:\/\/www.facebook.com\/psoecaceres","article_published_time":"2021-11-06T17:45:14+00:00","article_modified_time":"2021-12-21T09:01:52+00:00","og_image":[{"width":1280,"height":853,"url":"https:\/\/www.psoecaceres.com\/es\/wp-content\/uploads\/2021\/11\/Nueva-CEP.jpg","type":"image\/jpeg"}],"author":"PSOE","twitter_card":"summary_large_image","twitter_creator":"@PSOEC","twitter_site":"@PSOEC","twitter_misc":{"Escrito por":"PSOE","Tiempo de lectura":"2 minutos"},"schema":{"@context":"https:\/\/schema.org","@graph":[{"@type":"Article","@id":"https:\/\/www.psoecaceres.com\/es\/actualidad\/la-comision-ejecutiva-provincial-del-psoe-de-caceres-elegida-con-el-951-de-los-votos\/#article","isPartOf":{"@id":"https:\/\/www.psoecaceres.com\/es\/actualidad\/la-comision-ejecutiva-provincial-del-psoe-de-caceres-elegida-con-el-951-de-los-votos\/"},"author":{"name":"PSOE","@id":"https:\/\/www.psoecaceres.com\/es\/#\/schema\/person\/f39f54f038cc2ed62af85f6d76c466a9"},"headline":"Nueva Comisi\u00f3n Ejecutiva Provincial del PSOE de C\u00e1ceres","datePublished":"2021-11-06T17:45:14+00:00","dateModified":"2021-12-21T09:01:52+00:00","mainEntityOfPage":{"@id":"https:\/\/www.psoecaceres.com\/es\/actualidad\/la-comision-ejecutiva-provincial-del-psoe-de-caceres-elegida-con-el-951-de-los-votos\/"},"wordCount":361,"commentCount":0,"publisher":{"@id":"https:\/\/www.psoecaceres.com\/es\/#organization"},"image":{"@id":"https:\/\/www.psoecaceres.com\/es\/actualidad\/la-comision-ejecutiva-provincial-del-psoe-de-caceres-elegida-con-el-951-de-los-votos\/#primaryimage"},"thumbnailUrl":"https:\/\/www.psoecaceres.com\/es\/wp-content\/uploads\/2021\/11\/Nueva-CEP.jpg","keywords":["destacada"],"articleSection":["Actualidad","Noticias","Prensa"],"inLanguage":"es","potentialAction":[{"@type":"CommentAction","name":"Comment","target":["https:\/\/www.psoecaceres.com\/es\/actualidad\/la-comision-ejecutiva-provincial-del-psoe-de-caceres-elegida-con-el-951-de-los-votos\/#respond"]}]},{"@type":"WebPage","@id":"https:\/\/www.psoecaceres.com\/es\/actualidad\/la-comision-ejecutiva-provincial-del-psoe-de-caceres-elegida-con-el-951-de-los-votos\/","url":"https:\/\/www.psoecaceres.com\/es\/actualidad\/la-comision-ejecutiva-provincial-del-psoe-de-caceres-elegida-con-el-951-de-los-votos\/","name":"Nueva Comisi\u00f3n Ejecutiva Provincial del PSOE de C\u00e1ceres - PSOE provincia de C\u00e1ceres","isPartOf":{"@id":"https:\/\/www.psoecaceres.com\/es\/#website"},"primaryImageOfPage":{"@id":"https:\/\/www.psoecaceres.com\/es\/actualidad\/la-comision-ejecutiva-provincial-del-psoe-de-caceres-elegida-con-el-951-de-los-votos\/#primaryimage"},"image":{"@id":"https:\/\/www.psoecaceres.com\/es\/actualidad\/la-comision-ejecutiva-provincial-del-psoe-de-caceres-elegida-con-el-951-de-los-votos\/#primaryimage"},"thumbnailUrl":"https:\/\/www.psoecaceres.com\/es\/wp-content\/uploads\/2021\/11\/Nueva-CEP.jpg","datePublished":"2021-11-06T17:45:14+00:00","dateModified":"2021-12-21T09:01:52+00:00","breadcrumb":{"@id":"https:\/\/www.psoecaceres.com\/es\/actualidad\/la-comision-ejecutiva-provincial-del-psoe-de-caceres-elegida-con-el-951-de-los-votos\/#breadcrumb"},"inLanguage":"es","potentialAction":[{"@type":"ReadAction","target":["https:\/\/www.psoecaceres.com\/es\/actualidad\/la-comision-ejecutiva-provincial-del-psoe-de-caceres-elegida-con-el-951-de-los-votos\/"]}]},{"@type":"ImageObject","inLanguage":"es","@id":"https:\/\/www.psoecaceres.com\/es\/actualidad\/la-comision-ejecutiva-provincial-del-psoe-de-caceres-elegida-con-el-951-de-los-votos\/#primaryimage","url":"https:\/\/www.psoecaceres.com\/es\/wp-content\/uploads\/2021\/11\/Nueva-CEP.jpg","contentUrl":"https:\/\/www.psoecaceres.com\/es\/wp-content\/uploads\/2021\/11\/Nueva-CEP.jpg","width":1280,"height":853},{"@type":"BreadcrumbList","@id":"https:\/\/www.psoecaceres.com\/es\/actualidad\/la-comision-ejecutiva-provincial-del-psoe-de-caceres-elegida-con-el-951-de-los-votos\/#breadcrumb","itemListElement":[{"@type":"ListItem","position":1,"name":"Portada","item":"https:\/\/www.psoecaceres.com\/es\/"},{"@type":"ListItem","position":2,"name":"Nueva Comisi\u00f3n Ejecutiva Provincial del PSOE de C\u00e1ceres"}]},{"@type":"WebSite","@id":"https:\/\/www.psoecaceres.com\/es\/#website","url":"https:\/\/www.psoecaceres.com\/es\/","name":"PSOE provincia de C\u00e1ceres","description":"Pasi\u00f3n por Nuestros Pueblos","publisher":{"@id":"https:\/\/www.psoecaceres.com\/es\/#organization"},"alternateName":"PSOE Caceres","potentialAction":[{"@type":"SearchAction","target":{"@type":"EntryPoint","urlTemplate":"https:\/\/www.psoecaceres.com\/es\/?s={search_term_string}"},"query-input":{"@type":"PropertyValueSpecification","valueRequired":true,"valueName":"search_term_string"}}],"inLanguage":"es"},{"@type":"Organization","@id":"https:\/\/www.psoecaceres.com\/es\/#organization","name":"Psoe C\u00e1ceres","alternateName":"PSOE Caceres","url":"https:\/\/www.psoecaceres.com\/es\/","logo":{"@type":"ImageObject","inLanguage":"es","@id":"https:\/\/www.psoecaceres.com\/es\/#\/schema\/logo\/image\/","url":"https:\/\/www.psoecaceres.com\/es\/wp-content\/uploads\/2020\/08\/logo-psoe-caceres-web-2020.png","contentUrl":"https:\/\/www.psoecaceres.com\/es\/wp-content\/uploads\/2020\/08\/logo-psoe-caceres-web-2020.png","width":180,"height":105,"caption":"Psoe C\u00e1ceres"},"image":{"@id":"https:\/\/www.psoecaceres.com\/es\/#\/schema\/logo\/image\/"},"sameAs":["https:\/\/www.facebook.com\/psoecaceres","https:\/\/x.com\/PSOEC"]},{"@type":"Person","@id":"https:\/\/www.psoecaceres.com\/es\/#\/schema\/person\/f39f54f038cc2ed62af85f6d76c466a9","name":"PSOE","url":"https:\/\/www.psoecaceres.com\/es\/author\/ivar\/"}]}},"_links":{"self":[{"href":"https:\/\/www.psoecaceres.com\/es\/wp-json\/wp\/v2\/posts\/57568","targetHints":{"allow":["GET"]}}],"collection":[{"href":"https:\/\/www.psoecaceres.com\/es\/wp-json\/wp\/v2\/posts"}],"about":[{"href":"https:\/\/www.psoecaceres.com\/es\/wp-json\/wp\/v2\/types\/post"}],"author":[{"embeddable":true,"href":"https:\/\/www.psoecaceres.com\/es\/wp-json\/wp\/v2\/users\/3"}],"replies":[{"embeddable":true,"href":"https:\/\/www.psoecaceres.com\/es\/wp-json\/wp\/v2\/comments?post=57568"}],"version-history":[{"count":2,"href":"https:\/\/www.psoecaceres.com\/es\/wp-json\/wp\/v2\/posts\/57568\/revisions"}],"predecessor-version":[{"id":58047,"href":"https:\/\/www.psoecaceres.com\/es\/wp-json\/wp\/v2\/posts\/57568\/revisions\/58047"}],"wp:featuredmedia":[{"embeddable":true,"href":"https:\/\/www.psoecaceres.com\/es\/wp-json\/wp\/v2\/media\/57576"}],"wp:attachment":[{"href":"https:\/\/www.psoecaceres.com\/es\/wp-json\/wp\/v2\/media?parent=57568"}],"wp:term":[{"taxonomy":"category","embeddable":true,"href":"https:\/\/www.psoecaceres.com\/es\/wp-json\/wp\/v2\/categories?post=57568"},{"taxonomy":"post_tag","embeddable":true,"href":"https:\/\/www.psoecaceres.com\/es\/wp-json\/wp\/v2\/tags?post=57568"}],"curies":[{"name":"wp","href":"https:\/\/api.w.org\/{rel}","templated":true}]}}