{"id":6943,"date":"2014-05-06T07:38:36","date_gmt":"2014-05-06T05:38:36","guid":{"rendered":"http:\/\/www.psoecaceres.com\/es\/?p=6943"},"modified":"2014-05-06T07:38:19","modified_gmt":"2014-05-06T05:38:19","slug":"28-mujeres-muertas-y-el-pp-reduce-el-presupuesto-para-luchar-contra-la-violencia-machista","status":"publish","type":"post","link":"https:\/\/www.psoecaceres.com\/es\/actualidad\/28-mujeres-muertas-y-el-pp-reduce-el-presupuesto-para-luchar-contra-la-violencia-machista\/","title":{"rendered":"28 mujeres muertas y el PP reduce el presupuesto para luchar contra la violencia machista"},"content":{"rendered":"<p><strong>Roc\u00edo Bermejo, Leire Iglesias, Bego\u00f1a Garc\u00eda y Miguel \u00c1ngel Morales estuvieron este lunes en Torrejoncillo. #T\u00faMuevesEuropa.\u00a0<a href=\"https:\/\/www.psoecaceres.com\/es\/wp-content\/uploads\/2014\/05\/Roc\u00edo-Bermejo-Leire-Iglesias-Bego\u00f1a-Garc\u00eda-y-Miguel-\u00c1ngel-Morales-estuvieron-este-lunes-en-Torrejoncillo..jpg\"><img loading=\"lazy\" decoding=\"async\" class=\"alignright size-medium wp-image-6944\" alt=\"Roc\u00edo Bermejo, Leire Iglesias, Bego\u00f1a Garc\u00eda y Miguel \u00c1ngel Morales estuvieron este lunes en Torrejoncillo.\" src=\"https:\/\/www.psoecaceres.com\/es\/wp-content\/uploads\/2014\/05\/Roc\u00edo-Bermejo-Leire-Iglesias-Bego\u00f1a-Garc\u00eda-y-Miguel-\u00c1ngel-Morales-estuvieron-este-lunes-en-Torrejoncillo.-300x224.jpg\" width=\"300\" height=\"224\" \/><\/a><\/strong><\/p>\n<p>Dentro del marco de precampa\u00f1a electoral para las Europeas del pr\u00f3ximo 25 de mayo, <strong>Bego\u00f1a Garc\u00eda<\/strong>, candidata a parlamentaria europea por el PSOE, nos dej\u00f3 la siguiente reflexi\u00f3n en Torrejoncillo:\u00a0\u00abEn lo que va de a\u00f1o en nuestro pa\u00eds han sido asesinadas 28 mujeres. \u00bfQu\u00e9 pasar\u00eda si hubieran sido 28 hombres, 28 futbolistas?\u00a0Mientras, el gobierno reduce el presupuesto para luchar contra la lacra de la violencia machista. Y mientras, ni una palabra de Rajoy, ni una palabra de monago a las mujeres. No nos merecemos este gobierno\u00bb.<\/p>\n<p>Por su parte, la diputada socialista en el Congreso, <strong>Leire Iglesias<\/strong>, record\u00f3 que \u00abpor mucho que el PP se empe\u00f1e en dibujar escenarios macroecon\u00f3micos ficticios, Espa\u00f1a no va bien si los espa\u00f1oles y espa\u00f1olas no van bien. Y la ciudadan\u00eda no est\u00e1 bien. La deuda p\u00fablica supera el PIB en nuestro pa\u00eds por mucho que quieran hacernos creer lo contrario. En el \u00faltimo trimestre se han destruido 180 mil puestos de trabajo. Esta es la realidad de la ciudadan\u00eda\u00bb.<\/p>\n<p>Por su parte, la Secretaria General de los socialistas de Torrejoncillo, <strong>Roc\u00edo Bermejo<\/strong> enfatiz\u00f3 que \u00abno nos pueden decir que todos somos iguales. El PP no ha hecho m\u00e1s que recortar y destruir los derechos que hab\u00edamos conseguido la ciudadan\u00eda junto a los socialistas. Recortes ideol\u00f3gicos por mucho que nos quieran hacer creer que son reformas.\u00bb<\/p>\n<p>Para concluir, la intervenci\u00f3n del l\u00edder de los socialistas de la provincia de C\u00e1ceres, <strong>Miguel \u00c1ngel Morales<\/strong>, fue muy claro al aseverar que\u00bbla pol\u00edtica no tiene sentido sino es por y para los ciudadanos y el PP est\u00e1 acabando con el principio de igualdad que defendemos los socialistas.\u00bb<\/p>\n<p>\u00abCuando nos fuimos los socialistas de la Diputaci\u00f3n cacere\u00f1a hab\u00eda 39 mil parados en la provincia y en estos momentos \u00a0hay m\u00e1s de 55 mil a pesar de las promesas de la derecha de crear empleo. Esta es la realidad de Extremadura y no la ficci\u00f3n que anunciar\u00e1 Monago en el debate de la regi\u00f3n. Los ciudadanos y ciudadanas tienen que fiarse de lo que se hace, no de lo que se dice, reflexion\u00f3 Morales .\u00bb<\/p>\n","protected":false},"excerpt":{"rendered":"<p>Roc\u00edo Bermejo, Leire Iglesias, Bego\u00f1a Garc\u00eda y Miguel \u00c1ngel Morales estuvieron este lunes en Torrejoncillo. #T\u00faMuevesEuropa.\u00a0 Dentro del marco de precampa\u00f1a electoral para las Europeas del pr\u00f3ximo 25 de mayo, Bego\u00f1a Garc\u00eda, candidata a parlamentaria europea por el PSOE, nos dej\u00f3 la siguiente reflexi\u00f3n en Torrejoncillo:\u00a0\u00abEn lo que va de a\u00f1o en nuestro pa\u00eds han [&hellip;]<\/p>\n","protected":false},"author":3,"featured_media":6945,"comment_status":"open","ping_status":"open","sticky":false,"template":"","format":"standard","meta":{"_et_pb_use_builder":"","_et_pb_old_content":"","_et_gb_content_width":"","footnotes":""},"categories":[21],"tags":[151],"class_list":["post-6943","post","type-post","status-publish","format-standard","has-post-thumbnail","hentry","category-actualidad","tag-destacada"],"yoast_head":"<!-- This site is optimized with the Yoast SEO plugin v26.7 - https:\/\/yoast.com\/wordpress\/plugins\/seo\/ -->\n<title>28 mujeres muertas y el PP reduce el presupuesto para luchar contra la violencia machista - PSOE provincia de C\u00e1ceres<\/title>\n<meta name=\"description\" content=\"Roc\u00edo Bermejo, Leire Iglesias, Bego\u00f1a Garc\u00eda y Miguel \u00c1ngel Morales estuvieron este lunes en Torrejoncillo. #T\u00faMuevesEuropa.\" \/>\n<meta name=\"robots\" content=\"index, follow, max-snippet:-1, max-image-preview:large, max-video-preview:-1\" \/>\n<link rel=\"canonical\" href=\"https:\/\/www.psoecaceres.com\/es\/actualidad\/28-mujeres-muertas-y-el-pp-reduce-el-presupuesto-para-luchar-contra-la-violencia-machista\/\" \/>\n<meta property=\"og:locale\" content=\"es_ES\" \/>\n<meta property=\"og:type\" content=\"article\" \/>\n<meta property=\"og:title\" content=\"28 mujeres muertas y el PP reduce el presupuesto para luchar contra la violencia machista - PSOE provincia de C\u00e1ceres\" \/>\n<meta property=\"og:description\" content=\"Roc\u00edo Bermejo, Leire Iglesias, Bego\u00f1a Garc\u00eda y Miguel \u00c1ngel Morales estuvieron este lunes en Torrejoncillo. #T\u00faMuevesEuropa.\" \/>\n<meta property=\"og:url\" content=\"https:\/\/www.psoecaceres.com\/es\/actualidad\/28-mujeres-muertas-y-el-pp-reduce-el-presupuesto-para-luchar-contra-la-violencia-machista\/\" \/>\n<meta property=\"og:site_name\" content=\"PSOE provincia de C\u00e1ceres\" \/>\n<meta property=\"article:publisher\" content=\"https:\/\/www.facebook.com\/psoecaceres\" \/>\n<meta property=\"article:published_time\" content=\"2014-05-06T05:38:36+00:00\" \/>\n<meta property=\"og:image\" content=\"https:\/\/www.psoecaceres.com\/es\/wp-content\/uploads\/2014\/05\/Roc\u00edo-Bermejo-Leire-Iglesias-Bego\u00f1a-Garc\u00eda-y-Miguel-\u00c1ngel-Morales-estuvieron-este-lunes-en-Torrejoncillo.1.jpg\" \/>\n\t<meta property=\"og:image:width\" content=\"600\" \/>\n\t<meta property=\"og:image:height\" content=\"363\" \/>\n\t<meta property=\"og:image:type\" content=\"image\/jpeg\" \/>\n<meta name=\"author\" content=\"PSOE\" \/>\n<meta name=\"twitter:card\" content=\"summary_large_image\" \/>\n<meta name=\"twitter:creator\" content=\"@PSOEC\" \/>\n<meta name=\"twitter:site\" content=\"@PSOEC\" \/>\n<meta name=\"twitter:label1\" content=\"Escrito por\" \/>\n\t<meta name=\"twitter:data1\" content=\"PSOE\" \/>\n\t<meta name=\"twitter:label2\" content=\"Tiempo de lectura\" \/>\n\t<meta name=\"twitter:data2\" content=\"2 minutos\" \/>\n<script type=\"application\/ld+json\" class=\"yoast-schema-graph\">{\"@context\":\"https:\/\/schema.org\",\"@graph\":[{\"@type\":\"Article\",\"@id\":\"https:\/\/www.psoecaceres.com\/es\/actualidad\/28-mujeres-muertas-y-el-pp-reduce-el-presupuesto-para-luchar-contra-la-violencia-machista\/#article\",\"isPartOf\":{\"@id\":\"https:\/\/www.psoecaceres.com\/es\/actualidad\/28-mujeres-muertas-y-el-pp-reduce-el-presupuesto-para-luchar-contra-la-violencia-machista\/\"},\"author\":{\"name\":\"PSOE\",\"@id\":\"https:\/\/www.psoecaceres.com\/es\/#\/schema\/person\/f39f54f038cc2ed62af85f6d76c466a9\"},\"headline\":\"28 mujeres muertas y el PP reduce el presupuesto para luchar contra la violencia machista\",\"datePublished\":\"2014-05-06T05:38:36+00:00\",\"mainEntityOfPage\":{\"@id\":\"https:\/\/www.psoecaceres.com\/es\/actualidad\/28-mujeres-muertas-y-el-pp-reduce-el-presupuesto-para-luchar-contra-la-violencia-machista\/\"},\"wordCount\":406,\"commentCount\":0,\"publisher\":{\"@id\":\"https:\/\/www.psoecaceres.com\/es\/#organization\"},\"image\":{\"@id\":\"https:\/\/www.psoecaceres.com\/es\/actualidad\/28-mujeres-muertas-y-el-pp-reduce-el-presupuesto-para-luchar-contra-la-violencia-machista\/#primaryimage\"},\"thumbnailUrl\":\"https:\/\/www.psoecaceres.com\/es\/wp-content\/uploads\/2014\/05\/Roc\u00edo-Bermejo-Leire-Iglesias-Bego\u00f1a-Garc\u00eda-y-Miguel-\u00c1ngel-Morales-estuvieron-este-lunes-en-Torrejoncillo.1.jpg\",\"keywords\":[\"destacada\"],\"articleSection\":[\"Actualidad\"],\"inLanguage\":\"es\",\"potentialAction\":[{\"@type\":\"CommentAction\",\"name\":\"Comment\",\"target\":[\"https:\/\/www.psoecaceres.com\/es\/actualidad\/28-mujeres-muertas-y-el-pp-reduce-el-presupuesto-para-luchar-contra-la-violencia-machista\/#respond\"]}]},{\"@type\":\"WebPage\",\"@id\":\"https:\/\/www.psoecaceres.com\/es\/actualidad\/28-mujeres-muertas-y-el-pp-reduce-el-presupuesto-para-luchar-contra-la-violencia-machista\/\",\"url\":\"https:\/\/www.psoecaceres.com\/es\/actualidad\/28-mujeres-muertas-y-el-pp-reduce-el-presupuesto-para-luchar-contra-la-violencia-machista\/\",\"name\":\"28 mujeres muertas y el PP reduce el presupuesto para luchar contra la violencia machista - PSOE provincia de C\u00e1ceres\",\"isPartOf\":{\"@id\":\"https:\/\/www.psoecaceres.com\/es\/#website\"},\"primaryImageOfPage\":{\"@id\":\"https:\/\/www.psoecaceres.com\/es\/actualidad\/28-mujeres-muertas-y-el-pp-reduce-el-presupuesto-para-luchar-contra-la-violencia-machista\/#primaryimage\"},\"image\":{\"@id\":\"https:\/\/www.psoecaceres.com\/es\/actualidad\/28-mujeres-muertas-y-el-pp-reduce-el-presupuesto-para-luchar-contra-la-violencia-machista\/#primaryimage\"},\"thumbnailUrl\":\"https:\/\/www.psoecaceres.com\/es\/wp-content\/uploads\/2014\/05\/Roc\u00edo-Bermejo-Leire-Iglesias-Bego\u00f1a-Garc\u00eda-y-Miguel-\u00c1ngel-Morales-estuvieron-este-lunes-en-Torrejoncillo.1.jpg\",\"datePublished\":\"2014-05-06T05:38:36+00:00\",\"description\":\"Roc\u00edo Bermejo, Leire Iglesias, Bego\u00f1a Garc\u00eda y Miguel \u00c1ngel Morales estuvieron este lunes en Torrejoncillo. #T\u00faMuevesEuropa.\",\"breadcrumb\":{\"@id\":\"https:\/\/www.psoecaceres.com\/es\/actualidad\/28-mujeres-muertas-y-el-pp-reduce-el-presupuesto-para-luchar-contra-la-violencia-machista\/#breadcrumb\"},\"inLanguage\":\"es\",\"potentialAction\":[{\"@type\":\"ReadAction\",\"target\":[\"https:\/\/www.psoecaceres.com\/es\/actualidad\/28-mujeres-muertas-y-el-pp-reduce-el-presupuesto-para-luchar-contra-la-violencia-machista\/\"]}]},{\"@type\":\"ImageObject\",\"inLanguage\":\"es\",\"@id\":\"https:\/\/www.psoecaceres.com\/es\/actualidad\/28-mujeres-muertas-y-el-pp-reduce-el-presupuesto-para-luchar-contra-la-violencia-machista\/#primaryimage\",\"url\":\"https:\/\/www.psoecaceres.com\/es\/wp-content\/uploads\/2014\/05\/Roc\u00edo-Bermejo-Leire-Iglesias-Bego\u00f1a-Garc\u00eda-y-Miguel-\u00c1ngel-Morales-estuvieron-este-lunes-en-Torrejoncillo.1.jpg\",\"contentUrl\":\"https:\/\/www.psoecaceres.com\/es\/wp-content\/uploads\/2014\/05\/Roc\u00edo-Bermejo-Leire-Iglesias-Bego\u00f1a-Garc\u00eda-y-Miguel-\u00c1ngel-Morales-estuvieron-este-lunes-en-Torrejoncillo.1.jpg\",\"width\":600,\"height\":363},{\"@type\":\"BreadcrumbList\",\"@id\":\"https:\/\/www.psoecaceres.com\/es\/actualidad\/28-mujeres-muertas-y-el-pp-reduce-el-presupuesto-para-luchar-contra-la-violencia-machista\/#breadcrumb\",\"itemListElement\":[{\"@type\":\"ListItem\",\"position\":1,\"name\":\"Portada\",\"item\":\"https:\/\/www.psoecaceres.com\/es\/\"},{\"@type\":\"ListItem\",\"position\":2,\"name\":\"28 mujeres muertas y el PP reduce el presupuesto para luchar contra la violencia machista\"}]},{\"@type\":\"WebSite\",\"@id\":\"https:\/\/www.psoecaceres.com\/es\/#website\",\"url\":\"https:\/\/www.psoecaceres.com\/es\/\",\"name\":\"PSOE provincia de C\u00e1ceres\",\"description\":\"Pasi\u00f3n por Nuestros Pueblos\",\"publisher\":{\"@id\":\"https:\/\/www.psoecaceres.com\/es\/#organization\"},\"alternateName\":\"PSOE Caceres\",\"potentialAction\":[{\"@type\":\"SearchAction\",\"target\":{\"@type\":\"EntryPoint\",\"urlTemplate\":\"https:\/\/www.psoecaceres.com\/es\/?s={search_term_string}\"},\"query-input\":{\"@type\":\"PropertyValueSpecification\",\"valueRequired\":true,\"valueName\":\"search_term_string\"}}],\"inLanguage\":\"es\"},{\"@type\":\"Organization\",\"@id\":\"https:\/\/www.psoecaceres.com\/es\/#organization\",\"name\":\"Psoe C\u00e1ceres\",\"alternateName\":\"PSOE Caceres\",\"url\":\"https:\/\/www.psoecaceres.com\/es\/\",\"logo\":{\"@type\":\"ImageObject\",\"inLanguage\":\"es\",\"@id\":\"https:\/\/www.psoecaceres.com\/es\/#\/schema\/logo\/image\/\",\"url\":\"https:\/\/www.psoecaceres.com\/es\/wp-content\/uploads\/2020\/08\/logo-psoe-caceres-web-2020.png\",\"contentUrl\":\"https:\/\/www.psoecaceres.com\/es\/wp-content\/uploads\/2020\/08\/logo-psoe-caceres-web-2020.png\",\"width\":180,\"height\":105,\"caption\":\"Psoe C\u00e1ceres\"},\"image\":{\"@id\":\"https:\/\/www.psoecaceres.com\/es\/#\/schema\/logo\/image\/\"},\"sameAs\":[\"https:\/\/www.facebook.com\/psoecaceres\",\"https:\/\/x.com\/PSOEC\"]},{\"@type\":\"Person\",\"@id\":\"https:\/\/www.psoecaceres.com\/es\/#\/schema\/person\/f39f54f038cc2ed62af85f6d76c466a9\",\"name\":\"PSOE\",\"url\":\"https:\/\/www.psoecaceres.com\/es\/author\/ivar\/\"}]}<\/script>\n<!-- \/ Yoast SEO plugin. -->","yoast_head_json":{"title":"28 mujeres muertas y el PP reduce el presupuesto para luchar contra la violencia machista - PSOE provincia de C\u00e1ceres","description":"Roc\u00edo Bermejo, Leire Iglesias, Bego\u00f1a Garc\u00eda y Miguel \u00c1ngel Morales estuvieron este lunes en Torrejoncillo. #T\u00faMuevesEuropa.","robots":{"index":"index","follow":"follow","max-snippet":"max-snippet:-1","max-image-preview":"max-image-preview:large","max-video-preview":"max-video-preview:-1"},"canonical":"https:\/\/www.psoecaceres.com\/es\/actualidad\/28-mujeres-muertas-y-el-pp-reduce-el-presupuesto-para-luchar-contra-la-violencia-machista\/","og_locale":"es_ES","og_type":"article","og_title":"28 mujeres muertas y el PP reduce el presupuesto para luchar contra la violencia machista - PSOE provincia de C\u00e1ceres","og_description":"Roc\u00edo Bermejo, Leire Iglesias, Bego\u00f1a Garc\u00eda y Miguel \u00c1ngel Morales estuvieron este lunes en Torrejoncillo. #T\u00faMuevesEuropa.","og_url":"https:\/\/www.psoecaceres.com\/es\/actualidad\/28-mujeres-muertas-y-el-pp-reduce-el-presupuesto-para-luchar-contra-la-violencia-machista\/","og_site_name":"PSOE provincia de C\u00e1ceres","article_publisher":"https:\/\/www.facebook.com\/psoecaceres","article_published_time":"2014-05-06T05:38:36+00:00","og_image":[{"width":600,"height":363,"url":"https:\/\/www.psoecaceres.com\/es\/wp-content\/uploads\/2014\/05\/Roc\u00edo-Bermejo-Leire-Iglesias-Bego\u00f1a-Garc\u00eda-y-Miguel-\u00c1ngel-Morales-estuvieron-este-lunes-en-Torrejoncillo.1.jpg","type":"image\/jpeg"}],"author":"PSOE","twitter_card":"summary_large_image","twitter_creator":"@PSOEC","twitter_site":"@PSOEC","twitter_misc":{"Escrito por":"PSOE","Tiempo de lectura":"2 minutos"},"schema":{"@context":"https:\/\/schema.org","@graph":[{"@type":"Article","@id":"https:\/\/www.psoecaceres.com\/es\/actualidad\/28-mujeres-muertas-y-el-pp-reduce-el-presupuesto-para-luchar-contra-la-violencia-machista\/#article","isPartOf":{"@id":"https:\/\/www.psoecaceres.com\/es\/actualidad\/28-mujeres-muertas-y-el-pp-reduce-el-presupuesto-para-luchar-contra-la-violencia-machista\/"},"author":{"name":"PSOE","@id":"https:\/\/www.psoecaceres.com\/es\/#\/schema\/person\/f39f54f038cc2ed62af85f6d76c466a9"},"headline":"28 mujeres muertas y el PP reduce el presupuesto para luchar contra la violencia machista","datePublished":"2014-05-06T05:38:36+00:00","mainEntityOfPage":{"@id":"https:\/\/www.psoecaceres.com\/es\/actualidad\/28-mujeres-muertas-y-el-pp-reduce-el-presupuesto-para-luchar-contra-la-violencia-machista\/"},"wordCount":406,"commentCount":0,"publisher":{"@id":"https:\/\/www.psoecaceres.com\/es\/#organization"},"image":{"@id":"https:\/\/www.psoecaceres.com\/es\/actualidad\/28-mujeres-muertas-y-el-pp-reduce-el-presupuesto-para-luchar-contra-la-violencia-machista\/#primaryimage"},"thumbnailUrl":"https:\/\/www.psoecaceres.com\/es\/wp-content\/uploads\/2014\/05\/Roc\u00edo-Bermejo-Leire-Iglesias-Bego\u00f1a-Garc\u00eda-y-Miguel-\u00c1ngel-Morales-estuvieron-este-lunes-en-Torrejoncillo.1.jpg","keywords":["destacada"],"articleSection":["Actualidad"],"inLanguage":"es","potentialAction":[{"@type":"CommentAction","name":"Comment","target":["https:\/\/www.psoecaceres.com\/es\/actualidad\/28-mujeres-muertas-y-el-pp-reduce-el-presupuesto-para-luchar-contra-la-violencia-machista\/#respond"]}]},{"@type":"WebPage","@id":"https:\/\/www.psoecaceres.com\/es\/actualidad\/28-mujeres-muertas-y-el-pp-reduce-el-presupuesto-para-luchar-contra-la-violencia-machista\/","url":"https:\/\/www.psoecaceres.com\/es\/actualidad\/28-mujeres-muertas-y-el-pp-reduce-el-presupuesto-para-luchar-contra-la-violencia-machista\/","name":"28 mujeres muertas y el PP reduce el presupuesto para luchar contra la violencia machista - PSOE provincia de C\u00e1ceres","isPartOf":{"@id":"https:\/\/www.psoecaceres.com\/es\/#website"},"primaryImageOfPage":{"@id":"https:\/\/www.psoecaceres.com\/es\/actualidad\/28-mujeres-muertas-y-el-pp-reduce-el-presupuesto-para-luchar-contra-la-violencia-machista\/#primaryimage"},"image":{"@id":"https:\/\/www.psoecaceres.com\/es\/actualidad\/28-mujeres-muertas-y-el-pp-reduce-el-presupuesto-para-luchar-contra-la-violencia-machista\/#primaryimage"},"thumbnailUrl":"https:\/\/www.psoecaceres.com\/es\/wp-content\/uploads\/2014\/05\/Roc\u00edo-Bermejo-Leire-Iglesias-Bego\u00f1a-Garc\u00eda-y-Miguel-\u00c1ngel-Morales-estuvieron-este-lunes-en-Torrejoncillo.1.jpg","datePublished":"2014-05-06T05:38:36+00:00","description":"Roc\u00edo Bermejo, Leire Iglesias, Bego\u00f1a Garc\u00eda y Miguel \u00c1ngel Morales estuvieron este lunes en Torrejoncillo. #T\u00faMuevesEuropa.","breadcrumb":{"@id":"https:\/\/www.psoecaceres.com\/es\/actualidad\/28-mujeres-muertas-y-el-pp-reduce-el-presupuesto-para-luchar-contra-la-violencia-machista\/#breadcrumb"},"inLanguage":"es","potentialAction":[{"@type":"ReadAction","target":["https:\/\/www.psoecaceres.com\/es\/actualidad\/28-mujeres-muertas-y-el-pp-reduce-el-presupuesto-para-luchar-contra-la-violencia-machista\/"]}]},{"@type":"ImageObject","inLanguage":"es","@id":"https:\/\/www.psoecaceres.com\/es\/actualidad\/28-mujeres-muertas-y-el-pp-reduce-el-presupuesto-para-luchar-contra-la-violencia-machista\/#primaryimage","url":"https:\/\/www.psoecaceres.com\/es\/wp-content\/uploads\/2014\/05\/Roc\u00edo-Bermejo-Leire-Iglesias-Bego\u00f1a-Garc\u00eda-y-Miguel-\u00c1ngel-Morales-estuvieron-este-lunes-en-Torrejoncillo.1.jpg","contentUrl":"https:\/\/www.psoecaceres.com\/es\/wp-content\/uploads\/2014\/05\/Roc\u00edo-Bermejo-Leire-Iglesias-Bego\u00f1a-Garc\u00eda-y-Miguel-\u00c1ngel-Morales-estuvieron-este-lunes-en-Torrejoncillo.1.jpg","width":600,"height":363},{"@type":"BreadcrumbList","@id":"https:\/\/www.psoecaceres.com\/es\/actualidad\/28-mujeres-muertas-y-el-pp-reduce-el-presupuesto-para-luchar-contra-la-violencia-machista\/#breadcrumb","itemListElement":[{"@type":"ListItem","position":1,"name":"Portada","item":"https:\/\/www.psoecaceres.com\/es\/"},{"@type":"ListItem","position":2,"name":"28 mujeres muertas y el PP reduce el presupuesto para luchar contra la violencia machista"}]},{"@type":"WebSite","@id":"https:\/\/www.psoecaceres.com\/es\/#website","url":"https:\/\/www.psoecaceres.com\/es\/","name":"PSOE provincia de C\u00e1ceres","description":"Pasi\u00f3n por Nuestros Pueblos","publisher":{"@id":"https:\/\/www.psoecaceres.com\/es\/#organization"},"alternateName":"PSOE Caceres","potentialAction":[{"@type":"SearchAction","target":{"@type":"EntryPoint","urlTemplate":"https:\/\/www.psoecaceres.com\/es\/?s={search_term_string}"},"query-input":{"@type":"PropertyValueSpecification","valueRequired":true,"valueName":"search_term_string"}}],"inLanguage":"es"},{"@type":"Organization","@id":"https:\/\/www.psoecaceres.com\/es\/#organization","name":"Psoe C\u00e1ceres","alternateName":"PSOE Caceres","url":"https:\/\/www.psoecaceres.com\/es\/","logo":{"@type":"ImageObject","inLanguage":"es","@id":"https:\/\/www.psoecaceres.com\/es\/#\/schema\/logo\/image\/","url":"https:\/\/www.psoecaceres.com\/es\/wp-content\/uploads\/2020\/08\/logo-psoe-caceres-web-2020.png","contentUrl":"https:\/\/www.psoecaceres.com\/es\/wp-content\/uploads\/2020\/08\/logo-psoe-caceres-web-2020.png","width":180,"height":105,"caption":"Psoe C\u00e1ceres"},"image":{"@id":"https:\/\/www.psoecaceres.com\/es\/#\/schema\/logo\/image\/"},"sameAs":["https:\/\/www.facebook.com\/psoecaceres","https:\/\/x.com\/PSOEC"]},{"@type":"Person","@id":"https:\/\/www.psoecaceres.com\/es\/#\/schema\/person\/f39f54f038cc2ed62af85f6d76c466a9","name":"PSOE","url":"https:\/\/www.psoecaceres.com\/es\/author\/ivar\/"}]}},"_links":{"self":[{"href":"https:\/\/www.psoecaceres.com\/es\/wp-json\/wp\/v2\/posts\/6943","targetHints":{"allow":["GET"]}}],"collection":[{"href":"https:\/\/www.psoecaceres.com\/es\/wp-json\/wp\/v2\/posts"}],"about":[{"href":"https:\/\/www.psoecaceres.com\/es\/wp-json\/wp\/v2\/types\/post"}],"author":[{"embeddable":true,"href":"https:\/\/www.psoecaceres.com\/es\/wp-json\/wp\/v2\/users\/3"}],"replies":[{"embeddable":true,"href":"https:\/\/www.psoecaceres.com\/es\/wp-json\/wp\/v2\/comments?post=6943"}],"version-history":[{"count":0,"href":"https:\/\/www.psoecaceres.com\/es\/wp-json\/wp\/v2\/posts\/6943\/revisions"}],"wp:featuredmedia":[{"embeddable":true,"href":"https:\/\/www.psoecaceres.com\/es\/wp-json\/wp\/v2\/media\/6945"}],"wp:attachment":[{"href":"https:\/\/www.psoecaceres.com\/es\/wp-json\/wp\/v2\/media?parent=6943"}],"wp:term":[{"taxonomy":"category","embeddable":true,"href":"https:\/\/www.psoecaceres.com\/es\/wp-json\/wp\/v2\/categories?post=6943"},{"taxonomy":"post_tag","embeddable":true,"href":"https:\/\/www.psoecaceres.com\/es\/wp-json\/wp\/v2\/tags?post=6943"}],"curies":[{"name":"wp","href":"https:\/\/api.w.org\/{rel}","templated":true}]}}