{"id":75848,"date":"2026-03-09T05:50:02","date_gmt":"2026-03-09T03:50:02","guid":{"rendered":"https:\/\/www.psoecaceres.com\/es\/?p=75848"},"modified":"2026-03-06T19:16:46","modified_gmt":"2026-03-06T17:16:46","slug":"el-psoe-denuncia-el-desmantelamiento-del-asociacionismo-juvenil-por-parte-del-gobierno-de-rafa-mateos","status":"publish","type":"post","link":"https:\/\/www.psoecaceres.com\/es\/actualidad\/el-psoe-denuncia-el-desmantelamiento-del-asociacionismo-juvenil-por-parte-del-gobierno-de-rafa-mateos\/","title":{"rendered":"El PSOE denuncia el desmantelamiento del asociacionismo juvenil por parte del Gobierno de Rafa Mateos"},"content":{"rendered":"<p data-start=\"243\" data-end=\"417\"><strong>El Grupo Municipal Socialista critica que, tras casi tres a\u00f1os de legislatura, el equipo de Rafa Mateos siga sin llevar a cabo proyectos para el sector joven.<\/strong><\/p>\n<p data-start=\"419\" data-end=\"936\">El <strong data-start=\"422\" data-end=\"452\">Grupo Municipal Socialista<\/strong> ha denunciado, tras la celebraci\u00f3n de la <strong data-start=\"498\" data-end=\"522\">Comisi\u00f3n de Juventud<\/strong>, la situaci\u00f3n de <strong data-start=\"540\" data-end=\"564\">\u201cpar\u00e1lisis absoluta\u201d<\/strong> que sufren las pol\u00edticas dirigidas a <strong data-start=\"602\" data-end=\"626\">la juventud cacere\u00f1a<\/strong>. La portavoz socialista, <strong data-start=\"652\" data-end=\"671\">Bel\u00e9n Fern\u00e1ndez<\/strong>, ha criticado que, tras casi tres a\u00f1os de legislatura, <strong data-start=\"727\" data-end=\"935\">\u201cel equipo de Rafa Mateos siga sin llevar a cabo proyectos para el sector joven de la ciudad, limit\u00e1ndose a dar estad\u00edsticas vac\u00edas que no se traducen en acciones reales para el tejido asociativo juvenil\u201d<\/strong>.<\/p>\n<p data-start=\"938\" data-end=\"1364\">Respecto al <strong data-start=\"950\" data-end=\"980\">Festival de Cultura Urbana<\/strong>, el PSOE ha lamentado la <strong data-start=\"1006\" data-end=\"1036\">falta de avances concretos<\/strong> y, especialmente, el <strong data-start=\"1058\" data-end=\"1103\">desprecio al Consejo Local de la Juventud<\/strong>. A pesar de que el Gobierno local ha mantenido reuniones con el <strong data-start=\"1168\" data-end=\"1218\">Instituto de la Juventud de Extremadura (IJEx)<\/strong> para buscar <strong data-start=\"1231\" data-end=\"1255\">financiaci\u00f3n externa<\/strong>, ha optado por <strong data-start=\"1271\" data-end=\"1319\">excluir a las asociaciones juveniles locales<\/strong> en la b\u00fasqueda de soluci\u00f3n a su continuidad.<\/p>\n<p data-start=\"1366\" data-end=\"1700\">\u201c<strong data-start=\"1367\" data-end=\"1486\">Est\u00e1n empezando la casa por el tejado. Buscan el dinero antes de contar con quienes deben dar contenido al festival<\/strong>,\u201d ha se\u00f1alado Fern\u00e1ndez, advirtiendo que <strong data-start=\"1528\" data-end=\"1622\">este ninguneo est\u00e1 deteriorando y debilitando seriamente el tejido asociativo de la ciudad<\/strong> y que <strong data-start=\"1629\" data-end=\"1699\">\u201ccarece de sentido, puesto que la dotaci\u00f3n ya exist\u00eda previamente\u201d<\/strong>.<\/p>\n<p data-start=\"1702\" data-end=\"1757\"><strong data-start=\"1702\" data-end=\"1757\">INDEFENSI\u00d3N EN LAS SUBVENCIONES Y FALTA DE PERSONAL<\/strong><\/p>\n<p data-start=\"1759\" data-end=\"2085\">La <strong data-start=\"1762\" data-end=\"1810\">gesti\u00f3n de las subvenciones de Juventud 2025<\/strong> es otro de los puntos cr\u00edticos se\u00f1alados por los socialistas. A d\u00eda de hoy, <strong data-start=\"1887\" data-end=\"1964\">las asociaciones desconocen si la justificaci\u00f3n de sus ayudas es correcta<\/strong> y <strong data-start=\"1967\" data-end=\"2013\">siguen esperando el pago del segundo plazo<\/strong>, lo que genera una situaci\u00f3n de <strong data-start=\"2046\" data-end=\"2084\">total desinformaci\u00f3n e indefensi\u00f3n<\/strong>.<\/p>\n<p data-start=\"2087\" data-end=\"2630\">La respuesta del Gobierno municipal vincula este retraso a la <strong data-start=\"2149\" data-end=\"2203\">resoluci\u00f3n de la plaza del Coordinador de Juventud<\/strong>, un proceso que, seg\u00fan el equipo de gobierno, est\u00e1 <strong data-start=\"2255\" data-end=\"2281\">\u201ccasi casi\u201d finalizado<\/strong> y que ha provocado que <strong data-start=\"2305\" data-end=\"2394\">trabajadores de otras \u00e1reas hayan tenido que asumir una carga que no les correspond\u00eda<\/strong>, generando <strong data-start=\"2406\" data-end=\"2427\">un retraso enorme<\/strong>. Para la portavoz, <strong data-start=\"2447\" data-end=\"2629\">\u201cesto es una evidencia m\u00e1s del \u2018adelgazamiento\u2019 de la administraci\u00f3n y la escasez de recursos humanos que est\u00e1 lastrando el funcionamiento de las \u00e1reas municipales m\u00e1s sensibles\u201d<\/strong>.<\/p>\n<p data-start=\"2632\" data-end=\"2878\">Finalmente, la portavoz socialista ha afeado que el <strong data-start=\"2684\" data-end=\"2714\">Plan Municipal de Juventud<\/strong> siga <strong data-start=\"2720\" data-end=\"2748\">completamente paralizado<\/strong>. Ha pasado ya <strong data-start=\"2763\" data-end=\"2843\">un a\u00f1o desde que el Pleno aprob\u00f3 la moci\u00f3n socialista para ponerlo en marcha<\/strong>, pero <strong data-start=\"2850\" data-end=\"2877\">sigue sin haber avances<\/strong>.<\/p>\n<p data-start=\"2880\" data-end=\"3379\"><strong data-start=\"2880\" data-end=\"2899\">Bel\u00e9n Fern\u00e1ndez<\/strong> ha sido tajante en su valoraci\u00f3n:<br data-start=\"2933\" data-end=\"2936\" \/><strong data-start=\"2936\" data-end=\"3379\">\u201cEs desolador comprobar que, tras tres a\u00f1os de gobierno del Partido Popular, la pol\u00edtica de juventud en C\u00e1ceres es la nada absoluta. La concejala se limita a darnos estad\u00edsticas que no sirven de nada si no hay pol\u00edticas detr\u00e1s. No se puede gestionar una ciudad a base de buenas intenciones que nunca se materializan; los j\u00f3venes cacere\u00f1os necesitan realidades, no un Gobierno que les da la espalda y bloquea su capacidad de participaci\u00f3n.\u201d<\/strong><\/p>\n<p data-start=\"2880\" data-end=\"3379\"><a href=\"https:\/\/www.psoecaceres.com\/es\/?attachment_id=75852\" rel=\"attachment wp-att-75852\"><img loading=\"lazy\" decoding=\"async\" class=\"alignleft size-large wp-image-75852\" src=\"https:\/\/www.psoecaceres.com\/es\/wp-content\/uploads\/2026\/03\/Belen-Fernandez-819x1024.jpg\" alt=\"\" width=\"819\" height=\"1024\" \/><\/a><\/p>\n","protected":false},"excerpt":{"rendered":"<p>El Grupo Municipal Socialista critica que, tras casi tres a\u00f1os de legislatura, el equipo de Rafa Mateos siga sin llevar a cabo proyectos para el sector joven. El Grupo Municipal Socialista ha denunciado, tras la celebraci\u00f3n de la Comisi\u00f3n de Juventud, la situaci\u00f3n de \u201cpar\u00e1lisis absoluta\u201d que sufren las pol\u00edticas dirigidas a la juventud cacere\u00f1a. [&hellip;]<\/p>\n","protected":false},"author":3,"featured_media":75855,"comment_status":"open","ping_status":"open","sticky":false,"template":"","format":"standard","meta":{"_et_pb_use_builder":"","_et_pb_old_content":"","_et_gb_content_width":"","footnotes":""},"categories":[21,222,246,20],"tags":[151],"class_list":["post-75848","post","type-post","status-publish","format-standard","has-post-thumbnail","hentry","category-actualidad","category-municipio-a-municipio","category-noticias","category-prensa","tag-destacada"],"yoast_head":"<!-- This site is optimized with the Yoast SEO plugin v26.7 - https:\/\/yoast.com\/wordpress\/plugins\/seo\/ -->\n<title>El PSOE denuncia el desmantelamiento del asociacionismo juvenil por parte del Gobierno de Rafa Mateos - PSOE provincia de C\u00e1ceres<\/title>\n<meta name=\"robots\" content=\"index, follow, max-snippet:-1, max-image-preview:large, max-video-preview:-1\" \/>\n<link rel=\"canonical\" href=\"https:\/\/www.psoecaceres.com\/es\/prensa\/el-psoe-denuncia-el-desmantelamiento-del-asociacionismo-juvenil-por-parte-del-gobierno-de-rafa-mateos\/\" \/>\n<meta property=\"og:locale\" content=\"es_ES\" \/>\n<meta property=\"og:type\" content=\"article\" \/>\n<meta property=\"og:title\" content=\"El PSOE denuncia el desmantelamiento del asociacionismo juvenil por parte del Gobierno de Rafa Mateos - PSOE provincia de C\u00e1ceres\" \/>\n<meta property=\"og:description\" content=\"El Grupo Municipal Socialista critica que, tras casi tres a\u00f1os de legislatura, el equipo de Rafa Mateos siga sin llevar a cabo proyectos para el sector joven. El Grupo Municipal Socialista ha denunciado, tras la celebraci\u00f3n de la Comisi\u00f3n de Juventud, la situaci\u00f3n de \u201cpar\u00e1lisis absoluta\u201d que sufren las pol\u00edticas dirigidas a la juventud cacere\u00f1a. [&hellip;]\" \/>\n<meta property=\"og:url\" content=\"https:\/\/www.psoecaceres.com\/es\/prensa\/el-psoe-denuncia-el-desmantelamiento-del-asociacionismo-juvenil-por-parte-del-gobierno-de-rafa-mateos\/\" \/>\n<meta property=\"og:site_name\" content=\"PSOE provincia de C\u00e1ceres\" \/>\n<meta property=\"article:publisher\" content=\"https:\/\/www.facebook.com\/psoecaceres\" \/>\n<meta property=\"article:published_time\" content=\"2026-03-09T03:50:02+00:00\" \/>\n<meta property=\"og:image\" content=\"https:\/\/www.psoecaceres.com\/es\/wp-content\/uploads\/2026\/03\/Belen-Fernandez-portavoz-GMS.jpg\" \/>\n\t<meta property=\"og:image:width\" content=\"1148\" \/>\n\t<meta property=\"og:image:height\" content=\"771\" \/>\n\t<meta property=\"og:image:type\" content=\"image\/jpeg\" \/>\n<meta name=\"author\" content=\"PSOE\" \/>\n<meta name=\"twitter:card\" content=\"summary_large_image\" \/>\n<meta name=\"twitter:creator\" content=\"@PSOEC\" \/>\n<meta name=\"twitter:site\" content=\"@PSOEC\" \/>\n<meta name=\"twitter:label1\" content=\"Escrito por\" \/>\n\t<meta name=\"twitter:data1\" content=\"PSOE\" \/>\n\t<meta name=\"twitter:label2\" content=\"Tiempo de lectura\" \/>\n\t<meta name=\"twitter:data2\" content=\"3 minutos\" \/>\n<script type=\"application\/ld+json\" class=\"yoast-schema-graph\">{\"@context\":\"https:\/\/schema.org\",\"@graph\":[{\"@type\":\"Article\",\"@id\":\"https:\/\/www.psoecaceres.com\/es\/prensa\/el-psoe-denuncia-el-desmantelamiento-del-asociacionismo-juvenil-por-parte-del-gobierno-de-rafa-mateos\/#article\",\"isPartOf\":{\"@id\":\"https:\/\/www.psoecaceres.com\/es\/prensa\/el-psoe-denuncia-el-desmantelamiento-del-asociacionismo-juvenil-por-parte-del-gobierno-de-rafa-mateos\/\"},\"author\":{\"name\":\"PSOE\",\"@id\":\"https:\/\/www.psoecaceres.com\/es\/#\/schema\/person\/f39f54f038cc2ed62af85f6d76c466a9\"},\"headline\":\"El PSOE denuncia el desmantelamiento del asociacionismo juvenil por parte del Gobierno de Rafa Mateos\",\"datePublished\":\"2026-03-09T03:50:02+00:00\",\"mainEntityOfPage\":{\"@id\":\"https:\/\/www.psoecaceres.com\/es\/prensa\/el-psoe-denuncia-el-desmantelamiento-del-asociacionismo-juvenil-por-parte-del-gobierno-de-rafa-mateos\/\"},\"wordCount\":543,\"commentCount\":0,\"publisher\":{\"@id\":\"https:\/\/www.psoecaceres.com\/es\/#organization\"},\"image\":{\"@id\":\"https:\/\/www.psoecaceres.com\/es\/prensa\/el-psoe-denuncia-el-desmantelamiento-del-asociacionismo-juvenil-por-parte-del-gobierno-de-rafa-mateos\/#primaryimage\"},\"thumbnailUrl\":\"https:\/\/www.psoecaceres.com\/es\/wp-content\/uploads\/2026\/03\/Belen-Fernandez-portavoz-GMS.jpg\",\"keywords\":[\"destacada\"],\"articleSection\":[\"Actualidad\",\"Municipio a Municipio\",\"Noticias\",\"Prensa\"],\"inLanguage\":\"es\",\"potentialAction\":[{\"@type\":\"CommentAction\",\"name\":\"Comment\",\"target\":[\"https:\/\/www.psoecaceres.com\/es\/prensa\/el-psoe-denuncia-el-desmantelamiento-del-asociacionismo-juvenil-por-parte-del-gobierno-de-rafa-mateos\/#respond\"]}]},{\"@type\":\"WebPage\",\"@id\":\"https:\/\/www.psoecaceres.com\/es\/prensa\/el-psoe-denuncia-el-desmantelamiento-del-asociacionismo-juvenil-por-parte-del-gobierno-de-rafa-mateos\/\",\"url\":\"https:\/\/www.psoecaceres.com\/es\/prensa\/el-psoe-denuncia-el-desmantelamiento-del-asociacionismo-juvenil-por-parte-del-gobierno-de-rafa-mateos\/\",\"name\":\"El PSOE denuncia el desmantelamiento del asociacionismo juvenil por parte del Gobierno de Rafa Mateos - PSOE provincia de C\u00e1ceres\",\"isPartOf\":{\"@id\":\"https:\/\/www.psoecaceres.com\/es\/#website\"},\"primaryImageOfPage\":{\"@id\":\"https:\/\/www.psoecaceres.com\/es\/prensa\/el-psoe-denuncia-el-desmantelamiento-del-asociacionismo-juvenil-por-parte-del-gobierno-de-rafa-mateos\/#primaryimage\"},\"image\":{\"@id\":\"https:\/\/www.psoecaceres.com\/es\/prensa\/el-psoe-denuncia-el-desmantelamiento-del-asociacionismo-juvenil-por-parte-del-gobierno-de-rafa-mateos\/#primaryimage\"},\"thumbnailUrl\":\"https:\/\/www.psoecaceres.com\/es\/wp-content\/uploads\/2026\/03\/Belen-Fernandez-portavoz-GMS.jpg\",\"datePublished\":\"2026-03-09T03:50:02+00:00\",\"breadcrumb\":{\"@id\":\"https:\/\/www.psoecaceres.com\/es\/prensa\/el-psoe-denuncia-el-desmantelamiento-del-asociacionismo-juvenil-por-parte-del-gobierno-de-rafa-mateos\/#breadcrumb\"},\"inLanguage\":\"es\",\"potentialAction\":[{\"@type\":\"ReadAction\",\"target\":[\"https:\/\/www.psoecaceres.com\/es\/prensa\/el-psoe-denuncia-el-desmantelamiento-del-asociacionismo-juvenil-por-parte-del-gobierno-de-rafa-mateos\/\"]}]},{\"@type\":\"ImageObject\",\"inLanguage\":\"es\",\"@id\":\"https:\/\/www.psoecaceres.com\/es\/prensa\/el-psoe-denuncia-el-desmantelamiento-del-asociacionismo-juvenil-por-parte-del-gobierno-de-rafa-mateos\/#primaryimage\",\"url\":\"https:\/\/www.psoecaceres.com\/es\/wp-content\/uploads\/2026\/03\/Belen-Fernandez-portavoz-GMS.jpg\",\"contentUrl\":\"https:\/\/www.psoecaceres.com\/es\/wp-content\/uploads\/2026\/03\/Belen-Fernandez-portavoz-GMS.jpg\",\"width\":1148,\"height\":771},{\"@type\":\"BreadcrumbList\",\"@id\":\"https:\/\/www.psoecaceres.com\/es\/prensa\/el-psoe-denuncia-el-desmantelamiento-del-asociacionismo-juvenil-por-parte-del-gobierno-de-rafa-mateos\/#breadcrumb\",\"itemListElement\":[{\"@type\":\"ListItem\",\"position\":1,\"name\":\"Portada\",\"item\":\"https:\/\/www.psoecaceres.com\/es\/\"},{\"@type\":\"ListItem\",\"position\":2,\"name\":\"El PSOE denuncia el desmantelamiento del asociacionismo juvenil por parte del Gobierno de Rafa Mateos\"}]},{\"@type\":\"WebSite\",\"@id\":\"https:\/\/www.psoecaceres.com\/es\/#website\",\"url\":\"https:\/\/www.psoecaceres.com\/es\/\",\"name\":\"PSOE provincia de C\u00e1ceres\",\"description\":\"Pasi\u00f3n por Nuestros Pueblos\",\"publisher\":{\"@id\":\"https:\/\/www.psoecaceres.com\/es\/#organization\"},\"alternateName\":\"PSOE Caceres\",\"potentialAction\":[{\"@type\":\"SearchAction\",\"target\":{\"@type\":\"EntryPoint\",\"urlTemplate\":\"https:\/\/www.psoecaceres.com\/es\/?s={search_term_string}\"},\"query-input\":{\"@type\":\"PropertyValueSpecification\",\"valueRequired\":true,\"valueName\":\"search_term_string\"}}],\"inLanguage\":\"es\"},{\"@type\":\"Organization\",\"@id\":\"https:\/\/www.psoecaceres.com\/es\/#organization\",\"name\":\"Psoe C\u00e1ceres\",\"alternateName\":\"PSOE Caceres\",\"url\":\"https:\/\/www.psoecaceres.com\/es\/\",\"logo\":{\"@type\":\"ImageObject\",\"inLanguage\":\"es\",\"@id\":\"https:\/\/www.psoecaceres.com\/es\/#\/schema\/logo\/image\/\",\"url\":\"https:\/\/www.psoecaceres.com\/es\/wp-content\/uploads\/2020\/08\/logo-psoe-caceres-web-2020.png\",\"contentUrl\":\"https:\/\/www.psoecaceres.com\/es\/wp-content\/uploads\/2020\/08\/logo-psoe-caceres-web-2020.png\",\"width\":180,\"height\":105,\"caption\":\"Psoe C\u00e1ceres\"},\"image\":{\"@id\":\"https:\/\/www.psoecaceres.com\/es\/#\/schema\/logo\/image\/\"},\"sameAs\":[\"https:\/\/www.facebook.com\/psoecaceres\",\"https:\/\/x.com\/PSOEC\"]},{\"@type\":\"Person\",\"@id\":\"https:\/\/www.psoecaceres.com\/es\/#\/schema\/person\/f39f54f038cc2ed62af85f6d76c466a9\",\"name\":\"PSOE\",\"url\":\"https:\/\/www.psoecaceres.com\/es\/author\/ivar\/\"}]}<\/script>\n<!-- \/ Yoast SEO plugin. -->","yoast_head_json":{"title":"El PSOE denuncia el desmantelamiento del asociacionismo juvenil por parte del Gobierno de Rafa Mateos - PSOE provincia de C\u00e1ceres","robots":{"index":"index","follow":"follow","max-snippet":"max-snippet:-1","max-image-preview":"max-image-preview:large","max-video-preview":"max-video-preview:-1"},"canonical":"https:\/\/www.psoecaceres.com\/es\/prensa\/el-psoe-denuncia-el-desmantelamiento-del-asociacionismo-juvenil-por-parte-del-gobierno-de-rafa-mateos\/","og_locale":"es_ES","og_type":"article","og_title":"El PSOE denuncia el desmantelamiento del asociacionismo juvenil por parte del Gobierno de Rafa Mateos - PSOE provincia de C\u00e1ceres","og_description":"El Grupo Municipal Socialista critica que, tras casi tres a\u00f1os de legislatura, el equipo de Rafa Mateos siga sin llevar a cabo proyectos para el sector joven. El Grupo Municipal Socialista ha denunciado, tras la celebraci\u00f3n de la Comisi\u00f3n de Juventud, la situaci\u00f3n de \u201cpar\u00e1lisis absoluta\u201d que sufren las pol\u00edticas dirigidas a la juventud cacere\u00f1a. [&hellip;]","og_url":"https:\/\/www.psoecaceres.com\/es\/prensa\/el-psoe-denuncia-el-desmantelamiento-del-asociacionismo-juvenil-por-parte-del-gobierno-de-rafa-mateos\/","og_site_name":"PSOE provincia de C\u00e1ceres","article_publisher":"https:\/\/www.facebook.com\/psoecaceres","article_published_time":"2026-03-09T03:50:02+00:00","og_image":[{"width":1148,"height":771,"url":"https:\/\/www.psoecaceres.com\/es\/wp-content\/uploads\/2026\/03\/Belen-Fernandez-portavoz-GMS.jpg","type":"image\/jpeg"}],"author":"PSOE","twitter_card":"summary_large_image","twitter_creator":"@PSOEC","twitter_site":"@PSOEC","twitter_misc":{"Escrito por":"PSOE","Tiempo de lectura":"3 minutos"},"schema":{"@context":"https:\/\/schema.org","@graph":[{"@type":"Article","@id":"https:\/\/www.psoecaceres.com\/es\/prensa\/el-psoe-denuncia-el-desmantelamiento-del-asociacionismo-juvenil-por-parte-del-gobierno-de-rafa-mateos\/#article","isPartOf":{"@id":"https:\/\/www.psoecaceres.com\/es\/prensa\/el-psoe-denuncia-el-desmantelamiento-del-asociacionismo-juvenil-por-parte-del-gobierno-de-rafa-mateos\/"},"author":{"name":"PSOE","@id":"https:\/\/www.psoecaceres.com\/es\/#\/schema\/person\/f39f54f038cc2ed62af85f6d76c466a9"},"headline":"El PSOE denuncia el desmantelamiento del asociacionismo juvenil por parte del Gobierno de Rafa Mateos","datePublished":"2026-03-09T03:50:02+00:00","mainEntityOfPage":{"@id":"https:\/\/www.psoecaceres.com\/es\/prensa\/el-psoe-denuncia-el-desmantelamiento-del-asociacionismo-juvenil-por-parte-del-gobierno-de-rafa-mateos\/"},"wordCount":543,"commentCount":0,"publisher":{"@id":"https:\/\/www.psoecaceres.com\/es\/#organization"},"image":{"@id":"https:\/\/www.psoecaceres.com\/es\/prensa\/el-psoe-denuncia-el-desmantelamiento-del-asociacionismo-juvenil-por-parte-del-gobierno-de-rafa-mateos\/#primaryimage"},"thumbnailUrl":"https:\/\/www.psoecaceres.com\/es\/wp-content\/uploads\/2026\/03\/Belen-Fernandez-portavoz-GMS.jpg","keywords":["destacada"],"articleSection":["Actualidad","Municipio a Municipio","Noticias","Prensa"],"inLanguage":"es","potentialAction":[{"@type":"CommentAction","name":"Comment","target":["https:\/\/www.psoecaceres.com\/es\/prensa\/el-psoe-denuncia-el-desmantelamiento-del-asociacionismo-juvenil-por-parte-del-gobierno-de-rafa-mateos\/#respond"]}]},{"@type":"WebPage","@id":"https:\/\/www.psoecaceres.com\/es\/prensa\/el-psoe-denuncia-el-desmantelamiento-del-asociacionismo-juvenil-por-parte-del-gobierno-de-rafa-mateos\/","url":"https:\/\/www.psoecaceres.com\/es\/prensa\/el-psoe-denuncia-el-desmantelamiento-del-asociacionismo-juvenil-por-parte-del-gobierno-de-rafa-mateos\/","name":"El PSOE denuncia el desmantelamiento del asociacionismo juvenil por parte del Gobierno de Rafa Mateos - PSOE provincia de C\u00e1ceres","isPartOf":{"@id":"https:\/\/www.psoecaceres.com\/es\/#website"},"primaryImageOfPage":{"@id":"https:\/\/www.psoecaceres.com\/es\/prensa\/el-psoe-denuncia-el-desmantelamiento-del-asociacionismo-juvenil-por-parte-del-gobierno-de-rafa-mateos\/#primaryimage"},"image":{"@id":"https:\/\/www.psoecaceres.com\/es\/prensa\/el-psoe-denuncia-el-desmantelamiento-del-asociacionismo-juvenil-por-parte-del-gobierno-de-rafa-mateos\/#primaryimage"},"thumbnailUrl":"https:\/\/www.psoecaceres.com\/es\/wp-content\/uploads\/2026\/03\/Belen-Fernandez-portavoz-GMS.jpg","datePublished":"2026-03-09T03:50:02+00:00","breadcrumb":{"@id":"https:\/\/www.psoecaceres.com\/es\/prensa\/el-psoe-denuncia-el-desmantelamiento-del-asociacionismo-juvenil-por-parte-del-gobierno-de-rafa-mateos\/#breadcrumb"},"inLanguage":"es","potentialAction":[{"@type":"ReadAction","target":["https:\/\/www.psoecaceres.com\/es\/prensa\/el-psoe-denuncia-el-desmantelamiento-del-asociacionismo-juvenil-por-parte-del-gobierno-de-rafa-mateos\/"]}]},{"@type":"ImageObject","inLanguage":"es","@id":"https:\/\/www.psoecaceres.com\/es\/prensa\/el-psoe-denuncia-el-desmantelamiento-del-asociacionismo-juvenil-por-parte-del-gobierno-de-rafa-mateos\/#primaryimage","url":"https:\/\/www.psoecaceres.com\/es\/wp-content\/uploads\/2026\/03\/Belen-Fernandez-portavoz-GMS.jpg","contentUrl":"https:\/\/www.psoecaceres.com\/es\/wp-content\/uploads\/2026\/03\/Belen-Fernandez-portavoz-GMS.jpg","width":1148,"height":771},{"@type":"BreadcrumbList","@id":"https:\/\/www.psoecaceres.com\/es\/prensa\/el-psoe-denuncia-el-desmantelamiento-del-asociacionismo-juvenil-por-parte-del-gobierno-de-rafa-mateos\/#breadcrumb","itemListElement":[{"@type":"ListItem","position":1,"name":"Portada","item":"https:\/\/www.psoecaceres.com\/es\/"},{"@type":"ListItem","position":2,"name":"El PSOE denuncia el desmantelamiento del asociacionismo juvenil por parte del Gobierno de Rafa Mateos"}]},{"@type":"WebSite","@id":"https:\/\/www.psoecaceres.com\/es\/#website","url":"https:\/\/www.psoecaceres.com\/es\/","name":"PSOE provincia de C\u00e1ceres","description":"Pasi\u00f3n por Nuestros Pueblos","publisher":{"@id":"https:\/\/www.psoecaceres.com\/es\/#organization"},"alternateName":"PSOE Caceres","potentialAction":[{"@type":"SearchAction","target":{"@type":"EntryPoint","urlTemplate":"https:\/\/www.psoecaceres.com\/es\/?s={search_term_string}"},"query-input":{"@type":"PropertyValueSpecification","valueRequired":true,"valueName":"search_term_string"}}],"inLanguage":"es"},{"@type":"Organization","@id":"https:\/\/www.psoecaceres.com\/es\/#organization","name":"Psoe C\u00e1ceres","alternateName":"PSOE Caceres","url":"https:\/\/www.psoecaceres.com\/es\/","logo":{"@type":"ImageObject","inLanguage":"es","@id":"https:\/\/www.psoecaceres.com\/es\/#\/schema\/logo\/image\/","url":"https:\/\/www.psoecaceres.com\/es\/wp-content\/uploads\/2020\/08\/logo-psoe-caceres-web-2020.png","contentUrl":"https:\/\/www.psoecaceres.com\/es\/wp-content\/uploads\/2020\/08\/logo-psoe-caceres-web-2020.png","width":180,"height":105,"caption":"Psoe C\u00e1ceres"},"image":{"@id":"https:\/\/www.psoecaceres.com\/es\/#\/schema\/logo\/image\/"},"sameAs":["https:\/\/www.facebook.com\/psoecaceres","https:\/\/x.com\/PSOEC"]},{"@type":"Person","@id":"https:\/\/www.psoecaceres.com\/es\/#\/schema\/person\/f39f54f038cc2ed62af85f6d76c466a9","name":"PSOE","url":"https:\/\/www.psoecaceres.com\/es\/author\/ivar\/"}]}},"_links":{"self":[{"href":"https:\/\/www.psoecaceres.com\/es\/wp-json\/wp\/v2\/posts\/75848","targetHints":{"allow":["GET"]}}],"collection":[{"href":"https:\/\/www.psoecaceres.com\/es\/wp-json\/wp\/v2\/posts"}],"about":[{"href":"https:\/\/www.psoecaceres.com\/es\/wp-json\/wp\/v2\/types\/post"}],"author":[{"embeddable":true,"href":"https:\/\/www.psoecaceres.com\/es\/wp-json\/wp\/v2\/users\/3"}],"replies":[{"embeddable":true,"href":"https:\/\/www.psoecaceres.com\/es\/wp-json\/wp\/v2\/comments?post=75848"}],"version-history":[{"count":3,"href":"https:\/\/www.psoecaceres.com\/es\/wp-json\/wp\/v2\/posts\/75848\/revisions"}],"predecessor-version":[{"id":75856,"href":"https:\/\/www.psoecaceres.com\/es\/wp-json\/wp\/v2\/posts\/75848\/revisions\/75856"}],"wp:featuredmedia":[{"embeddable":true,"href":"https:\/\/www.psoecaceres.com\/es\/wp-json\/wp\/v2\/media\/75855"}],"wp:attachment":[{"href":"https:\/\/www.psoecaceres.com\/es\/wp-json\/wp\/v2\/media?parent=75848"}],"wp:term":[{"taxonomy":"category","embeddable":true,"href":"https:\/\/www.psoecaceres.com\/es\/wp-json\/wp\/v2\/categories?post=75848"},{"taxonomy":"post_tag","embeddable":true,"href":"https:\/\/www.psoecaceres.com\/es\/wp-json\/wp\/v2\/tags?post=75848"}],"curies":[{"name":"wp","href":"https:\/\/api.w.org\/{rel}","templated":true}]}}