{"id":75857,"date":"2026-03-09T05:40:37","date_gmt":"2026-03-09T03:40:37","guid":{"rendered":"https:\/\/www.psoecaceres.com\/es\/?p=75857"},"modified":"2026-03-06T20:07:05","modified_gmt":"2026-03-06T18:07:05","slug":"casi-5-millones-de-euros-para-impulsar-el-desarrollo-social-y-economico-de-trasierra-tierras-de-granadilla","status":"publish","type":"post","link":"https:\/\/www.psoecaceres.com\/es\/actualidad\/casi-5-millones-de-euros-para-impulsar-el-desarrollo-social-y-economico-de-trasierra-tierras-de-granadilla\/","title":{"rendered":"Casi 5 millones de euros para impulsar el desarrollo social y econ\u00f3mico de Trasierra-Tierras de Granadilla"},"content":{"rendered":"<div class=\"flex max-w-full flex-col gap-4 grow\">\n<div class=\"min-h-8 text-message relative flex w-full flex-col items-end gap-2 text-start break-words whitespace-normal [.text-message+&amp;]:mt-1\" dir=\"auto\" data-message-author-role=\"assistant\" data-message-id=\"0aa154e6-2c42-453b-8f4d-b88dfdfab6ae\" data-message-model-slug=\"gpt-5-3\">\n<div class=\"flex w-full flex-col gap-1 empty:hidden\">\n<div class=\"markdown prose dark:prose-invert w-full wrap-break-word light markdown-new-styling\">\n<p data-start=\"112\" data-end=\"518\"><strong>La Diputaci\u00f3n de C\u00e1ceres ha presentado el Plan de Actuaci\u00f3n Integrado del \u00c1rea Urbana Funcional Trasierra-Tierras de Granadilla, en el marco de la Estrategia Europea de Desarrollo Integrado Local (EDIL), que contar\u00e1 con una inversi\u00f3n total de 4.875.866 euros para impulsar acciones contra la despoblaci\u00f3n, mejorar la movilidad y reforzar el desarrollo econ\u00f3mico y social del territorio.<\/strong><\/p>\n<p data-start=\"520\" data-end=\"855\">La reuni\u00f3n de arranque del proyecto se ha celebrado en <strong data-start=\"575\" data-end=\"585\">Ahigal<\/strong>, con la participaci\u00f3n de <strong data-start=\"611\" data-end=\"759\">alcaldes y alcaldesas de la comarca, representantes de la Mancomunidad Trasierra-Tierras de Granadilla y del Grupo de Acci\u00f3n Local CEDER C\u00e1parra<\/strong>, donde se han dado a conocer las principales actuaciones que se desarrollar\u00e1n en el territorio.<\/p>\n<p data-start=\"857\" data-end=\"1207\">La <strong data-start=\"860\" data-end=\"966\">vicepresidenta primera de Territorio, Igualdad y Cultura de la Diputaci\u00f3n de C\u00e1ceres, Esther Guti\u00e9rrez<\/strong>, ha destacado que el objetivo es <strong data-start=\"1000\" data-end=\"1048\">reactivar social y econ\u00f3micamente la comarca<\/strong>, afrontando <strong data-start=\"1061\" data-end=\"1120\">el reto demogr\u00e1fico y la revalorizaci\u00f3n del medio rural<\/strong>, mediante <strong data-start=\"1131\" data-end=\"1206\">un modelo de gobernanza participativa con los municipios del territorio<\/strong>.<\/p>\n<p data-start=\"1209\" data-end=\"1486\">El plan busca <strong data-start=\"1223\" data-end=\"1346\">revertir las din\u00e1micas de despoblaci\u00f3n, impulsar la transici\u00f3n ecol\u00f3gica y digital y fortalecer la cohesi\u00f3n territorial<\/strong>, poniendo en valor <strong data-start=\"1366\" data-end=\"1485\">los recursos propios de la comarca y generando nuevas oportunidades para fijar poblaci\u00f3n y atraer nuevos habitantes<\/strong>.<\/p>\n<p data-start=\"1488\" data-end=\"1967\">En el encuentro han participado representantes municipales de <strong data-start=\"1550\" data-end=\"1785\">Ahigal, Cabezabellosa, Cerezo, La Granja, Guijo de Granadilla, Jarilla, Marchagaz, Mohedas de Granadilla, Oliva de Plasencia, Palomero, La Pesga, Santa Cruz de Paniagua, Santib\u00e1\u00f1ez el Bajo, Villar de Plasencia y Zarza de Granadilla<\/strong>, as\u00ed como el gerente de la <strong data-start=\"1813\" data-end=\"1877\">Mancomunidad Trasierra-Tierras de Granadilla, Rafael S\u00e1nchez<\/strong>, y la presidenta del <strong data-start=\"1899\" data-end=\"1966\">Grupo de Acci\u00f3n Local CEDER C\u00e1parra, Mar\u00eda Jos\u00e9 P\u00e9rez Izquierdo<\/strong>.<\/p>\n<p data-start=\"1969\" data-end=\"2249\">El alcalde de <strong data-start=\"1983\" data-end=\"2023\">Ahigal, Luis Fernando Garc\u00eda Nicol\u00e1s<\/strong>, ha destacado la importancia de que la comarca haya sido elegida para esta estrategia, ya que permitir\u00e1 <strong data-start=\"2128\" data-end=\"2248\">desarrollar proyectos en todos los municipios del territorio con una inversi\u00f3n cercana a los cinco millones de euros<\/strong>.<\/p>\n<h3 data-start=\"2251\" data-end=\"2300\">Cuatro proyectos estrat\u00e9gicos para la comarca<\/h3>\n<p data-start=\"2302\" data-end=\"2383\">El <strong data-start=\"2305\" data-end=\"2336\">Plan de Actuaci\u00f3n Integrado<\/strong> se estructura en <strong data-start=\"2354\" data-end=\"2382\">cuatro grandes proyectos<\/strong>.<\/p>\n<p data-start=\"2385\" data-end=\"2627\"><strong data-start=\"2385\" data-end=\"2427\">Centro de Innovaci\u00f3n Territorial (CIT)<\/strong><br data-start=\"2427\" data-end=\"2430\" \/>Ser\u00e1 el <strong data-start=\"2438\" data-end=\"2466\">eje central del proyecto<\/strong>, un espacio de colaboraci\u00f3n entre <strong data-start=\"2501\" data-end=\"2547\">administraciones, empresas y universidades<\/strong> para impulsar <strong data-start=\"2562\" data-end=\"2626\">emprendimiento, innovaci\u00f3n social y coordinaci\u00f3n territorial<\/strong>.<\/p>\n<p data-start=\"2629\" data-end=\"2940\"><strong data-start=\"2629\" data-end=\"2681\">Revitalizaci\u00f3n demogr\u00e1fica y relevo generacional<\/strong><br data-start=\"2681\" data-end=\"2684\" \/>Incluye <strong data-start=\"2692\" data-end=\"2753\">programas para atraer nuevos pobladores y fijar poblaci\u00f3n<\/strong>, acciones de <strong data-start=\"2767\" data-end=\"2808\">empoderamiento para j\u00f3venes y mujeres<\/strong>, apoyo al <strong data-start=\"2819\" data-end=\"2862\">relevo generacional en negocios locales<\/strong> y <strong data-start=\"2865\" data-end=\"2903\">rehabilitaci\u00f3n de viviendas vac\u00edas<\/strong> para mejorar la oferta habitacional.<\/p>\n<p data-start=\"2942\" data-end=\"3223\"><strong data-start=\"2942\" data-end=\"2970\">Conectividad territorial<\/strong><br data-start=\"2970\" data-end=\"2973\" \/>Prev\u00e9 <strong data-start=\"2979\" data-end=\"3014\">mejoras en movilidad sostenible<\/strong>, transporte compartido o bajo demanda, <strong data-start=\"3054\" data-end=\"3125\">implantaci\u00f3n de tecnolog\u00eda para servicios de territorio inteligente<\/strong> y la creaci\u00f3n de <strong data-start=\"3143\" data-end=\"3222\">centros de especializaci\u00f3n digital dentro de la red Circular FAB provincial<\/strong>.<\/p>\n<p data-start=\"3225\" data-end=\"3545\"><strong data-start=\"3225\" data-end=\"3272\">Promoci\u00f3n cultural y dinamizaci\u00f3n tur\u00edstica<\/strong><br data-start=\"3272\" data-end=\"3275\" \/>Se pondr\u00e1n en valor <strong data-start=\"3295\" data-end=\"3419\">recursos patrimoniales y naturales como la ciudad romana de C\u00e1parra, la villa de Granadilla o el embalse Gabriel y Gal\u00e1n<\/strong>, adem\u00e1s de impulsar <strong data-start=\"3440\" data-end=\"3544\">playas fluviales, embarcaderos, miradores y rutas gastron\u00f3micas vinculadas al sector agroalimentario<\/strong>.<\/p>\n<p data-start=\"3547\" data-end=\"3793\" data-is-last-node=\"\" data-is-only-node=\"\">Este proyecto busca <strong data-start=\"3567\" data-end=\"3685\">fomentar el desarrollo sostenible y la cohesi\u00f3n econ\u00f3mica, social y territorial de Trasierra-Tierras de Granadilla<\/strong>, reforzando <strong data-start=\"3698\" data-end=\"3792\">las oportunidades de futuro del territorio y su capacidad para atraer y mantener poblaci\u00f3n<\/strong>.<\/p>\n<\/div>\n<\/div>\n<\/div>\n<\/div>\n<div class=\"z-0 flex min-h-[46px] justify-start\"><\/div>\n<div class=\"mt-3 w-full empty:hidden\">\n<div class=\"text-center\">\n<div>\n<div class=\"inline-flex border border-gray-100 dark:border-gray-700 rounded-xl\">\n<div class=\"text-token-text-secondary flex items-center justify-center gap-4 px-4 py-2.5 text-sm whitespace-nowrap\"><\/div>\n<\/div>\n<\/div>\n<\/div>\n<\/div>\n","protected":false},"excerpt":{"rendered":"<p>La Diputaci\u00f3n de C\u00e1ceres ha presentado el Plan de Actuaci\u00f3n Integrado del \u00c1rea Urbana Funcional Trasierra-Tierras de Granadilla, en el marco de la Estrategia Europea de Desarrollo Integrado Local (EDIL), que contar\u00e1 con una inversi\u00f3n total de 4.875.866 euros para impulsar acciones contra la despoblaci\u00f3n, mejorar la movilidad y reforzar el desarrollo econ\u00f3mico y social [&hellip;]<\/p>\n","protected":false},"author":3,"featured_media":75859,"comment_status":"open","ping_status":"open","sticky":false,"template":"","format":"standard","meta":{"_et_pb_use_builder":"","_et_pb_old_content":"","_et_gb_content_width":"","footnotes":""},"categories":[21,226,222,246],"tags":[151],"class_list":["post-75857","post","type-post","status-publish","format-standard","has-post-thumbnail","hentry","category-actualidad","category-diputacion","category-municipio-a-municipio","category-noticias","tag-destacada"],"yoast_head":"<!-- This site is optimized with the Yoast SEO plugin v26.7 - https:\/\/yoast.com\/wordpress\/plugins\/seo\/ -->\n<title>Casi 5 millones de euros para impulsar el desarrollo social y econ\u00f3mico de Trasierra-Tierras de Granadilla - PSOE provincia de C\u00e1ceres<\/title>\n<meta name=\"robots\" content=\"index, follow, max-snippet:-1, max-image-preview:large, max-video-preview:-1\" \/>\n<link rel=\"canonical\" href=\"https:\/\/www.psoecaceres.com\/es\/actualidad\/casi-5-millones-de-euros-para-impulsar-el-desarrollo-social-y-economico-de-trasierra-tierras-de-granadilla\/\" \/>\n<meta property=\"og:locale\" content=\"es_ES\" \/>\n<meta property=\"og:type\" content=\"article\" \/>\n<meta property=\"og:title\" content=\"Casi 5 millones de euros para impulsar el desarrollo social y econ\u00f3mico de Trasierra-Tierras de Granadilla - PSOE provincia de C\u00e1ceres\" \/>\n<meta property=\"og:description\" content=\"La Diputaci\u00f3n de C\u00e1ceres ha presentado el Plan de Actuaci\u00f3n Integrado del \u00c1rea Urbana Funcional Trasierra-Tierras de Granadilla, en el marco de la Estrategia Europea de Desarrollo Integrado Local (EDIL), que contar\u00e1 con una inversi\u00f3n total de 4.875.866 euros para impulsar acciones contra la despoblaci\u00f3n, mejorar la movilidad y reforzar el desarrollo econ\u00f3mico y social [&hellip;]\" \/>\n<meta property=\"og:url\" content=\"https:\/\/www.psoecaceres.com\/es\/actualidad\/casi-5-millones-de-euros-para-impulsar-el-desarrollo-social-y-economico-de-trasierra-tierras-de-granadilla\/\" \/>\n<meta property=\"og:site_name\" content=\"PSOE provincia de C\u00e1ceres\" \/>\n<meta property=\"article:publisher\" content=\"https:\/\/www.facebook.com\/psoecaceres\" \/>\n<meta property=\"article:published_time\" content=\"2026-03-09T03:40:37+00:00\" \/>\n<meta property=\"og:image\" content=\"https:\/\/www.psoecaceres.com\/es\/wp-content\/uploads\/2026\/03\/Ayudas-trasierra.png\" \/>\n\t<meta property=\"og:image:width\" content=\"1280\" \/>\n\t<meta property=\"og:image:height\" content=\"854\" \/>\n\t<meta property=\"og:image:type\" content=\"image\/png\" \/>\n<meta name=\"author\" content=\"PSOE\" \/>\n<meta name=\"twitter:card\" content=\"summary_large_image\" \/>\n<meta name=\"twitter:creator\" content=\"@PSOEC\" \/>\n<meta name=\"twitter:site\" content=\"@PSOEC\" \/>\n<meta name=\"twitter:label1\" content=\"Escrito por\" \/>\n\t<meta name=\"twitter:data1\" content=\"PSOE\" \/>\n\t<meta name=\"twitter:label2\" content=\"Tiempo de lectura\" \/>\n\t<meta name=\"twitter:data2\" content=\"3 minutos\" \/>\n<script type=\"application\/ld+json\" class=\"yoast-schema-graph\">{\"@context\":\"https:\/\/schema.org\",\"@graph\":[{\"@type\":\"Article\",\"@id\":\"https:\/\/www.psoecaceres.com\/es\/actualidad\/casi-5-millones-de-euros-para-impulsar-el-desarrollo-social-y-economico-de-trasierra-tierras-de-granadilla\/#article\",\"isPartOf\":{\"@id\":\"https:\/\/www.psoecaceres.com\/es\/actualidad\/casi-5-millones-de-euros-para-impulsar-el-desarrollo-social-y-economico-de-trasierra-tierras-de-granadilla\/\"},\"author\":{\"name\":\"PSOE\",\"@id\":\"https:\/\/www.psoecaceres.com\/es\/#\/schema\/person\/f39f54f038cc2ed62af85f6d76c466a9\"},\"headline\":\"Casi 5 millones de euros para impulsar el desarrollo social y econ\u00f3mico de Trasierra-Tierras de Granadilla\",\"datePublished\":\"2026-03-09T03:40:37+00:00\",\"mainEntityOfPage\":{\"@id\":\"https:\/\/www.psoecaceres.com\/es\/actualidad\/casi-5-millones-de-euros-para-impulsar-el-desarrollo-social-y-economico-de-trasierra-tierras-de-granadilla\/\"},\"wordCount\":573,\"commentCount\":0,\"publisher\":{\"@id\":\"https:\/\/www.psoecaceres.com\/es\/#organization\"},\"image\":{\"@id\":\"https:\/\/www.psoecaceres.com\/es\/actualidad\/casi-5-millones-de-euros-para-impulsar-el-desarrollo-social-y-economico-de-trasierra-tierras-de-granadilla\/#primaryimage\"},\"thumbnailUrl\":\"https:\/\/www.psoecaceres.com\/es\/wp-content\/uploads\/2026\/03\/Ayudas-trasierra.png\",\"keywords\":[\"destacada\"],\"articleSection\":[\"Actualidad\",\"Diputaci\u00f3n\",\"Municipio a Municipio\",\"Noticias\"],\"inLanguage\":\"es\",\"potentialAction\":[{\"@type\":\"CommentAction\",\"name\":\"Comment\",\"target\":[\"https:\/\/www.psoecaceres.com\/es\/actualidad\/casi-5-millones-de-euros-para-impulsar-el-desarrollo-social-y-economico-de-trasierra-tierras-de-granadilla\/#respond\"]}]},{\"@type\":\"WebPage\",\"@id\":\"https:\/\/www.psoecaceres.com\/es\/actualidad\/casi-5-millones-de-euros-para-impulsar-el-desarrollo-social-y-economico-de-trasierra-tierras-de-granadilla\/\",\"url\":\"https:\/\/www.psoecaceres.com\/es\/actualidad\/casi-5-millones-de-euros-para-impulsar-el-desarrollo-social-y-economico-de-trasierra-tierras-de-granadilla\/\",\"name\":\"Casi 5 millones de euros para impulsar el desarrollo social y econ\u00f3mico de Trasierra-Tierras de Granadilla - PSOE provincia de C\u00e1ceres\",\"isPartOf\":{\"@id\":\"https:\/\/www.psoecaceres.com\/es\/#website\"},\"primaryImageOfPage\":{\"@id\":\"https:\/\/www.psoecaceres.com\/es\/actualidad\/casi-5-millones-de-euros-para-impulsar-el-desarrollo-social-y-economico-de-trasierra-tierras-de-granadilla\/#primaryimage\"},\"image\":{\"@id\":\"https:\/\/www.psoecaceres.com\/es\/actualidad\/casi-5-millones-de-euros-para-impulsar-el-desarrollo-social-y-economico-de-trasierra-tierras-de-granadilla\/#primaryimage\"},\"thumbnailUrl\":\"https:\/\/www.psoecaceres.com\/es\/wp-content\/uploads\/2026\/03\/Ayudas-trasierra.png\",\"datePublished\":\"2026-03-09T03:40:37+00:00\",\"breadcrumb\":{\"@id\":\"https:\/\/www.psoecaceres.com\/es\/actualidad\/casi-5-millones-de-euros-para-impulsar-el-desarrollo-social-y-economico-de-trasierra-tierras-de-granadilla\/#breadcrumb\"},\"inLanguage\":\"es\",\"potentialAction\":[{\"@type\":\"ReadAction\",\"target\":[\"https:\/\/www.psoecaceres.com\/es\/actualidad\/casi-5-millones-de-euros-para-impulsar-el-desarrollo-social-y-economico-de-trasierra-tierras-de-granadilla\/\"]}]},{\"@type\":\"ImageObject\",\"inLanguage\":\"es\",\"@id\":\"https:\/\/www.psoecaceres.com\/es\/actualidad\/casi-5-millones-de-euros-para-impulsar-el-desarrollo-social-y-economico-de-trasierra-tierras-de-granadilla\/#primaryimage\",\"url\":\"https:\/\/www.psoecaceres.com\/es\/wp-content\/uploads\/2026\/03\/Ayudas-trasierra.png\",\"contentUrl\":\"https:\/\/www.psoecaceres.com\/es\/wp-content\/uploads\/2026\/03\/Ayudas-trasierra.png\",\"width\":1280,\"height\":854},{\"@type\":\"BreadcrumbList\",\"@id\":\"https:\/\/www.psoecaceres.com\/es\/actualidad\/casi-5-millones-de-euros-para-impulsar-el-desarrollo-social-y-economico-de-trasierra-tierras-de-granadilla\/#breadcrumb\",\"itemListElement\":[{\"@type\":\"ListItem\",\"position\":1,\"name\":\"Portada\",\"item\":\"https:\/\/www.psoecaceres.com\/es\/\"},{\"@type\":\"ListItem\",\"position\":2,\"name\":\"Casi 5 millones de euros para impulsar el desarrollo social y econ\u00f3mico de Trasierra-Tierras de Granadilla\"}]},{\"@type\":\"WebSite\",\"@id\":\"https:\/\/www.psoecaceres.com\/es\/#website\",\"url\":\"https:\/\/www.psoecaceres.com\/es\/\",\"name\":\"PSOE provincia de C\u00e1ceres\",\"description\":\"Pasi\u00f3n por Nuestros Pueblos\",\"publisher\":{\"@id\":\"https:\/\/www.psoecaceres.com\/es\/#organization\"},\"alternateName\":\"PSOE Caceres\",\"potentialAction\":[{\"@type\":\"SearchAction\",\"target\":{\"@type\":\"EntryPoint\",\"urlTemplate\":\"https:\/\/www.psoecaceres.com\/es\/?s={search_term_string}\"},\"query-input\":{\"@type\":\"PropertyValueSpecification\",\"valueRequired\":true,\"valueName\":\"search_term_string\"}}],\"inLanguage\":\"es\"},{\"@type\":\"Organization\",\"@id\":\"https:\/\/www.psoecaceres.com\/es\/#organization\",\"name\":\"Psoe C\u00e1ceres\",\"alternateName\":\"PSOE Caceres\",\"url\":\"https:\/\/www.psoecaceres.com\/es\/\",\"logo\":{\"@type\":\"ImageObject\",\"inLanguage\":\"es\",\"@id\":\"https:\/\/www.psoecaceres.com\/es\/#\/schema\/logo\/image\/\",\"url\":\"https:\/\/www.psoecaceres.com\/es\/wp-content\/uploads\/2020\/08\/logo-psoe-caceres-web-2020.png\",\"contentUrl\":\"https:\/\/www.psoecaceres.com\/es\/wp-content\/uploads\/2020\/08\/logo-psoe-caceres-web-2020.png\",\"width\":180,\"height\":105,\"caption\":\"Psoe C\u00e1ceres\"},\"image\":{\"@id\":\"https:\/\/www.psoecaceres.com\/es\/#\/schema\/logo\/image\/\"},\"sameAs\":[\"https:\/\/www.facebook.com\/psoecaceres\",\"https:\/\/x.com\/PSOEC\"]},{\"@type\":\"Person\",\"@id\":\"https:\/\/www.psoecaceres.com\/es\/#\/schema\/person\/f39f54f038cc2ed62af85f6d76c466a9\",\"name\":\"PSOE\",\"url\":\"https:\/\/www.psoecaceres.com\/es\/author\/ivar\/\"}]}<\/script>\n<!-- \/ Yoast SEO plugin. -->","yoast_head_json":{"title":"Casi 5 millones de euros para impulsar el desarrollo social y econ\u00f3mico de Trasierra-Tierras de Granadilla - PSOE provincia de C\u00e1ceres","robots":{"index":"index","follow":"follow","max-snippet":"max-snippet:-1","max-image-preview":"max-image-preview:large","max-video-preview":"max-video-preview:-1"},"canonical":"https:\/\/www.psoecaceres.com\/es\/actualidad\/casi-5-millones-de-euros-para-impulsar-el-desarrollo-social-y-economico-de-trasierra-tierras-de-granadilla\/","og_locale":"es_ES","og_type":"article","og_title":"Casi 5 millones de euros para impulsar el desarrollo social y econ\u00f3mico de Trasierra-Tierras de Granadilla - PSOE provincia de C\u00e1ceres","og_description":"La Diputaci\u00f3n de C\u00e1ceres ha presentado el Plan de Actuaci\u00f3n Integrado del \u00c1rea Urbana Funcional Trasierra-Tierras de Granadilla, en el marco de la Estrategia Europea de Desarrollo Integrado Local (EDIL), que contar\u00e1 con una inversi\u00f3n total de 4.875.866 euros para impulsar acciones contra la despoblaci\u00f3n, mejorar la movilidad y reforzar el desarrollo econ\u00f3mico y social [&hellip;]","og_url":"https:\/\/www.psoecaceres.com\/es\/actualidad\/casi-5-millones-de-euros-para-impulsar-el-desarrollo-social-y-economico-de-trasierra-tierras-de-granadilla\/","og_site_name":"PSOE provincia de C\u00e1ceres","article_publisher":"https:\/\/www.facebook.com\/psoecaceres","article_published_time":"2026-03-09T03:40:37+00:00","og_image":[{"width":1280,"height":854,"url":"https:\/\/www.psoecaceres.com\/es\/wp-content\/uploads\/2026\/03\/Ayudas-trasierra.png","type":"image\/png"}],"author":"PSOE","twitter_card":"summary_large_image","twitter_creator":"@PSOEC","twitter_site":"@PSOEC","twitter_misc":{"Escrito por":"PSOE","Tiempo de lectura":"3 minutos"},"schema":{"@context":"https:\/\/schema.org","@graph":[{"@type":"Article","@id":"https:\/\/www.psoecaceres.com\/es\/actualidad\/casi-5-millones-de-euros-para-impulsar-el-desarrollo-social-y-economico-de-trasierra-tierras-de-granadilla\/#article","isPartOf":{"@id":"https:\/\/www.psoecaceres.com\/es\/actualidad\/casi-5-millones-de-euros-para-impulsar-el-desarrollo-social-y-economico-de-trasierra-tierras-de-granadilla\/"},"author":{"name":"PSOE","@id":"https:\/\/www.psoecaceres.com\/es\/#\/schema\/person\/f39f54f038cc2ed62af85f6d76c466a9"},"headline":"Casi 5 millones de euros para impulsar el desarrollo social y econ\u00f3mico de Trasierra-Tierras de Granadilla","datePublished":"2026-03-09T03:40:37+00:00","mainEntityOfPage":{"@id":"https:\/\/www.psoecaceres.com\/es\/actualidad\/casi-5-millones-de-euros-para-impulsar-el-desarrollo-social-y-economico-de-trasierra-tierras-de-granadilla\/"},"wordCount":573,"commentCount":0,"publisher":{"@id":"https:\/\/www.psoecaceres.com\/es\/#organization"},"image":{"@id":"https:\/\/www.psoecaceres.com\/es\/actualidad\/casi-5-millones-de-euros-para-impulsar-el-desarrollo-social-y-economico-de-trasierra-tierras-de-granadilla\/#primaryimage"},"thumbnailUrl":"https:\/\/www.psoecaceres.com\/es\/wp-content\/uploads\/2026\/03\/Ayudas-trasierra.png","keywords":["destacada"],"articleSection":["Actualidad","Diputaci\u00f3n","Municipio a Municipio","Noticias"],"inLanguage":"es","potentialAction":[{"@type":"CommentAction","name":"Comment","target":["https:\/\/www.psoecaceres.com\/es\/actualidad\/casi-5-millones-de-euros-para-impulsar-el-desarrollo-social-y-economico-de-trasierra-tierras-de-granadilla\/#respond"]}]},{"@type":"WebPage","@id":"https:\/\/www.psoecaceres.com\/es\/actualidad\/casi-5-millones-de-euros-para-impulsar-el-desarrollo-social-y-economico-de-trasierra-tierras-de-granadilla\/","url":"https:\/\/www.psoecaceres.com\/es\/actualidad\/casi-5-millones-de-euros-para-impulsar-el-desarrollo-social-y-economico-de-trasierra-tierras-de-granadilla\/","name":"Casi 5 millones de euros para impulsar el desarrollo social y econ\u00f3mico de Trasierra-Tierras de Granadilla - PSOE provincia de C\u00e1ceres","isPartOf":{"@id":"https:\/\/www.psoecaceres.com\/es\/#website"},"primaryImageOfPage":{"@id":"https:\/\/www.psoecaceres.com\/es\/actualidad\/casi-5-millones-de-euros-para-impulsar-el-desarrollo-social-y-economico-de-trasierra-tierras-de-granadilla\/#primaryimage"},"image":{"@id":"https:\/\/www.psoecaceres.com\/es\/actualidad\/casi-5-millones-de-euros-para-impulsar-el-desarrollo-social-y-economico-de-trasierra-tierras-de-granadilla\/#primaryimage"},"thumbnailUrl":"https:\/\/www.psoecaceres.com\/es\/wp-content\/uploads\/2026\/03\/Ayudas-trasierra.png","datePublished":"2026-03-09T03:40:37+00:00","breadcrumb":{"@id":"https:\/\/www.psoecaceres.com\/es\/actualidad\/casi-5-millones-de-euros-para-impulsar-el-desarrollo-social-y-economico-de-trasierra-tierras-de-granadilla\/#breadcrumb"},"inLanguage":"es","potentialAction":[{"@type":"ReadAction","target":["https:\/\/www.psoecaceres.com\/es\/actualidad\/casi-5-millones-de-euros-para-impulsar-el-desarrollo-social-y-economico-de-trasierra-tierras-de-granadilla\/"]}]},{"@type":"ImageObject","inLanguage":"es","@id":"https:\/\/www.psoecaceres.com\/es\/actualidad\/casi-5-millones-de-euros-para-impulsar-el-desarrollo-social-y-economico-de-trasierra-tierras-de-granadilla\/#primaryimage","url":"https:\/\/www.psoecaceres.com\/es\/wp-content\/uploads\/2026\/03\/Ayudas-trasierra.png","contentUrl":"https:\/\/www.psoecaceres.com\/es\/wp-content\/uploads\/2026\/03\/Ayudas-trasierra.png","width":1280,"height":854},{"@type":"BreadcrumbList","@id":"https:\/\/www.psoecaceres.com\/es\/actualidad\/casi-5-millones-de-euros-para-impulsar-el-desarrollo-social-y-economico-de-trasierra-tierras-de-granadilla\/#breadcrumb","itemListElement":[{"@type":"ListItem","position":1,"name":"Portada","item":"https:\/\/www.psoecaceres.com\/es\/"},{"@type":"ListItem","position":2,"name":"Casi 5 millones de euros para impulsar el desarrollo social y econ\u00f3mico de Trasierra-Tierras de Granadilla"}]},{"@type":"WebSite","@id":"https:\/\/www.psoecaceres.com\/es\/#website","url":"https:\/\/www.psoecaceres.com\/es\/","name":"PSOE provincia de C\u00e1ceres","description":"Pasi\u00f3n por Nuestros Pueblos","publisher":{"@id":"https:\/\/www.psoecaceres.com\/es\/#organization"},"alternateName":"PSOE Caceres","potentialAction":[{"@type":"SearchAction","target":{"@type":"EntryPoint","urlTemplate":"https:\/\/www.psoecaceres.com\/es\/?s={search_term_string}"},"query-input":{"@type":"PropertyValueSpecification","valueRequired":true,"valueName":"search_term_string"}}],"inLanguage":"es"},{"@type":"Organization","@id":"https:\/\/www.psoecaceres.com\/es\/#organization","name":"Psoe C\u00e1ceres","alternateName":"PSOE Caceres","url":"https:\/\/www.psoecaceres.com\/es\/","logo":{"@type":"ImageObject","inLanguage":"es","@id":"https:\/\/www.psoecaceres.com\/es\/#\/schema\/logo\/image\/","url":"https:\/\/www.psoecaceres.com\/es\/wp-content\/uploads\/2020\/08\/logo-psoe-caceres-web-2020.png","contentUrl":"https:\/\/www.psoecaceres.com\/es\/wp-content\/uploads\/2020\/08\/logo-psoe-caceres-web-2020.png","width":180,"height":105,"caption":"Psoe C\u00e1ceres"},"image":{"@id":"https:\/\/www.psoecaceres.com\/es\/#\/schema\/logo\/image\/"},"sameAs":["https:\/\/www.facebook.com\/psoecaceres","https:\/\/x.com\/PSOEC"]},{"@type":"Person","@id":"https:\/\/www.psoecaceres.com\/es\/#\/schema\/person\/f39f54f038cc2ed62af85f6d76c466a9","name":"PSOE","url":"https:\/\/www.psoecaceres.com\/es\/author\/ivar\/"}]}},"_links":{"self":[{"href":"https:\/\/www.psoecaceres.com\/es\/wp-json\/wp\/v2\/posts\/75857","targetHints":{"allow":["GET"]}}],"collection":[{"href":"https:\/\/www.psoecaceres.com\/es\/wp-json\/wp\/v2\/posts"}],"about":[{"href":"https:\/\/www.psoecaceres.com\/es\/wp-json\/wp\/v2\/types\/post"}],"author":[{"embeddable":true,"href":"https:\/\/www.psoecaceres.com\/es\/wp-json\/wp\/v2\/users\/3"}],"replies":[{"embeddable":true,"href":"https:\/\/www.psoecaceres.com\/es\/wp-json\/wp\/v2\/comments?post=75857"}],"version-history":[{"count":1,"href":"https:\/\/www.psoecaceres.com\/es\/wp-json\/wp\/v2\/posts\/75857\/revisions"}],"predecessor-version":[{"id":75858,"href":"https:\/\/www.psoecaceres.com\/es\/wp-json\/wp\/v2\/posts\/75857\/revisions\/75858"}],"wp:featuredmedia":[{"embeddable":true,"href":"https:\/\/www.psoecaceres.com\/es\/wp-json\/wp\/v2\/media\/75859"}],"wp:attachment":[{"href":"https:\/\/www.psoecaceres.com\/es\/wp-json\/wp\/v2\/media?parent=75857"}],"wp:term":[{"taxonomy":"category","embeddable":true,"href":"https:\/\/www.psoecaceres.com\/es\/wp-json\/wp\/v2\/categories?post=75857"},{"taxonomy":"post_tag","embeddable":true,"href":"https:\/\/www.psoecaceres.com\/es\/wp-json\/wp\/v2\/tags?post=75857"}],"curies":[{"name":"wp","href":"https:\/\/api.w.org\/{rel}","templated":true}]}}