{"id":75976,"date":"2026-03-11T05:49:05","date_gmt":"2026-03-11T03:49:05","guid":{"rendered":"https:\/\/www.psoecaceres.com\/es\/?p=75976"},"modified":"2026-03-10T19:57:56","modified_gmt":"2026-03-10T17:57:56","slug":"el-gobierno-aprueba-la-mayor-partida-de-becas-de-la-historia-de-espana","status":"publish","type":"post","link":"https:\/\/www.psoecaceres.com\/es\/actualidad\/el-gobierno-aprueba-la-mayor-partida-de-becas-de-la-historia-de-espana\/","title":{"rendered":"El Gobierno aprueba la mayor partida de becas de la historia de Espa\u00f1a"},"content":{"rendered":"<p data-start=\"436\" data-end=\"582\"><strong>Espa\u00f1a supera por primera vez el mill\u00f3n de estudiantes con beca. 2.556 millones de euros: la mayor inversi\u00f3n en becas de la historia.<\/strong><\/p>\n<p data-start=\"584\" data-end=\"676\">Con el Gobierno de <strong data-start=\"603\" data-end=\"620\">Pedro S\u00e1nchez<\/strong>, estudiar depende menos del bolsillo y m\u00e1s del talento.<\/p>\n<p>Por primera vez en la historia de Espa\u00f1a, nuestro sistema educativo supera el mill\u00f3n de estudiantes becados. Este umbral se alcanza gracias al esfuerzo del Gobierno de Pedro S\u00e1nchez, que lleva nueve incrementos consecutivos en esta partida presupuestaria. La ministra de Educaci\u00f3n, Milagros Tol\u00f3n, ha adelantado en la rueda de prensa posterior al Consejo de Ministros las cifras de inversi\u00f3n para el pr\u00f3ximo curso.<\/p>\n<p>El montante total alcanzar\u00e1 los 2.556 millones de euros, \u201cla mayor inversi\u00f3n en becas de la historia de nuestro pa\u00eds\u201d. Para aportar contexto acerca de lo que supone esta cifra, Tol\u00f3n ha recordado que en 2018, la inversi\u00f3n del Gobierno de Rajoy era de apenas 1.399 millones que se repart\u00edan entre algo m\u00e1s de 700 mil estudiantes. El aumento durante el actual Gobierno supone un 83% respecto a hace ocho a\u00f1os. Para los estudiantes de Ceuta y Melilla, esta convocatoria viene adem\u00e1s con un incremento en las ayudas que reciben para desplazamiento a la pen\u00ednsula.<\/p>\n<p>La situaci\u00f3n b\u00e9lica en Ir\u00e1n ha ocupado tambi\u00e9n gran parte de la rueda de prensa. La portavoz del Gobierno, Elma Saiz ha vuelto a defender la posici\u00f3n de Espa\u00f1a en este conflicto: \u201cla firme defensa del derecho internacional, la desescalada y el impulso a la v\u00eda diplom\u00e1tica. Nuestra posici\u00f3n es clara: no a la guerra\u201d.<\/p>\n<p>En la misma idea ha insistido el ministro de Asuntos Exteriores, Jos\u00e9 Manuel Albares, quien ha solicitado tanto a Israel como al grupo terrorista Hezbol\u00e1 que cesen en sus ataques. Albares tambi\u00e9n ha explicado que en la jornada de este martes el n\u00famero de espa\u00f1oles rescatados en Oriente Medio llegar\u00e1 a las 6.000 personas. \u201cNo pararemos hasta rescatar a todos los espa\u00f1oles que lo deseen\u201d.<\/p>\n<p>A su vez, este Consejo de Ministros ha aprobado la convocatoria de 2740 plazas para la Polic\u00eda Nacional en el nivel b\u00e1sico y 150 para puestos de mando. Paralelamente se han convocado 3240 nuevos puestos en la categor\u00eda cabo y guarda la Guardia Civil.<\/p>\n<p>El Gobierno tambi\u00e9n ha aprobado conceder a t\u00edtulo p\u00f3stumo la Gran Cruz del m\u00e9rito civil a Fernando \u00d3nega, portavoz y director de prensa de la Presidencia del Gobierno con Adolfo Su\u00e1rez y la Gran Cruz de Isabel la Cat\u00f3lica a t\u00edtulo p\u00f3stumo a Marisa Paredes.<\/p>\n<p><a href=\"https:\/\/www.psoecaceres.com\/es\/?attachment_id=75979\" rel=\"attachment wp-att-75979\"><img loading=\"lazy\" decoding=\"async\" class=\"alignleft size-large wp-image-75979\" src=\"https:\/\/www.psoecaceres.com\/es\/wp-content\/uploads\/2026\/03\/Becas-historicas-2026-819x1024.png\" alt=\"\" width=\"819\" height=\"1024\" \/><\/a><\/p>\n","protected":false},"excerpt":{"rendered":"<p>Espa\u00f1a supera por primera vez el mill\u00f3n de estudiantes con beca. 2.556 millones de euros: la mayor inversi\u00f3n en becas de la historia. Con el Gobierno de Pedro S\u00e1nchez, estudiar depende menos del bolsillo y m\u00e1s del talento. Por primera vez en la historia de Espa\u00f1a, nuestro sistema educativo supera el mill\u00f3n de estudiantes becados. [&hellip;]<\/p>\n","protected":false},"author":3,"featured_media":66847,"comment_status":"open","ping_status":"open","sticky":false,"template":"","format":"standard","meta":{"_et_pb_use_builder":"","_et_pb_old_content":"","_et_gb_content_width":"","footnotes":""},"categories":[21,283,222,246],"tags":[151],"class_list":["post-75976","post","type-post","status-publish","format-standard","has-post-thumbnail","hentry","category-actualidad","category-gobierno-de-espana","category-municipio-a-municipio","category-noticias","tag-destacada"],"yoast_head":"<!-- This site is optimized with the Yoast SEO plugin v26.7 - https:\/\/yoast.com\/wordpress\/plugins\/seo\/ -->\n<title>El Gobierno aprueba la mayor partida de becas de la historia de Espa\u00f1a - PSOE provincia de C\u00e1ceres<\/title>\n<meta name=\"robots\" content=\"index, follow, max-snippet:-1, max-image-preview:large, max-video-preview:-1\" \/>\n<link rel=\"canonical\" href=\"https:\/\/www.psoecaceres.com\/es\/actualidad\/el-gobierno-aprueba-la-mayor-partida-de-becas-de-la-historia-de-espana\/\" \/>\n<meta property=\"og:locale\" content=\"es_ES\" \/>\n<meta property=\"og:type\" content=\"article\" \/>\n<meta property=\"og:title\" content=\"El Gobierno aprueba la mayor partida de becas de la historia de Espa\u00f1a - PSOE provincia de C\u00e1ceres\" \/>\n<meta property=\"og:description\" content=\"Espa\u00f1a supera por primera vez el mill\u00f3n de estudiantes con beca. 2.556 millones de euros: la mayor inversi\u00f3n en becas de la historia. Con el Gobierno de Pedro S\u00e1nchez, estudiar depende menos del bolsillo y m\u00e1s del talento. Por primera vez en la historia de Espa\u00f1a, nuestro sistema educativo supera el mill\u00f3n de estudiantes becados. [&hellip;]\" \/>\n<meta property=\"og:url\" content=\"https:\/\/www.psoecaceres.com\/es\/actualidad\/el-gobierno-aprueba-la-mayor-partida-de-becas-de-la-historia-de-espana\/\" \/>\n<meta property=\"og:site_name\" content=\"PSOE provincia de C\u00e1ceres\" \/>\n<meta property=\"article:publisher\" content=\"https:\/\/www.facebook.com\/psoecaceres\" \/>\n<meta property=\"article:published_time\" content=\"2026-03-11T03:49:05+00:00\" \/>\n<meta property=\"og:image\" content=\"https:\/\/www.psoecaceres.com\/es\/wp-content\/uploads\/2024\/07\/Espana-Gobierna.jpg\" \/>\n\t<meta property=\"og:image:width\" content=\"1523\" \/>\n\t<meta property=\"og:image:height\" content=\"937\" \/>\n\t<meta property=\"og:image:type\" content=\"image\/jpeg\" \/>\n<meta name=\"author\" content=\"PSOE\" \/>\n<meta name=\"twitter:card\" content=\"summary_large_image\" \/>\n<meta name=\"twitter:creator\" content=\"@PSOEC\" \/>\n<meta name=\"twitter:site\" content=\"@PSOEC\" \/>\n<meta name=\"twitter:label1\" content=\"Escrito por\" \/>\n\t<meta name=\"twitter:data1\" content=\"PSOE\" \/>\n\t<meta name=\"twitter:label2\" content=\"Tiempo de lectura\" \/>\n\t<meta name=\"twitter:data2\" content=\"3 minutos\" \/>\n<script type=\"application\/ld+json\" class=\"yoast-schema-graph\">{\"@context\":\"https:\/\/schema.org\",\"@graph\":[{\"@type\":\"Article\",\"@id\":\"https:\/\/www.psoecaceres.com\/es\/actualidad\/el-gobierno-aprueba-la-mayor-partida-de-becas-de-la-historia-de-espana\/#article\",\"isPartOf\":{\"@id\":\"https:\/\/www.psoecaceres.com\/es\/actualidad\/el-gobierno-aprueba-la-mayor-partida-de-becas-de-la-historia-de-espana\/\"},\"author\":{\"name\":\"PSOE\",\"@id\":\"https:\/\/www.psoecaceres.com\/es\/#\/schema\/person\/f39f54f038cc2ed62af85f6d76c466a9\"},\"headline\":\"El Gobierno aprueba la mayor partida de becas de la historia de Espa\u00f1a\",\"datePublished\":\"2026-03-11T03:49:05+00:00\",\"mainEntityOfPage\":{\"@id\":\"https:\/\/www.psoecaceres.com\/es\/actualidad\/el-gobierno-aprueba-la-mayor-partida-de-becas-de-la-historia-de-espana\/\"},\"wordCount\":455,\"commentCount\":0,\"publisher\":{\"@id\":\"https:\/\/www.psoecaceres.com\/es\/#organization\"},\"image\":{\"@id\":\"https:\/\/www.psoecaceres.com\/es\/actualidad\/el-gobierno-aprueba-la-mayor-partida-de-becas-de-la-historia-de-espana\/#primaryimage\"},\"thumbnailUrl\":\"https:\/\/www.psoecaceres.com\/es\/wp-content\/uploads\/2024\/07\/Espana-Gobierna.jpg\",\"keywords\":[\"destacada\"],\"articleSection\":[\"Actualidad\",\"Gobierno de Espa\u00f1a\",\"Municipio a Municipio\",\"Noticias\"],\"inLanguage\":\"es\",\"potentialAction\":[{\"@type\":\"CommentAction\",\"name\":\"Comment\",\"target\":[\"https:\/\/www.psoecaceres.com\/es\/actualidad\/el-gobierno-aprueba-la-mayor-partida-de-becas-de-la-historia-de-espana\/#respond\"]}]},{\"@type\":\"WebPage\",\"@id\":\"https:\/\/www.psoecaceres.com\/es\/actualidad\/el-gobierno-aprueba-la-mayor-partida-de-becas-de-la-historia-de-espana\/\",\"url\":\"https:\/\/www.psoecaceres.com\/es\/actualidad\/el-gobierno-aprueba-la-mayor-partida-de-becas-de-la-historia-de-espana\/\",\"name\":\"El Gobierno aprueba la mayor partida de becas de la historia de Espa\u00f1a - PSOE provincia de C\u00e1ceres\",\"isPartOf\":{\"@id\":\"https:\/\/www.psoecaceres.com\/es\/#website\"},\"primaryImageOfPage\":{\"@id\":\"https:\/\/www.psoecaceres.com\/es\/actualidad\/el-gobierno-aprueba-la-mayor-partida-de-becas-de-la-historia-de-espana\/#primaryimage\"},\"image\":{\"@id\":\"https:\/\/www.psoecaceres.com\/es\/actualidad\/el-gobierno-aprueba-la-mayor-partida-de-becas-de-la-historia-de-espana\/#primaryimage\"},\"thumbnailUrl\":\"https:\/\/www.psoecaceres.com\/es\/wp-content\/uploads\/2024\/07\/Espana-Gobierna.jpg\",\"datePublished\":\"2026-03-11T03:49:05+00:00\",\"breadcrumb\":{\"@id\":\"https:\/\/www.psoecaceres.com\/es\/actualidad\/el-gobierno-aprueba-la-mayor-partida-de-becas-de-la-historia-de-espana\/#breadcrumb\"},\"inLanguage\":\"es\",\"potentialAction\":[{\"@type\":\"ReadAction\",\"target\":[\"https:\/\/www.psoecaceres.com\/es\/actualidad\/el-gobierno-aprueba-la-mayor-partida-de-becas-de-la-historia-de-espana\/\"]}]},{\"@type\":\"ImageObject\",\"inLanguage\":\"es\",\"@id\":\"https:\/\/www.psoecaceres.com\/es\/actualidad\/el-gobierno-aprueba-la-mayor-partida-de-becas-de-la-historia-de-espana\/#primaryimage\",\"url\":\"https:\/\/www.psoecaceres.com\/es\/wp-content\/uploads\/2024\/07\/Espana-Gobierna.jpg\",\"contentUrl\":\"https:\/\/www.psoecaceres.com\/es\/wp-content\/uploads\/2024\/07\/Espana-Gobierna.jpg\",\"width\":1523,\"height\":937},{\"@type\":\"BreadcrumbList\",\"@id\":\"https:\/\/www.psoecaceres.com\/es\/actualidad\/el-gobierno-aprueba-la-mayor-partida-de-becas-de-la-historia-de-espana\/#breadcrumb\",\"itemListElement\":[{\"@type\":\"ListItem\",\"position\":1,\"name\":\"Portada\",\"item\":\"https:\/\/www.psoecaceres.com\/es\/\"},{\"@type\":\"ListItem\",\"position\":2,\"name\":\"El Gobierno aprueba la mayor partida de becas de la historia de Espa\u00f1a\"}]},{\"@type\":\"WebSite\",\"@id\":\"https:\/\/www.psoecaceres.com\/es\/#website\",\"url\":\"https:\/\/www.psoecaceres.com\/es\/\",\"name\":\"PSOE provincia de C\u00e1ceres\",\"description\":\"Pasi\u00f3n por Nuestros Pueblos\",\"publisher\":{\"@id\":\"https:\/\/www.psoecaceres.com\/es\/#organization\"},\"alternateName\":\"PSOE Caceres\",\"potentialAction\":[{\"@type\":\"SearchAction\",\"target\":{\"@type\":\"EntryPoint\",\"urlTemplate\":\"https:\/\/www.psoecaceres.com\/es\/?s={search_term_string}\"},\"query-input\":{\"@type\":\"PropertyValueSpecification\",\"valueRequired\":true,\"valueName\":\"search_term_string\"}}],\"inLanguage\":\"es\"},{\"@type\":\"Organization\",\"@id\":\"https:\/\/www.psoecaceres.com\/es\/#organization\",\"name\":\"Psoe C\u00e1ceres\",\"alternateName\":\"PSOE Caceres\",\"url\":\"https:\/\/www.psoecaceres.com\/es\/\",\"logo\":{\"@type\":\"ImageObject\",\"inLanguage\":\"es\",\"@id\":\"https:\/\/www.psoecaceres.com\/es\/#\/schema\/logo\/image\/\",\"url\":\"https:\/\/www.psoecaceres.com\/es\/wp-content\/uploads\/2020\/08\/logo-psoe-caceres-web-2020.png\",\"contentUrl\":\"https:\/\/www.psoecaceres.com\/es\/wp-content\/uploads\/2020\/08\/logo-psoe-caceres-web-2020.png\",\"width\":180,\"height\":105,\"caption\":\"Psoe C\u00e1ceres\"},\"image\":{\"@id\":\"https:\/\/www.psoecaceres.com\/es\/#\/schema\/logo\/image\/\"},\"sameAs\":[\"https:\/\/www.facebook.com\/psoecaceres\",\"https:\/\/x.com\/PSOEC\"]},{\"@type\":\"Person\",\"@id\":\"https:\/\/www.psoecaceres.com\/es\/#\/schema\/person\/f39f54f038cc2ed62af85f6d76c466a9\",\"name\":\"PSOE\",\"url\":\"https:\/\/www.psoecaceres.com\/es\/author\/ivar\/\"}]}<\/script>\n<!-- \/ Yoast SEO plugin. -->","yoast_head_json":{"title":"El Gobierno aprueba la mayor partida de becas de la historia de Espa\u00f1a - PSOE provincia de C\u00e1ceres","robots":{"index":"index","follow":"follow","max-snippet":"max-snippet:-1","max-image-preview":"max-image-preview:large","max-video-preview":"max-video-preview:-1"},"canonical":"https:\/\/www.psoecaceres.com\/es\/actualidad\/el-gobierno-aprueba-la-mayor-partida-de-becas-de-la-historia-de-espana\/","og_locale":"es_ES","og_type":"article","og_title":"El Gobierno aprueba la mayor partida de becas de la historia de Espa\u00f1a - PSOE provincia de C\u00e1ceres","og_description":"Espa\u00f1a supera por primera vez el mill\u00f3n de estudiantes con beca. 2.556 millones de euros: la mayor inversi\u00f3n en becas de la historia. Con el Gobierno de Pedro S\u00e1nchez, estudiar depende menos del bolsillo y m\u00e1s del talento. Por primera vez en la historia de Espa\u00f1a, nuestro sistema educativo supera el mill\u00f3n de estudiantes becados. [&hellip;]","og_url":"https:\/\/www.psoecaceres.com\/es\/actualidad\/el-gobierno-aprueba-la-mayor-partida-de-becas-de-la-historia-de-espana\/","og_site_name":"PSOE provincia de C\u00e1ceres","article_publisher":"https:\/\/www.facebook.com\/psoecaceres","article_published_time":"2026-03-11T03:49:05+00:00","og_image":[{"width":1523,"height":937,"url":"https:\/\/www.psoecaceres.com\/es\/wp-content\/uploads\/2024\/07\/Espana-Gobierna.jpg","type":"image\/jpeg"}],"author":"PSOE","twitter_card":"summary_large_image","twitter_creator":"@PSOEC","twitter_site":"@PSOEC","twitter_misc":{"Escrito por":"PSOE","Tiempo de lectura":"3 minutos"},"schema":{"@context":"https:\/\/schema.org","@graph":[{"@type":"Article","@id":"https:\/\/www.psoecaceres.com\/es\/actualidad\/el-gobierno-aprueba-la-mayor-partida-de-becas-de-la-historia-de-espana\/#article","isPartOf":{"@id":"https:\/\/www.psoecaceres.com\/es\/actualidad\/el-gobierno-aprueba-la-mayor-partida-de-becas-de-la-historia-de-espana\/"},"author":{"name":"PSOE","@id":"https:\/\/www.psoecaceres.com\/es\/#\/schema\/person\/f39f54f038cc2ed62af85f6d76c466a9"},"headline":"El Gobierno aprueba la mayor partida de becas de la historia de Espa\u00f1a","datePublished":"2026-03-11T03:49:05+00:00","mainEntityOfPage":{"@id":"https:\/\/www.psoecaceres.com\/es\/actualidad\/el-gobierno-aprueba-la-mayor-partida-de-becas-de-la-historia-de-espana\/"},"wordCount":455,"commentCount":0,"publisher":{"@id":"https:\/\/www.psoecaceres.com\/es\/#organization"},"image":{"@id":"https:\/\/www.psoecaceres.com\/es\/actualidad\/el-gobierno-aprueba-la-mayor-partida-de-becas-de-la-historia-de-espana\/#primaryimage"},"thumbnailUrl":"https:\/\/www.psoecaceres.com\/es\/wp-content\/uploads\/2024\/07\/Espana-Gobierna.jpg","keywords":["destacada"],"articleSection":["Actualidad","Gobierno de Espa\u00f1a","Municipio a Municipio","Noticias"],"inLanguage":"es","potentialAction":[{"@type":"CommentAction","name":"Comment","target":["https:\/\/www.psoecaceres.com\/es\/actualidad\/el-gobierno-aprueba-la-mayor-partida-de-becas-de-la-historia-de-espana\/#respond"]}]},{"@type":"WebPage","@id":"https:\/\/www.psoecaceres.com\/es\/actualidad\/el-gobierno-aprueba-la-mayor-partida-de-becas-de-la-historia-de-espana\/","url":"https:\/\/www.psoecaceres.com\/es\/actualidad\/el-gobierno-aprueba-la-mayor-partida-de-becas-de-la-historia-de-espana\/","name":"El Gobierno aprueba la mayor partida de becas de la historia de Espa\u00f1a - PSOE provincia de C\u00e1ceres","isPartOf":{"@id":"https:\/\/www.psoecaceres.com\/es\/#website"},"primaryImageOfPage":{"@id":"https:\/\/www.psoecaceres.com\/es\/actualidad\/el-gobierno-aprueba-la-mayor-partida-de-becas-de-la-historia-de-espana\/#primaryimage"},"image":{"@id":"https:\/\/www.psoecaceres.com\/es\/actualidad\/el-gobierno-aprueba-la-mayor-partida-de-becas-de-la-historia-de-espana\/#primaryimage"},"thumbnailUrl":"https:\/\/www.psoecaceres.com\/es\/wp-content\/uploads\/2024\/07\/Espana-Gobierna.jpg","datePublished":"2026-03-11T03:49:05+00:00","breadcrumb":{"@id":"https:\/\/www.psoecaceres.com\/es\/actualidad\/el-gobierno-aprueba-la-mayor-partida-de-becas-de-la-historia-de-espana\/#breadcrumb"},"inLanguage":"es","potentialAction":[{"@type":"ReadAction","target":["https:\/\/www.psoecaceres.com\/es\/actualidad\/el-gobierno-aprueba-la-mayor-partida-de-becas-de-la-historia-de-espana\/"]}]},{"@type":"ImageObject","inLanguage":"es","@id":"https:\/\/www.psoecaceres.com\/es\/actualidad\/el-gobierno-aprueba-la-mayor-partida-de-becas-de-la-historia-de-espana\/#primaryimage","url":"https:\/\/www.psoecaceres.com\/es\/wp-content\/uploads\/2024\/07\/Espana-Gobierna.jpg","contentUrl":"https:\/\/www.psoecaceres.com\/es\/wp-content\/uploads\/2024\/07\/Espana-Gobierna.jpg","width":1523,"height":937},{"@type":"BreadcrumbList","@id":"https:\/\/www.psoecaceres.com\/es\/actualidad\/el-gobierno-aprueba-la-mayor-partida-de-becas-de-la-historia-de-espana\/#breadcrumb","itemListElement":[{"@type":"ListItem","position":1,"name":"Portada","item":"https:\/\/www.psoecaceres.com\/es\/"},{"@type":"ListItem","position":2,"name":"El Gobierno aprueba la mayor partida de becas de la historia de Espa\u00f1a"}]},{"@type":"WebSite","@id":"https:\/\/www.psoecaceres.com\/es\/#website","url":"https:\/\/www.psoecaceres.com\/es\/","name":"PSOE provincia de C\u00e1ceres","description":"Pasi\u00f3n por Nuestros Pueblos","publisher":{"@id":"https:\/\/www.psoecaceres.com\/es\/#organization"},"alternateName":"PSOE Caceres","potentialAction":[{"@type":"SearchAction","target":{"@type":"EntryPoint","urlTemplate":"https:\/\/www.psoecaceres.com\/es\/?s={search_term_string}"},"query-input":{"@type":"PropertyValueSpecification","valueRequired":true,"valueName":"search_term_string"}}],"inLanguage":"es"},{"@type":"Organization","@id":"https:\/\/www.psoecaceres.com\/es\/#organization","name":"Psoe C\u00e1ceres","alternateName":"PSOE Caceres","url":"https:\/\/www.psoecaceres.com\/es\/","logo":{"@type":"ImageObject","inLanguage":"es","@id":"https:\/\/www.psoecaceres.com\/es\/#\/schema\/logo\/image\/","url":"https:\/\/www.psoecaceres.com\/es\/wp-content\/uploads\/2020\/08\/logo-psoe-caceres-web-2020.png","contentUrl":"https:\/\/www.psoecaceres.com\/es\/wp-content\/uploads\/2020\/08\/logo-psoe-caceres-web-2020.png","width":180,"height":105,"caption":"Psoe C\u00e1ceres"},"image":{"@id":"https:\/\/www.psoecaceres.com\/es\/#\/schema\/logo\/image\/"},"sameAs":["https:\/\/www.facebook.com\/psoecaceres","https:\/\/x.com\/PSOEC"]},{"@type":"Person","@id":"https:\/\/www.psoecaceres.com\/es\/#\/schema\/person\/f39f54f038cc2ed62af85f6d76c466a9","name":"PSOE","url":"https:\/\/www.psoecaceres.com\/es\/author\/ivar\/"}]}},"_links":{"self":[{"href":"https:\/\/www.psoecaceres.com\/es\/wp-json\/wp\/v2\/posts\/75976","targetHints":{"allow":["GET"]}}],"collection":[{"href":"https:\/\/www.psoecaceres.com\/es\/wp-json\/wp\/v2\/posts"}],"about":[{"href":"https:\/\/www.psoecaceres.com\/es\/wp-json\/wp\/v2\/types\/post"}],"author":[{"embeddable":true,"href":"https:\/\/www.psoecaceres.com\/es\/wp-json\/wp\/v2\/users\/3"}],"replies":[{"embeddable":true,"href":"https:\/\/www.psoecaceres.com\/es\/wp-json\/wp\/v2\/comments?post=75976"}],"version-history":[{"count":2,"href":"https:\/\/www.psoecaceres.com\/es\/wp-json\/wp\/v2\/posts\/75976\/revisions"}],"predecessor-version":[{"id":75980,"href":"https:\/\/www.psoecaceres.com\/es\/wp-json\/wp\/v2\/posts\/75976\/revisions\/75980"}],"wp:featuredmedia":[{"embeddable":true,"href":"https:\/\/www.psoecaceres.com\/es\/wp-json\/wp\/v2\/media\/66847"}],"wp:attachment":[{"href":"https:\/\/www.psoecaceres.com\/es\/wp-json\/wp\/v2\/media?parent=75976"}],"wp:term":[{"taxonomy":"category","embeddable":true,"href":"https:\/\/www.psoecaceres.com\/es\/wp-json\/wp\/v2\/categories?post=75976"},{"taxonomy":"post_tag","embeddable":true,"href":"https:\/\/www.psoecaceres.com\/es\/wp-json\/wp\/v2\/tags?post=75976"}],"curies":[{"name":"wp","href":"https:\/\/api.w.org\/{rel}","templated":true}]}}