{"id":76030,"date":"2026-03-12T20:35:18","date_gmt":"2026-03-12T18:35:18","guid":{"rendered":"https:\/\/www.psoecaceres.com\/es\/?p=76030"},"modified":"2026-03-12T21:19:57","modified_gmt":"2026-03-12T19:19:57","slug":"eduardo-bejar-seguiremos-reivindicando-proyectos-estrategicos-como-la-fabrica-de-transformacion-de-la-resina-en-la-sierra-de-gata","status":"publish","type":"post","link":"https:\/\/www.psoecaceres.com\/es\/actualidad\/eduardo-bejar-seguiremos-reivindicando-proyectos-estrategicos-como-la-fabrica-de-transformacion-de-la-resina-en-la-sierra-de-gata\/","title":{"rendered":"Eduardo B\u00e9jar: \u00abSeguiremos reivindicando proyectos estrat\u00e9gicos como la f\u00e1brica de transformaci\u00f3n de la resina en la Sierra de Gata\u00bb"},"content":{"rendered":"<p data-start=\"275\" data-end=\"448\"><strong data-start=\"275\" data-end=\"448\">El PSOE de la provincia de C\u00e1ceres reclama a Mar\u00eda Guardiola compromiso con el mundo rural y apuestan por reforzar un PSOE municipalista y territorializado frente a la dejaci\u00f3n de funciones de la Junta.<\/strong><\/p>\n<p data-start=\"450\" data-end=\"793\">El PSOE de la provincia de C\u00e1ceres ha celebrado en <strong data-start=\"501\" data-end=\"564\">La Moheda de Gata la Asamblea Territorial de Sierra de Gata<\/strong>, un encuentro de trabajo con militantes, cargos org\u00e1nicos e institucionales para analizar la situaci\u00f3n de la comarca, revisar los problemas que afectan a sus municipios y coordinar la acci\u00f3n pol\u00edtica socialista en el territorio.<\/p>\n<p data-start=\"795\" data-end=\"1178\">Durante la reuni\u00f3n se abordaron <strong data-start=\"827\" data-end=\"875\">los principales retos que afronta la comarca<\/strong>: la falta de empleo estable, la despoblaci\u00f3n, los problemas de movilidad y transporte, las dificultades para acceder a servicios p\u00fablicos o la falta de oportunidades econ\u00f3micas en el medio rural. <strong data-start=\"1072\" data-end=\"1178\">Problemas estructurales que siguen condicionando el futuro de muchas zonas de la provincia de C\u00e1ceres.<\/strong><\/p>\n<p data-start=\"1180\" data-end=\"1299\">Desde el PSOE se denunci\u00f3 con claridad <strong data-start=\"1219\" data-end=\"1298\">el abandono del Ejecutivo de Mar\u00eda Guardiola hacia el norte de la provincia<\/strong>.<\/p>\n<p data-start=\"1301\" data-end=\"1603\">\u201c<strong data-start=\"1302\" data-end=\"1454\">Primero fue por omisi\u00f3n: meses sin decisiones, sin proyectos y sin respuestas para el mundo rural. Y ahora es directamente una dejaci\u00f3n de funciones<\/strong>\u201d, se\u00f1alaron las y los socialistas, que consideran que el Gobierno auton\u00f3mico <strong data-start=\"1526\" data-end=\"1602\">desaparece siempre cuando se trata de defender a los pueblos de la provincia<\/strong>.<\/p>\n<blockquote>\n<h3 data-start=\"1301\" data-end=\"1603\">Mar\u00eda Guardiola se dej\u00f3 perder la f\u00e1brica para la transformaci\u00f3n de la resina. Y se perdieron desde una Consejer\u00eda que manejaba Vox, dentro de su gobierno. Queda claro que si gobiernan PP y Vox, Extremadura seguir\u00e1 perdiendo.<\/h3>\n<\/blockquote>\n<p data-start=\"1605\" data-end=\"1926\">Seg\u00fan las y los asistentes a la Asamblea, la Junta no est\u00e1 ejerciendo <strong data-start=\"1648\" data-end=\"1689\">el liderazgo que la comarca, la provincia y la regi\u00f3n necesitan<\/strong>, mientras los problemas de la comarca siguen acumul\u00e1ndose sin soluciones: <strong data-start=\"1764\" data-end=\"1926\">infraestructuras pendientes, falta de apoyo al sector primario, ausencia de pol\u00edticas de desarrollo rural y un deterioro progresivo de los servicios p\u00fablicos.<\/strong><\/p>\n<p data-start=\"1928\" data-end=\"2198\">En este contexto, se ha remarcado <strong data-start=\"1979\" data-end=\"2062\">la necesidad de reforzar un PSOE<\/strong>\u00a0capaz de escuchar a cada pueblo, defender los intereses del territorio y <strong data-start=\"2137\" data-end=\"2197\">plantar cara a las pol\u00edticas de abandono del mundo rural<\/strong>.<\/p>\n<p data-start=\"2200\" data-end=\"2568\"><strong data-start=\"2201\" data-end=\"2293\">Frente a la irresponsabilidad del Gobierno de Mar\u00eda Guardiola y su dejaci\u00f3n de funciones<\/strong>, que est\u00e1 arrastrando a muchas comarcas al olvido institucional, <strong data-start=\"2359\" data-end=\"2442\">el PSOE debe reforzar su vocaci\u00f3n municipalista y su presencia en el territorio<\/strong>, trabajando desde cada agrupaci\u00f3n, desde cada ayuntamiento y desde cada comarca para defender el futuro de nuestros pueblos\u201d.<\/p>\n<p data-start=\"2200\" data-end=\"2568\">En este sentido,<strong> Eduardo B\u00e9jar<\/strong> fue tajante: \u00abSeguiremos reivindicando proyectos estrat\u00e9gicos para nuestra tierra, como la f\u00e1brica de transformaci\u00f3n de la resina en la Sierra de Gata. <strong data-start=\"141\" data-end=\"369\">No hablamos solo de una inversi\u00f3n industrial, sino de una oportunidad para generar empleo, impulsar una econom\u00eda forestal sostenible y fijar poblaci\u00f3n en una comarca que lucha cada d\u00eda contra la despoblaci\u00f3n.\u00bb<\/strong><\/p>\n<p data-start=\"2200\" data-end=\"2568\">\u00abLa resina -continu\u00f3 B\u00e9jar- significa aprovechar nuestros recursos naturales con valor a\u00f1adido, fortalecer el sector forestal y crear actividad econ\u00f3mica vinculada al territorio. Renunciar a este tipo de iniciativas es renunciar tambi\u00e9n a un modelo de desarrollo rural que genere futuro, empleo y oportunidades para quienes quieren vivir y trabajar en nuestros pueblos. <strong>Mar\u00eda Guardiola se dej\u00f3 perder la f\u00e1brica de transformaci\u00f3n de la resina. Y se perdi\u00f3 desde una Consejer\u00eda que manejaba Vox. Si gobiernan PP y Vox, Extremadura seguir\u00e1 perdiendo\u00bb.<\/strong><\/p>\n<p data-start=\"2570\" data-end=\"2826\">La Asamblea Territorial sirvi\u00f3 tambi\u00e9n para <strong data-start=\"2614\" data-end=\"2695\">reforzar la coordinaci\u00f3n entre las agrupaciones socialistas de Sierra de Gata<\/strong> y preparar nuevas iniciativas pol\u00edticas e institucionales destinadas a <strong data-start=\"2767\" data-end=\"2825\">defender los intereses de los municipios de la comarca<\/strong>.<\/p>\n<p data-start=\"2828\" data-end=\"3148\">Desde el PSOE de la provincia de C\u00e1ceres se reafirma el compromiso de <strong data-start=\"2866\" data-end=\"2964\">seguir trabajando a pie de calle, escuchando a la gente y defendiendo el futuro de los pueblos<\/strong>, frente a un Gobierno auton\u00f3mico cuya <strong>ausencia<\/strong>, <strong data-start=\"3003\" data-end=\"3148\">falta de responsabilidad y liderazgo est\u00e1 perjudicando no solo a Sierra de Gata, sino al conjunto de la provincia de C\u00e1ceres y a Extremadura.<\/strong><\/p>\n\n\t\t<style type=\"text\/css\">\n\t\t\t#gallery-1 {\n\t\t\t\tmargin: auto;\n\t\t\t}\n\t\t\t#gallery-1 .gallery-item {\n\t\t\t\tfloat: left;\n\t\t\t\tmargin-top: 10px;\n\t\t\t\ttext-align: center;\n\t\t\t\twidth: 20%;\n\t\t\t}\n\t\t\t#gallery-1 img {\n\t\t\t\tborder: 2px solid #cfcfcf;\n\t\t\t}\n\t\t\t#gallery-1 .gallery-caption {\n\t\t\t\tmargin-left: 0;\n\t\t\t}\n\t\t\t\/* see gallery_shortcode() in wp-includes\/media.php *\/\n\t\t<\/style>\n\t\t<div id='gallery-1' class='gallery galleryid-76030 gallery-columns-5 gallery-size-thumbnail'><dl class='gallery-item'>\n\t\t\t<dt class='gallery-icon landscape'>\n\t\t\t\t<a href='https:\/\/www.psoecaceres.com\/es\/wp-content\/uploads\/2026\/03\/IMG_4755-scaled.jpeg'><img loading=\"lazy\" decoding=\"async\" width=\"150\" height=\"150\" src=\"https:\/\/www.psoecaceres.com\/es\/wp-content\/uploads\/2026\/03\/IMG_4755-150x150.jpeg\" class=\"attachment-thumbnail size-thumbnail\" alt=\"\" \/><\/a>\n\t\t\t<\/dt><\/dl><dl class='gallery-item'>\n\t\t\t<dt class='gallery-icon landscape'>\n\t\t\t\t<a href='https:\/\/www.psoecaceres.com\/es\/wp-content\/uploads\/2026\/03\/IMG_4756-scaled.jpeg'><img loading=\"lazy\" decoding=\"async\" width=\"150\" height=\"150\" src=\"https:\/\/www.psoecaceres.com\/es\/wp-content\/uploads\/2026\/03\/IMG_4756-150x150.jpeg\" class=\"attachment-thumbnail size-thumbnail\" alt=\"\" \/><\/a>\n\t\t\t<\/dt><\/dl><dl class='gallery-item'>\n\t\t\t<dt class='gallery-icon landscape'>\n\t\t\t\t<a href='https:\/\/www.psoecaceres.com\/es\/wp-content\/uploads\/2026\/03\/IMG_4757-scaled.jpeg'><img loading=\"lazy\" decoding=\"async\" width=\"150\" height=\"150\" src=\"https:\/\/www.psoecaceres.com\/es\/wp-content\/uploads\/2026\/03\/IMG_4757-150x150.jpeg\" class=\"attachment-thumbnail size-thumbnail\" alt=\"\" \/><\/a>\n\t\t\t<\/dt><\/dl><dl class='gallery-item'>\n\t\t\t<dt class='gallery-icon landscape'>\n\t\t\t\t<a href='https:\/\/www.psoecaceres.com\/es\/wp-content\/uploads\/2026\/03\/IMG_4759-scaled.jpeg'><img loading=\"lazy\" decoding=\"async\" width=\"150\" height=\"150\" src=\"https:\/\/www.psoecaceres.com\/es\/wp-content\/uploads\/2026\/03\/IMG_4759-150x150.jpeg\" class=\"attachment-thumbnail size-thumbnail\" alt=\"\" \/><\/a>\n\t\t\t<\/dt><\/dl><dl class='gallery-item'>\n\t\t\t<dt class='gallery-icon landscape'>\n\t\t\t\t<a href='https:\/\/www.psoecaceres.com\/es\/wp-content\/uploads\/2026\/03\/IMG_4760-scaled.jpeg'><img loading=\"lazy\" decoding=\"async\" width=\"150\" height=\"150\" src=\"https:\/\/www.psoecaceres.com\/es\/wp-content\/uploads\/2026\/03\/IMG_4760-150x150.jpeg\" class=\"attachment-thumbnail size-thumbnail\" alt=\"\" \/><\/a>\n\t\t\t<\/dt><\/dl><br style=\"clear: both\" \/><dl class='gallery-item'>\n\t\t\t<dt class='gallery-icon landscape'>\n\t\t\t\t<a href='https:\/\/www.psoecaceres.com\/es\/wp-content\/uploads\/2026\/03\/IMG_4761-scaled.jpeg'><img loading=\"lazy\" decoding=\"async\" width=\"150\" height=\"150\" src=\"https:\/\/www.psoecaceres.com\/es\/wp-content\/uploads\/2026\/03\/IMG_4761-150x150.jpeg\" class=\"attachment-thumbnail size-thumbnail\" alt=\"\" \/><\/a>\n\t\t\t<\/dt><\/dl><dl class='gallery-item'>\n\t\t\t<dt class='gallery-icon landscape'>\n\t\t\t\t<a href='https:\/\/www.psoecaceres.com\/es\/wp-content\/uploads\/2026\/03\/IMG_4762-scaled.jpeg'><img loading=\"lazy\" decoding=\"async\" width=\"150\" height=\"150\" src=\"https:\/\/www.psoecaceres.com\/es\/wp-content\/uploads\/2026\/03\/IMG_4762-150x150.jpeg\" class=\"attachment-thumbnail size-thumbnail\" alt=\"\" \/><\/a>\n\t\t\t<\/dt><\/dl><dl class='gallery-item'>\n\t\t\t<dt class='gallery-icon landscape'>\n\t\t\t\t<a href='https:\/\/www.psoecaceres.com\/es\/wp-content\/uploads\/2026\/03\/IMG_4763-scaled.jpeg'><img loading=\"lazy\" decoding=\"async\" width=\"150\" height=\"150\" src=\"https:\/\/www.psoecaceres.com\/es\/wp-content\/uploads\/2026\/03\/IMG_4763-150x150.jpeg\" class=\"attachment-thumbnail size-thumbnail\" alt=\"\" \/><\/a>\n\t\t\t<\/dt><\/dl><dl class='gallery-item'>\n\t\t\t<dt class='gallery-icon landscape'>\n\t\t\t\t<a href='https:\/\/www.psoecaceres.com\/es\/wp-content\/uploads\/2026\/03\/IMG_4764-scaled.jpeg'><img loading=\"lazy\" decoding=\"async\" width=\"150\" height=\"150\" src=\"https:\/\/www.psoecaceres.com\/es\/wp-content\/uploads\/2026\/03\/IMG_4764-150x150.jpeg\" class=\"attachment-thumbnail size-thumbnail\" alt=\"\" \/><\/a>\n\t\t\t<\/dt><\/dl><dl class='gallery-item'>\n\t\t\t<dt class='gallery-icon landscape'>\n\t\t\t\t<a href='https:\/\/www.psoecaceres.com\/es\/wp-content\/uploads\/2026\/03\/IMG_4765-scaled.jpeg'><img loading=\"lazy\" decoding=\"async\" width=\"150\" height=\"150\" src=\"https:\/\/www.psoecaceres.com\/es\/wp-content\/uploads\/2026\/03\/IMG_4765-150x150.jpeg\" class=\"attachment-thumbnail size-thumbnail\" alt=\"\" \/><\/a>\n\t\t\t<\/dt><\/dl><br style=\"clear: both\" \/><dl class='gallery-item'>\n\t\t\t<dt class='gallery-icon landscape'>\n\t\t\t\t<a href='https:\/\/www.psoecaceres.com\/es\/wp-content\/uploads\/2026\/03\/IMG_4768-scaled.jpeg'><img loading=\"lazy\" decoding=\"async\" width=\"150\" height=\"150\" src=\"https:\/\/www.psoecaceres.com\/es\/wp-content\/uploads\/2026\/03\/IMG_4768-150x150.jpeg\" class=\"attachment-thumbnail size-thumbnail\" alt=\"\" \/><\/a>\n\t\t\t<\/dt><\/dl><dl class='gallery-item'>\n\t\t\t<dt class='gallery-icon landscape'>\n\t\t\t\t<a href='https:\/\/www.psoecaceres.com\/es\/wp-content\/uploads\/2026\/03\/IMG_4770-scaled.jpeg'><img loading=\"lazy\" decoding=\"async\" width=\"150\" height=\"150\" src=\"https:\/\/www.psoecaceres.com\/es\/wp-content\/uploads\/2026\/03\/IMG_4770-150x150.jpeg\" class=\"attachment-thumbnail size-thumbnail\" alt=\"\" \/><\/a>\n\t\t\t<\/dt><\/dl><dl class='gallery-item'>\n\t\t\t<dt class='gallery-icon landscape'>\n\t\t\t\t<a href='https:\/\/www.psoecaceres.com\/es\/wp-content\/uploads\/2026\/03\/IMG_4771-scaled.jpeg'><img loading=\"lazy\" decoding=\"async\" width=\"150\" height=\"150\" src=\"https:\/\/www.psoecaceres.com\/es\/wp-content\/uploads\/2026\/03\/IMG_4771-150x150.jpeg\" class=\"attachment-thumbnail size-thumbnail\" alt=\"\" \/><\/a>\n\t\t\t<\/dt><\/dl><dl class='gallery-item'>\n\t\t\t<dt class='gallery-icon landscape'>\n\t\t\t\t<a href='https:\/\/www.psoecaceres.com\/es\/wp-content\/uploads\/2026\/03\/IMG_4773-scaled.jpeg'><img loading=\"lazy\" decoding=\"async\" width=\"150\" height=\"150\" src=\"https:\/\/www.psoecaceres.com\/es\/wp-content\/uploads\/2026\/03\/IMG_4773-150x150.jpeg\" class=\"attachment-thumbnail size-thumbnail\" alt=\"\" \/><\/a>\n\t\t\t<\/dt><\/dl><dl class='gallery-item'>\n\t\t\t<dt class='gallery-icon landscape'>\n\t\t\t\t<a href='https:\/\/www.psoecaceres.com\/es\/wp-content\/uploads\/2026\/03\/IMG_4775-scaled.jpeg'><img loading=\"lazy\" decoding=\"async\" width=\"150\" height=\"150\" src=\"https:\/\/www.psoecaceres.com\/es\/wp-content\/uploads\/2026\/03\/IMG_4775-150x150.jpeg\" class=\"attachment-thumbnail size-thumbnail\" alt=\"\" \/><\/a>\n\t\t\t<\/dt><\/dl><br style=\"clear: both\" \/><dl class='gallery-item'>\n\t\t\t<dt class='gallery-icon landscape'>\n\t\t\t\t<a href='https:\/\/www.psoecaceres.com\/es\/wp-content\/uploads\/2026\/03\/IMG_4779-scaled.jpeg'><img loading=\"lazy\" decoding=\"async\" width=\"150\" height=\"150\" src=\"https:\/\/www.psoecaceres.com\/es\/wp-content\/uploads\/2026\/03\/IMG_4779-150x150.jpeg\" class=\"attachment-thumbnail size-thumbnail\" alt=\"\" \/><\/a>\n\t\t\t<\/dt><\/dl><dl class='gallery-item'>\n\t\t\t<dt class='gallery-icon landscape'>\n\t\t\t\t<a href='https:\/\/www.psoecaceres.com\/es\/wp-content\/uploads\/2026\/03\/IMG_4781-scaled.jpeg'><img loading=\"lazy\" decoding=\"async\" width=\"150\" height=\"150\" src=\"https:\/\/www.psoecaceres.com\/es\/wp-content\/uploads\/2026\/03\/IMG_4781-150x150.jpeg\" class=\"attachment-thumbnail size-thumbnail\" alt=\"\" \/><\/a>\n\t\t\t<\/dt><\/dl><dl class='gallery-item'>\n\t\t\t<dt class='gallery-icon landscape'>\n\t\t\t\t<a href='https:\/\/www.psoecaceres.com\/es\/wp-content\/uploads\/2026\/03\/IMG_4782-scaled.jpeg'><img loading=\"lazy\" decoding=\"async\" width=\"150\" height=\"150\" src=\"https:\/\/www.psoecaceres.com\/es\/wp-content\/uploads\/2026\/03\/IMG_4782-150x150.jpeg\" class=\"attachment-thumbnail size-thumbnail\" alt=\"\" \/><\/a>\n\t\t\t<\/dt><\/dl><dl class='gallery-item'>\n\t\t\t<dt class='gallery-icon landscape'>\n\t\t\t\t<a href='https:\/\/www.psoecaceres.com\/es\/wp-content\/uploads\/2026\/03\/IMG_4785-scaled.jpeg'><img loading=\"lazy\" decoding=\"async\" width=\"150\" height=\"150\" src=\"https:\/\/www.psoecaceres.com\/es\/wp-content\/uploads\/2026\/03\/IMG_4785-150x150.jpeg\" class=\"attachment-thumbnail size-thumbnail\" alt=\"\" \/><\/a>\n\t\t\t<\/dt><\/dl><dl class='gallery-item'>\n\t\t\t<dt class='gallery-icon landscape'>\n\t\t\t\t<a href='https:\/\/www.psoecaceres.com\/es\/wp-content\/uploads\/2026\/03\/IMG_4784-scaled.jpeg'><img loading=\"lazy\" decoding=\"async\" width=\"150\" height=\"150\" src=\"https:\/\/www.psoecaceres.com\/es\/wp-content\/uploads\/2026\/03\/IMG_4784-150x150.jpeg\" class=\"attachment-thumbnail size-thumbnail\" alt=\"\" \/><\/a>\n\t\t\t<\/dt><\/dl><br style=\"clear: both\" \/><dl class='gallery-item'>\n\t\t\t<dt class='gallery-icon landscape'>\n\t\t\t\t<a href='https:\/\/www.psoecaceres.com\/es\/wp-content\/uploads\/2026\/03\/IMG_4785-2-scaled.jpeg'><img loading=\"lazy\" decoding=\"async\" width=\"150\" height=\"150\" src=\"https:\/\/www.psoecaceres.com\/es\/wp-content\/uploads\/2026\/03\/IMG_4785-2-150x150.jpeg\" class=\"attachment-thumbnail size-thumbnail\" alt=\"\" \/><\/a>\n\t\t\t<\/dt><\/dl><dl class='gallery-item'>\n\t\t\t<dt class='gallery-icon landscape'>\n\t\t\t\t<a href='https:\/\/www.psoecaceres.com\/es\/wp-content\/uploads\/2026\/03\/IMG_4796-scaled.jpeg'><img loading=\"lazy\" decoding=\"async\" width=\"150\" height=\"150\" src=\"https:\/\/www.psoecaceres.com\/es\/wp-content\/uploads\/2026\/03\/IMG_4796-150x150.jpeg\" class=\"attachment-thumbnail size-thumbnail\" alt=\"\" \/><\/a>\n\t\t\t<\/dt><\/dl><dl class='gallery-item'>\n\t\t\t<dt class='gallery-icon landscape'>\n\t\t\t\t<a href='https:\/\/www.psoecaceres.com\/es\/wp-content\/uploads\/2026\/03\/IMG_4789-scaled.jpeg'><img loading=\"lazy\" decoding=\"async\" width=\"150\" height=\"150\" src=\"https:\/\/www.psoecaceres.com\/es\/wp-content\/uploads\/2026\/03\/IMG_4789-150x150.jpeg\" class=\"attachment-thumbnail size-thumbnail\" alt=\"\" \/><\/a>\n\t\t\t<\/dt><\/dl><dl class='gallery-item'>\n\t\t\t<dt class='gallery-icon landscape'>\n\t\t\t\t<a href='https:\/\/www.psoecaceres.com\/es\/wp-content\/uploads\/2026\/03\/IMG_4815-scaled.jpeg'><img loading=\"lazy\" decoding=\"async\" width=\"150\" height=\"150\" src=\"https:\/\/www.psoecaceres.com\/es\/wp-content\/uploads\/2026\/03\/IMG_4815-150x150.jpeg\" class=\"attachment-thumbnail size-thumbnail\" alt=\"\" \/><\/a>\n\t\t\t<\/dt><\/dl><dl class='gallery-item'>\n\t\t\t<dt class='gallery-icon landscape'>\n\t\t\t\t<a href='https:\/\/www.psoecaceres.com\/es\/wp-content\/uploads\/2026\/03\/IMG_4792-scaled.jpeg'><img loading=\"lazy\" decoding=\"async\" width=\"150\" height=\"150\" src=\"https:\/\/www.psoecaceres.com\/es\/wp-content\/uploads\/2026\/03\/IMG_4792-150x150.jpeg\" class=\"attachment-thumbnail size-thumbnail\" alt=\"\" \/><\/a>\n\t\t\t<\/dt><\/dl><br style=\"clear: both\" \/><dl class='gallery-item'>\n\t\t\t<dt class='gallery-icon landscape'>\n\t\t\t\t<a href='https:\/\/www.psoecaceres.com\/es\/wp-content\/uploads\/2026\/03\/IMG_4795-scaled.jpeg'><img loading=\"lazy\" decoding=\"async\" width=\"150\" height=\"150\" src=\"https:\/\/www.psoecaceres.com\/es\/wp-content\/uploads\/2026\/03\/IMG_4795-150x150.jpeg\" class=\"attachment-thumbnail size-thumbnail\" alt=\"\" \/><\/a>\n\t\t\t<\/dt><\/dl><dl class='gallery-item'>\n\t\t\t<dt class='gallery-icon landscape'>\n\t\t\t\t<a href='https:\/\/www.psoecaceres.com\/es\/wp-content\/uploads\/2026\/03\/IMG_4806-scaled.jpeg'><img loading=\"lazy\" decoding=\"async\" width=\"150\" height=\"150\" src=\"https:\/\/www.psoecaceres.com\/es\/wp-content\/uploads\/2026\/03\/IMG_4806-150x150.jpeg\" class=\"attachment-thumbnail size-thumbnail\" alt=\"\" \/><\/a>\n\t\t\t<\/dt><\/dl><dl class='gallery-item'>\n\t\t\t<dt class='gallery-icon landscape'>\n\t\t\t\t<a href='https:\/\/www.psoecaceres.com\/es\/wp-content\/uploads\/2026\/03\/IMG_4803-scaled.jpeg'><img loading=\"lazy\" decoding=\"async\" width=\"150\" height=\"150\" src=\"https:\/\/www.psoecaceres.com\/es\/wp-content\/uploads\/2026\/03\/IMG_4803-150x150.jpeg\" class=\"attachment-thumbnail size-thumbnail\" alt=\"\" \/><\/a>\n\t\t\t<\/dt><\/dl><dl class='gallery-item'>\n\t\t\t<dt class='gallery-icon landscape'>\n\t\t\t\t<a href='https:\/\/www.psoecaceres.com\/es\/wp-content\/uploads\/2026\/03\/IMG_4811-scaled.jpeg'><img loading=\"lazy\" decoding=\"async\" width=\"150\" height=\"150\" src=\"https:\/\/www.psoecaceres.com\/es\/wp-content\/uploads\/2026\/03\/IMG_4811-150x150.jpeg\" class=\"attachment-thumbnail size-thumbnail\" alt=\"\" \/><\/a>\n\t\t\t<\/dt><\/dl><dl class='gallery-item'>\n\t\t\t<dt class='gallery-icon portrait'>\n\t\t\t\t<a href='https:\/\/www.psoecaceres.com\/es\/wp-content\/uploads\/2026\/03\/IMG_4800-scaled.jpeg'><img loading=\"lazy\" decoding=\"async\" width=\"150\" height=\"150\" src=\"https:\/\/www.psoecaceres.com\/es\/wp-content\/uploads\/2026\/03\/IMG_4800-150x150.jpeg\" class=\"attachment-thumbnail size-thumbnail\" alt=\"\" \/><\/a>\n\t\t\t<\/dt><\/dl><br style=\"clear: both\" \/><dl class='gallery-item'>\n\t\t\t<dt class='gallery-icon portrait'>\n\t\t\t\t<a href='https:\/\/www.psoecaceres.com\/es\/wp-content\/uploads\/2026\/03\/IMG_4798-scaled.jpeg'><img loading=\"lazy\" decoding=\"async\" width=\"150\" height=\"150\" src=\"https:\/\/www.psoecaceres.com\/es\/wp-content\/uploads\/2026\/03\/IMG_4798-150x150.jpeg\" class=\"attachment-thumbnail size-thumbnail\" alt=\"\" \/><\/a>\n\t\t\t<\/dt><\/dl><dl class='gallery-item'>\n\t\t\t<dt class='gallery-icon portrait'>\n\t\t\t\t<a href='https:\/\/www.psoecaceres.com\/es\/wp-content\/uploads\/2026\/03\/IMG_4809-scaled.jpeg'><img loading=\"lazy\" decoding=\"async\" width=\"150\" height=\"150\" src=\"https:\/\/www.psoecaceres.com\/es\/wp-content\/uploads\/2026\/03\/IMG_4809-150x150.jpeg\" class=\"attachment-thumbnail size-thumbnail\" alt=\"\" \/><\/a>\n\t\t\t<\/dt><\/dl><dl class='gallery-item'>\n\t\t\t<dt class='gallery-icon landscape'>\n\t\t\t\t<a href='https:\/\/www.psoecaceres.com\/es\/wp-content\/uploads\/2026\/03\/IMG_4807-scaled.jpeg'><img loading=\"lazy\" decoding=\"async\" width=\"150\" height=\"150\" src=\"https:\/\/www.psoecaceres.com\/es\/wp-content\/uploads\/2026\/03\/IMG_4807-150x150.jpeg\" class=\"attachment-thumbnail size-thumbnail\" alt=\"\" \/><\/a>\n\t\t\t<\/dt><\/dl><dl class='gallery-item'>\n\t\t\t<dt class='gallery-icon landscape'>\n\t\t\t\t<a href='https:\/\/www.psoecaceres.com\/es\/wp-content\/uploads\/2026\/03\/IMG_4813-scaled.jpeg'><img loading=\"lazy\" decoding=\"async\" width=\"150\" height=\"150\" src=\"https:\/\/www.psoecaceres.com\/es\/wp-content\/uploads\/2026\/03\/IMG_4813-150x150.jpeg\" class=\"attachment-thumbnail size-thumbnail\" alt=\"\" \/><\/a>\n\t\t\t<\/dt><\/dl>\n\t\t\t<br style='clear: both' \/>\n\t\t<\/div>\n\n","protected":false},"excerpt":{"rendered":"<p>El PSOE de la provincia de C\u00e1ceres reclama a Mar\u00eda Guardiola compromiso con el mundo rural y apuestan por reforzar un PSOE municipalista y territorializado frente a la dejaci\u00f3n de funciones de la Junta. El PSOE de la provincia de C\u00e1ceres ha celebrado en La Moheda de Gata la Asamblea Territorial de Sierra de Gata, [&hellip;]<\/p>\n","protected":false},"author":3,"featured_media":76037,"comment_status":"open","ping_status":"open","sticky":false,"template":"","format":"standard","meta":{"_et_pb_use_builder":"","_et_pb_old_content":"","_et_gb_content_width":"","footnotes":""},"categories":[21,285,222,246,20],"tags":[151],"class_list":["post-76030","post","type-post","status-publish","format-standard","has-post-thumbnail","hentry","category-actualidad","category-consejo-territorial","category-municipio-a-municipio","category-noticias","category-prensa","tag-destacada"],"yoast_head":"<!-- This site is optimized with the Yoast SEO plugin v26.7 - https:\/\/yoast.com\/wordpress\/plugins\/seo\/ -->\n<title>Eduardo B\u00e9jar: &quot;Seguiremos reivindicando proyectos estrat\u00e9gicos como la f\u00e1brica de transformaci\u00f3n de la resina en la Sierra de Gata&quot; - PSOE provincia de C\u00e1ceres<\/title>\n<meta name=\"robots\" content=\"index, follow, max-snippet:-1, max-image-preview:large, max-video-preview:-1\" \/>\n<link rel=\"canonical\" href=\"https:\/\/www.psoecaceres.com\/es\/prensa\/eduardo-bejar-seguiremos-reivindicando-proyectos-estrategicos-como-la-fabrica-de-transformacion-de-la-resina-en-la-sierra-de-gata\/\" \/>\n<meta property=\"og:locale\" content=\"es_ES\" \/>\n<meta property=\"og:type\" content=\"article\" \/>\n<meta property=\"og:title\" content=\"Eduardo B\u00e9jar: &quot;Seguiremos reivindicando proyectos estrat\u00e9gicos como la f\u00e1brica de transformaci\u00f3n de la resina en la Sierra de Gata&quot; - PSOE provincia de C\u00e1ceres\" \/>\n<meta property=\"og:description\" content=\"El PSOE de la provincia de C\u00e1ceres reclama a Mar\u00eda Guardiola compromiso con el mundo rural y apuestan por reforzar un PSOE municipalista y territorializado frente a la dejaci\u00f3n de funciones de la Junta. El PSOE de la provincia de C\u00e1ceres ha celebrado en La Moheda de Gata la Asamblea Territorial de Sierra de Gata, [&hellip;]\" \/>\n<meta property=\"og:url\" content=\"https:\/\/www.psoecaceres.com\/es\/prensa\/eduardo-bejar-seguiremos-reivindicando-proyectos-estrategicos-como-la-fabrica-de-transformacion-de-la-resina-en-la-sierra-de-gata\/\" \/>\n<meta property=\"og:site_name\" content=\"PSOE provincia de C\u00e1ceres\" \/>\n<meta property=\"article:publisher\" content=\"https:\/\/www.facebook.com\/psoecaceres\" \/>\n<meta property=\"article:published_time\" content=\"2026-03-12T18:35:18+00:00\" \/>\n<meta property=\"article:modified_time\" content=\"2026-03-12T19:19:57+00:00\" \/>\n<meta property=\"og:image\" content=\"https:\/\/www.psoecaceres.com\/es\/wp-content\/uploads\/2026\/03\/IMG_4785-scaled.jpeg\" \/>\n\t<meta property=\"og:image:width\" content=\"2560\" \/>\n\t<meta property=\"og:image:height\" content=\"1920\" \/>\n\t<meta property=\"og:image:type\" content=\"image\/jpeg\" \/>\n<meta name=\"author\" content=\"PSOE\" \/>\n<meta name=\"twitter:card\" content=\"summary_large_image\" \/>\n<meta name=\"twitter:creator\" content=\"@PSOEC\" \/>\n<meta name=\"twitter:site\" content=\"@PSOEC\" \/>\n<meta name=\"twitter:label1\" content=\"Escrito por\" \/>\n\t<meta name=\"twitter:data1\" content=\"PSOE\" \/>\n\t<meta name=\"twitter:label2\" content=\"Tiempo de lectura\" \/>\n\t<meta name=\"twitter:data2\" content=\"3 minutos\" \/>\n<script type=\"application\/ld+json\" class=\"yoast-schema-graph\">{\"@context\":\"https:\/\/schema.org\",\"@graph\":[{\"@type\":\"Article\",\"@id\":\"https:\/\/www.psoecaceres.com\/es\/prensa\/eduardo-bejar-seguiremos-reivindicando-proyectos-estrategicos-como-la-fabrica-de-transformacion-de-la-resina-en-la-sierra-de-gata\/#article\",\"isPartOf\":{\"@id\":\"https:\/\/www.psoecaceres.com\/es\/prensa\/eduardo-bejar-seguiremos-reivindicando-proyectos-estrategicos-como-la-fabrica-de-transformacion-de-la-resina-en-la-sierra-de-gata\/\"},\"author\":{\"name\":\"PSOE\",\"@id\":\"https:\/\/www.psoecaceres.com\/es\/#\/schema\/person\/f39f54f038cc2ed62af85f6d76c466a9\"},\"headline\":\"Eduardo B\u00e9jar: \u00abSeguiremos reivindicando proyectos estrat\u00e9gicos como la f\u00e1brica de transformaci\u00f3n de la resina en la Sierra de Gata\u00bb\",\"datePublished\":\"2026-03-12T18:35:18+00:00\",\"dateModified\":\"2026-03-12T19:19:57+00:00\",\"mainEntityOfPage\":{\"@id\":\"https:\/\/www.psoecaceres.com\/es\/prensa\/eduardo-bejar-seguiremos-reivindicando-proyectos-estrategicos-como-la-fabrica-de-transformacion-de-la-resina-en-la-sierra-de-gata\/\"},\"wordCount\":715,\"commentCount\":0,\"publisher\":{\"@id\":\"https:\/\/www.psoecaceres.com\/es\/#organization\"},\"image\":{\"@id\":\"https:\/\/www.psoecaceres.com\/es\/prensa\/eduardo-bejar-seguiremos-reivindicando-proyectos-estrategicos-como-la-fabrica-de-transformacion-de-la-resina-en-la-sierra-de-gata\/#primaryimage\"},\"thumbnailUrl\":\"https:\/\/www.psoecaceres.com\/es\/wp-content\/uploads\/2026\/03\/IMG_4785-scaled.jpeg\",\"keywords\":[\"destacada\"],\"articleSection\":[\"Actualidad\",\"Consejo Territorial\",\"Municipio a Municipio\",\"Noticias\",\"Prensa\"],\"inLanguage\":\"es\",\"potentialAction\":[{\"@type\":\"CommentAction\",\"name\":\"Comment\",\"target\":[\"https:\/\/www.psoecaceres.com\/es\/prensa\/eduardo-bejar-seguiremos-reivindicando-proyectos-estrategicos-como-la-fabrica-de-transformacion-de-la-resina-en-la-sierra-de-gata\/#respond\"]}]},{\"@type\":\"WebPage\",\"@id\":\"https:\/\/www.psoecaceres.com\/es\/prensa\/eduardo-bejar-seguiremos-reivindicando-proyectos-estrategicos-como-la-fabrica-de-transformacion-de-la-resina-en-la-sierra-de-gata\/\",\"url\":\"https:\/\/www.psoecaceres.com\/es\/prensa\/eduardo-bejar-seguiremos-reivindicando-proyectos-estrategicos-como-la-fabrica-de-transformacion-de-la-resina-en-la-sierra-de-gata\/\",\"name\":\"Eduardo B\u00e9jar: \\\"Seguiremos reivindicando proyectos estrat\u00e9gicos como la f\u00e1brica de transformaci\u00f3n de la resina en la Sierra de Gata\\\" - PSOE provincia de C\u00e1ceres\",\"isPartOf\":{\"@id\":\"https:\/\/www.psoecaceres.com\/es\/#website\"},\"primaryImageOfPage\":{\"@id\":\"https:\/\/www.psoecaceres.com\/es\/prensa\/eduardo-bejar-seguiremos-reivindicando-proyectos-estrategicos-como-la-fabrica-de-transformacion-de-la-resina-en-la-sierra-de-gata\/#primaryimage\"},\"image\":{\"@id\":\"https:\/\/www.psoecaceres.com\/es\/prensa\/eduardo-bejar-seguiremos-reivindicando-proyectos-estrategicos-como-la-fabrica-de-transformacion-de-la-resina-en-la-sierra-de-gata\/#primaryimage\"},\"thumbnailUrl\":\"https:\/\/www.psoecaceres.com\/es\/wp-content\/uploads\/2026\/03\/IMG_4785-scaled.jpeg\",\"datePublished\":\"2026-03-12T18:35:18+00:00\",\"dateModified\":\"2026-03-12T19:19:57+00:00\",\"breadcrumb\":{\"@id\":\"https:\/\/www.psoecaceres.com\/es\/prensa\/eduardo-bejar-seguiremos-reivindicando-proyectos-estrategicos-como-la-fabrica-de-transformacion-de-la-resina-en-la-sierra-de-gata\/#breadcrumb\"},\"inLanguage\":\"es\",\"potentialAction\":[{\"@type\":\"ReadAction\",\"target\":[\"https:\/\/www.psoecaceres.com\/es\/prensa\/eduardo-bejar-seguiremos-reivindicando-proyectos-estrategicos-como-la-fabrica-de-transformacion-de-la-resina-en-la-sierra-de-gata\/\"]}]},{\"@type\":\"ImageObject\",\"inLanguage\":\"es\",\"@id\":\"https:\/\/www.psoecaceres.com\/es\/prensa\/eduardo-bejar-seguiremos-reivindicando-proyectos-estrategicos-como-la-fabrica-de-transformacion-de-la-resina-en-la-sierra-de-gata\/#primaryimage\",\"url\":\"https:\/\/www.psoecaceres.com\/es\/wp-content\/uploads\/2026\/03\/IMG_4785-scaled.jpeg\",\"contentUrl\":\"https:\/\/www.psoecaceres.com\/es\/wp-content\/uploads\/2026\/03\/IMG_4785-scaled.jpeg\",\"width\":2560,\"height\":1920},{\"@type\":\"BreadcrumbList\",\"@id\":\"https:\/\/www.psoecaceres.com\/es\/prensa\/eduardo-bejar-seguiremos-reivindicando-proyectos-estrategicos-como-la-fabrica-de-transformacion-de-la-resina-en-la-sierra-de-gata\/#breadcrumb\",\"itemListElement\":[{\"@type\":\"ListItem\",\"position\":1,\"name\":\"Portada\",\"item\":\"https:\/\/www.psoecaceres.com\/es\/\"},{\"@type\":\"ListItem\",\"position\":2,\"name\":\"Eduardo B\u00e9jar: \u00abSeguiremos reivindicando proyectos estrat\u00e9gicos como la f\u00e1brica de transformaci\u00f3n de la resina en la Sierra de Gata\u00bb\"}]},{\"@type\":\"WebSite\",\"@id\":\"https:\/\/www.psoecaceres.com\/es\/#website\",\"url\":\"https:\/\/www.psoecaceres.com\/es\/\",\"name\":\"PSOE provincia de C\u00e1ceres\",\"description\":\"Pasi\u00f3n por Nuestros Pueblos\",\"publisher\":{\"@id\":\"https:\/\/www.psoecaceres.com\/es\/#organization\"},\"alternateName\":\"PSOE Caceres\",\"potentialAction\":[{\"@type\":\"SearchAction\",\"target\":{\"@type\":\"EntryPoint\",\"urlTemplate\":\"https:\/\/www.psoecaceres.com\/es\/?s={search_term_string}\"},\"query-input\":{\"@type\":\"PropertyValueSpecification\",\"valueRequired\":true,\"valueName\":\"search_term_string\"}}],\"inLanguage\":\"es\"},{\"@type\":\"Organization\",\"@id\":\"https:\/\/www.psoecaceres.com\/es\/#organization\",\"name\":\"Psoe C\u00e1ceres\",\"alternateName\":\"PSOE Caceres\",\"url\":\"https:\/\/www.psoecaceres.com\/es\/\",\"logo\":{\"@type\":\"ImageObject\",\"inLanguage\":\"es\",\"@id\":\"https:\/\/www.psoecaceres.com\/es\/#\/schema\/logo\/image\/\",\"url\":\"https:\/\/www.psoecaceres.com\/es\/wp-content\/uploads\/2020\/08\/logo-psoe-caceres-web-2020.png\",\"contentUrl\":\"https:\/\/www.psoecaceres.com\/es\/wp-content\/uploads\/2020\/08\/logo-psoe-caceres-web-2020.png\",\"width\":180,\"height\":105,\"caption\":\"Psoe C\u00e1ceres\"},\"image\":{\"@id\":\"https:\/\/www.psoecaceres.com\/es\/#\/schema\/logo\/image\/\"},\"sameAs\":[\"https:\/\/www.facebook.com\/psoecaceres\",\"https:\/\/x.com\/PSOEC\"]},{\"@type\":\"Person\",\"@id\":\"https:\/\/www.psoecaceres.com\/es\/#\/schema\/person\/f39f54f038cc2ed62af85f6d76c466a9\",\"name\":\"PSOE\",\"url\":\"https:\/\/www.psoecaceres.com\/es\/author\/ivar\/\"}]}<\/script>\n<!-- \/ Yoast SEO plugin. -->","yoast_head_json":{"title":"Eduardo B\u00e9jar: \"Seguiremos reivindicando proyectos estrat\u00e9gicos como la f\u00e1brica de transformaci\u00f3n de la resina en la Sierra de Gata\" - PSOE provincia de C\u00e1ceres","robots":{"index":"index","follow":"follow","max-snippet":"max-snippet:-1","max-image-preview":"max-image-preview:large","max-video-preview":"max-video-preview:-1"},"canonical":"https:\/\/www.psoecaceres.com\/es\/prensa\/eduardo-bejar-seguiremos-reivindicando-proyectos-estrategicos-como-la-fabrica-de-transformacion-de-la-resina-en-la-sierra-de-gata\/","og_locale":"es_ES","og_type":"article","og_title":"Eduardo B\u00e9jar: \"Seguiremos reivindicando proyectos estrat\u00e9gicos como la f\u00e1brica de transformaci\u00f3n de la resina en la Sierra de Gata\" - PSOE provincia de C\u00e1ceres","og_description":"El PSOE de la provincia de C\u00e1ceres reclama a Mar\u00eda Guardiola compromiso con el mundo rural y apuestan por reforzar un PSOE municipalista y territorializado frente a la dejaci\u00f3n de funciones de la Junta. El PSOE de la provincia de C\u00e1ceres ha celebrado en La Moheda de Gata la Asamblea Territorial de Sierra de Gata, [&hellip;]","og_url":"https:\/\/www.psoecaceres.com\/es\/prensa\/eduardo-bejar-seguiremos-reivindicando-proyectos-estrategicos-como-la-fabrica-de-transformacion-de-la-resina-en-la-sierra-de-gata\/","og_site_name":"PSOE provincia de C\u00e1ceres","article_publisher":"https:\/\/www.facebook.com\/psoecaceres","article_published_time":"2026-03-12T18:35:18+00:00","article_modified_time":"2026-03-12T19:19:57+00:00","og_image":[{"width":2560,"height":1920,"url":"https:\/\/www.psoecaceres.com\/es\/wp-content\/uploads\/2026\/03\/IMG_4785-scaled.jpeg","type":"image\/jpeg"}],"author":"PSOE","twitter_card":"summary_large_image","twitter_creator":"@PSOEC","twitter_site":"@PSOEC","twitter_misc":{"Escrito por":"PSOE","Tiempo de lectura":"3 minutos"},"schema":{"@context":"https:\/\/schema.org","@graph":[{"@type":"Article","@id":"https:\/\/www.psoecaceres.com\/es\/prensa\/eduardo-bejar-seguiremos-reivindicando-proyectos-estrategicos-como-la-fabrica-de-transformacion-de-la-resina-en-la-sierra-de-gata\/#article","isPartOf":{"@id":"https:\/\/www.psoecaceres.com\/es\/prensa\/eduardo-bejar-seguiremos-reivindicando-proyectos-estrategicos-como-la-fabrica-de-transformacion-de-la-resina-en-la-sierra-de-gata\/"},"author":{"name":"PSOE","@id":"https:\/\/www.psoecaceres.com\/es\/#\/schema\/person\/f39f54f038cc2ed62af85f6d76c466a9"},"headline":"Eduardo B\u00e9jar: \u00abSeguiremos reivindicando proyectos estrat\u00e9gicos como la f\u00e1brica de transformaci\u00f3n de la resina en la Sierra de Gata\u00bb","datePublished":"2026-03-12T18:35:18+00:00","dateModified":"2026-03-12T19:19:57+00:00","mainEntityOfPage":{"@id":"https:\/\/www.psoecaceres.com\/es\/prensa\/eduardo-bejar-seguiremos-reivindicando-proyectos-estrategicos-como-la-fabrica-de-transformacion-de-la-resina-en-la-sierra-de-gata\/"},"wordCount":715,"commentCount":0,"publisher":{"@id":"https:\/\/www.psoecaceres.com\/es\/#organization"},"image":{"@id":"https:\/\/www.psoecaceres.com\/es\/prensa\/eduardo-bejar-seguiremos-reivindicando-proyectos-estrategicos-como-la-fabrica-de-transformacion-de-la-resina-en-la-sierra-de-gata\/#primaryimage"},"thumbnailUrl":"https:\/\/www.psoecaceres.com\/es\/wp-content\/uploads\/2026\/03\/IMG_4785-scaled.jpeg","keywords":["destacada"],"articleSection":["Actualidad","Consejo Territorial","Municipio a Municipio","Noticias","Prensa"],"inLanguage":"es","potentialAction":[{"@type":"CommentAction","name":"Comment","target":["https:\/\/www.psoecaceres.com\/es\/prensa\/eduardo-bejar-seguiremos-reivindicando-proyectos-estrategicos-como-la-fabrica-de-transformacion-de-la-resina-en-la-sierra-de-gata\/#respond"]}]},{"@type":"WebPage","@id":"https:\/\/www.psoecaceres.com\/es\/prensa\/eduardo-bejar-seguiremos-reivindicando-proyectos-estrategicos-como-la-fabrica-de-transformacion-de-la-resina-en-la-sierra-de-gata\/","url":"https:\/\/www.psoecaceres.com\/es\/prensa\/eduardo-bejar-seguiremos-reivindicando-proyectos-estrategicos-como-la-fabrica-de-transformacion-de-la-resina-en-la-sierra-de-gata\/","name":"Eduardo B\u00e9jar: \"Seguiremos reivindicando proyectos estrat\u00e9gicos como la f\u00e1brica de transformaci\u00f3n de la resina en la Sierra de Gata\" - PSOE provincia de C\u00e1ceres","isPartOf":{"@id":"https:\/\/www.psoecaceres.com\/es\/#website"},"primaryImageOfPage":{"@id":"https:\/\/www.psoecaceres.com\/es\/prensa\/eduardo-bejar-seguiremos-reivindicando-proyectos-estrategicos-como-la-fabrica-de-transformacion-de-la-resina-en-la-sierra-de-gata\/#primaryimage"},"image":{"@id":"https:\/\/www.psoecaceres.com\/es\/prensa\/eduardo-bejar-seguiremos-reivindicando-proyectos-estrategicos-como-la-fabrica-de-transformacion-de-la-resina-en-la-sierra-de-gata\/#primaryimage"},"thumbnailUrl":"https:\/\/www.psoecaceres.com\/es\/wp-content\/uploads\/2026\/03\/IMG_4785-scaled.jpeg","datePublished":"2026-03-12T18:35:18+00:00","dateModified":"2026-03-12T19:19:57+00:00","breadcrumb":{"@id":"https:\/\/www.psoecaceres.com\/es\/prensa\/eduardo-bejar-seguiremos-reivindicando-proyectos-estrategicos-como-la-fabrica-de-transformacion-de-la-resina-en-la-sierra-de-gata\/#breadcrumb"},"inLanguage":"es","potentialAction":[{"@type":"ReadAction","target":["https:\/\/www.psoecaceres.com\/es\/prensa\/eduardo-bejar-seguiremos-reivindicando-proyectos-estrategicos-como-la-fabrica-de-transformacion-de-la-resina-en-la-sierra-de-gata\/"]}]},{"@type":"ImageObject","inLanguage":"es","@id":"https:\/\/www.psoecaceres.com\/es\/prensa\/eduardo-bejar-seguiremos-reivindicando-proyectos-estrategicos-como-la-fabrica-de-transformacion-de-la-resina-en-la-sierra-de-gata\/#primaryimage","url":"https:\/\/www.psoecaceres.com\/es\/wp-content\/uploads\/2026\/03\/IMG_4785-scaled.jpeg","contentUrl":"https:\/\/www.psoecaceres.com\/es\/wp-content\/uploads\/2026\/03\/IMG_4785-scaled.jpeg","width":2560,"height":1920},{"@type":"BreadcrumbList","@id":"https:\/\/www.psoecaceres.com\/es\/prensa\/eduardo-bejar-seguiremos-reivindicando-proyectos-estrategicos-como-la-fabrica-de-transformacion-de-la-resina-en-la-sierra-de-gata\/#breadcrumb","itemListElement":[{"@type":"ListItem","position":1,"name":"Portada","item":"https:\/\/www.psoecaceres.com\/es\/"},{"@type":"ListItem","position":2,"name":"Eduardo B\u00e9jar: \u00abSeguiremos reivindicando proyectos estrat\u00e9gicos como la f\u00e1brica de transformaci\u00f3n de la resina en la Sierra de Gata\u00bb"}]},{"@type":"WebSite","@id":"https:\/\/www.psoecaceres.com\/es\/#website","url":"https:\/\/www.psoecaceres.com\/es\/","name":"PSOE provincia de C\u00e1ceres","description":"Pasi\u00f3n por Nuestros Pueblos","publisher":{"@id":"https:\/\/www.psoecaceres.com\/es\/#organization"},"alternateName":"PSOE Caceres","potentialAction":[{"@type":"SearchAction","target":{"@type":"EntryPoint","urlTemplate":"https:\/\/www.psoecaceres.com\/es\/?s={search_term_string}"},"query-input":{"@type":"PropertyValueSpecification","valueRequired":true,"valueName":"search_term_string"}}],"inLanguage":"es"},{"@type":"Organization","@id":"https:\/\/www.psoecaceres.com\/es\/#organization","name":"Psoe C\u00e1ceres","alternateName":"PSOE Caceres","url":"https:\/\/www.psoecaceres.com\/es\/","logo":{"@type":"ImageObject","inLanguage":"es","@id":"https:\/\/www.psoecaceres.com\/es\/#\/schema\/logo\/image\/","url":"https:\/\/www.psoecaceres.com\/es\/wp-content\/uploads\/2020\/08\/logo-psoe-caceres-web-2020.png","contentUrl":"https:\/\/www.psoecaceres.com\/es\/wp-content\/uploads\/2020\/08\/logo-psoe-caceres-web-2020.png","width":180,"height":105,"caption":"Psoe C\u00e1ceres"},"image":{"@id":"https:\/\/www.psoecaceres.com\/es\/#\/schema\/logo\/image\/"},"sameAs":["https:\/\/www.facebook.com\/psoecaceres","https:\/\/x.com\/PSOEC"]},{"@type":"Person","@id":"https:\/\/www.psoecaceres.com\/es\/#\/schema\/person\/f39f54f038cc2ed62af85f6d76c466a9","name":"PSOE","url":"https:\/\/www.psoecaceres.com\/es\/author\/ivar\/"}]}},"_links":{"self":[{"href":"https:\/\/www.psoecaceres.com\/es\/wp-json\/wp\/v2\/posts\/76030","targetHints":{"allow":["GET"]}}],"collection":[{"href":"https:\/\/www.psoecaceres.com\/es\/wp-json\/wp\/v2\/posts"}],"about":[{"href":"https:\/\/www.psoecaceres.com\/es\/wp-json\/wp\/v2\/types\/post"}],"author":[{"embeddable":true,"href":"https:\/\/www.psoecaceres.com\/es\/wp-json\/wp\/v2\/users\/3"}],"replies":[{"embeddable":true,"href":"https:\/\/www.psoecaceres.com\/es\/wp-json\/wp\/v2\/comments?post=76030"}],"version-history":[{"count":2,"href":"https:\/\/www.psoecaceres.com\/es\/wp-json\/wp\/v2\/posts\/76030\/revisions"}],"predecessor-version":[{"id":76080,"href":"https:\/\/www.psoecaceres.com\/es\/wp-json\/wp\/v2\/posts\/76030\/revisions\/76080"}],"wp:featuredmedia":[{"embeddable":true,"href":"https:\/\/www.psoecaceres.com\/es\/wp-json\/wp\/v2\/media\/76037"}],"wp:attachment":[{"href":"https:\/\/www.psoecaceres.com\/es\/wp-json\/wp\/v2\/media?parent=76030"}],"wp:term":[{"taxonomy":"category","embeddable":true,"href":"https:\/\/www.psoecaceres.com\/es\/wp-json\/wp\/v2\/categories?post=76030"},{"taxonomy":"post_tag","embeddable":true,"href":"https:\/\/www.psoecaceres.com\/es\/wp-json\/wp\/v2\/tags?post=76030"}],"curies":[{"name":"wp","href":"https:\/\/api.w.org\/{rel}","templated":true}]}}