{"id":76081,"date":"2026-03-13T04:44:30","date_gmt":"2026-03-13T02:44:30","guid":{"rendered":"https:\/\/www.psoecaceres.com\/es\/?p=76081"},"modified":"2026-03-12T21:46:09","modified_gmt":"2026-03-12T19:46:09","slug":"el-psoe-destapa-la-mentira-del-equipo-de-mateos-en-rio-vistula-y-rechaza-un-plan-de-vivienda-que-no-es-ni-asequible-ni-permanente","status":"publish","type":"post","link":"https:\/\/www.psoecaceres.com\/es\/actualidad\/el-psoe-destapa-la-mentira-del-equipo-de-mateos-en-rio-vistula-y-rechaza-un-plan-de-vivienda-que-no-es-ni-asequible-ni-permanente\/","title":{"rendered":"El PSOE destapa la \u201cmentira\u201d del equipo de Mateos en R\u00edo V\u00edstula y rechaza un plan de vivienda que no es ni asequible ni permanente"},"content":{"rendered":"<p style=\"font-weight: 400;\"><strong>El Grupo Municipal Socialista ha\u00a0<\/strong><strong>denunciado la falta de rigor y la opacidad informativa que rodea la gesti\u00f3n de vivienda del Gobierno de Rafa Mateos.<\/strong><\/p>\n<p style=\"font-weight: 400;\">El Grupo Municipal Socialista ha denunciado\u00a0hoy\u00a0en la Comisi\u00f3n de Urbanismo la falta de rigor y la opacidad informativa que rodea la gesti\u00f3n de vivienda del Gobierno de Rafa Mateos. La portavoz socialista,\u00a0Bel\u00e9n Fern\u00e1ndez, ha calificado de \u00abescandalosa\u00bb la situaci\u00f3n del bloque en la\u00a0calle R\u00edo V\u00edstula, tras revelarse que el Ayuntamiento posee realmente\u00a018 viviendas, lo que supone casi el\u00a040% del edificio, frente al reducido n\u00famero de propiedades que el equipo de gobierno sosten\u00eda p\u00fablicamente hasta ahora.<\/p>\n<p style=\"font-weight: 400;\">Para Fern\u00e1ndez, resulta de una\u00a0\u201cfalta de \u00e9tica pol\u00edtica total\u201d\u00a0que el se\u00f1or Mateos mienta sobre el n\u00famero de viviendas que el Ayuntamiento tiene en este bloque mientras\u00a0\u00abasfixia a los vecinos con plazos de obra que el propio consistorio boicotea al asumir su participaci\u00f3n real en la comunidad\u00bb.<\/p>\n<p style=\"font-weight: 400;\">Los socialistas han denunciado que esta situaci\u00f3n se debe a que el Gobierno ni gestiona ni conoce la estructura del Ayuntamiento y el IMAS, una situaci\u00f3n que consideran inaceptable puesto que la administraci\u00f3n exige a los ciudadanos lo que ella misma incumple. Tras la denuncia realizada en la comisi\u00f3n, el concejal de urbanismo, Tirso Leal, se ha visto obligado a reconocer finalmente la titularidad de estas 18 viviendas.<\/p>\n<p style=\"font-weight: 400;\">La problem\u00e1tica habitacional se agrava por la gesti\u00f3n de los elementos con\u00a0amianto\u00a0en las cubiertas de la ciudad. Los socialistas han insistido en la necesidad urgente de crear un mecanismo municipal para la retirada de este material, alertando de que su presencia complica las soluciones a las filtraciones de agua denunciadas por los vecinos al ser un proceso extremadamente costoso.<\/p>\n<p style=\"font-weight: 400;\">A este respecto, Fern\u00e1ndez ha afeado la postura del equipo de gobierno:\u00a0\u201cNo se puede decir que el amianto no es peligroso si no se toca cuando hay familias sufriendo filtraciones que no pueden arreglar por el alto coste de su retirada\u201d. Ha vuelto a proponer un convenio con el COADE y ayudas con cargo a los recursos municipales, ante lo que consideran un estupor por la respuesta del PP afirmando que el amianto \u201csi se le deja quietecito no es nada peligroso\u201d.<\/p>\n<p style=\"font-weight: 400;\">Finalmente, el PSOE ha votado en contra del convenio para la cesi\u00f3n de parcelas municipales a URVIPEXSA. Los socialistas denuncian que, a pesar de que se anunci\u00f3 la construcci\u00f3n de\u00a0544 viviendas, este acuerdo solo materializar\u00eda\u00a088 unidades si se llega a realizar, con precios que oscilan entre los\u00a0110.000 y 140.000 euros m\u00e1s IVA.<\/p>\n<p style=\"font-weight: 400;\">La portavoz ha concluido se\u00f1alando que\u00a0\u201ctener recursos sobrados y negarse a crear ayudas para proteger la salud de los barrios m\u00e1s vulnerables, mientras se regala suelo para viviendas que no bajan de los 140.000 euros, demuestra que el Partido Popular no gobierna para la mayor\u00eda de los cacere\u00f1os, sino para unos pocos\u201d.<\/p>\n<p style=\"font-weight: 400;\">Fern\u00e1ndez ha insistido en que es posible buscar f\u00f3rmulas para facilitar el acceso a la vivienda a trav\u00e9s de la generaci\u00f3n de un verdadero parque p\u00fablico de vivienda, que no es lo mismo que la oferta de vivienda protegida, adem\u00e1s de mostrar ambici\u00f3n en las respuestas a la situaci\u00f3n actual mediante la aplicaci\u00f3n de los instrumentos existentes, como la declaraci\u00f3n de zona tensionada para C\u00e1ceres.<\/p>\n","protected":false},"excerpt":{"rendered":"<p>El Grupo Municipal Socialista ha\u00a0denunciado la falta de rigor y la opacidad informativa que rodea la gesti\u00f3n de vivienda del Gobierno de Rafa Mateos. El Grupo Municipal Socialista ha denunciado\u00a0hoy\u00a0en la Comisi\u00f3n de Urbanismo la falta de rigor y la opacidad informativa que rodea la gesti\u00f3n de vivienda del Gobierno de Rafa Mateos. La portavoz [&hellip;]<\/p>\n","protected":false},"author":3,"featured_media":69928,"comment_status":"open","ping_status":"open","sticky":false,"template":"","format":"standard","meta":{"_et_pb_use_builder":"","_et_pb_old_content":"","_et_gb_content_width":"","footnotes":""},"categories":[21,222,246],"tags":[151],"class_list":["post-76081","post","type-post","status-publish","format-standard","has-post-thumbnail","hentry","category-actualidad","category-municipio-a-municipio","category-noticias","tag-destacada"],"yoast_head":"<!-- This site is optimized with the Yoast SEO plugin v26.7 - https:\/\/yoast.com\/wordpress\/plugins\/seo\/ -->\n<title>El PSOE destapa la \u201cmentira\u201d del equipo de Mateos en R\u00edo V\u00edstula y rechaza un plan de vivienda que no es ni asequible ni permanente - PSOE provincia de C\u00e1ceres<\/title>\n<meta name=\"robots\" content=\"index, follow, max-snippet:-1, max-image-preview:large, max-video-preview:-1\" \/>\n<link rel=\"canonical\" href=\"https:\/\/www.psoecaceres.com\/es\/actualidad\/el-psoe-destapa-la-mentira-del-equipo-de-mateos-en-rio-vistula-y-rechaza-un-plan-de-vivienda-que-no-es-ni-asequible-ni-permanente\/\" \/>\n<meta property=\"og:locale\" content=\"es_ES\" \/>\n<meta property=\"og:type\" content=\"article\" \/>\n<meta property=\"og:title\" content=\"El PSOE destapa la \u201cmentira\u201d del equipo de Mateos en R\u00edo V\u00edstula y rechaza un plan de vivienda que no es ni asequible ni permanente - PSOE provincia de C\u00e1ceres\" \/>\n<meta property=\"og:description\" content=\"El Grupo Municipal Socialista ha\u00a0denunciado la falta de rigor y la opacidad informativa que rodea la gesti\u00f3n de vivienda del Gobierno de Rafa Mateos. El Grupo Municipal Socialista ha denunciado\u00a0hoy\u00a0en la Comisi\u00f3n de Urbanismo la falta de rigor y la opacidad informativa que rodea la gesti\u00f3n de vivienda del Gobierno de Rafa Mateos. La portavoz [&hellip;]\" \/>\n<meta property=\"og:url\" content=\"https:\/\/www.psoecaceres.com\/es\/actualidad\/el-psoe-destapa-la-mentira-del-equipo-de-mateos-en-rio-vistula-y-rechaza-un-plan-de-vivienda-que-no-es-ni-asequible-ni-permanente\/\" \/>\n<meta property=\"og:site_name\" content=\"PSOE provincia de C\u00e1ceres\" \/>\n<meta property=\"article:publisher\" content=\"https:\/\/www.facebook.com\/psoecaceres\" \/>\n<meta property=\"article:published_time\" content=\"2026-03-13T02:44:30+00:00\" \/>\n<meta property=\"og:image\" content=\"https:\/\/www.psoecaceres.com\/es\/wp-content\/uploads\/2025\/05\/Belen-Fernandez.jpg\" \/>\n\t<meta property=\"og:image:width\" content=\"1066\" \/>\n\t<meta property=\"og:image:height\" content=\"646\" \/>\n\t<meta property=\"og:image:type\" content=\"image\/jpeg\" \/>\n<meta name=\"author\" content=\"PSOE\" \/>\n<meta name=\"twitter:card\" content=\"summary_large_image\" \/>\n<meta name=\"twitter:creator\" content=\"@PSOEC\" \/>\n<meta name=\"twitter:site\" content=\"@PSOEC\" \/>\n<meta name=\"twitter:label1\" content=\"Escrito por\" \/>\n\t<meta name=\"twitter:data1\" content=\"PSOE\" \/>\n\t<meta name=\"twitter:label2\" content=\"Tiempo de lectura\" \/>\n\t<meta name=\"twitter:data2\" content=\"3 minutos\" \/>\n<script type=\"application\/ld+json\" class=\"yoast-schema-graph\">{\"@context\":\"https:\/\/schema.org\",\"@graph\":[{\"@type\":\"Article\",\"@id\":\"https:\/\/www.psoecaceres.com\/es\/actualidad\/el-psoe-destapa-la-mentira-del-equipo-de-mateos-en-rio-vistula-y-rechaza-un-plan-de-vivienda-que-no-es-ni-asequible-ni-permanente\/#article\",\"isPartOf\":{\"@id\":\"https:\/\/www.psoecaceres.com\/es\/actualidad\/el-psoe-destapa-la-mentira-del-equipo-de-mateos-en-rio-vistula-y-rechaza-un-plan-de-vivienda-que-no-es-ni-asequible-ni-permanente\/\"},\"author\":{\"name\":\"PSOE\",\"@id\":\"https:\/\/www.psoecaceres.com\/es\/#\/schema\/person\/f39f54f038cc2ed62af85f6d76c466a9\"},\"headline\":\"El PSOE destapa la \u201cmentira\u201d del equipo de Mateos en R\u00edo V\u00edstula y rechaza un plan de vivienda que no es ni asequible ni permanente\",\"datePublished\":\"2026-03-13T02:44:30+00:00\",\"mainEntityOfPage\":{\"@id\":\"https:\/\/www.psoecaceres.com\/es\/actualidad\/el-psoe-destapa-la-mentira-del-equipo-de-mateos-en-rio-vistula-y-rechaza-un-plan-de-vivienda-que-no-es-ni-asequible-ni-permanente\/\"},\"wordCount\":601,\"commentCount\":0,\"publisher\":{\"@id\":\"https:\/\/www.psoecaceres.com\/es\/#organization\"},\"image\":{\"@id\":\"https:\/\/www.psoecaceres.com\/es\/actualidad\/el-psoe-destapa-la-mentira-del-equipo-de-mateos-en-rio-vistula-y-rechaza-un-plan-de-vivienda-que-no-es-ni-asequible-ni-permanente\/#primaryimage\"},\"thumbnailUrl\":\"https:\/\/www.psoecaceres.com\/es\/wp-content\/uploads\/2025\/05\/Belen-Fernandez.jpg\",\"keywords\":[\"destacada\"],\"articleSection\":[\"Actualidad\",\"Municipio a Municipio\",\"Noticias\"],\"inLanguage\":\"es\",\"potentialAction\":[{\"@type\":\"CommentAction\",\"name\":\"Comment\",\"target\":[\"https:\/\/www.psoecaceres.com\/es\/actualidad\/el-psoe-destapa-la-mentira-del-equipo-de-mateos-en-rio-vistula-y-rechaza-un-plan-de-vivienda-que-no-es-ni-asequible-ni-permanente\/#respond\"]}]},{\"@type\":\"WebPage\",\"@id\":\"https:\/\/www.psoecaceres.com\/es\/actualidad\/el-psoe-destapa-la-mentira-del-equipo-de-mateos-en-rio-vistula-y-rechaza-un-plan-de-vivienda-que-no-es-ni-asequible-ni-permanente\/\",\"url\":\"https:\/\/www.psoecaceres.com\/es\/actualidad\/el-psoe-destapa-la-mentira-del-equipo-de-mateos-en-rio-vistula-y-rechaza-un-plan-de-vivienda-que-no-es-ni-asequible-ni-permanente\/\",\"name\":\"El PSOE destapa la \u201cmentira\u201d del equipo de Mateos en R\u00edo V\u00edstula y rechaza un plan de vivienda que no es ni asequible ni permanente - PSOE provincia de C\u00e1ceres\",\"isPartOf\":{\"@id\":\"https:\/\/www.psoecaceres.com\/es\/#website\"},\"primaryImageOfPage\":{\"@id\":\"https:\/\/www.psoecaceres.com\/es\/actualidad\/el-psoe-destapa-la-mentira-del-equipo-de-mateos-en-rio-vistula-y-rechaza-un-plan-de-vivienda-que-no-es-ni-asequible-ni-permanente\/#primaryimage\"},\"image\":{\"@id\":\"https:\/\/www.psoecaceres.com\/es\/actualidad\/el-psoe-destapa-la-mentira-del-equipo-de-mateos-en-rio-vistula-y-rechaza-un-plan-de-vivienda-que-no-es-ni-asequible-ni-permanente\/#primaryimage\"},\"thumbnailUrl\":\"https:\/\/www.psoecaceres.com\/es\/wp-content\/uploads\/2025\/05\/Belen-Fernandez.jpg\",\"datePublished\":\"2026-03-13T02:44:30+00:00\",\"breadcrumb\":{\"@id\":\"https:\/\/www.psoecaceres.com\/es\/actualidad\/el-psoe-destapa-la-mentira-del-equipo-de-mateos-en-rio-vistula-y-rechaza-un-plan-de-vivienda-que-no-es-ni-asequible-ni-permanente\/#breadcrumb\"},\"inLanguage\":\"es\",\"potentialAction\":[{\"@type\":\"ReadAction\",\"target\":[\"https:\/\/www.psoecaceres.com\/es\/actualidad\/el-psoe-destapa-la-mentira-del-equipo-de-mateos-en-rio-vistula-y-rechaza-un-plan-de-vivienda-que-no-es-ni-asequible-ni-permanente\/\"]}]},{\"@type\":\"ImageObject\",\"inLanguage\":\"es\",\"@id\":\"https:\/\/www.psoecaceres.com\/es\/actualidad\/el-psoe-destapa-la-mentira-del-equipo-de-mateos-en-rio-vistula-y-rechaza-un-plan-de-vivienda-que-no-es-ni-asequible-ni-permanente\/#primaryimage\",\"url\":\"https:\/\/www.psoecaceres.com\/es\/wp-content\/uploads\/2025\/05\/Belen-Fernandez.jpg\",\"contentUrl\":\"https:\/\/www.psoecaceres.com\/es\/wp-content\/uploads\/2025\/05\/Belen-Fernandez.jpg\",\"width\":1066,\"height\":646},{\"@type\":\"BreadcrumbList\",\"@id\":\"https:\/\/www.psoecaceres.com\/es\/actualidad\/el-psoe-destapa-la-mentira-del-equipo-de-mateos-en-rio-vistula-y-rechaza-un-plan-de-vivienda-que-no-es-ni-asequible-ni-permanente\/#breadcrumb\",\"itemListElement\":[{\"@type\":\"ListItem\",\"position\":1,\"name\":\"Portada\",\"item\":\"https:\/\/www.psoecaceres.com\/es\/\"},{\"@type\":\"ListItem\",\"position\":2,\"name\":\"El PSOE destapa la \u201cmentira\u201d del equipo de Mateos en R\u00edo V\u00edstula y rechaza un plan de vivienda que no es ni asequible ni permanente\"}]},{\"@type\":\"WebSite\",\"@id\":\"https:\/\/www.psoecaceres.com\/es\/#website\",\"url\":\"https:\/\/www.psoecaceres.com\/es\/\",\"name\":\"PSOE provincia de C\u00e1ceres\",\"description\":\"Pasi\u00f3n por Nuestros Pueblos\",\"publisher\":{\"@id\":\"https:\/\/www.psoecaceres.com\/es\/#organization\"},\"alternateName\":\"PSOE Caceres\",\"potentialAction\":[{\"@type\":\"SearchAction\",\"target\":{\"@type\":\"EntryPoint\",\"urlTemplate\":\"https:\/\/www.psoecaceres.com\/es\/?s={search_term_string}\"},\"query-input\":{\"@type\":\"PropertyValueSpecification\",\"valueRequired\":true,\"valueName\":\"search_term_string\"}}],\"inLanguage\":\"es\"},{\"@type\":\"Organization\",\"@id\":\"https:\/\/www.psoecaceres.com\/es\/#organization\",\"name\":\"Psoe C\u00e1ceres\",\"alternateName\":\"PSOE Caceres\",\"url\":\"https:\/\/www.psoecaceres.com\/es\/\",\"logo\":{\"@type\":\"ImageObject\",\"inLanguage\":\"es\",\"@id\":\"https:\/\/www.psoecaceres.com\/es\/#\/schema\/logo\/image\/\",\"url\":\"https:\/\/www.psoecaceres.com\/es\/wp-content\/uploads\/2020\/08\/logo-psoe-caceres-web-2020.png\",\"contentUrl\":\"https:\/\/www.psoecaceres.com\/es\/wp-content\/uploads\/2020\/08\/logo-psoe-caceres-web-2020.png\",\"width\":180,\"height\":105,\"caption\":\"Psoe C\u00e1ceres\"},\"image\":{\"@id\":\"https:\/\/www.psoecaceres.com\/es\/#\/schema\/logo\/image\/\"},\"sameAs\":[\"https:\/\/www.facebook.com\/psoecaceres\",\"https:\/\/x.com\/PSOEC\"]},{\"@type\":\"Person\",\"@id\":\"https:\/\/www.psoecaceres.com\/es\/#\/schema\/person\/f39f54f038cc2ed62af85f6d76c466a9\",\"name\":\"PSOE\",\"url\":\"https:\/\/www.psoecaceres.com\/es\/author\/ivar\/\"}]}<\/script>\n<!-- \/ Yoast SEO plugin. -->","yoast_head_json":{"title":"El PSOE destapa la \u201cmentira\u201d del equipo de Mateos en R\u00edo V\u00edstula y rechaza un plan de vivienda que no es ni asequible ni permanente - PSOE provincia de C\u00e1ceres","robots":{"index":"index","follow":"follow","max-snippet":"max-snippet:-1","max-image-preview":"max-image-preview:large","max-video-preview":"max-video-preview:-1"},"canonical":"https:\/\/www.psoecaceres.com\/es\/actualidad\/el-psoe-destapa-la-mentira-del-equipo-de-mateos-en-rio-vistula-y-rechaza-un-plan-de-vivienda-que-no-es-ni-asequible-ni-permanente\/","og_locale":"es_ES","og_type":"article","og_title":"El PSOE destapa la \u201cmentira\u201d del equipo de Mateos en R\u00edo V\u00edstula y rechaza un plan de vivienda que no es ni asequible ni permanente - PSOE provincia de C\u00e1ceres","og_description":"El Grupo Municipal Socialista ha\u00a0denunciado la falta de rigor y la opacidad informativa que rodea la gesti\u00f3n de vivienda del Gobierno de Rafa Mateos. El Grupo Municipal Socialista ha denunciado\u00a0hoy\u00a0en la Comisi\u00f3n de Urbanismo la falta de rigor y la opacidad informativa que rodea la gesti\u00f3n de vivienda del Gobierno de Rafa Mateos. La portavoz [&hellip;]","og_url":"https:\/\/www.psoecaceres.com\/es\/actualidad\/el-psoe-destapa-la-mentira-del-equipo-de-mateos-en-rio-vistula-y-rechaza-un-plan-de-vivienda-que-no-es-ni-asequible-ni-permanente\/","og_site_name":"PSOE provincia de C\u00e1ceres","article_publisher":"https:\/\/www.facebook.com\/psoecaceres","article_published_time":"2026-03-13T02:44:30+00:00","og_image":[{"width":1066,"height":646,"url":"https:\/\/www.psoecaceres.com\/es\/wp-content\/uploads\/2025\/05\/Belen-Fernandez.jpg","type":"image\/jpeg"}],"author":"PSOE","twitter_card":"summary_large_image","twitter_creator":"@PSOEC","twitter_site":"@PSOEC","twitter_misc":{"Escrito por":"PSOE","Tiempo de lectura":"3 minutos"},"schema":{"@context":"https:\/\/schema.org","@graph":[{"@type":"Article","@id":"https:\/\/www.psoecaceres.com\/es\/actualidad\/el-psoe-destapa-la-mentira-del-equipo-de-mateos-en-rio-vistula-y-rechaza-un-plan-de-vivienda-que-no-es-ni-asequible-ni-permanente\/#article","isPartOf":{"@id":"https:\/\/www.psoecaceres.com\/es\/actualidad\/el-psoe-destapa-la-mentira-del-equipo-de-mateos-en-rio-vistula-y-rechaza-un-plan-de-vivienda-que-no-es-ni-asequible-ni-permanente\/"},"author":{"name":"PSOE","@id":"https:\/\/www.psoecaceres.com\/es\/#\/schema\/person\/f39f54f038cc2ed62af85f6d76c466a9"},"headline":"El PSOE destapa la \u201cmentira\u201d del equipo de Mateos en R\u00edo V\u00edstula y rechaza un plan de vivienda que no es ni asequible ni permanente","datePublished":"2026-03-13T02:44:30+00:00","mainEntityOfPage":{"@id":"https:\/\/www.psoecaceres.com\/es\/actualidad\/el-psoe-destapa-la-mentira-del-equipo-de-mateos-en-rio-vistula-y-rechaza-un-plan-de-vivienda-que-no-es-ni-asequible-ni-permanente\/"},"wordCount":601,"commentCount":0,"publisher":{"@id":"https:\/\/www.psoecaceres.com\/es\/#organization"},"image":{"@id":"https:\/\/www.psoecaceres.com\/es\/actualidad\/el-psoe-destapa-la-mentira-del-equipo-de-mateos-en-rio-vistula-y-rechaza-un-plan-de-vivienda-que-no-es-ni-asequible-ni-permanente\/#primaryimage"},"thumbnailUrl":"https:\/\/www.psoecaceres.com\/es\/wp-content\/uploads\/2025\/05\/Belen-Fernandez.jpg","keywords":["destacada"],"articleSection":["Actualidad","Municipio a Municipio","Noticias"],"inLanguage":"es","potentialAction":[{"@type":"CommentAction","name":"Comment","target":["https:\/\/www.psoecaceres.com\/es\/actualidad\/el-psoe-destapa-la-mentira-del-equipo-de-mateos-en-rio-vistula-y-rechaza-un-plan-de-vivienda-que-no-es-ni-asequible-ni-permanente\/#respond"]}]},{"@type":"WebPage","@id":"https:\/\/www.psoecaceres.com\/es\/actualidad\/el-psoe-destapa-la-mentira-del-equipo-de-mateos-en-rio-vistula-y-rechaza-un-plan-de-vivienda-que-no-es-ni-asequible-ni-permanente\/","url":"https:\/\/www.psoecaceres.com\/es\/actualidad\/el-psoe-destapa-la-mentira-del-equipo-de-mateos-en-rio-vistula-y-rechaza-un-plan-de-vivienda-que-no-es-ni-asequible-ni-permanente\/","name":"El PSOE destapa la \u201cmentira\u201d del equipo de Mateos en R\u00edo V\u00edstula y rechaza un plan de vivienda que no es ni asequible ni permanente - PSOE provincia de C\u00e1ceres","isPartOf":{"@id":"https:\/\/www.psoecaceres.com\/es\/#website"},"primaryImageOfPage":{"@id":"https:\/\/www.psoecaceres.com\/es\/actualidad\/el-psoe-destapa-la-mentira-del-equipo-de-mateos-en-rio-vistula-y-rechaza-un-plan-de-vivienda-que-no-es-ni-asequible-ni-permanente\/#primaryimage"},"image":{"@id":"https:\/\/www.psoecaceres.com\/es\/actualidad\/el-psoe-destapa-la-mentira-del-equipo-de-mateos-en-rio-vistula-y-rechaza-un-plan-de-vivienda-que-no-es-ni-asequible-ni-permanente\/#primaryimage"},"thumbnailUrl":"https:\/\/www.psoecaceres.com\/es\/wp-content\/uploads\/2025\/05\/Belen-Fernandez.jpg","datePublished":"2026-03-13T02:44:30+00:00","breadcrumb":{"@id":"https:\/\/www.psoecaceres.com\/es\/actualidad\/el-psoe-destapa-la-mentira-del-equipo-de-mateos-en-rio-vistula-y-rechaza-un-plan-de-vivienda-que-no-es-ni-asequible-ni-permanente\/#breadcrumb"},"inLanguage":"es","potentialAction":[{"@type":"ReadAction","target":["https:\/\/www.psoecaceres.com\/es\/actualidad\/el-psoe-destapa-la-mentira-del-equipo-de-mateos-en-rio-vistula-y-rechaza-un-plan-de-vivienda-que-no-es-ni-asequible-ni-permanente\/"]}]},{"@type":"ImageObject","inLanguage":"es","@id":"https:\/\/www.psoecaceres.com\/es\/actualidad\/el-psoe-destapa-la-mentira-del-equipo-de-mateos-en-rio-vistula-y-rechaza-un-plan-de-vivienda-que-no-es-ni-asequible-ni-permanente\/#primaryimage","url":"https:\/\/www.psoecaceres.com\/es\/wp-content\/uploads\/2025\/05\/Belen-Fernandez.jpg","contentUrl":"https:\/\/www.psoecaceres.com\/es\/wp-content\/uploads\/2025\/05\/Belen-Fernandez.jpg","width":1066,"height":646},{"@type":"BreadcrumbList","@id":"https:\/\/www.psoecaceres.com\/es\/actualidad\/el-psoe-destapa-la-mentira-del-equipo-de-mateos-en-rio-vistula-y-rechaza-un-plan-de-vivienda-que-no-es-ni-asequible-ni-permanente\/#breadcrumb","itemListElement":[{"@type":"ListItem","position":1,"name":"Portada","item":"https:\/\/www.psoecaceres.com\/es\/"},{"@type":"ListItem","position":2,"name":"El PSOE destapa la \u201cmentira\u201d del equipo de Mateos en R\u00edo V\u00edstula y rechaza un plan de vivienda que no es ni asequible ni permanente"}]},{"@type":"WebSite","@id":"https:\/\/www.psoecaceres.com\/es\/#website","url":"https:\/\/www.psoecaceres.com\/es\/","name":"PSOE provincia de C\u00e1ceres","description":"Pasi\u00f3n por Nuestros Pueblos","publisher":{"@id":"https:\/\/www.psoecaceres.com\/es\/#organization"},"alternateName":"PSOE Caceres","potentialAction":[{"@type":"SearchAction","target":{"@type":"EntryPoint","urlTemplate":"https:\/\/www.psoecaceres.com\/es\/?s={search_term_string}"},"query-input":{"@type":"PropertyValueSpecification","valueRequired":true,"valueName":"search_term_string"}}],"inLanguage":"es"},{"@type":"Organization","@id":"https:\/\/www.psoecaceres.com\/es\/#organization","name":"Psoe C\u00e1ceres","alternateName":"PSOE Caceres","url":"https:\/\/www.psoecaceres.com\/es\/","logo":{"@type":"ImageObject","inLanguage":"es","@id":"https:\/\/www.psoecaceres.com\/es\/#\/schema\/logo\/image\/","url":"https:\/\/www.psoecaceres.com\/es\/wp-content\/uploads\/2020\/08\/logo-psoe-caceres-web-2020.png","contentUrl":"https:\/\/www.psoecaceres.com\/es\/wp-content\/uploads\/2020\/08\/logo-psoe-caceres-web-2020.png","width":180,"height":105,"caption":"Psoe C\u00e1ceres"},"image":{"@id":"https:\/\/www.psoecaceres.com\/es\/#\/schema\/logo\/image\/"},"sameAs":["https:\/\/www.facebook.com\/psoecaceres","https:\/\/x.com\/PSOEC"]},{"@type":"Person","@id":"https:\/\/www.psoecaceres.com\/es\/#\/schema\/person\/f39f54f038cc2ed62af85f6d76c466a9","name":"PSOE","url":"https:\/\/www.psoecaceres.com\/es\/author\/ivar\/"}]}},"_links":{"self":[{"href":"https:\/\/www.psoecaceres.com\/es\/wp-json\/wp\/v2\/posts\/76081","targetHints":{"allow":["GET"]}}],"collection":[{"href":"https:\/\/www.psoecaceres.com\/es\/wp-json\/wp\/v2\/posts"}],"about":[{"href":"https:\/\/www.psoecaceres.com\/es\/wp-json\/wp\/v2\/types\/post"}],"author":[{"embeddable":true,"href":"https:\/\/www.psoecaceres.com\/es\/wp-json\/wp\/v2\/users\/3"}],"replies":[{"embeddable":true,"href":"https:\/\/www.psoecaceres.com\/es\/wp-json\/wp\/v2\/comments?post=76081"}],"version-history":[{"count":1,"href":"https:\/\/www.psoecaceres.com\/es\/wp-json\/wp\/v2\/posts\/76081\/revisions"}],"predecessor-version":[{"id":76082,"href":"https:\/\/www.psoecaceres.com\/es\/wp-json\/wp\/v2\/posts\/76081\/revisions\/76082"}],"wp:featuredmedia":[{"embeddable":true,"href":"https:\/\/www.psoecaceres.com\/es\/wp-json\/wp\/v2\/media\/69928"}],"wp:attachment":[{"href":"https:\/\/www.psoecaceres.com\/es\/wp-json\/wp\/v2\/media?parent=76081"}],"wp:term":[{"taxonomy":"category","embeddable":true,"href":"https:\/\/www.psoecaceres.com\/es\/wp-json\/wp\/v2\/categories?post=76081"},{"taxonomy":"post_tag","embeddable":true,"href":"https:\/\/www.psoecaceres.com\/es\/wp-json\/wp\/v2\/tags?post=76081"}],"curies":[{"name":"wp","href":"https:\/\/api.w.org\/{rel}","templated":true}]}}