{"id":76083,"date":"2026-03-13T04:50:28","date_gmt":"2026-03-13T02:50:28","guid":{"rendered":"https:\/\/www.psoecaceres.com\/es\/?p=76083"},"modified":"2026-03-12T21:56:11","modified_gmt":"2026-03-12T19:56:11","slug":"las-obras-en-el-mirador-de-la-memoria-apuesta-por-un-turismo-sostenible-y-de-calidad-en-el-valle-del-jerte","status":"publish","type":"post","link":"https:\/\/www.psoecaceres.com\/es\/actualidad\/las-obras-en-el-mirador-de-la-memoria-apuesta-por-un-turismo-sostenible-y-de-calidad-en-el-valle-del-jerte\/","title":{"rendered":"Las obras en el Mirador de la Memoria apuestan por un turismo sostenible y de calidad en el Valle del Jerte"},"content":{"rendered":"<p data-start=\"265\" data-end=\"453\"><strong data-start=\"265\" data-end=\"453\">La actuaci\u00f3n, impulsada por la Diputaci\u00f3n de C\u00e1ceres, permitir\u00e1 mejorar la accesibilidad, ordenar los flujos de visitantes y reforzar uno de los enclaves m\u00e1s emblem\u00e1ticos de la comarca<\/strong><\/p>\n<p data-start=\"455\" data-end=\"849\">Es tremendamente positivamente la adjudicaci\u00f3n de las obras para la construcci\u00f3n de nuevos aparcamientos y un itinerario peatonal panor\u00e1mico en el Mirador de la Memoria, en El Torno, una actuaci\u00f3n que supone un nuevo paso en la mejora de las infraestructuras tur\u00edsticas del Valle del Jerte y en la protecci\u00f3n de uno de sus espacios m\u00e1s visitados y representativos.<\/p>\n<p data-start=\"851\" data-end=\"1118\">La intervenci\u00f3n, promovida por la Diputaci\u00f3n de C\u00e1ceres dentro del <strong data-start=\"918\" data-end=\"978\">Plan de Sostenibilidad Tur\u00edstica La Vera\u2013Valle del Jerte<\/strong>, cuenta con un presupuesto de <strong data-start=\"1009\" data-end=\"1026\">430.461 euros<\/strong> y un plazo de ejecuci\u00f3n de <strong data-start=\"1054\" data-end=\"1065\">9 meses<\/strong>, con inicio previsto en aproximadamente mes y medio.<\/p>\n<p data-start=\"1120\" data-end=\"1446\">Esta actuaci\u00f3n responde a una forma de entender el desarrollo tur\u00edstico desde la planificaci\u00f3n, la sostenibilidad y el respeto al entorno, mejorando la experiencia de quienes visitan la comarca y, al mismo tiempo, garantizando una mejor ordenaci\u00f3n del espacio y una mayor seguridad en los accesos.<\/p>\n<p data-start=\"1448\" data-end=\"1799\">El proyecto contempla la creaci\u00f3n de <strong data-start=\"1485\" data-end=\"1528\">aparcamientos disuasorios para turismos<\/strong>, la habilitaci\u00f3n de <strong data-start=\"1549\" data-end=\"1570\">zonas de descanso<\/strong>, la construcci\u00f3n de un <strong data-start=\"1594\" data-end=\"1628\">itinerario peatonal panor\u00e1mico<\/strong> con pasarelas de madera, escaleras y peque\u00f1os miradores, la mejora del acceso desde la carretera <strong data-start=\"1726\" data-end=\"1736\">CC-232<\/strong> y la adecuaci\u00f3n de la aproximaci\u00f3n a nuevas zonas de escalada.<\/p>\n<p data-start=\"1801\" data-end=\"2116\">La actuaci\u00f3n se desarrollar\u00e1 sobre una superficie de <strong data-start=\"1854\" data-end=\"1871\">1,5 hect\u00e1reas<\/strong>, entre el acceso situado en el kil\u00f3metro 3,2 de la CC-232 y el propio mirador. Adem\u00e1s, se ejecutar\u00e1 un recorrido peatonal de unos <strong data-start=\"2002\" data-end=\"2016\">250 metros<\/strong>, que salvar\u00e1 un desnivel de m\u00e1s de <strong data-start=\"2052\" data-end=\"2065\">33 metros<\/strong> hasta llegar al emblem\u00e1tico Mirador de la Memoria.<\/p>\n<p data-start=\"2118\" data-end=\"2572\">Esta inversi\u00f3n demuestra que cuando las <strong>instituciones p\u00fablicas trabajan con visi\u00f3n de territorio<\/strong>, se generan oportunidades para fijar actividad, reforzar la econom\u00eda local y poner en valor el patrimonio natural y paisaj\u00edstico de la provincia. Mejorar accesos, ordenar espacios y hacer compatible la conservaci\u00f3n con la visita es tambi\u00e9n una manera de defender el mundo rural y de crear oportunidades en nuestras comarcas.<\/p>\n<p data-start=\"2574\" data-end=\"2911\">Actuaciones como \u00e9sta consolidan una <strong>estrategia de inversi\u00f3n \u00fatil<\/strong> en los municipios, orientada a fortalecer el turismo sostenible, generar desarrollo y seguir posicionando al norte de la provincia de C\u00e1ceres como un destino de referencia vinculado a la naturaleza, la memoria y la identidad del territorio.<\/p>\n","protected":false},"excerpt":{"rendered":"<p>La actuaci\u00f3n, impulsada por la Diputaci\u00f3n de C\u00e1ceres, permitir\u00e1 mejorar la accesibilidad, ordenar los flujos de visitantes y reforzar uno de los enclaves m\u00e1s emblem\u00e1ticos de la comarca Es tremendamente positivamente la adjudicaci\u00f3n de las obras para la construcci\u00f3n de nuevos aparcamientos y un itinerario peatonal panor\u00e1mico en el Mirador de la Memoria, en El [&hellip;]<\/p>\n","protected":false},"author":3,"featured_media":76085,"comment_status":"open","ping_status":"open","sticky":false,"template":"","format":"standard","meta":{"_et_pb_use_builder":"","_et_pb_old_content":"","_et_gb_content_width":"","footnotes":""},"categories":[21,226,222,246],"tags":[151],"class_list":["post-76083","post","type-post","status-publish","format-standard","has-post-thumbnail","hentry","category-actualidad","category-diputacion","category-municipio-a-municipio","category-noticias","tag-destacada"],"yoast_head":"<!-- This site is optimized with the Yoast SEO plugin v26.7 - https:\/\/yoast.com\/wordpress\/plugins\/seo\/ -->\n<title>Las obras en el Mirador de la Memoria apuestan por un turismo sostenible y de calidad en el Valle del Jerte - PSOE provincia de C\u00e1ceres<\/title>\n<meta name=\"robots\" content=\"index, follow, max-snippet:-1, max-image-preview:large, max-video-preview:-1\" \/>\n<link rel=\"canonical\" href=\"https:\/\/www.psoecaceres.com\/es\/actualidad\/las-obras-en-el-mirador-de-la-memoria-apuesta-por-un-turismo-sostenible-y-de-calidad-en-el-valle-del-jerte\/\" \/>\n<meta property=\"og:locale\" content=\"es_ES\" \/>\n<meta property=\"og:type\" content=\"article\" \/>\n<meta property=\"og:title\" content=\"Las obras en el Mirador de la Memoria apuestan por un turismo sostenible y de calidad en el Valle del Jerte - PSOE provincia de C\u00e1ceres\" \/>\n<meta property=\"og:description\" content=\"La actuaci\u00f3n, impulsada por la Diputaci\u00f3n de C\u00e1ceres, permitir\u00e1 mejorar la accesibilidad, ordenar los flujos de visitantes y reforzar uno de los enclaves m\u00e1s emblem\u00e1ticos de la comarca Es tremendamente positivamente la adjudicaci\u00f3n de las obras para la construcci\u00f3n de nuevos aparcamientos y un itinerario peatonal panor\u00e1mico en el Mirador de la Memoria, en El [&hellip;]\" \/>\n<meta property=\"og:url\" content=\"https:\/\/www.psoecaceres.com\/es\/actualidad\/las-obras-en-el-mirador-de-la-memoria-apuesta-por-un-turismo-sostenible-y-de-calidad-en-el-valle-del-jerte\/\" \/>\n<meta property=\"og:site_name\" content=\"PSOE provincia de C\u00e1ceres\" \/>\n<meta property=\"article:publisher\" content=\"https:\/\/www.facebook.com\/psoecaceres\" \/>\n<meta property=\"article:published_time\" content=\"2026-03-13T02:50:28+00:00\" \/>\n<meta property=\"og:image\" content=\"https:\/\/www.psoecaceres.com\/es\/wp-content\/uploads\/2026\/03\/Mirador-El-Torno.jpeg\" \/>\n\t<meta property=\"og:image:width\" content=\"1850\" \/>\n\t<meta property=\"og:image:height\" content=\"1150\" \/>\n\t<meta property=\"og:image:type\" content=\"image\/jpeg\" \/>\n<meta name=\"author\" content=\"PSOE\" \/>\n<meta name=\"twitter:card\" content=\"summary_large_image\" \/>\n<meta name=\"twitter:creator\" content=\"@PSOEC\" \/>\n<meta name=\"twitter:site\" content=\"@PSOEC\" \/>\n<meta name=\"twitter:label1\" content=\"Escrito por\" \/>\n\t<meta name=\"twitter:data1\" content=\"PSOE\" \/>\n\t<meta name=\"twitter:label2\" content=\"Tiempo de lectura\" \/>\n\t<meta name=\"twitter:data2\" content=\"2 minutos\" \/>\n<script type=\"application\/ld+json\" class=\"yoast-schema-graph\">{\"@context\":\"https:\/\/schema.org\",\"@graph\":[{\"@type\":\"Article\",\"@id\":\"https:\/\/www.psoecaceres.com\/es\/actualidad\/las-obras-en-el-mirador-de-la-memoria-apuesta-por-un-turismo-sostenible-y-de-calidad-en-el-valle-del-jerte\/#article\",\"isPartOf\":{\"@id\":\"https:\/\/www.psoecaceres.com\/es\/actualidad\/las-obras-en-el-mirador-de-la-memoria-apuesta-por-un-turismo-sostenible-y-de-calidad-en-el-valle-del-jerte\/\"},\"author\":{\"name\":\"PSOE\",\"@id\":\"https:\/\/www.psoecaceres.com\/es\/#\/schema\/person\/f39f54f038cc2ed62af85f6d76c466a9\"},\"headline\":\"Las obras en el Mirador de la Memoria apuestan por un turismo sostenible y de calidad en el Valle del Jerte\",\"datePublished\":\"2026-03-13T02:50:28+00:00\",\"mainEntityOfPage\":{\"@id\":\"https:\/\/www.psoecaceres.com\/es\/actualidad\/las-obras-en-el-mirador-de-la-memoria-apuesta-por-un-turismo-sostenible-y-de-calidad-en-el-valle-del-jerte\/\"},\"wordCount\":444,\"commentCount\":0,\"publisher\":{\"@id\":\"https:\/\/www.psoecaceres.com\/es\/#organization\"},\"image\":{\"@id\":\"https:\/\/www.psoecaceres.com\/es\/actualidad\/las-obras-en-el-mirador-de-la-memoria-apuesta-por-un-turismo-sostenible-y-de-calidad-en-el-valle-del-jerte\/#primaryimage\"},\"thumbnailUrl\":\"https:\/\/www.psoecaceres.com\/es\/wp-content\/uploads\/2026\/03\/Mirador-El-Torno.jpeg\",\"keywords\":[\"destacada\"],\"articleSection\":[\"Actualidad\",\"Diputaci\u00f3n\",\"Municipio a Municipio\",\"Noticias\"],\"inLanguage\":\"es\",\"potentialAction\":[{\"@type\":\"CommentAction\",\"name\":\"Comment\",\"target\":[\"https:\/\/www.psoecaceres.com\/es\/actualidad\/las-obras-en-el-mirador-de-la-memoria-apuesta-por-un-turismo-sostenible-y-de-calidad-en-el-valle-del-jerte\/#respond\"]}]},{\"@type\":\"WebPage\",\"@id\":\"https:\/\/www.psoecaceres.com\/es\/actualidad\/las-obras-en-el-mirador-de-la-memoria-apuesta-por-un-turismo-sostenible-y-de-calidad-en-el-valle-del-jerte\/\",\"url\":\"https:\/\/www.psoecaceres.com\/es\/actualidad\/las-obras-en-el-mirador-de-la-memoria-apuesta-por-un-turismo-sostenible-y-de-calidad-en-el-valle-del-jerte\/\",\"name\":\"Las obras en el Mirador de la Memoria apuestan por un turismo sostenible y de calidad en el Valle del Jerte - PSOE provincia de C\u00e1ceres\",\"isPartOf\":{\"@id\":\"https:\/\/www.psoecaceres.com\/es\/#website\"},\"primaryImageOfPage\":{\"@id\":\"https:\/\/www.psoecaceres.com\/es\/actualidad\/las-obras-en-el-mirador-de-la-memoria-apuesta-por-un-turismo-sostenible-y-de-calidad-en-el-valle-del-jerte\/#primaryimage\"},\"image\":{\"@id\":\"https:\/\/www.psoecaceres.com\/es\/actualidad\/las-obras-en-el-mirador-de-la-memoria-apuesta-por-un-turismo-sostenible-y-de-calidad-en-el-valle-del-jerte\/#primaryimage\"},\"thumbnailUrl\":\"https:\/\/www.psoecaceres.com\/es\/wp-content\/uploads\/2026\/03\/Mirador-El-Torno.jpeg\",\"datePublished\":\"2026-03-13T02:50:28+00:00\",\"breadcrumb\":{\"@id\":\"https:\/\/www.psoecaceres.com\/es\/actualidad\/las-obras-en-el-mirador-de-la-memoria-apuesta-por-un-turismo-sostenible-y-de-calidad-en-el-valle-del-jerte\/#breadcrumb\"},\"inLanguage\":\"es\",\"potentialAction\":[{\"@type\":\"ReadAction\",\"target\":[\"https:\/\/www.psoecaceres.com\/es\/actualidad\/las-obras-en-el-mirador-de-la-memoria-apuesta-por-un-turismo-sostenible-y-de-calidad-en-el-valle-del-jerte\/\"]}]},{\"@type\":\"ImageObject\",\"inLanguage\":\"es\",\"@id\":\"https:\/\/www.psoecaceres.com\/es\/actualidad\/las-obras-en-el-mirador-de-la-memoria-apuesta-por-un-turismo-sostenible-y-de-calidad-en-el-valle-del-jerte\/#primaryimage\",\"url\":\"https:\/\/www.psoecaceres.com\/es\/wp-content\/uploads\/2026\/03\/Mirador-El-Torno.jpeg\",\"contentUrl\":\"https:\/\/www.psoecaceres.com\/es\/wp-content\/uploads\/2026\/03\/Mirador-El-Torno.jpeg\",\"width\":1850,\"height\":1150},{\"@type\":\"BreadcrumbList\",\"@id\":\"https:\/\/www.psoecaceres.com\/es\/actualidad\/las-obras-en-el-mirador-de-la-memoria-apuesta-por-un-turismo-sostenible-y-de-calidad-en-el-valle-del-jerte\/#breadcrumb\",\"itemListElement\":[{\"@type\":\"ListItem\",\"position\":1,\"name\":\"Portada\",\"item\":\"https:\/\/www.psoecaceres.com\/es\/\"},{\"@type\":\"ListItem\",\"position\":2,\"name\":\"Las obras en el Mirador de la Memoria apuestan por un turismo sostenible y de calidad en el Valle del Jerte\"}]},{\"@type\":\"WebSite\",\"@id\":\"https:\/\/www.psoecaceres.com\/es\/#website\",\"url\":\"https:\/\/www.psoecaceres.com\/es\/\",\"name\":\"PSOE provincia de C\u00e1ceres\",\"description\":\"Pasi\u00f3n por Nuestros Pueblos\",\"publisher\":{\"@id\":\"https:\/\/www.psoecaceres.com\/es\/#organization\"},\"alternateName\":\"PSOE Caceres\",\"potentialAction\":[{\"@type\":\"SearchAction\",\"target\":{\"@type\":\"EntryPoint\",\"urlTemplate\":\"https:\/\/www.psoecaceres.com\/es\/?s={search_term_string}\"},\"query-input\":{\"@type\":\"PropertyValueSpecification\",\"valueRequired\":true,\"valueName\":\"search_term_string\"}}],\"inLanguage\":\"es\"},{\"@type\":\"Organization\",\"@id\":\"https:\/\/www.psoecaceres.com\/es\/#organization\",\"name\":\"Psoe C\u00e1ceres\",\"alternateName\":\"PSOE Caceres\",\"url\":\"https:\/\/www.psoecaceres.com\/es\/\",\"logo\":{\"@type\":\"ImageObject\",\"inLanguage\":\"es\",\"@id\":\"https:\/\/www.psoecaceres.com\/es\/#\/schema\/logo\/image\/\",\"url\":\"https:\/\/www.psoecaceres.com\/es\/wp-content\/uploads\/2020\/08\/logo-psoe-caceres-web-2020.png\",\"contentUrl\":\"https:\/\/www.psoecaceres.com\/es\/wp-content\/uploads\/2020\/08\/logo-psoe-caceres-web-2020.png\",\"width\":180,\"height\":105,\"caption\":\"Psoe C\u00e1ceres\"},\"image\":{\"@id\":\"https:\/\/www.psoecaceres.com\/es\/#\/schema\/logo\/image\/\"},\"sameAs\":[\"https:\/\/www.facebook.com\/psoecaceres\",\"https:\/\/x.com\/PSOEC\"]},{\"@type\":\"Person\",\"@id\":\"https:\/\/www.psoecaceres.com\/es\/#\/schema\/person\/f39f54f038cc2ed62af85f6d76c466a9\",\"name\":\"PSOE\",\"url\":\"https:\/\/www.psoecaceres.com\/es\/author\/ivar\/\"}]}<\/script>\n<!-- \/ Yoast SEO plugin. -->","yoast_head_json":{"title":"Las obras en el Mirador de la Memoria apuestan por un turismo sostenible y de calidad en el Valle del Jerte - PSOE provincia de C\u00e1ceres","robots":{"index":"index","follow":"follow","max-snippet":"max-snippet:-1","max-image-preview":"max-image-preview:large","max-video-preview":"max-video-preview:-1"},"canonical":"https:\/\/www.psoecaceres.com\/es\/actualidad\/las-obras-en-el-mirador-de-la-memoria-apuesta-por-un-turismo-sostenible-y-de-calidad-en-el-valle-del-jerte\/","og_locale":"es_ES","og_type":"article","og_title":"Las obras en el Mirador de la Memoria apuestan por un turismo sostenible y de calidad en el Valle del Jerte - PSOE provincia de C\u00e1ceres","og_description":"La actuaci\u00f3n, impulsada por la Diputaci\u00f3n de C\u00e1ceres, permitir\u00e1 mejorar la accesibilidad, ordenar los flujos de visitantes y reforzar uno de los enclaves m\u00e1s emblem\u00e1ticos de la comarca Es tremendamente positivamente la adjudicaci\u00f3n de las obras para la construcci\u00f3n de nuevos aparcamientos y un itinerario peatonal panor\u00e1mico en el Mirador de la Memoria, en El [&hellip;]","og_url":"https:\/\/www.psoecaceres.com\/es\/actualidad\/las-obras-en-el-mirador-de-la-memoria-apuesta-por-un-turismo-sostenible-y-de-calidad-en-el-valle-del-jerte\/","og_site_name":"PSOE provincia de C\u00e1ceres","article_publisher":"https:\/\/www.facebook.com\/psoecaceres","article_published_time":"2026-03-13T02:50:28+00:00","og_image":[{"width":1850,"height":1150,"url":"https:\/\/www.psoecaceres.com\/es\/wp-content\/uploads\/2026\/03\/Mirador-El-Torno.jpeg","type":"image\/jpeg"}],"author":"PSOE","twitter_card":"summary_large_image","twitter_creator":"@PSOEC","twitter_site":"@PSOEC","twitter_misc":{"Escrito por":"PSOE","Tiempo de lectura":"2 minutos"},"schema":{"@context":"https:\/\/schema.org","@graph":[{"@type":"Article","@id":"https:\/\/www.psoecaceres.com\/es\/actualidad\/las-obras-en-el-mirador-de-la-memoria-apuesta-por-un-turismo-sostenible-y-de-calidad-en-el-valle-del-jerte\/#article","isPartOf":{"@id":"https:\/\/www.psoecaceres.com\/es\/actualidad\/las-obras-en-el-mirador-de-la-memoria-apuesta-por-un-turismo-sostenible-y-de-calidad-en-el-valle-del-jerte\/"},"author":{"name":"PSOE","@id":"https:\/\/www.psoecaceres.com\/es\/#\/schema\/person\/f39f54f038cc2ed62af85f6d76c466a9"},"headline":"Las obras en el Mirador de la Memoria apuestan por un turismo sostenible y de calidad en el Valle del Jerte","datePublished":"2026-03-13T02:50:28+00:00","mainEntityOfPage":{"@id":"https:\/\/www.psoecaceres.com\/es\/actualidad\/las-obras-en-el-mirador-de-la-memoria-apuesta-por-un-turismo-sostenible-y-de-calidad-en-el-valle-del-jerte\/"},"wordCount":444,"commentCount":0,"publisher":{"@id":"https:\/\/www.psoecaceres.com\/es\/#organization"},"image":{"@id":"https:\/\/www.psoecaceres.com\/es\/actualidad\/las-obras-en-el-mirador-de-la-memoria-apuesta-por-un-turismo-sostenible-y-de-calidad-en-el-valle-del-jerte\/#primaryimage"},"thumbnailUrl":"https:\/\/www.psoecaceres.com\/es\/wp-content\/uploads\/2026\/03\/Mirador-El-Torno.jpeg","keywords":["destacada"],"articleSection":["Actualidad","Diputaci\u00f3n","Municipio a Municipio","Noticias"],"inLanguage":"es","potentialAction":[{"@type":"CommentAction","name":"Comment","target":["https:\/\/www.psoecaceres.com\/es\/actualidad\/las-obras-en-el-mirador-de-la-memoria-apuesta-por-un-turismo-sostenible-y-de-calidad-en-el-valle-del-jerte\/#respond"]}]},{"@type":"WebPage","@id":"https:\/\/www.psoecaceres.com\/es\/actualidad\/las-obras-en-el-mirador-de-la-memoria-apuesta-por-un-turismo-sostenible-y-de-calidad-en-el-valle-del-jerte\/","url":"https:\/\/www.psoecaceres.com\/es\/actualidad\/las-obras-en-el-mirador-de-la-memoria-apuesta-por-un-turismo-sostenible-y-de-calidad-en-el-valle-del-jerte\/","name":"Las obras en el Mirador de la Memoria apuestan por un turismo sostenible y de calidad en el Valle del Jerte - PSOE provincia de C\u00e1ceres","isPartOf":{"@id":"https:\/\/www.psoecaceres.com\/es\/#website"},"primaryImageOfPage":{"@id":"https:\/\/www.psoecaceres.com\/es\/actualidad\/las-obras-en-el-mirador-de-la-memoria-apuesta-por-un-turismo-sostenible-y-de-calidad-en-el-valle-del-jerte\/#primaryimage"},"image":{"@id":"https:\/\/www.psoecaceres.com\/es\/actualidad\/las-obras-en-el-mirador-de-la-memoria-apuesta-por-un-turismo-sostenible-y-de-calidad-en-el-valle-del-jerte\/#primaryimage"},"thumbnailUrl":"https:\/\/www.psoecaceres.com\/es\/wp-content\/uploads\/2026\/03\/Mirador-El-Torno.jpeg","datePublished":"2026-03-13T02:50:28+00:00","breadcrumb":{"@id":"https:\/\/www.psoecaceres.com\/es\/actualidad\/las-obras-en-el-mirador-de-la-memoria-apuesta-por-un-turismo-sostenible-y-de-calidad-en-el-valle-del-jerte\/#breadcrumb"},"inLanguage":"es","potentialAction":[{"@type":"ReadAction","target":["https:\/\/www.psoecaceres.com\/es\/actualidad\/las-obras-en-el-mirador-de-la-memoria-apuesta-por-un-turismo-sostenible-y-de-calidad-en-el-valle-del-jerte\/"]}]},{"@type":"ImageObject","inLanguage":"es","@id":"https:\/\/www.psoecaceres.com\/es\/actualidad\/las-obras-en-el-mirador-de-la-memoria-apuesta-por-un-turismo-sostenible-y-de-calidad-en-el-valle-del-jerte\/#primaryimage","url":"https:\/\/www.psoecaceres.com\/es\/wp-content\/uploads\/2026\/03\/Mirador-El-Torno.jpeg","contentUrl":"https:\/\/www.psoecaceres.com\/es\/wp-content\/uploads\/2026\/03\/Mirador-El-Torno.jpeg","width":1850,"height":1150},{"@type":"BreadcrumbList","@id":"https:\/\/www.psoecaceres.com\/es\/actualidad\/las-obras-en-el-mirador-de-la-memoria-apuesta-por-un-turismo-sostenible-y-de-calidad-en-el-valle-del-jerte\/#breadcrumb","itemListElement":[{"@type":"ListItem","position":1,"name":"Portada","item":"https:\/\/www.psoecaceres.com\/es\/"},{"@type":"ListItem","position":2,"name":"Las obras en el Mirador de la Memoria apuestan por un turismo sostenible y de calidad en el Valle del Jerte"}]},{"@type":"WebSite","@id":"https:\/\/www.psoecaceres.com\/es\/#website","url":"https:\/\/www.psoecaceres.com\/es\/","name":"PSOE provincia de C\u00e1ceres","description":"Pasi\u00f3n por Nuestros Pueblos","publisher":{"@id":"https:\/\/www.psoecaceres.com\/es\/#organization"},"alternateName":"PSOE Caceres","potentialAction":[{"@type":"SearchAction","target":{"@type":"EntryPoint","urlTemplate":"https:\/\/www.psoecaceres.com\/es\/?s={search_term_string}"},"query-input":{"@type":"PropertyValueSpecification","valueRequired":true,"valueName":"search_term_string"}}],"inLanguage":"es"},{"@type":"Organization","@id":"https:\/\/www.psoecaceres.com\/es\/#organization","name":"Psoe C\u00e1ceres","alternateName":"PSOE Caceres","url":"https:\/\/www.psoecaceres.com\/es\/","logo":{"@type":"ImageObject","inLanguage":"es","@id":"https:\/\/www.psoecaceres.com\/es\/#\/schema\/logo\/image\/","url":"https:\/\/www.psoecaceres.com\/es\/wp-content\/uploads\/2020\/08\/logo-psoe-caceres-web-2020.png","contentUrl":"https:\/\/www.psoecaceres.com\/es\/wp-content\/uploads\/2020\/08\/logo-psoe-caceres-web-2020.png","width":180,"height":105,"caption":"Psoe C\u00e1ceres"},"image":{"@id":"https:\/\/www.psoecaceres.com\/es\/#\/schema\/logo\/image\/"},"sameAs":["https:\/\/www.facebook.com\/psoecaceres","https:\/\/x.com\/PSOEC"]},{"@type":"Person","@id":"https:\/\/www.psoecaceres.com\/es\/#\/schema\/person\/f39f54f038cc2ed62af85f6d76c466a9","name":"PSOE","url":"https:\/\/www.psoecaceres.com\/es\/author\/ivar\/"}]}},"_links":{"self":[{"href":"https:\/\/www.psoecaceres.com\/es\/wp-json\/wp\/v2\/posts\/76083","targetHints":{"allow":["GET"]}}],"collection":[{"href":"https:\/\/www.psoecaceres.com\/es\/wp-json\/wp\/v2\/posts"}],"about":[{"href":"https:\/\/www.psoecaceres.com\/es\/wp-json\/wp\/v2\/types\/post"}],"author":[{"embeddable":true,"href":"https:\/\/www.psoecaceres.com\/es\/wp-json\/wp\/v2\/users\/3"}],"replies":[{"embeddable":true,"href":"https:\/\/www.psoecaceres.com\/es\/wp-json\/wp\/v2\/comments?post=76083"}],"version-history":[{"count":2,"href":"https:\/\/www.psoecaceres.com\/es\/wp-json\/wp\/v2\/posts\/76083\/revisions"}],"predecessor-version":[{"id":76087,"href":"https:\/\/www.psoecaceres.com\/es\/wp-json\/wp\/v2\/posts\/76083\/revisions\/76087"}],"wp:featuredmedia":[{"embeddable":true,"href":"https:\/\/www.psoecaceres.com\/es\/wp-json\/wp\/v2\/media\/76085"}],"wp:attachment":[{"href":"https:\/\/www.psoecaceres.com\/es\/wp-json\/wp\/v2\/media?parent=76083"}],"wp:term":[{"taxonomy":"category","embeddable":true,"href":"https:\/\/www.psoecaceres.com\/es\/wp-json\/wp\/v2\/categories?post=76083"},{"taxonomy":"post_tag","embeddable":true,"href":"https:\/\/www.psoecaceres.com\/es\/wp-json\/wp\/v2\/tags?post=76083"}],"curies":[{"name":"wp","href":"https:\/\/api.w.org\/{rel}","templated":true}]}}