{"id":76126,"date":"2026-03-15T09:38:12","date_gmt":"2026-03-15T07:38:12","guid":{"rendered":"https:\/\/www.psoecaceres.com\/es\/?p=76126"},"modified":"2026-03-15T09:38:12","modified_gmt":"2026-03-15T07:38:12","slug":"emprender-en-el-medio-rural-la-diputacion-de-caceres-lanza-la-xiii-edicion-de-los-premios-pie-plus","status":"publish","type":"post","link":"https:\/\/www.psoecaceres.com\/es\/actualidad\/emprender-en-el-medio-rural-la-diputacion-de-caceres-lanza-la-xiii-edicion-de-los-premios-pie-plus\/","title":{"rendered":"Emprender en el medio rural: la Diputaci\u00f3n de C\u00e1ceres lanza la XIII edici\u00f3n de los Premios PIE Plus"},"content":{"rendered":"<div>\n<p><b>Las personas interesadas podr\u00e1n presentar su candidatura desde el viernes 13 de marzo\u00a0y hasta el 28 de abril. Entre las principales novedades de esta edici\u00f3n, destaca que podr\u00e1n participar personas f\u00edsicas que hayan iniciado su actividad en el R\u00e9gimen Especial de Trabajadores Aut\u00f3nomos (RETA) en los seis meses previos a la publicaci\u00f3n de la convocatoria.<\/b><b><\/b><\/p>\n<p>La Diputaci\u00f3n Provincial de C\u00e1ceres abre la convocatoria de los Premios PIE Plus. Presentado el pasado a\u00f1o como una evoluci\u00f3n del Programa de Ideas Emprendedoras en el Mundo Rural (PIE), este a\u00f1o celebra su segunda edici\u00f3n Plus con el objetivo de seguir reforzando el apoyo a las iniciativas emprendedoras que surgen en el medio rural de la provincia. Este programa, que se desarrolla desde 2013, ha impulsado m\u00e1s de 40 proyectos empresariales en municipios de menos de 20.000 habitantes.<\/p>\n<p>El objetivo del programa sigue siendo el mismo: fomentar el emprendimiento en el medio rural, apoyar la creaci\u00f3n de empleo y dinamizar el tejido empresarial de la provincia. Sin embargo, la edici\u00f3n de este a\u00f1o incorpora mejoras clave, con un enfoque m\u00e1s centrado en apoyar ideas singulares vinculadas a actividades econ\u00f3micas que puedan desarrollarse en los municipios de la provincia de C\u00e1ceres.<\/p>\n<p>Tal y como explica la vicepresidenta 1\u00aa,\u00a0<b>Esther Guti\u00e9rrez<\/b>\u00a0\u201cReafirmamos nuestro compromiso con el impulso del talento en el medio rural y con la lucha contra la despoblaci\u00f3n. Proyectos como estos no solo dar\u00e1n vida a nuestros pueblos, sino que tambi\u00e9n animar\u00e1n a las personas a quedarse y atraer\u00e1n a nuevos habitantes\u201d<\/p>\n<p>Entre las principales novedades, destaca la participaci\u00f3n de personas f\u00edsicas que hayan iniciado su actividad en el R\u00e9gimen Especial de Trabajadores Aut\u00f3nomos (RETA) en los seis meses previos a la publicaci\u00f3n de la convocatoria, as\u00ed como aquellos que no la hayan iniciado. Adem\u00e1s, se ha incrementado la dotaci\u00f3n econ\u00f3mica para los premios a 30.000 euros: el primer premio es de 15.000 euros, el segundo premio es de 10.000 euros y el tercer premio de 5.000 euros.<\/p>\n<p>El programa mantiene su estructura en tres fases: una primera de selecci\u00f3n de ideas, una segunda centrada en la formaci\u00f3n y la tutorizaci\u00f3n personalizada, y una fase final en la que los proyectos se presentar\u00e1n ante un jurado. Durante la fase formativa, las personas participantes recibir\u00e1n asesoramiento especializado para trabajar aspectos como la viabilidad de las propuestas o la gesti\u00f3n empresarial, entre otros. Asimismo, se valorar\u00e1 la participaci\u00f3n activa de las personas participantes en cada una de las fases del programa.<b><\/b><\/p>\n<p><b>Plazos de presentaci\u00f3n de ideas<\/b><\/p>\n<p>El\u00a0<a href=\"https:\/\/bop.dip-caceres.es\/bop\/index.html\" target=\"_blank\" rel=\"noopener\" data-saferedirecturl=\"https:\/\/www.google.com\/url?q=https:\/\/bop.dip-caceres.es\/bop\/index.html&amp;source=gmail&amp;ust=1773646479684000&amp;usg=AOvVaw3j-NA9tAxOpKnKJBkRD47J\">Bolet\u00edn Oficial de la Provincia (BOP) 2026-964<\/a>\u00a0ha publicado las bases reguladoras de la convocatoria de estos premios. Las personas interesadas que cumplan los requisitos establecidos podr\u00e1n presentar sus propuestas desde ma\u00f1ana y hasta el 28 de abril a trav\u00e9s de la sede electr\u00f3nica de la Diputaci\u00f3n Provincial de C\u00e1ceres.<\/p>\n<\/div>\n<div><\/div>\n","protected":false},"excerpt":{"rendered":"<p>Las personas interesadas podr\u00e1n presentar su candidatura desde el viernes 13 de marzo\u00a0y hasta el 28 de abril. Entre las principales novedades de esta edici\u00f3n, destaca que podr\u00e1n participar personas f\u00edsicas que hayan iniciado su actividad en el R\u00e9gimen Especial de Trabajadores Aut\u00f3nomos (RETA) en los seis meses previos a la publicaci\u00f3n de la convocatoria. [&hellip;]<\/p>\n","protected":false},"author":3,"featured_media":60196,"comment_status":"open","ping_status":"open","sticky":false,"template":"","format":"standard","meta":{"_et_pb_use_builder":"","_et_pb_old_content":"","_et_gb_content_width":"","footnotes":""},"categories":[21,226,222,246],"tags":[151],"class_list":["post-76126","post","type-post","status-publish","format-standard","has-post-thumbnail","hentry","category-actualidad","category-diputacion","category-municipio-a-municipio","category-noticias","tag-destacada"],"yoast_head":"<!-- This site is optimized with the Yoast SEO plugin v26.7 - https:\/\/yoast.com\/wordpress\/plugins\/seo\/ -->\n<title>Emprender en el medio rural: la Diputaci\u00f3n de C\u00e1ceres lanza la XIII edici\u00f3n de los Premios PIE Plus - PSOE provincia de C\u00e1ceres<\/title>\n<meta name=\"robots\" content=\"index, follow, max-snippet:-1, max-image-preview:large, max-video-preview:-1\" \/>\n<link rel=\"canonical\" href=\"https:\/\/www.psoecaceres.com\/es\/actualidad\/emprender-en-el-medio-rural-la-diputacion-de-caceres-lanza-la-xiii-edicion-de-los-premios-pie-plus\/\" \/>\n<meta property=\"og:locale\" content=\"es_ES\" \/>\n<meta property=\"og:type\" content=\"article\" \/>\n<meta property=\"og:title\" content=\"Emprender en el medio rural: la Diputaci\u00f3n de C\u00e1ceres lanza la XIII edici\u00f3n de los Premios PIE Plus - PSOE provincia de C\u00e1ceres\" \/>\n<meta property=\"og:description\" content=\"Las personas interesadas podr\u00e1n presentar su candidatura desde el viernes 13 de marzo\u00a0y hasta el 28 de abril. Entre las principales novedades de esta edici\u00f3n, destaca que podr\u00e1n participar personas f\u00edsicas que hayan iniciado su actividad en el R\u00e9gimen Especial de Trabajadores Aut\u00f3nomos (RETA) en los seis meses previos a la publicaci\u00f3n de la convocatoria. [&hellip;]\" \/>\n<meta property=\"og:url\" content=\"https:\/\/www.psoecaceres.com\/es\/actualidad\/emprender-en-el-medio-rural-la-diputacion-de-caceres-lanza-la-xiii-edicion-de-los-premios-pie-plus\/\" \/>\n<meta property=\"og:site_name\" content=\"PSOE provincia de C\u00e1ceres\" \/>\n<meta property=\"article:publisher\" content=\"https:\/\/www.facebook.com\/psoecaceres\" \/>\n<meta property=\"article:published_time\" content=\"2026-03-15T07:38:12+00:00\" \/>\n<meta property=\"og:image\" content=\"https:\/\/www.psoecaceres.com\/es\/wp-content\/uploads\/2022\/06\/BOP.jpg\" \/>\n\t<meta property=\"og:image:width\" content=\"1200\" \/>\n\t<meta property=\"og:image:height\" content=\"628\" \/>\n\t<meta property=\"og:image:type\" content=\"image\/jpeg\" \/>\n<meta name=\"author\" content=\"PSOE\" \/>\n<meta name=\"twitter:card\" content=\"summary_large_image\" \/>\n<meta name=\"twitter:creator\" content=\"@PSOEC\" \/>\n<meta name=\"twitter:site\" content=\"@PSOEC\" \/>\n<meta name=\"twitter:label1\" content=\"Escrito por\" \/>\n\t<meta name=\"twitter:data1\" content=\"PSOE\" \/>\n\t<meta name=\"twitter:label2\" content=\"Tiempo de lectura\" \/>\n\t<meta name=\"twitter:data2\" content=\"3 minutos\" \/>\n<script type=\"application\/ld+json\" class=\"yoast-schema-graph\">{\"@context\":\"https:\/\/schema.org\",\"@graph\":[{\"@type\":\"Article\",\"@id\":\"https:\/\/www.psoecaceres.com\/es\/actualidad\/emprender-en-el-medio-rural-la-diputacion-de-caceres-lanza-la-xiii-edicion-de-los-premios-pie-plus\/#article\",\"isPartOf\":{\"@id\":\"https:\/\/www.psoecaceres.com\/es\/actualidad\/emprender-en-el-medio-rural-la-diputacion-de-caceres-lanza-la-xiii-edicion-de-los-premios-pie-plus\/\"},\"author\":{\"name\":\"PSOE\",\"@id\":\"https:\/\/www.psoecaceres.com\/es\/#\/schema\/person\/f39f54f038cc2ed62af85f6d76c466a9\"},\"headline\":\"Emprender en el medio rural: la Diputaci\u00f3n de C\u00e1ceres lanza la XIII edici\u00f3n de los Premios PIE Plus\",\"datePublished\":\"2026-03-15T07:38:12+00:00\",\"mainEntityOfPage\":{\"@id\":\"https:\/\/www.psoecaceres.com\/es\/actualidad\/emprender-en-el-medio-rural-la-diputacion-de-caceres-lanza-la-xiii-edicion-de-los-premios-pie-plus\/\"},\"wordCount\":521,\"commentCount\":0,\"publisher\":{\"@id\":\"https:\/\/www.psoecaceres.com\/es\/#organization\"},\"image\":{\"@id\":\"https:\/\/www.psoecaceres.com\/es\/actualidad\/emprender-en-el-medio-rural-la-diputacion-de-caceres-lanza-la-xiii-edicion-de-los-premios-pie-plus\/#primaryimage\"},\"thumbnailUrl\":\"https:\/\/www.psoecaceres.com\/es\/wp-content\/uploads\/2022\/06\/BOP.jpg\",\"keywords\":[\"destacada\"],\"articleSection\":[\"Actualidad\",\"Diputaci\u00f3n\",\"Municipio a Municipio\",\"Noticias\"],\"inLanguage\":\"es\",\"potentialAction\":[{\"@type\":\"CommentAction\",\"name\":\"Comment\",\"target\":[\"https:\/\/www.psoecaceres.com\/es\/actualidad\/emprender-en-el-medio-rural-la-diputacion-de-caceres-lanza-la-xiii-edicion-de-los-premios-pie-plus\/#respond\"]}]},{\"@type\":\"WebPage\",\"@id\":\"https:\/\/www.psoecaceres.com\/es\/actualidad\/emprender-en-el-medio-rural-la-diputacion-de-caceres-lanza-la-xiii-edicion-de-los-premios-pie-plus\/\",\"url\":\"https:\/\/www.psoecaceres.com\/es\/actualidad\/emprender-en-el-medio-rural-la-diputacion-de-caceres-lanza-la-xiii-edicion-de-los-premios-pie-plus\/\",\"name\":\"Emprender en el medio rural: la Diputaci\u00f3n de C\u00e1ceres lanza la XIII edici\u00f3n de los Premios PIE Plus - PSOE provincia de C\u00e1ceres\",\"isPartOf\":{\"@id\":\"https:\/\/www.psoecaceres.com\/es\/#website\"},\"primaryImageOfPage\":{\"@id\":\"https:\/\/www.psoecaceres.com\/es\/actualidad\/emprender-en-el-medio-rural-la-diputacion-de-caceres-lanza-la-xiii-edicion-de-los-premios-pie-plus\/#primaryimage\"},\"image\":{\"@id\":\"https:\/\/www.psoecaceres.com\/es\/actualidad\/emprender-en-el-medio-rural-la-diputacion-de-caceres-lanza-la-xiii-edicion-de-los-premios-pie-plus\/#primaryimage\"},\"thumbnailUrl\":\"https:\/\/www.psoecaceres.com\/es\/wp-content\/uploads\/2022\/06\/BOP.jpg\",\"datePublished\":\"2026-03-15T07:38:12+00:00\",\"breadcrumb\":{\"@id\":\"https:\/\/www.psoecaceres.com\/es\/actualidad\/emprender-en-el-medio-rural-la-diputacion-de-caceres-lanza-la-xiii-edicion-de-los-premios-pie-plus\/#breadcrumb\"},\"inLanguage\":\"es\",\"potentialAction\":[{\"@type\":\"ReadAction\",\"target\":[\"https:\/\/www.psoecaceres.com\/es\/actualidad\/emprender-en-el-medio-rural-la-diputacion-de-caceres-lanza-la-xiii-edicion-de-los-premios-pie-plus\/\"]}]},{\"@type\":\"ImageObject\",\"inLanguage\":\"es\",\"@id\":\"https:\/\/www.psoecaceres.com\/es\/actualidad\/emprender-en-el-medio-rural-la-diputacion-de-caceres-lanza-la-xiii-edicion-de-los-premios-pie-plus\/#primaryimage\",\"url\":\"https:\/\/www.psoecaceres.com\/es\/wp-content\/uploads\/2022\/06\/BOP.jpg\",\"contentUrl\":\"https:\/\/www.psoecaceres.com\/es\/wp-content\/uploads\/2022\/06\/BOP.jpg\",\"width\":1200,\"height\":628},{\"@type\":\"BreadcrumbList\",\"@id\":\"https:\/\/www.psoecaceres.com\/es\/actualidad\/emprender-en-el-medio-rural-la-diputacion-de-caceres-lanza-la-xiii-edicion-de-los-premios-pie-plus\/#breadcrumb\",\"itemListElement\":[{\"@type\":\"ListItem\",\"position\":1,\"name\":\"Portada\",\"item\":\"https:\/\/www.psoecaceres.com\/es\/\"},{\"@type\":\"ListItem\",\"position\":2,\"name\":\"Emprender en el medio rural: la Diputaci\u00f3n de C\u00e1ceres lanza la XIII edici\u00f3n de los Premios PIE Plus\"}]},{\"@type\":\"WebSite\",\"@id\":\"https:\/\/www.psoecaceres.com\/es\/#website\",\"url\":\"https:\/\/www.psoecaceres.com\/es\/\",\"name\":\"PSOE provincia de C\u00e1ceres\",\"description\":\"Pasi\u00f3n por Nuestros Pueblos\",\"publisher\":{\"@id\":\"https:\/\/www.psoecaceres.com\/es\/#organization\"},\"alternateName\":\"PSOE Caceres\",\"potentialAction\":[{\"@type\":\"SearchAction\",\"target\":{\"@type\":\"EntryPoint\",\"urlTemplate\":\"https:\/\/www.psoecaceres.com\/es\/?s={search_term_string}\"},\"query-input\":{\"@type\":\"PropertyValueSpecification\",\"valueRequired\":true,\"valueName\":\"search_term_string\"}}],\"inLanguage\":\"es\"},{\"@type\":\"Organization\",\"@id\":\"https:\/\/www.psoecaceres.com\/es\/#organization\",\"name\":\"Psoe C\u00e1ceres\",\"alternateName\":\"PSOE Caceres\",\"url\":\"https:\/\/www.psoecaceres.com\/es\/\",\"logo\":{\"@type\":\"ImageObject\",\"inLanguage\":\"es\",\"@id\":\"https:\/\/www.psoecaceres.com\/es\/#\/schema\/logo\/image\/\",\"url\":\"https:\/\/www.psoecaceres.com\/es\/wp-content\/uploads\/2020\/08\/logo-psoe-caceres-web-2020.png\",\"contentUrl\":\"https:\/\/www.psoecaceres.com\/es\/wp-content\/uploads\/2020\/08\/logo-psoe-caceres-web-2020.png\",\"width\":180,\"height\":105,\"caption\":\"Psoe C\u00e1ceres\"},\"image\":{\"@id\":\"https:\/\/www.psoecaceres.com\/es\/#\/schema\/logo\/image\/\"},\"sameAs\":[\"https:\/\/www.facebook.com\/psoecaceres\",\"https:\/\/x.com\/PSOEC\"]},{\"@type\":\"Person\",\"@id\":\"https:\/\/www.psoecaceres.com\/es\/#\/schema\/person\/f39f54f038cc2ed62af85f6d76c466a9\",\"name\":\"PSOE\",\"url\":\"https:\/\/www.psoecaceres.com\/es\/author\/ivar\/\"}]}<\/script>\n<!-- \/ Yoast SEO plugin. -->","yoast_head_json":{"title":"Emprender en el medio rural: la Diputaci\u00f3n de C\u00e1ceres lanza la XIII edici\u00f3n de los Premios PIE Plus - PSOE provincia de C\u00e1ceres","robots":{"index":"index","follow":"follow","max-snippet":"max-snippet:-1","max-image-preview":"max-image-preview:large","max-video-preview":"max-video-preview:-1"},"canonical":"https:\/\/www.psoecaceres.com\/es\/actualidad\/emprender-en-el-medio-rural-la-diputacion-de-caceres-lanza-la-xiii-edicion-de-los-premios-pie-plus\/","og_locale":"es_ES","og_type":"article","og_title":"Emprender en el medio rural: la Diputaci\u00f3n de C\u00e1ceres lanza la XIII edici\u00f3n de los Premios PIE Plus - PSOE provincia de C\u00e1ceres","og_description":"Las personas interesadas podr\u00e1n presentar su candidatura desde el viernes 13 de marzo\u00a0y hasta el 28 de abril. Entre las principales novedades de esta edici\u00f3n, destaca que podr\u00e1n participar personas f\u00edsicas que hayan iniciado su actividad en el R\u00e9gimen Especial de Trabajadores Aut\u00f3nomos (RETA) en los seis meses previos a la publicaci\u00f3n de la convocatoria. [&hellip;]","og_url":"https:\/\/www.psoecaceres.com\/es\/actualidad\/emprender-en-el-medio-rural-la-diputacion-de-caceres-lanza-la-xiii-edicion-de-los-premios-pie-plus\/","og_site_name":"PSOE provincia de C\u00e1ceres","article_publisher":"https:\/\/www.facebook.com\/psoecaceres","article_published_time":"2026-03-15T07:38:12+00:00","og_image":[{"width":1200,"height":628,"url":"https:\/\/www.psoecaceres.com\/es\/wp-content\/uploads\/2022\/06\/BOP.jpg","type":"image\/jpeg"}],"author":"PSOE","twitter_card":"summary_large_image","twitter_creator":"@PSOEC","twitter_site":"@PSOEC","twitter_misc":{"Escrito por":"PSOE","Tiempo de lectura":"3 minutos"},"schema":{"@context":"https:\/\/schema.org","@graph":[{"@type":"Article","@id":"https:\/\/www.psoecaceres.com\/es\/actualidad\/emprender-en-el-medio-rural-la-diputacion-de-caceres-lanza-la-xiii-edicion-de-los-premios-pie-plus\/#article","isPartOf":{"@id":"https:\/\/www.psoecaceres.com\/es\/actualidad\/emprender-en-el-medio-rural-la-diputacion-de-caceres-lanza-la-xiii-edicion-de-los-premios-pie-plus\/"},"author":{"name":"PSOE","@id":"https:\/\/www.psoecaceres.com\/es\/#\/schema\/person\/f39f54f038cc2ed62af85f6d76c466a9"},"headline":"Emprender en el medio rural: la Diputaci\u00f3n de C\u00e1ceres lanza la XIII edici\u00f3n de los Premios PIE Plus","datePublished":"2026-03-15T07:38:12+00:00","mainEntityOfPage":{"@id":"https:\/\/www.psoecaceres.com\/es\/actualidad\/emprender-en-el-medio-rural-la-diputacion-de-caceres-lanza-la-xiii-edicion-de-los-premios-pie-plus\/"},"wordCount":521,"commentCount":0,"publisher":{"@id":"https:\/\/www.psoecaceres.com\/es\/#organization"},"image":{"@id":"https:\/\/www.psoecaceres.com\/es\/actualidad\/emprender-en-el-medio-rural-la-diputacion-de-caceres-lanza-la-xiii-edicion-de-los-premios-pie-plus\/#primaryimage"},"thumbnailUrl":"https:\/\/www.psoecaceres.com\/es\/wp-content\/uploads\/2022\/06\/BOP.jpg","keywords":["destacada"],"articleSection":["Actualidad","Diputaci\u00f3n","Municipio a Municipio","Noticias"],"inLanguage":"es","potentialAction":[{"@type":"CommentAction","name":"Comment","target":["https:\/\/www.psoecaceres.com\/es\/actualidad\/emprender-en-el-medio-rural-la-diputacion-de-caceres-lanza-la-xiii-edicion-de-los-premios-pie-plus\/#respond"]}]},{"@type":"WebPage","@id":"https:\/\/www.psoecaceres.com\/es\/actualidad\/emprender-en-el-medio-rural-la-diputacion-de-caceres-lanza-la-xiii-edicion-de-los-premios-pie-plus\/","url":"https:\/\/www.psoecaceres.com\/es\/actualidad\/emprender-en-el-medio-rural-la-diputacion-de-caceres-lanza-la-xiii-edicion-de-los-premios-pie-plus\/","name":"Emprender en el medio rural: la Diputaci\u00f3n de C\u00e1ceres lanza la XIII edici\u00f3n de los Premios PIE Plus - PSOE provincia de C\u00e1ceres","isPartOf":{"@id":"https:\/\/www.psoecaceres.com\/es\/#website"},"primaryImageOfPage":{"@id":"https:\/\/www.psoecaceres.com\/es\/actualidad\/emprender-en-el-medio-rural-la-diputacion-de-caceres-lanza-la-xiii-edicion-de-los-premios-pie-plus\/#primaryimage"},"image":{"@id":"https:\/\/www.psoecaceres.com\/es\/actualidad\/emprender-en-el-medio-rural-la-diputacion-de-caceres-lanza-la-xiii-edicion-de-los-premios-pie-plus\/#primaryimage"},"thumbnailUrl":"https:\/\/www.psoecaceres.com\/es\/wp-content\/uploads\/2022\/06\/BOP.jpg","datePublished":"2026-03-15T07:38:12+00:00","breadcrumb":{"@id":"https:\/\/www.psoecaceres.com\/es\/actualidad\/emprender-en-el-medio-rural-la-diputacion-de-caceres-lanza-la-xiii-edicion-de-los-premios-pie-plus\/#breadcrumb"},"inLanguage":"es","potentialAction":[{"@type":"ReadAction","target":["https:\/\/www.psoecaceres.com\/es\/actualidad\/emprender-en-el-medio-rural-la-diputacion-de-caceres-lanza-la-xiii-edicion-de-los-premios-pie-plus\/"]}]},{"@type":"ImageObject","inLanguage":"es","@id":"https:\/\/www.psoecaceres.com\/es\/actualidad\/emprender-en-el-medio-rural-la-diputacion-de-caceres-lanza-la-xiii-edicion-de-los-premios-pie-plus\/#primaryimage","url":"https:\/\/www.psoecaceres.com\/es\/wp-content\/uploads\/2022\/06\/BOP.jpg","contentUrl":"https:\/\/www.psoecaceres.com\/es\/wp-content\/uploads\/2022\/06\/BOP.jpg","width":1200,"height":628},{"@type":"BreadcrumbList","@id":"https:\/\/www.psoecaceres.com\/es\/actualidad\/emprender-en-el-medio-rural-la-diputacion-de-caceres-lanza-la-xiii-edicion-de-los-premios-pie-plus\/#breadcrumb","itemListElement":[{"@type":"ListItem","position":1,"name":"Portada","item":"https:\/\/www.psoecaceres.com\/es\/"},{"@type":"ListItem","position":2,"name":"Emprender en el medio rural: la Diputaci\u00f3n de C\u00e1ceres lanza la XIII edici\u00f3n de los Premios PIE Plus"}]},{"@type":"WebSite","@id":"https:\/\/www.psoecaceres.com\/es\/#website","url":"https:\/\/www.psoecaceres.com\/es\/","name":"PSOE provincia de C\u00e1ceres","description":"Pasi\u00f3n por Nuestros Pueblos","publisher":{"@id":"https:\/\/www.psoecaceres.com\/es\/#organization"},"alternateName":"PSOE Caceres","potentialAction":[{"@type":"SearchAction","target":{"@type":"EntryPoint","urlTemplate":"https:\/\/www.psoecaceres.com\/es\/?s={search_term_string}"},"query-input":{"@type":"PropertyValueSpecification","valueRequired":true,"valueName":"search_term_string"}}],"inLanguage":"es"},{"@type":"Organization","@id":"https:\/\/www.psoecaceres.com\/es\/#organization","name":"Psoe C\u00e1ceres","alternateName":"PSOE Caceres","url":"https:\/\/www.psoecaceres.com\/es\/","logo":{"@type":"ImageObject","inLanguage":"es","@id":"https:\/\/www.psoecaceres.com\/es\/#\/schema\/logo\/image\/","url":"https:\/\/www.psoecaceres.com\/es\/wp-content\/uploads\/2020\/08\/logo-psoe-caceres-web-2020.png","contentUrl":"https:\/\/www.psoecaceres.com\/es\/wp-content\/uploads\/2020\/08\/logo-psoe-caceres-web-2020.png","width":180,"height":105,"caption":"Psoe C\u00e1ceres"},"image":{"@id":"https:\/\/www.psoecaceres.com\/es\/#\/schema\/logo\/image\/"},"sameAs":["https:\/\/www.facebook.com\/psoecaceres","https:\/\/x.com\/PSOEC"]},{"@type":"Person","@id":"https:\/\/www.psoecaceres.com\/es\/#\/schema\/person\/f39f54f038cc2ed62af85f6d76c466a9","name":"PSOE","url":"https:\/\/www.psoecaceres.com\/es\/author\/ivar\/"}]}},"_links":{"self":[{"href":"https:\/\/www.psoecaceres.com\/es\/wp-json\/wp\/v2\/posts\/76126","targetHints":{"allow":["GET"]}}],"collection":[{"href":"https:\/\/www.psoecaceres.com\/es\/wp-json\/wp\/v2\/posts"}],"about":[{"href":"https:\/\/www.psoecaceres.com\/es\/wp-json\/wp\/v2\/types\/post"}],"author":[{"embeddable":true,"href":"https:\/\/www.psoecaceres.com\/es\/wp-json\/wp\/v2\/users\/3"}],"replies":[{"embeddable":true,"href":"https:\/\/www.psoecaceres.com\/es\/wp-json\/wp\/v2\/comments?post=76126"}],"version-history":[{"count":1,"href":"https:\/\/www.psoecaceres.com\/es\/wp-json\/wp\/v2\/posts\/76126\/revisions"}],"predecessor-version":[{"id":76127,"href":"https:\/\/www.psoecaceres.com\/es\/wp-json\/wp\/v2\/posts\/76126\/revisions\/76127"}],"wp:featuredmedia":[{"embeddable":true,"href":"https:\/\/www.psoecaceres.com\/es\/wp-json\/wp\/v2\/media\/60196"}],"wp:attachment":[{"href":"https:\/\/www.psoecaceres.com\/es\/wp-json\/wp\/v2\/media?parent=76126"}],"wp:term":[{"taxonomy":"category","embeddable":true,"href":"https:\/\/www.psoecaceres.com\/es\/wp-json\/wp\/v2\/categories?post=76126"},{"taxonomy":"post_tag","embeddable":true,"href":"https:\/\/www.psoecaceres.com\/es\/wp-json\/wp\/v2\/tags?post=76126"}],"curies":[{"name":"wp","href":"https:\/\/api.w.org\/{rel}","templated":true}]}}