{"id":76128,"date":"2026-03-15T09:40:22","date_gmt":"2026-03-15T07:40:22","guid":{"rendered":"https:\/\/www.psoecaceres.com\/es\/?p=76128"},"modified":"2026-03-15T09:40:22","modified_gmt":"2026-03-15T07:40:22","slug":"esther-gutierrez-senala-el-medio-rural-como-el-lugar-perfecto-para-la-convivencia-generacional-clave-en-el-reto-demografico","status":"publish","type":"post","link":"https:\/\/www.psoecaceres.com\/es\/actualidad\/esther-gutierrez-senala-el-medio-rural-como-el-lugar-perfecto-para-la-convivencia-generacional-clave-en-el-reto-demografico\/","title":{"rendered":"Esther Guti\u00e9rrez se\u00f1ala el medio rural como el lugar perfecto para la convivencia generacional, clave en el reto demogr\u00e1fico"},"content":{"rendered":"<div>\n<p><b>ADICOVER, Diputaci\u00f3n de C\u00e1ceres y las universidades de Extremadura y de Granada celebran una jornada para extender por los distintos municipios las zonas intergeneracionales, implicando al sistema educativo.<\/b><\/p>\n<p><span lang=\"es-ES\">\u201c<\/span><span lang=\"es-ES\">El reto demogr\u00e1fico no habla solo de cifras, el reto demogr\u00e1fico habla de personas y de generaciones no aisladas\u201d, con esta frase, el presidente del Grupo de Acci\u00f3n Local de la comarca de La Vera, ADICOVER,\u00a0<\/span><span lang=\"es-ES\"><b>Ferm\u00edn Encabo<\/b><\/span><span lang=\"es-ES\">, resum\u00eda de alguna manera la filosof\u00eda de los espacios intergeneracionales, en los que se viene trabajando en la provincia de C\u00e1ceres, como instrumentos clave para la lucha contra el despoblamiento. Y as\u00ed ha comenzado la jornada\u00a0<\/span><span lang=\"es-ES\"><b>\u201cLos municipios extreme\u00f1os ante el Reto Demogr\u00e1fico, la cohesi\u00f3n social y la integraci\u00f3n. Las Zonas de Contacto Intergeneracional\u201d<\/b><\/span><span lang=\"es-ES\">, una iniciativa financiada por la Diputaci\u00f3n de C\u00e1ceres y puesta en marcha\u00a0<\/span><span lang=\"es-ES\">conjuntamente con<\/span><span lang=\"es-ES\">\u00a0ADICOVER, la Universidad de Extremadura y la Universidad de Granada a trav\u00e9s del Proyecto ZCIANEXT.<\/span><\/p>\n<p><span lang=\"es-ES\">La jornada, que se ha celebrado en el Complejo Cultural San Francisco de C\u00e1ceres, ha convocado a t\u00e9cnicos y t\u00e9cnicas y personal municipal, agentes de desarrollo local, dinamizadores culturales y tur\u00edsticos, profesionales de urbanismo y docentes, entre otras personas, y a todos ellos se ha dirigido la vicepresidenta primera de Territorio, Igualdad y Cultura de la diputaci\u00f3n,\u00a0<\/span><span lang=\"es-ES\"><b>Esther Guti\u00e9rrez<\/b><\/span><span lang=\"es-ES\">, que ha agradecido el trabajo que vienen realizando para abordar \u201cuna nueva estrategia para el reto demogr\u00e1fico, una mirada distinta, donde los pueblos son espacios perfectos para la convivencia natural de generaciones y para aprovechar los beneficios que unas y otras generaciones se aportan mutuamente\u201d.<\/span><\/p>\n<p><span lang=\"es-ES\">As\u00ed, se ha abordado el fomento de zonas y espacios de contacto intergeneracional, espacios f\u00edsicos, pero tambi\u00e9n sociales y educativos. De esta manera, ha indicado Guti\u00e9rrez, \u201ctenemos que repensar nuestros pueblos\u00a0<\/span><span lang=\"es-ES\"><b>desde el urbanismo, desde la cultura, desde la educaci\u00f3n y desde la acci\u00f3n social.<\/b><\/span><span lang=\"es-ES\">\u00a0Pensar en plazas, en parques, en centros culturales, espacios p\u00fablicos y programas que faciliten ese encuentro, algo que mueve todas y cada una de las iniciativas y los proyectos de la diputaci\u00f3n\u201d.<\/span><\/p>\n<p><span lang=\"es-ES\">Una jornada a partir de la cual se conformar\u00e1n grupos de trabajo y objetivos a cumplir para identificar necesidades, prioridades y oportunidades en cada localidad, con el fin de dise\u00f1ar posteriormente modelos de intervenci\u00f3n ajustados a la realidad municipal, con acciones concretas que fomenten la convivencia entre generaciones y contribuyan a fortalecer el tejido social local.<\/span><\/p>\n<\/div>\n<div><\/div>\n","protected":false},"excerpt":{"rendered":"<p>ADICOVER, Diputaci\u00f3n de C\u00e1ceres y las universidades de Extremadura y de Granada celebran una jornada para extender por los distintos municipios las zonas intergeneracionales, implicando al sistema educativo. \u201cEl reto demogr\u00e1fico no habla solo de cifras, el reto demogr\u00e1fico habla de personas y de generaciones no aisladas\u201d, con esta frase, el presidente del Grupo de [&hellip;]<\/p>\n","protected":false},"author":3,"featured_media":76129,"comment_status":"open","ping_status":"open","sticky":false,"template":"","format":"standard","meta":{"_et_pb_use_builder":"","_et_pb_old_content":"","_et_gb_content_width":"","footnotes":""},"categories":[21,226,222,246],"tags":[151],"class_list":["post-76128","post","type-post","status-publish","format-standard","has-post-thumbnail","hentry","category-actualidad","category-diputacion","category-municipio-a-municipio","category-noticias","tag-destacada"],"yoast_head":"<!-- This site is optimized with the Yoast SEO plugin v26.7 - https:\/\/yoast.com\/wordpress\/plugins\/seo\/ -->\n<title>Esther Guti\u00e9rrez se\u00f1ala el medio rural como el lugar perfecto para la convivencia generacional, clave en el reto demogr\u00e1fico - PSOE provincia de C\u00e1ceres<\/title>\n<meta name=\"robots\" content=\"index, follow, max-snippet:-1, max-image-preview:large, max-video-preview:-1\" \/>\n<link rel=\"canonical\" href=\"https:\/\/www.psoecaceres.com\/es\/actualidad\/esther-gutierrez-senala-el-medio-rural-como-el-lugar-perfecto-para-la-convivencia-generacional-clave-en-el-reto-demografico\/\" \/>\n<meta property=\"og:locale\" content=\"es_ES\" \/>\n<meta property=\"og:type\" content=\"article\" \/>\n<meta property=\"og:title\" content=\"Esther Guti\u00e9rrez se\u00f1ala el medio rural como el lugar perfecto para la convivencia generacional, clave en el reto demogr\u00e1fico - PSOE provincia de C\u00e1ceres\" \/>\n<meta property=\"og:description\" content=\"ADICOVER, Diputaci\u00f3n de C\u00e1ceres y las universidades de Extremadura y de Granada celebran una jornada para extender por los distintos municipios las zonas intergeneracionales, implicando al sistema educativo. \u201cEl reto demogr\u00e1fico no habla solo de cifras, el reto demogr\u00e1fico habla de personas y de generaciones no aisladas\u201d, con esta frase, el presidente del Grupo de [&hellip;]\" \/>\n<meta property=\"og:url\" content=\"https:\/\/www.psoecaceres.com\/es\/actualidad\/esther-gutierrez-senala-el-medio-rural-como-el-lugar-perfecto-para-la-convivencia-generacional-clave-en-el-reto-demografico\/\" \/>\n<meta property=\"og:site_name\" content=\"PSOE provincia de C\u00e1ceres\" \/>\n<meta property=\"article:publisher\" content=\"https:\/\/www.facebook.com\/psoecaceres\" \/>\n<meta property=\"article:published_time\" content=\"2026-03-15T07:40:22+00:00\" \/>\n<meta property=\"og:image\" content=\"https:\/\/www.psoecaceres.com\/es\/wp-content\/uploads\/2026\/03\/Jornada-Espacios-intergeneracionales-3.jpg\" \/>\n\t<meta property=\"og:image:width\" content=\"1772\" \/>\n\t<meta property=\"og:image:height\" content=\"1181\" \/>\n\t<meta property=\"og:image:type\" content=\"image\/jpeg\" \/>\n<meta name=\"author\" content=\"PSOE\" \/>\n<meta name=\"twitter:card\" content=\"summary_large_image\" \/>\n<meta name=\"twitter:creator\" content=\"@PSOEC\" \/>\n<meta name=\"twitter:site\" content=\"@PSOEC\" \/>\n<meta name=\"twitter:label1\" content=\"Escrito por\" \/>\n\t<meta name=\"twitter:data1\" content=\"PSOE\" \/>\n\t<meta name=\"twitter:label2\" content=\"Tiempo de lectura\" \/>\n\t<meta name=\"twitter:data2\" content=\"2 minutos\" \/>\n<script type=\"application\/ld+json\" class=\"yoast-schema-graph\">{\"@context\":\"https:\/\/schema.org\",\"@graph\":[{\"@type\":\"Article\",\"@id\":\"https:\/\/www.psoecaceres.com\/es\/actualidad\/esther-gutierrez-senala-el-medio-rural-como-el-lugar-perfecto-para-la-convivencia-generacional-clave-en-el-reto-demografico\/#article\",\"isPartOf\":{\"@id\":\"https:\/\/www.psoecaceres.com\/es\/actualidad\/esther-gutierrez-senala-el-medio-rural-como-el-lugar-perfecto-para-la-convivencia-generacional-clave-en-el-reto-demografico\/\"},\"author\":{\"name\":\"PSOE\",\"@id\":\"https:\/\/www.psoecaceres.com\/es\/#\/schema\/person\/f39f54f038cc2ed62af85f6d76c466a9\"},\"headline\":\"Esther Guti\u00e9rrez se\u00f1ala el medio rural como el lugar perfecto para la convivencia generacional, clave en el reto demogr\u00e1fico\",\"datePublished\":\"2026-03-15T07:40:22+00:00\",\"mainEntityOfPage\":{\"@id\":\"https:\/\/www.psoecaceres.com\/es\/actualidad\/esther-gutierrez-senala-el-medio-rural-como-el-lugar-perfecto-para-la-convivencia-generacional-clave-en-el-reto-demografico\/\"},\"wordCount\":441,\"commentCount\":0,\"publisher\":{\"@id\":\"https:\/\/www.psoecaceres.com\/es\/#organization\"},\"image\":{\"@id\":\"https:\/\/www.psoecaceres.com\/es\/actualidad\/esther-gutierrez-senala-el-medio-rural-como-el-lugar-perfecto-para-la-convivencia-generacional-clave-en-el-reto-demografico\/#primaryimage\"},\"thumbnailUrl\":\"https:\/\/www.psoecaceres.com\/es\/wp-content\/uploads\/2026\/03\/Jornada-Espacios-intergeneracionales-3.jpg\",\"keywords\":[\"destacada\"],\"articleSection\":[\"Actualidad\",\"Diputaci\u00f3n\",\"Municipio a Municipio\",\"Noticias\"],\"inLanguage\":\"es\",\"potentialAction\":[{\"@type\":\"CommentAction\",\"name\":\"Comment\",\"target\":[\"https:\/\/www.psoecaceres.com\/es\/actualidad\/esther-gutierrez-senala-el-medio-rural-como-el-lugar-perfecto-para-la-convivencia-generacional-clave-en-el-reto-demografico\/#respond\"]}]},{\"@type\":\"WebPage\",\"@id\":\"https:\/\/www.psoecaceres.com\/es\/actualidad\/esther-gutierrez-senala-el-medio-rural-como-el-lugar-perfecto-para-la-convivencia-generacional-clave-en-el-reto-demografico\/\",\"url\":\"https:\/\/www.psoecaceres.com\/es\/actualidad\/esther-gutierrez-senala-el-medio-rural-como-el-lugar-perfecto-para-la-convivencia-generacional-clave-en-el-reto-demografico\/\",\"name\":\"Esther Guti\u00e9rrez se\u00f1ala el medio rural como el lugar perfecto para la convivencia generacional, clave en el reto demogr\u00e1fico - PSOE provincia de C\u00e1ceres\",\"isPartOf\":{\"@id\":\"https:\/\/www.psoecaceres.com\/es\/#website\"},\"primaryImageOfPage\":{\"@id\":\"https:\/\/www.psoecaceres.com\/es\/actualidad\/esther-gutierrez-senala-el-medio-rural-como-el-lugar-perfecto-para-la-convivencia-generacional-clave-en-el-reto-demografico\/#primaryimage\"},\"image\":{\"@id\":\"https:\/\/www.psoecaceres.com\/es\/actualidad\/esther-gutierrez-senala-el-medio-rural-como-el-lugar-perfecto-para-la-convivencia-generacional-clave-en-el-reto-demografico\/#primaryimage\"},\"thumbnailUrl\":\"https:\/\/www.psoecaceres.com\/es\/wp-content\/uploads\/2026\/03\/Jornada-Espacios-intergeneracionales-3.jpg\",\"datePublished\":\"2026-03-15T07:40:22+00:00\",\"breadcrumb\":{\"@id\":\"https:\/\/www.psoecaceres.com\/es\/actualidad\/esther-gutierrez-senala-el-medio-rural-como-el-lugar-perfecto-para-la-convivencia-generacional-clave-en-el-reto-demografico\/#breadcrumb\"},\"inLanguage\":\"es\",\"potentialAction\":[{\"@type\":\"ReadAction\",\"target\":[\"https:\/\/www.psoecaceres.com\/es\/actualidad\/esther-gutierrez-senala-el-medio-rural-como-el-lugar-perfecto-para-la-convivencia-generacional-clave-en-el-reto-demografico\/\"]}]},{\"@type\":\"ImageObject\",\"inLanguage\":\"es\",\"@id\":\"https:\/\/www.psoecaceres.com\/es\/actualidad\/esther-gutierrez-senala-el-medio-rural-como-el-lugar-perfecto-para-la-convivencia-generacional-clave-en-el-reto-demografico\/#primaryimage\",\"url\":\"https:\/\/www.psoecaceres.com\/es\/wp-content\/uploads\/2026\/03\/Jornada-Espacios-intergeneracionales-3.jpg\",\"contentUrl\":\"https:\/\/www.psoecaceres.com\/es\/wp-content\/uploads\/2026\/03\/Jornada-Espacios-intergeneracionales-3.jpg\",\"width\":1772,\"height\":1181},{\"@type\":\"BreadcrumbList\",\"@id\":\"https:\/\/www.psoecaceres.com\/es\/actualidad\/esther-gutierrez-senala-el-medio-rural-como-el-lugar-perfecto-para-la-convivencia-generacional-clave-en-el-reto-demografico\/#breadcrumb\",\"itemListElement\":[{\"@type\":\"ListItem\",\"position\":1,\"name\":\"Portada\",\"item\":\"https:\/\/www.psoecaceres.com\/es\/\"},{\"@type\":\"ListItem\",\"position\":2,\"name\":\"Esther Guti\u00e9rrez se\u00f1ala el medio rural como el lugar perfecto para la convivencia generacional, clave en el reto demogr\u00e1fico\"}]},{\"@type\":\"WebSite\",\"@id\":\"https:\/\/www.psoecaceres.com\/es\/#website\",\"url\":\"https:\/\/www.psoecaceres.com\/es\/\",\"name\":\"PSOE provincia de C\u00e1ceres\",\"description\":\"Pasi\u00f3n por Nuestros Pueblos\",\"publisher\":{\"@id\":\"https:\/\/www.psoecaceres.com\/es\/#organization\"},\"alternateName\":\"PSOE Caceres\",\"potentialAction\":[{\"@type\":\"SearchAction\",\"target\":{\"@type\":\"EntryPoint\",\"urlTemplate\":\"https:\/\/www.psoecaceres.com\/es\/?s={search_term_string}\"},\"query-input\":{\"@type\":\"PropertyValueSpecification\",\"valueRequired\":true,\"valueName\":\"search_term_string\"}}],\"inLanguage\":\"es\"},{\"@type\":\"Organization\",\"@id\":\"https:\/\/www.psoecaceres.com\/es\/#organization\",\"name\":\"Psoe C\u00e1ceres\",\"alternateName\":\"PSOE Caceres\",\"url\":\"https:\/\/www.psoecaceres.com\/es\/\",\"logo\":{\"@type\":\"ImageObject\",\"inLanguage\":\"es\",\"@id\":\"https:\/\/www.psoecaceres.com\/es\/#\/schema\/logo\/image\/\",\"url\":\"https:\/\/www.psoecaceres.com\/es\/wp-content\/uploads\/2020\/08\/logo-psoe-caceres-web-2020.png\",\"contentUrl\":\"https:\/\/www.psoecaceres.com\/es\/wp-content\/uploads\/2020\/08\/logo-psoe-caceres-web-2020.png\",\"width\":180,\"height\":105,\"caption\":\"Psoe C\u00e1ceres\"},\"image\":{\"@id\":\"https:\/\/www.psoecaceres.com\/es\/#\/schema\/logo\/image\/\"},\"sameAs\":[\"https:\/\/www.facebook.com\/psoecaceres\",\"https:\/\/x.com\/PSOEC\"]},{\"@type\":\"Person\",\"@id\":\"https:\/\/www.psoecaceres.com\/es\/#\/schema\/person\/f39f54f038cc2ed62af85f6d76c466a9\",\"name\":\"PSOE\",\"url\":\"https:\/\/www.psoecaceres.com\/es\/author\/ivar\/\"}]}<\/script>\n<!-- \/ Yoast SEO plugin. -->","yoast_head_json":{"title":"Esther Guti\u00e9rrez se\u00f1ala el medio rural como el lugar perfecto para la convivencia generacional, clave en el reto demogr\u00e1fico - PSOE provincia de C\u00e1ceres","robots":{"index":"index","follow":"follow","max-snippet":"max-snippet:-1","max-image-preview":"max-image-preview:large","max-video-preview":"max-video-preview:-1"},"canonical":"https:\/\/www.psoecaceres.com\/es\/actualidad\/esther-gutierrez-senala-el-medio-rural-como-el-lugar-perfecto-para-la-convivencia-generacional-clave-en-el-reto-demografico\/","og_locale":"es_ES","og_type":"article","og_title":"Esther Guti\u00e9rrez se\u00f1ala el medio rural como el lugar perfecto para la convivencia generacional, clave en el reto demogr\u00e1fico - PSOE provincia de C\u00e1ceres","og_description":"ADICOVER, Diputaci\u00f3n de C\u00e1ceres y las universidades de Extremadura y de Granada celebran una jornada para extender por los distintos municipios las zonas intergeneracionales, implicando al sistema educativo. \u201cEl reto demogr\u00e1fico no habla solo de cifras, el reto demogr\u00e1fico habla de personas y de generaciones no aisladas\u201d, con esta frase, el presidente del Grupo de [&hellip;]","og_url":"https:\/\/www.psoecaceres.com\/es\/actualidad\/esther-gutierrez-senala-el-medio-rural-como-el-lugar-perfecto-para-la-convivencia-generacional-clave-en-el-reto-demografico\/","og_site_name":"PSOE provincia de C\u00e1ceres","article_publisher":"https:\/\/www.facebook.com\/psoecaceres","article_published_time":"2026-03-15T07:40:22+00:00","og_image":[{"width":1772,"height":1181,"url":"https:\/\/www.psoecaceres.com\/es\/wp-content\/uploads\/2026\/03\/Jornada-Espacios-intergeneracionales-3.jpg","type":"image\/jpeg"}],"author":"PSOE","twitter_card":"summary_large_image","twitter_creator":"@PSOEC","twitter_site":"@PSOEC","twitter_misc":{"Escrito por":"PSOE","Tiempo de lectura":"2 minutos"},"schema":{"@context":"https:\/\/schema.org","@graph":[{"@type":"Article","@id":"https:\/\/www.psoecaceres.com\/es\/actualidad\/esther-gutierrez-senala-el-medio-rural-como-el-lugar-perfecto-para-la-convivencia-generacional-clave-en-el-reto-demografico\/#article","isPartOf":{"@id":"https:\/\/www.psoecaceres.com\/es\/actualidad\/esther-gutierrez-senala-el-medio-rural-como-el-lugar-perfecto-para-la-convivencia-generacional-clave-en-el-reto-demografico\/"},"author":{"name":"PSOE","@id":"https:\/\/www.psoecaceres.com\/es\/#\/schema\/person\/f39f54f038cc2ed62af85f6d76c466a9"},"headline":"Esther Guti\u00e9rrez se\u00f1ala el medio rural como el lugar perfecto para la convivencia generacional, clave en el reto demogr\u00e1fico","datePublished":"2026-03-15T07:40:22+00:00","mainEntityOfPage":{"@id":"https:\/\/www.psoecaceres.com\/es\/actualidad\/esther-gutierrez-senala-el-medio-rural-como-el-lugar-perfecto-para-la-convivencia-generacional-clave-en-el-reto-demografico\/"},"wordCount":441,"commentCount":0,"publisher":{"@id":"https:\/\/www.psoecaceres.com\/es\/#organization"},"image":{"@id":"https:\/\/www.psoecaceres.com\/es\/actualidad\/esther-gutierrez-senala-el-medio-rural-como-el-lugar-perfecto-para-la-convivencia-generacional-clave-en-el-reto-demografico\/#primaryimage"},"thumbnailUrl":"https:\/\/www.psoecaceres.com\/es\/wp-content\/uploads\/2026\/03\/Jornada-Espacios-intergeneracionales-3.jpg","keywords":["destacada"],"articleSection":["Actualidad","Diputaci\u00f3n","Municipio a Municipio","Noticias"],"inLanguage":"es","potentialAction":[{"@type":"CommentAction","name":"Comment","target":["https:\/\/www.psoecaceres.com\/es\/actualidad\/esther-gutierrez-senala-el-medio-rural-como-el-lugar-perfecto-para-la-convivencia-generacional-clave-en-el-reto-demografico\/#respond"]}]},{"@type":"WebPage","@id":"https:\/\/www.psoecaceres.com\/es\/actualidad\/esther-gutierrez-senala-el-medio-rural-como-el-lugar-perfecto-para-la-convivencia-generacional-clave-en-el-reto-demografico\/","url":"https:\/\/www.psoecaceres.com\/es\/actualidad\/esther-gutierrez-senala-el-medio-rural-como-el-lugar-perfecto-para-la-convivencia-generacional-clave-en-el-reto-demografico\/","name":"Esther Guti\u00e9rrez se\u00f1ala el medio rural como el lugar perfecto para la convivencia generacional, clave en el reto demogr\u00e1fico - PSOE provincia de C\u00e1ceres","isPartOf":{"@id":"https:\/\/www.psoecaceres.com\/es\/#website"},"primaryImageOfPage":{"@id":"https:\/\/www.psoecaceres.com\/es\/actualidad\/esther-gutierrez-senala-el-medio-rural-como-el-lugar-perfecto-para-la-convivencia-generacional-clave-en-el-reto-demografico\/#primaryimage"},"image":{"@id":"https:\/\/www.psoecaceres.com\/es\/actualidad\/esther-gutierrez-senala-el-medio-rural-como-el-lugar-perfecto-para-la-convivencia-generacional-clave-en-el-reto-demografico\/#primaryimage"},"thumbnailUrl":"https:\/\/www.psoecaceres.com\/es\/wp-content\/uploads\/2026\/03\/Jornada-Espacios-intergeneracionales-3.jpg","datePublished":"2026-03-15T07:40:22+00:00","breadcrumb":{"@id":"https:\/\/www.psoecaceres.com\/es\/actualidad\/esther-gutierrez-senala-el-medio-rural-como-el-lugar-perfecto-para-la-convivencia-generacional-clave-en-el-reto-demografico\/#breadcrumb"},"inLanguage":"es","potentialAction":[{"@type":"ReadAction","target":["https:\/\/www.psoecaceres.com\/es\/actualidad\/esther-gutierrez-senala-el-medio-rural-como-el-lugar-perfecto-para-la-convivencia-generacional-clave-en-el-reto-demografico\/"]}]},{"@type":"ImageObject","inLanguage":"es","@id":"https:\/\/www.psoecaceres.com\/es\/actualidad\/esther-gutierrez-senala-el-medio-rural-como-el-lugar-perfecto-para-la-convivencia-generacional-clave-en-el-reto-demografico\/#primaryimage","url":"https:\/\/www.psoecaceres.com\/es\/wp-content\/uploads\/2026\/03\/Jornada-Espacios-intergeneracionales-3.jpg","contentUrl":"https:\/\/www.psoecaceres.com\/es\/wp-content\/uploads\/2026\/03\/Jornada-Espacios-intergeneracionales-3.jpg","width":1772,"height":1181},{"@type":"BreadcrumbList","@id":"https:\/\/www.psoecaceres.com\/es\/actualidad\/esther-gutierrez-senala-el-medio-rural-como-el-lugar-perfecto-para-la-convivencia-generacional-clave-en-el-reto-demografico\/#breadcrumb","itemListElement":[{"@type":"ListItem","position":1,"name":"Portada","item":"https:\/\/www.psoecaceres.com\/es\/"},{"@type":"ListItem","position":2,"name":"Esther Guti\u00e9rrez se\u00f1ala el medio rural como el lugar perfecto para la convivencia generacional, clave en el reto demogr\u00e1fico"}]},{"@type":"WebSite","@id":"https:\/\/www.psoecaceres.com\/es\/#website","url":"https:\/\/www.psoecaceres.com\/es\/","name":"PSOE provincia de C\u00e1ceres","description":"Pasi\u00f3n por Nuestros Pueblos","publisher":{"@id":"https:\/\/www.psoecaceres.com\/es\/#organization"},"alternateName":"PSOE Caceres","potentialAction":[{"@type":"SearchAction","target":{"@type":"EntryPoint","urlTemplate":"https:\/\/www.psoecaceres.com\/es\/?s={search_term_string}"},"query-input":{"@type":"PropertyValueSpecification","valueRequired":true,"valueName":"search_term_string"}}],"inLanguage":"es"},{"@type":"Organization","@id":"https:\/\/www.psoecaceres.com\/es\/#organization","name":"Psoe C\u00e1ceres","alternateName":"PSOE Caceres","url":"https:\/\/www.psoecaceres.com\/es\/","logo":{"@type":"ImageObject","inLanguage":"es","@id":"https:\/\/www.psoecaceres.com\/es\/#\/schema\/logo\/image\/","url":"https:\/\/www.psoecaceres.com\/es\/wp-content\/uploads\/2020\/08\/logo-psoe-caceres-web-2020.png","contentUrl":"https:\/\/www.psoecaceres.com\/es\/wp-content\/uploads\/2020\/08\/logo-psoe-caceres-web-2020.png","width":180,"height":105,"caption":"Psoe C\u00e1ceres"},"image":{"@id":"https:\/\/www.psoecaceres.com\/es\/#\/schema\/logo\/image\/"},"sameAs":["https:\/\/www.facebook.com\/psoecaceres","https:\/\/x.com\/PSOEC"]},{"@type":"Person","@id":"https:\/\/www.psoecaceres.com\/es\/#\/schema\/person\/f39f54f038cc2ed62af85f6d76c466a9","name":"PSOE","url":"https:\/\/www.psoecaceres.com\/es\/author\/ivar\/"}]}},"_links":{"self":[{"href":"https:\/\/www.psoecaceres.com\/es\/wp-json\/wp\/v2\/posts\/76128","targetHints":{"allow":["GET"]}}],"collection":[{"href":"https:\/\/www.psoecaceres.com\/es\/wp-json\/wp\/v2\/posts"}],"about":[{"href":"https:\/\/www.psoecaceres.com\/es\/wp-json\/wp\/v2\/types\/post"}],"author":[{"embeddable":true,"href":"https:\/\/www.psoecaceres.com\/es\/wp-json\/wp\/v2\/users\/3"}],"replies":[{"embeddable":true,"href":"https:\/\/www.psoecaceres.com\/es\/wp-json\/wp\/v2\/comments?post=76128"}],"version-history":[{"count":1,"href":"https:\/\/www.psoecaceres.com\/es\/wp-json\/wp\/v2\/posts\/76128\/revisions"}],"predecessor-version":[{"id":76130,"href":"https:\/\/www.psoecaceres.com\/es\/wp-json\/wp\/v2\/posts\/76128\/revisions\/76130"}],"wp:featuredmedia":[{"embeddable":true,"href":"https:\/\/www.psoecaceres.com\/es\/wp-json\/wp\/v2\/media\/76129"}],"wp:attachment":[{"href":"https:\/\/www.psoecaceres.com\/es\/wp-json\/wp\/v2\/media?parent=76128"}],"wp:term":[{"taxonomy":"category","embeddable":true,"href":"https:\/\/www.psoecaceres.com\/es\/wp-json\/wp\/v2\/categories?post=76128"},{"taxonomy":"post_tag","embeddable":true,"href":"https:\/\/www.psoecaceres.com\/es\/wp-json\/wp\/v2\/tags?post=76128"}],"curies":[{"name":"wp","href":"https:\/\/api.w.org\/{rel}","templated":true}]}}