{"id":76453,"date":"2026-04-07T08:58:02","date_gmt":"2026-04-07T06:58:02","guid":{"rendered":"https:\/\/www.psoecaceres.com\/es\/?p=76453"},"modified":"2026-04-07T09:05:09","modified_gmt":"2026-04-07T07:05:09","slug":"diputacion-de-caceres-reivindica-la-memoria-del-exilio-frente-al-olvido-en-la-tercera-edicion-de-tiempo-negro","status":"publish","type":"post","link":"https:\/\/www.psoecaceres.com\/es\/actualidad\/diputacion-de-caceres-reivindica-la-memoria-del-exilio-frente-al-olvido-en-la-tercera-edicion-de-tiempo-negro\/","title":{"rendered":"Diputaci\u00f3n de C\u00e1ceres reivindica la memoria del exilio frente al olvido en la tercera edici\u00f3n de \u201cTiempo Negro\u201d"},"content":{"rendered":"<p><span lang=\"es-ES\"><b>La vicepresidenta presenta este programa de Memoria Hist\u00f3rica y Democr\u00e1tica, que contempla conferencias, concierto, exposiciones y teatro, del 9 de abril al 30 de septiembre. <\/b><\/span><span lang=\"es-ES\"><b>Adem\u00e1s, el 21 de mayo ser\u00e1 la gala de entrega de los Premios Conchita Viera.<\/b><\/span><\/p>\n<p>\u201cEn estos tiempos en los que vemos c\u00f3mo est\u00e1n triunfando autoritarismos en manos de aut\u00f3cratas y en los que partidos pol\u00edticos llegan a las instituciones e intentan ocultar parte de la historia y de la verdad, no podemos ni debemos olvidar\u00a0<span lang=\"es-ES\">que detr\u00e1s de la memoria democr\u00e1tica hay personas, familias, historias que deben ser reconocidas y, sobre todo, dignificadas\u201d. As\u00ed de contundente se ha mostrado la vicepresidenta primera de Territorio, Igualdad y Cultura de la Diputaci\u00f3n de C\u00e1ceres,\u00a0<\/span><span lang=\"es-ES\"><b>Esther Guti\u00e9rrez<\/b><\/span><span lang=\"es-ES\">, en la presentaci\u00f3n de la tercera edici\u00f3n del programa\u00a0<\/span><span lang=\"es-ES\"><b>\u201cTiempo Negro\u201d<\/b><\/span><span lang=\"es-ES\">, que pone en marcha el\u00a0<\/span><span lang=\"es-ES\"><b>Servicio de Memoria Hist\u00f3rica y Democr\u00e1tica<\/b><\/span><span lang=\"es-ES\">\u00a0de la instituci\u00f3n provincial. Una edici\u00f3n que se centra en el exilio, \u201cen poner el foco en una de las grandes deudas pendientes de nuestra democracia: el reconocimiento de quienes se vieron obligados a abandonar su tierra y su pa\u00eds\u201d.<\/span><\/p>\n<p><span lang=\"es-ES\">Este reconocimiento y repaso hist\u00f3rico se\u00a0<\/span><span lang=\"es-ES\">har\u00e1<\/span><span lang=\"es-ES\">\u00a0a trav\u00e9s de conferencias, de m\u00fasica, de exposiciones y de teatro, que se ir\u00e1n desarrollando desde el 9 de abril al 30 de septiembre.<\/span><\/p>\n<p>Guti\u00e9rrez ha estado acompa\u00f1ada del responsable del servicio,\u00a0<b>Fernando Ayala<\/b>, quien ha incidido en que este programa pretende \u201ccontribuir a la recuperaci\u00f3n de una memoria silenciada, acercando a la ciudadan\u00eda las historias, trayectorias y aportaciones de quienes sufrieron el desarraigo, pero tambi\u00e9n el enorme legado cultural, cient\u00edfico, pol\u00edtico y humano que dejaron\u201d.<\/p>\n<p>Ayala ha subrayado adem\u00e1s una de las l\u00edneas de trabajo que el Servicio de Memoria Hist\u00f3rica y Democr\u00e1tica ha comenzado a reforzar en los \u00faltimos a\u00f1os:\u00a0<b>la implicaci\u00f3n de la gente joven<\/b>. \u201cUno de los empe\u00f1os que sobrevuela todo el programa de Tiempo Negro es la actuaci\u00f3n con la gente joven\u201d, ha explicado.<\/p>\n<p>En este sentido, ha recordado la intensa colaboraci\u00f3n que se mantiene con la Universidad de Extremadura y con los institutos de la provincia. \u201cEstamos acudiendo much\u00edsimo a la universidad, a los institutos; esta misma semana acudir\u00e9 a otro centro de la provincia, a la vez que cada vez m\u00e1s est\u00e1n viniendo estudiantes a nuestras instalaciones para desarrollar aqu\u00ed sus actividades\u201d.<\/p>\n<p>En la presentaci\u00f3n han participado tambi\u00e9n algunos de los colaboradores en Tiempo Negro, como el presidente de la Asociaci\u00f3n de Amigos del Flamenco de Extremadura,\u00a0<b>Jos\u00e9 Chaves<\/b>; el comisario de la exposici\u00f3n \u201cMemoria y cenizas\u201d,\u00a0<b>Javier Remedios<\/b>; el director de la obra de teatro \u201cQue en Espa\u00f1a empieza a amanecer\u201d,\u00a0<b>Juan Sa\u00fal Salom\u00f3n<\/b>, y el comisario de la exposici\u00f3n bibliogr\u00e1fica \u201cEscritores, cient\u00edficos y pol\u00edticos extreme\u00f1os en el exilio\u201d,\u00a0<b>Mario Mart\u00edn Gij\u00f3n<\/b>.<\/p>\n<p><b>Conferencias para analizar el exilio desde el rigor hist\u00f3rico<\/b><\/p>\n<p>Uno de los ejes fundamentales del ciclo ser\u00e1 el programa de conferencias, que se celebrar\u00e1 en el sal\u00f3n de actos del edificio de Pintores, 10, los d\u00edas 9, 16 y 29 de abril y el 14 de mayo.<\/p>\n<p><span lang=\"es-ES\">El<\/span><span lang=\"es-ES\">\u00a0objetivo,\u00a0<\/span><span lang=\"es-ES\">como ha explicado Fernando Ayala,<\/span><span lang=\"es-ES\">\u00a0<\/span><span lang=\"es-ES\">es<\/span><span lang=\"es-ES\">\u00a0ofrecer una mirada rigurosa y cient\u00edfica sobre el exilio espa\u00f1ol vinculado a la Guerra Civil y la dictadura, abordando tanto sus consecuencias demogr\u00e1ficas y socioecon\u00f3micas como las experiencias personales de quienes tuvieron que abandonar su tierra,\u00a0<\/span><span lang=\"es-ES\">con la participaci\u00f3n de expertos como\u00a0<\/span><span lang=\"es-ES\"><b>Encarnaci\u00f3n Lemus L\u00f3pez<\/b><\/span><span lang=\"es-ES\">, de la Universidad de Huelva;<\/span><span lang=\"es-ES\"><b>\u00a0Juli\u00e1n Chaves Palacio<\/b><\/span><span lang=\"es-ES\">, Universidad de Extremadura;\u00a0<\/span><span lang=\"es-ES\"><b>Mar\u00eda del Carmen Fern\u00e1ndez Alb\u00e9niz<\/b><\/span><span lang=\"es-ES\">\u00a0y\u00a0<\/span><span lang=\"es-ES\"><b>Leandro \u00c1lvarez Rey<\/b><\/span><span lang=\"es-ES\">, ambos de la Universidad de Sevilla.<\/span><\/p>\n<p><b>Flamenco y memoria con Manuel Gerena<\/b><\/p>\n<p>El ciclo incluir\u00e1 tambi\u00e9n la actuaci\u00f3n \u201cUn cantaor para la Memoria\u201d, protagonizada por Manuel Gerena, figura esencial del flamenco comprometido.<\/p>\n<p><span lang=\"es-ES\">Jos\u00e9 Chaves ha se\u00f1alado que Gerena \u201crepresenta como nadie la voz del compromiso, de la paz, del trabajo y de la libertad\u201d. Su trayectoria art\u00edstica\u00a0<\/span><span lang=\"es-ES\">ha estado<\/span><span lang=\"es-ES\">\u00a0marcada por la denuncia de la injusticia social y pol\u00edtica, convirtiendo el flamenco en una herramienta de reivindicaci\u00f3n y memoria.<\/span><\/p>\n<p><span lang=\"es-ES\">A lo largo de su carrera, Manuel Gerena\u00a0<\/span><span lang=\"es-ES\">ha mantenido<\/span><span lang=\"es-ES\">\u00a0relaci\u00f3n con destacados intelectuales y creadores como Rafael Alberti, Blas de Otero, Jos\u00e9 Manuel Caballero Bonald, Jos\u00e9 Antonio Labordeta o Paco Ib\u00e1\u00f1ez, \u201clo que da muestra de la relevancia cultural de su propuesta\u201d.<\/span><\/p>\n<p>\u201c<b>Ya sabemos lo que son las guerras: matarse los pobres para que los ricos sigan siendo ricos\u201d<\/b><\/p>\n<p><span lang=\"es-ES\">Esta es la frase que pronuncia el Se\u00f1or Faustino, uno de los protagonistas de la obra\u00a0<\/span><span lang=\"es-ES\"><b>\u201cQue en Espa\u00f1a empieza a amanecer\u201d<\/b><\/span><span lang=\"es-ES\">, dirigida por Juan Sa\u00fal Salom\u00f3n y basada en el drama de\u00a0<\/span><span lang=\"es-ES\"><b>Ceferino R. Avecilla<\/b><\/span><span lang=\"es-ES\">, y que se pondr\u00e1 en escena dentro del programa de Tiempo Negro, el s\u00e1bado 23 de mayo en el Complejo Cultural San Francisco.<\/span><\/p>\n<p>La obra parte de la edici\u00f3n publicada recientemente por el Servicio de Publicaciones de la Universidad de Extremadura, con estudio introductorio y notas de\u00a0<b>Manuel Aznar Soler<\/b>, catedr\u00e1tico de Literatura de la Universitat Aut\u00f2noma de Barcelona.<\/p>\n<p>Juan Sa\u00fal Salom\u00f3n ha explicado que esta propuesta esc\u00e9nica pretende \u201crecuperar una obra fundamental y acercarla al p\u00fablico actual desde una puesta en escena contempor\u00e1nea, manteniendo intacto su valor testimonial y humano\u201d.<\/p>\n<p>\u201c<b>Escritores, cient\u00edficos y pol\u00edticos extreme\u00f1os en el exilio\u201d<\/b><\/p>\n<p>Este es el t\u00edtulo de la exposici\u00f3n bibliogr\u00e1fica comisariada por Mario Mart\u00edn Gij\u00f3n.<\/p>\n<p>La muestra reunir\u00e1 la trayectoria de once personas exiliadas, diez de ellas nacidas en Extremadura y una vinculada a la regi\u00f3n por haber sido diputada por Badajoz. Entre las figuras presentes se encuentran escritores como\u00a0<b>Arturo Barea y Enrique D\u00edez Canedo<\/b>; pol\u00edticos como\u00a0<b>Margarita Nelken, Juan Sime\u00f3n Vidarte o Valent\u00edn Gonz\u00e1lez \u201cEl Campesino\u201d<\/b>; cient\u00edficos como\u00a0<b>Francisco Vera<\/b>, y profesoras y traductoras como\u00a0<b>Jacinta Viqueira Landa<\/b>\u00a0o\u00a0<b>Carmen Mu\u00f1oz Manzano<\/b>.<\/p>\n<p>Mario Mart\u00edn Gij\u00f3n ha destacado que esta exposici\u00f3n \u201cpermite tomar conciencia de la enorme p\u00e9rdida humana, cultural y cient\u00edfica que supuso el destierro de tantas personas extreme\u00f1as\u201d.<\/p>\n<p>\u201c<b>Memorias y cenizas\u201d<\/b><\/p>\n<p>La tercera edici\u00f3n de \u201cTiempo Negro\u201d culminar\u00e1 con \u201cMemoria y cenizas\u201d, un proyecto expositivo del artista\u00a0<b>Jos\u00e9 Manuel Ciria<\/b>, comisariado por Javier Remedios, que podr\u00e1 visitarse en distintos puntos de C\u00e1ceres a partir del 12 de junio.<\/p>\n<p>La exposici\u00f3n propone una reflexi\u00f3n visual sobre la memoria colectiva a trav\u00e9s del lenguaje del arte abstracto contempor\u00e1neo. Para ello, se desplegar\u00e1 en distintos espacios urbanos de la ciudad mediante pinturas, esculturas, instalaciones y performances, muchas de ellas realizadas in situ.<\/p>\n<p>Javier Remedios ha explicado que la muestra utiliza de forma simb\u00f3lica los colores rojo -sangre-, negro -ausencia y luto-, gris -traumas- y blanco -esperanza-, para construir un relato sobre la violencia, la ausencia, la incertidumbre y la reconstrucci\u00f3n. Adem\u00e1s, incorpora talleres y acciones colectivas para implicar a la ciudadan\u00eda en el proceso creativo.<\/p>\n<p><span lang=\"es-ES\">Durante la presentaci\u00f3n se ha anunciado que la gala de entrega de los\u00a0<\/span><span lang=\"es-ES\"><b>III Premios Conchita Viera<\/b><\/span><span lang=\"es-ES\">\u00a0se celebrar\u00e1 el pr\u00f3ximo 21 de mayo\u00a0<\/span><span lang=\"es-ES\">en el Auditorio del Complejo Cultural San Francisco de C\u00e1ceres<\/span><span lang=\"es-ES\">.\u00a0<\/span><span lang=\"es-ES\">Est<\/span><span lang=\"es-ES\">a misma semana se reunir\u00e1 el jurado para comenzar a valorar las candidaturas presentadas.<\/span><\/p>\n<p><a href=\"https:\/\/www.psoecaceres.com\/es\/wp-content\/uploads\/2026\/04\/Tiempo-Negro-diptico.jpg\"><img loading=\"lazy\" decoding=\"async\" class=\"size-large wp-image-76460 alignleft\" src=\"https:\/\/www.psoecaceres.com\/es\/wp-content\/uploads\/2026\/04\/Tiempo-Negro-diptico-655x1024.jpg\" alt=\"\" width=\"655\" height=\"1024\" \/><\/a><\/p>\n","protected":false},"excerpt":{"rendered":"<p>La vicepresidenta presenta este programa de Memoria Hist\u00f3rica y Democr\u00e1tica, que contempla conferencias, concierto, exposiciones y teatro, del 9 de abril al 30 de septiembre. Adem\u00e1s, el 21 de mayo ser\u00e1 la gala de entrega de los Premios Conchita Viera. \u201cEn estos tiempos en los que vemos c\u00f3mo est\u00e1n triunfando autoritarismos en manos de aut\u00f3cratas [&hellip;]<\/p>\n","protected":false},"author":3,"featured_media":76454,"comment_status":"open","ping_status":"open","sticky":false,"template":"","format":"standard","meta":{"_et_pb_use_builder":"","_et_pb_old_content":"","_et_gb_content_width":"","footnotes":""},"categories":[21,226,152,246],"tags":[151],"class_list":["post-76453","post","type-post","status-publish","format-standard","has-post-thumbnail","hentry","category-actualidad","category-diputacion","category-historia-socialista","category-noticias","tag-destacada"],"yoast_head":"<!-- This site is optimized with the Yoast SEO plugin v26.7 - https:\/\/yoast.com\/wordpress\/plugins\/seo\/ -->\n<title>Diputaci\u00f3n de C\u00e1ceres reivindica la memoria del exilio frente al olvido en la tercera edici\u00f3n de \u201cTiempo Negro\u201d - PSOE provincia de C\u00e1ceres<\/title>\n<meta name=\"robots\" content=\"index, follow, max-snippet:-1, max-image-preview:large, max-video-preview:-1\" \/>\n<link rel=\"canonical\" href=\"https:\/\/www.psoecaceres.com\/es\/actualidad\/diputacion-de-caceres-reivindica-la-memoria-del-exilio-frente-al-olvido-en-la-tercera-edicion-de-tiempo-negro\/\" \/>\n<meta property=\"og:locale\" content=\"es_ES\" \/>\n<meta property=\"og:type\" content=\"article\" \/>\n<meta property=\"og:title\" content=\"Diputaci\u00f3n de C\u00e1ceres reivindica la memoria del exilio frente al olvido en la tercera edici\u00f3n de \u201cTiempo Negro\u201d - PSOE provincia de C\u00e1ceres\" \/>\n<meta property=\"og:description\" content=\"La vicepresidenta presenta este programa de Memoria Hist\u00f3rica y Democr\u00e1tica, que contempla conferencias, concierto, exposiciones y teatro, del 9 de abril al 30 de septiembre. Adem\u00e1s, el 21 de mayo ser\u00e1 la gala de entrega de los Premios Conchita Viera. \u201cEn estos tiempos en los que vemos c\u00f3mo est\u00e1n triunfando autoritarismos en manos de aut\u00f3cratas [&hellip;]\" \/>\n<meta property=\"og:url\" content=\"https:\/\/www.psoecaceres.com\/es\/actualidad\/diputacion-de-caceres-reivindica-la-memoria-del-exilio-frente-al-olvido-en-la-tercera-edicion-de-tiempo-negro\/\" \/>\n<meta property=\"og:site_name\" content=\"PSOE provincia de C\u00e1ceres\" \/>\n<meta property=\"article:publisher\" content=\"https:\/\/www.facebook.com\/psoecaceres\" \/>\n<meta property=\"article:published_time\" content=\"2026-04-07T06:58:02+00:00\" \/>\n<meta property=\"article:modified_time\" content=\"2026-04-07T07:05:09+00:00\" \/>\n<meta property=\"og:image\" content=\"https:\/\/www.psoecaceres.com\/es\/wp-content\/uploads\/2026\/04\/tiempo-negro-esther-ayala.jpg\" \/>\n\t<meta property=\"og:image:width\" content=\"1772\" \/>\n\t<meta property=\"og:image:height\" content=\"1181\" \/>\n\t<meta property=\"og:image:type\" content=\"image\/jpeg\" \/>\n<meta name=\"author\" content=\"PSOE\" \/>\n<meta name=\"twitter:card\" content=\"summary_large_image\" \/>\n<meta name=\"twitter:creator\" content=\"@PSOEC\" \/>\n<meta name=\"twitter:site\" content=\"@PSOEC\" \/>\n<meta name=\"twitter:label1\" content=\"Escrito por\" \/>\n\t<meta name=\"twitter:data1\" content=\"PSOE\" \/>\n\t<meta name=\"twitter:label2\" content=\"Tiempo de lectura\" \/>\n\t<meta name=\"twitter:data2\" content=\"6 minutos\" \/>\n<script type=\"application\/ld+json\" class=\"yoast-schema-graph\">{\"@context\":\"https:\/\/schema.org\",\"@graph\":[{\"@type\":\"Article\",\"@id\":\"https:\/\/www.psoecaceres.com\/es\/actualidad\/diputacion-de-caceres-reivindica-la-memoria-del-exilio-frente-al-olvido-en-la-tercera-edicion-de-tiempo-negro\/#article\",\"isPartOf\":{\"@id\":\"https:\/\/www.psoecaceres.com\/es\/actualidad\/diputacion-de-caceres-reivindica-la-memoria-del-exilio-frente-al-olvido-en-la-tercera-edicion-de-tiempo-negro\/\"},\"author\":{\"name\":\"PSOE\",\"@id\":\"https:\/\/www.psoecaceres.com\/es\/#\/schema\/person\/f39f54f038cc2ed62af85f6d76c466a9\"},\"headline\":\"Diputaci\u00f3n de C\u00e1ceres reivindica la memoria del exilio frente al olvido en la tercera edici\u00f3n de \u201cTiempo Negro\u201d\",\"datePublished\":\"2026-04-07T06:58:02+00:00\",\"dateModified\":\"2026-04-07T07:05:09+00:00\",\"mainEntityOfPage\":{\"@id\":\"https:\/\/www.psoecaceres.com\/es\/actualidad\/diputacion-de-caceres-reivindica-la-memoria-del-exilio-frente-al-olvido-en-la-tercera-edicion-de-tiempo-negro\/\"},\"wordCount\":1269,\"commentCount\":0,\"publisher\":{\"@id\":\"https:\/\/www.psoecaceres.com\/es\/#organization\"},\"image\":{\"@id\":\"https:\/\/www.psoecaceres.com\/es\/actualidad\/diputacion-de-caceres-reivindica-la-memoria-del-exilio-frente-al-olvido-en-la-tercera-edicion-de-tiempo-negro\/#primaryimage\"},\"thumbnailUrl\":\"https:\/\/www.psoecaceres.com\/es\/wp-content\/uploads\/2026\/04\/tiempo-negro-esther-ayala.jpg\",\"keywords\":[\"destacada\"],\"articleSection\":[\"Actualidad\",\"Diputaci\u00f3n\",\"Historia Socialista\",\"Noticias\"],\"inLanguage\":\"es\",\"potentialAction\":[{\"@type\":\"CommentAction\",\"name\":\"Comment\",\"target\":[\"https:\/\/www.psoecaceres.com\/es\/actualidad\/diputacion-de-caceres-reivindica-la-memoria-del-exilio-frente-al-olvido-en-la-tercera-edicion-de-tiempo-negro\/#respond\"]}]},{\"@type\":\"WebPage\",\"@id\":\"https:\/\/www.psoecaceres.com\/es\/actualidad\/diputacion-de-caceres-reivindica-la-memoria-del-exilio-frente-al-olvido-en-la-tercera-edicion-de-tiempo-negro\/\",\"url\":\"https:\/\/www.psoecaceres.com\/es\/actualidad\/diputacion-de-caceres-reivindica-la-memoria-del-exilio-frente-al-olvido-en-la-tercera-edicion-de-tiempo-negro\/\",\"name\":\"Diputaci\u00f3n de C\u00e1ceres reivindica la memoria del exilio frente al olvido en la tercera edici\u00f3n de \u201cTiempo Negro\u201d - PSOE provincia de C\u00e1ceres\",\"isPartOf\":{\"@id\":\"https:\/\/www.psoecaceres.com\/es\/#website\"},\"primaryImageOfPage\":{\"@id\":\"https:\/\/www.psoecaceres.com\/es\/actualidad\/diputacion-de-caceres-reivindica-la-memoria-del-exilio-frente-al-olvido-en-la-tercera-edicion-de-tiempo-negro\/#primaryimage\"},\"image\":{\"@id\":\"https:\/\/www.psoecaceres.com\/es\/actualidad\/diputacion-de-caceres-reivindica-la-memoria-del-exilio-frente-al-olvido-en-la-tercera-edicion-de-tiempo-negro\/#primaryimage\"},\"thumbnailUrl\":\"https:\/\/www.psoecaceres.com\/es\/wp-content\/uploads\/2026\/04\/tiempo-negro-esther-ayala.jpg\",\"datePublished\":\"2026-04-07T06:58:02+00:00\",\"dateModified\":\"2026-04-07T07:05:09+00:00\",\"breadcrumb\":{\"@id\":\"https:\/\/www.psoecaceres.com\/es\/actualidad\/diputacion-de-caceres-reivindica-la-memoria-del-exilio-frente-al-olvido-en-la-tercera-edicion-de-tiempo-negro\/#breadcrumb\"},\"inLanguage\":\"es\",\"potentialAction\":[{\"@type\":\"ReadAction\",\"target\":[\"https:\/\/www.psoecaceres.com\/es\/actualidad\/diputacion-de-caceres-reivindica-la-memoria-del-exilio-frente-al-olvido-en-la-tercera-edicion-de-tiempo-negro\/\"]}]},{\"@type\":\"ImageObject\",\"inLanguage\":\"es\",\"@id\":\"https:\/\/www.psoecaceres.com\/es\/actualidad\/diputacion-de-caceres-reivindica-la-memoria-del-exilio-frente-al-olvido-en-la-tercera-edicion-de-tiempo-negro\/#primaryimage\",\"url\":\"https:\/\/www.psoecaceres.com\/es\/wp-content\/uploads\/2026\/04\/tiempo-negro-esther-ayala.jpg\",\"contentUrl\":\"https:\/\/www.psoecaceres.com\/es\/wp-content\/uploads\/2026\/04\/tiempo-negro-esther-ayala.jpg\",\"width\":1772,\"height\":1181},{\"@type\":\"BreadcrumbList\",\"@id\":\"https:\/\/www.psoecaceres.com\/es\/actualidad\/diputacion-de-caceres-reivindica-la-memoria-del-exilio-frente-al-olvido-en-la-tercera-edicion-de-tiempo-negro\/#breadcrumb\",\"itemListElement\":[{\"@type\":\"ListItem\",\"position\":1,\"name\":\"Portada\",\"item\":\"https:\/\/www.psoecaceres.com\/es\/\"},{\"@type\":\"ListItem\",\"position\":2,\"name\":\"Diputaci\u00f3n de C\u00e1ceres reivindica la memoria del exilio frente al olvido en la tercera edici\u00f3n de \u201cTiempo Negro\u201d\"}]},{\"@type\":\"WebSite\",\"@id\":\"https:\/\/www.psoecaceres.com\/es\/#website\",\"url\":\"https:\/\/www.psoecaceres.com\/es\/\",\"name\":\"PSOE provincia de C\u00e1ceres\",\"description\":\"Pasi\u00f3n por Nuestros Pueblos\",\"publisher\":{\"@id\":\"https:\/\/www.psoecaceres.com\/es\/#organization\"},\"alternateName\":\"PSOE Caceres\",\"potentialAction\":[{\"@type\":\"SearchAction\",\"target\":{\"@type\":\"EntryPoint\",\"urlTemplate\":\"https:\/\/www.psoecaceres.com\/es\/?s={search_term_string}\"},\"query-input\":{\"@type\":\"PropertyValueSpecification\",\"valueRequired\":true,\"valueName\":\"search_term_string\"}}],\"inLanguage\":\"es\"},{\"@type\":\"Organization\",\"@id\":\"https:\/\/www.psoecaceres.com\/es\/#organization\",\"name\":\"Psoe C\u00e1ceres\",\"alternateName\":\"PSOE Caceres\",\"url\":\"https:\/\/www.psoecaceres.com\/es\/\",\"logo\":{\"@type\":\"ImageObject\",\"inLanguage\":\"es\",\"@id\":\"https:\/\/www.psoecaceres.com\/es\/#\/schema\/logo\/image\/\",\"url\":\"https:\/\/www.psoecaceres.com\/es\/wp-content\/uploads\/2020\/08\/logo-psoe-caceres-web-2020.png\",\"contentUrl\":\"https:\/\/www.psoecaceres.com\/es\/wp-content\/uploads\/2020\/08\/logo-psoe-caceres-web-2020.png\",\"width\":180,\"height\":105,\"caption\":\"Psoe C\u00e1ceres\"},\"image\":{\"@id\":\"https:\/\/www.psoecaceres.com\/es\/#\/schema\/logo\/image\/\"},\"sameAs\":[\"https:\/\/www.facebook.com\/psoecaceres\",\"https:\/\/x.com\/PSOEC\"]},{\"@type\":\"Person\",\"@id\":\"https:\/\/www.psoecaceres.com\/es\/#\/schema\/person\/f39f54f038cc2ed62af85f6d76c466a9\",\"name\":\"PSOE\",\"url\":\"https:\/\/www.psoecaceres.com\/es\/author\/ivar\/\"}]}<\/script>\n<!-- \/ Yoast SEO plugin. -->","yoast_head_json":{"title":"Diputaci\u00f3n de C\u00e1ceres reivindica la memoria del exilio frente al olvido en la tercera edici\u00f3n de \u201cTiempo Negro\u201d - PSOE provincia de C\u00e1ceres","robots":{"index":"index","follow":"follow","max-snippet":"max-snippet:-1","max-image-preview":"max-image-preview:large","max-video-preview":"max-video-preview:-1"},"canonical":"https:\/\/www.psoecaceres.com\/es\/actualidad\/diputacion-de-caceres-reivindica-la-memoria-del-exilio-frente-al-olvido-en-la-tercera-edicion-de-tiempo-negro\/","og_locale":"es_ES","og_type":"article","og_title":"Diputaci\u00f3n de C\u00e1ceres reivindica la memoria del exilio frente al olvido en la tercera edici\u00f3n de \u201cTiempo Negro\u201d - PSOE provincia de C\u00e1ceres","og_description":"La vicepresidenta presenta este programa de Memoria Hist\u00f3rica y Democr\u00e1tica, que contempla conferencias, concierto, exposiciones y teatro, del 9 de abril al 30 de septiembre. Adem\u00e1s, el 21 de mayo ser\u00e1 la gala de entrega de los Premios Conchita Viera. \u201cEn estos tiempos en los que vemos c\u00f3mo est\u00e1n triunfando autoritarismos en manos de aut\u00f3cratas [&hellip;]","og_url":"https:\/\/www.psoecaceres.com\/es\/actualidad\/diputacion-de-caceres-reivindica-la-memoria-del-exilio-frente-al-olvido-en-la-tercera-edicion-de-tiempo-negro\/","og_site_name":"PSOE provincia de C\u00e1ceres","article_publisher":"https:\/\/www.facebook.com\/psoecaceres","article_published_time":"2026-04-07T06:58:02+00:00","article_modified_time":"2026-04-07T07:05:09+00:00","og_image":[{"width":1772,"height":1181,"url":"https:\/\/www.psoecaceres.com\/es\/wp-content\/uploads\/2026\/04\/tiempo-negro-esther-ayala.jpg","type":"image\/jpeg"}],"author":"PSOE","twitter_card":"summary_large_image","twitter_creator":"@PSOEC","twitter_site":"@PSOEC","twitter_misc":{"Escrito por":"PSOE","Tiempo de lectura":"6 minutos"},"schema":{"@context":"https:\/\/schema.org","@graph":[{"@type":"Article","@id":"https:\/\/www.psoecaceres.com\/es\/actualidad\/diputacion-de-caceres-reivindica-la-memoria-del-exilio-frente-al-olvido-en-la-tercera-edicion-de-tiempo-negro\/#article","isPartOf":{"@id":"https:\/\/www.psoecaceres.com\/es\/actualidad\/diputacion-de-caceres-reivindica-la-memoria-del-exilio-frente-al-olvido-en-la-tercera-edicion-de-tiempo-negro\/"},"author":{"name":"PSOE","@id":"https:\/\/www.psoecaceres.com\/es\/#\/schema\/person\/f39f54f038cc2ed62af85f6d76c466a9"},"headline":"Diputaci\u00f3n de C\u00e1ceres reivindica la memoria del exilio frente al olvido en la tercera edici\u00f3n de \u201cTiempo Negro\u201d","datePublished":"2026-04-07T06:58:02+00:00","dateModified":"2026-04-07T07:05:09+00:00","mainEntityOfPage":{"@id":"https:\/\/www.psoecaceres.com\/es\/actualidad\/diputacion-de-caceres-reivindica-la-memoria-del-exilio-frente-al-olvido-en-la-tercera-edicion-de-tiempo-negro\/"},"wordCount":1269,"commentCount":0,"publisher":{"@id":"https:\/\/www.psoecaceres.com\/es\/#organization"},"image":{"@id":"https:\/\/www.psoecaceres.com\/es\/actualidad\/diputacion-de-caceres-reivindica-la-memoria-del-exilio-frente-al-olvido-en-la-tercera-edicion-de-tiempo-negro\/#primaryimage"},"thumbnailUrl":"https:\/\/www.psoecaceres.com\/es\/wp-content\/uploads\/2026\/04\/tiempo-negro-esther-ayala.jpg","keywords":["destacada"],"articleSection":["Actualidad","Diputaci\u00f3n","Historia Socialista","Noticias"],"inLanguage":"es","potentialAction":[{"@type":"CommentAction","name":"Comment","target":["https:\/\/www.psoecaceres.com\/es\/actualidad\/diputacion-de-caceres-reivindica-la-memoria-del-exilio-frente-al-olvido-en-la-tercera-edicion-de-tiempo-negro\/#respond"]}]},{"@type":"WebPage","@id":"https:\/\/www.psoecaceres.com\/es\/actualidad\/diputacion-de-caceres-reivindica-la-memoria-del-exilio-frente-al-olvido-en-la-tercera-edicion-de-tiempo-negro\/","url":"https:\/\/www.psoecaceres.com\/es\/actualidad\/diputacion-de-caceres-reivindica-la-memoria-del-exilio-frente-al-olvido-en-la-tercera-edicion-de-tiempo-negro\/","name":"Diputaci\u00f3n de C\u00e1ceres reivindica la memoria del exilio frente al olvido en la tercera edici\u00f3n de \u201cTiempo Negro\u201d - PSOE provincia de C\u00e1ceres","isPartOf":{"@id":"https:\/\/www.psoecaceres.com\/es\/#website"},"primaryImageOfPage":{"@id":"https:\/\/www.psoecaceres.com\/es\/actualidad\/diputacion-de-caceres-reivindica-la-memoria-del-exilio-frente-al-olvido-en-la-tercera-edicion-de-tiempo-negro\/#primaryimage"},"image":{"@id":"https:\/\/www.psoecaceres.com\/es\/actualidad\/diputacion-de-caceres-reivindica-la-memoria-del-exilio-frente-al-olvido-en-la-tercera-edicion-de-tiempo-negro\/#primaryimage"},"thumbnailUrl":"https:\/\/www.psoecaceres.com\/es\/wp-content\/uploads\/2026\/04\/tiempo-negro-esther-ayala.jpg","datePublished":"2026-04-07T06:58:02+00:00","dateModified":"2026-04-07T07:05:09+00:00","breadcrumb":{"@id":"https:\/\/www.psoecaceres.com\/es\/actualidad\/diputacion-de-caceres-reivindica-la-memoria-del-exilio-frente-al-olvido-en-la-tercera-edicion-de-tiempo-negro\/#breadcrumb"},"inLanguage":"es","potentialAction":[{"@type":"ReadAction","target":["https:\/\/www.psoecaceres.com\/es\/actualidad\/diputacion-de-caceres-reivindica-la-memoria-del-exilio-frente-al-olvido-en-la-tercera-edicion-de-tiempo-negro\/"]}]},{"@type":"ImageObject","inLanguage":"es","@id":"https:\/\/www.psoecaceres.com\/es\/actualidad\/diputacion-de-caceres-reivindica-la-memoria-del-exilio-frente-al-olvido-en-la-tercera-edicion-de-tiempo-negro\/#primaryimage","url":"https:\/\/www.psoecaceres.com\/es\/wp-content\/uploads\/2026\/04\/tiempo-negro-esther-ayala.jpg","contentUrl":"https:\/\/www.psoecaceres.com\/es\/wp-content\/uploads\/2026\/04\/tiempo-negro-esther-ayala.jpg","width":1772,"height":1181},{"@type":"BreadcrumbList","@id":"https:\/\/www.psoecaceres.com\/es\/actualidad\/diputacion-de-caceres-reivindica-la-memoria-del-exilio-frente-al-olvido-en-la-tercera-edicion-de-tiempo-negro\/#breadcrumb","itemListElement":[{"@type":"ListItem","position":1,"name":"Portada","item":"https:\/\/www.psoecaceres.com\/es\/"},{"@type":"ListItem","position":2,"name":"Diputaci\u00f3n de C\u00e1ceres reivindica la memoria del exilio frente al olvido en la tercera edici\u00f3n de \u201cTiempo Negro\u201d"}]},{"@type":"WebSite","@id":"https:\/\/www.psoecaceres.com\/es\/#website","url":"https:\/\/www.psoecaceres.com\/es\/","name":"PSOE provincia de C\u00e1ceres","description":"Pasi\u00f3n por Nuestros Pueblos","publisher":{"@id":"https:\/\/www.psoecaceres.com\/es\/#organization"},"alternateName":"PSOE Caceres","potentialAction":[{"@type":"SearchAction","target":{"@type":"EntryPoint","urlTemplate":"https:\/\/www.psoecaceres.com\/es\/?s={search_term_string}"},"query-input":{"@type":"PropertyValueSpecification","valueRequired":true,"valueName":"search_term_string"}}],"inLanguage":"es"},{"@type":"Organization","@id":"https:\/\/www.psoecaceres.com\/es\/#organization","name":"Psoe C\u00e1ceres","alternateName":"PSOE Caceres","url":"https:\/\/www.psoecaceres.com\/es\/","logo":{"@type":"ImageObject","inLanguage":"es","@id":"https:\/\/www.psoecaceres.com\/es\/#\/schema\/logo\/image\/","url":"https:\/\/www.psoecaceres.com\/es\/wp-content\/uploads\/2020\/08\/logo-psoe-caceres-web-2020.png","contentUrl":"https:\/\/www.psoecaceres.com\/es\/wp-content\/uploads\/2020\/08\/logo-psoe-caceres-web-2020.png","width":180,"height":105,"caption":"Psoe C\u00e1ceres"},"image":{"@id":"https:\/\/www.psoecaceres.com\/es\/#\/schema\/logo\/image\/"},"sameAs":["https:\/\/www.facebook.com\/psoecaceres","https:\/\/x.com\/PSOEC"]},{"@type":"Person","@id":"https:\/\/www.psoecaceres.com\/es\/#\/schema\/person\/f39f54f038cc2ed62af85f6d76c466a9","name":"PSOE","url":"https:\/\/www.psoecaceres.com\/es\/author\/ivar\/"}]}},"_links":{"self":[{"href":"https:\/\/www.psoecaceres.com\/es\/wp-json\/wp\/v2\/posts\/76453","targetHints":{"allow":["GET"]}}],"collection":[{"href":"https:\/\/www.psoecaceres.com\/es\/wp-json\/wp\/v2\/posts"}],"about":[{"href":"https:\/\/www.psoecaceres.com\/es\/wp-json\/wp\/v2\/types\/post"}],"author":[{"embeddable":true,"href":"https:\/\/www.psoecaceres.com\/es\/wp-json\/wp\/v2\/users\/3"}],"replies":[{"embeddable":true,"href":"https:\/\/www.psoecaceres.com\/es\/wp-json\/wp\/v2\/comments?post=76453"}],"version-history":[{"count":2,"href":"https:\/\/www.psoecaceres.com\/es\/wp-json\/wp\/v2\/posts\/76453\/revisions"}],"predecessor-version":[{"id":76461,"href":"https:\/\/www.psoecaceres.com\/es\/wp-json\/wp\/v2\/posts\/76453\/revisions\/76461"}],"wp:featuredmedia":[{"embeddable":true,"href":"https:\/\/www.psoecaceres.com\/es\/wp-json\/wp\/v2\/media\/76454"}],"wp:attachment":[{"href":"https:\/\/www.psoecaceres.com\/es\/wp-json\/wp\/v2\/media?parent=76453"}],"wp:term":[{"taxonomy":"category","embeddable":true,"href":"https:\/\/www.psoecaceres.com\/es\/wp-json\/wp\/v2\/categories?post=76453"},{"taxonomy":"post_tag","embeddable":true,"href":"https:\/\/www.psoecaceres.com\/es\/wp-json\/wp\/v2\/tags?post=76453"}],"curies":[{"name":"wp","href":"https:\/\/api.w.org\/{rel}","templated":true}]}}