{"id":76667,"date":"2026-04-23T04:19:25","date_gmt":"2026-04-23T02:19:25","guid":{"rendered":"https:\/\/www.psoecaceres.com\/es\/?p=76667"},"modified":"2026-04-22T11:22:04","modified_gmt":"2026-04-22T09:22:04","slug":"el-psoe-de-plasencia-denuncia-el-colapso-del-ayuntamiento-por-72-vacantes-sin-cubrir","status":"publish","type":"post","link":"https:\/\/www.psoecaceres.com\/es\/actualidad\/el-psoe-de-plasencia-denuncia-el-colapso-del-ayuntamiento-por-72-vacantes-sin-cubrir\/","title":{"rendered":"El PSOE de Plasencia denuncia el colapso del Ayuntamiento por 72 vacantes sin cubrir"},"content":{"rendered":"<p><strong>El Grupo Municipal Socialista de Plasencia advierte del estado cr\u00edtico de la administraci\u00f3n local, que atraviesa un colapso generalizado derivado de la falta de personal estructural.<\/strong><\/p>\n<p>Lo que el alcalde, Fernando Pizarro, intenta presentar como un problema puntual de Tesorer\u00eda es, en realidad, consecuencia de una <strong>gesti\u00f3n negligente que mantiene 72 plazas vacantes sin cubrir<\/strong>. Una situaci\u00f3n que el concejal de Recursos Humanos, \u00c1lvaro Astasio, <strong>se niega a reconocer pese a las reiteradas denuncias del PSOE<\/strong>.<\/p>\n<h3>Un Ayuntamiento en \u201ccuidados intensivos\u201d<\/h3>\n<p>El PSOE denuncia que esta falta de personal est\u00e1 provocando una <strong>par\u00e1lisis real en servicios esenciales<\/strong> que afecta directamente a la ciudadan\u00eda:<\/p>\n<ul>\n<li><strong>Seguridad ciudadana bajo m\u00ednimos<\/strong>, con una Polic\u00eda Local incapaz de cubrir turnos b\u00e1sicos.<\/li>\n<li><strong>Obras y mantenimiento paralizados<\/strong>, agravando el deterioro urbano.<\/li>\n<li><strong>Colapso en la gesti\u00f3n econ\u00f3mica<\/strong>, con retrasos en pagos y acumulaci\u00f3n de deuda en suministros esenciales.<\/li>\n<li><strong>Riesgo de cortes el\u00e9ctricos<\/strong> en instalaciones municipales por impagos millonarios.<\/li>\n<\/ul>\n<h3>Una \u201ccortina de humo\u201d para ocultar la gesti\u00f3n<\/h3>\n<p>Desde el Grupo Socialista se\u00f1alan que los ataques del equipo de Gobierno a los t\u00e9cnicos municipales responden a una <strong>estrategia para desviar la atenci\u00f3n de su propia incapacidad<\/strong>.<\/p>\n<p>El retraso en los expedientes de pago, que se acumulan durante meses, no es responsabilidad del personal, sino de un <strong>sistema colapsado por la falta de planificaci\u00f3n y recursos humanos adecuados<\/strong>.<\/p>\n<h3>Tres medidas urgentes para rescatar el Ayuntamiento<\/h3>\n<p>El PSOE propone una <strong>reconstrucci\u00f3n integral de la administraci\u00f3n local<\/strong> basada en tres ejes:<\/p>\n<ol>\n<li><strong>Catalogaci\u00f3n inmediata de la plantilla<\/strong> para definir necesidades reales.<\/li>\n<li><strong>Cobertura urgente de las 72 vacantes<\/strong>, especialmente en Polic\u00eda, Obras e Intervenci\u00f3n.<\/li>\n<li><strong>Implantaci\u00f3n de un protocolo de gesti\u00f3n eficiente<\/strong> que evite nuevos bloqueos administrativos.<\/li>\n<\/ol>\n<h3>\u201cNo se puede gobernar una ciudad por inercia\u201d<\/h3>\n<p>El PSOE advierte de que, sin una actuaci\u00f3n inmediata, la situaci\u00f3n puede derivar en un <strong>deterioro irreversible de los servicios p\u00fablicos<\/strong>.<\/p>\n<p>\u201cLa soberbia pol\u00edtica del equipo de Gobierno est\u00e1 poniendo en riesgo el funcionamiento del Ayuntamiento. <strong>Plasencia necesita gesti\u00f3n, no excusas<\/strong>\u201d.<\/p>\n","protected":false},"excerpt":{"rendered":"<p>El Grupo Municipal Socialista de Plasencia advierte del estado cr\u00edtico de la administraci\u00f3n local, que atraviesa un colapso generalizado derivado de la falta de personal estructural. Lo que el alcalde, Fernando Pizarro, intenta presentar como un problema puntual de Tesorer\u00eda es, en realidad, consecuencia de una gesti\u00f3n negligente que mantiene 72 plazas vacantes sin cubrir. [&hellip;]<\/p>\n","protected":false},"author":3,"featured_media":76668,"comment_status":"open","ping_status":"open","sticky":false,"template":"","format":"standard","meta":{"_et_pb_use_builder":"","_et_pb_old_content":"","_et_gb_content_width":"","footnotes":""},"categories":[21,222,246],"tags":[151],"class_list":["post-76667","post","type-post","status-publish","format-standard","has-post-thumbnail","hentry","category-actualidad","category-municipio-a-municipio","category-noticias","tag-destacada"],"yoast_head":"<!-- This site is optimized with the Yoast SEO plugin v26.7 - https:\/\/yoast.com\/wordpress\/plugins\/seo\/ -->\n<title>El PSOE de Plasencia denuncia el colapso del Ayuntamiento por 72 vacantes sin cubrir - PSOE provincia de C\u00e1ceres<\/title>\n<meta name=\"robots\" content=\"index, follow, max-snippet:-1, max-image-preview:large, max-video-preview:-1\" \/>\n<link rel=\"canonical\" href=\"https:\/\/www.psoecaceres.com\/es\/actualidad\/el-psoe-de-plasencia-denuncia-el-colapso-del-ayuntamiento-por-72-vacantes-sin-cubrir\/\" \/>\n<meta property=\"og:locale\" content=\"es_ES\" \/>\n<meta property=\"og:type\" content=\"article\" \/>\n<meta property=\"og:title\" content=\"El PSOE de Plasencia denuncia el colapso del Ayuntamiento por 72 vacantes sin cubrir - PSOE provincia de C\u00e1ceres\" \/>\n<meta property=\"og:description\" content=\"El Grupo Municipal Socialista de Plasencia advierte del estado cr\u00edtico de la administraci\u00f3n local, que atraviesa un colapso generalizado derivado de la falta de personal estructural. Lo que el alcalde, Fernando Pizarro, intenta presentar como un problema puntual de Tesorer\u00eda es, en realidad, consecuencia de una gesti\u00f3n negligente que mantiene 72 plazas vacantes sin cubrir. [&hellip;]\" \/>\n<meta property=\"og:url\" content=\"https:\/\/www.psoecaceres.com\/es\/actualidad\/el-psoe-de-plasencia-denuncia-el-colapso-del-ayuntamiento-por-72-vacantes-sin-cubrir\/\" \/>\n<meta property=\"og:site_name\" content=\"PSOE provincia de C\u00e1ceres\" \/>\n<meta property=\"article:publisher\" content=\"https:\/\/www.facebook.com\/psoecaceres\" \/>\n<meta property=\"article:published_time\" content=\"2026-04-23T02:19:25+00:00\" \/>\n<meta property=\"og:image\" content=\"https:\/\/www.psoecaceres.com\/es\/wp-content\/uploads\/2026\/04\/Plasencia.jpeg\" \/>\n\t<meta property=\"og:image:width\" content=\"2560\" \/>\n\t<meta property=\"og:image:height\" content=\"1707\" \/>\n\t<meta property=\"og:image:type\" content=\"image\/jpeg\" \/>\n<meta name=\"author\" content=\"PSOE\" \/>\n<meta name=\"twitter:card\" content=\"summary_large_image\" \/>\n<meta name=\"twitter:creator\" content=\"@PSOEC\" \/>\n<meta name=\"twitter:site\" content=\"@PSOEC\" \/>\n<meta name=\"twitter:label1\" content=\"Escrito por\" \/>\n\t<meta name=\"twitter:data1\" content=\"PSOE\" \/>\n\t<meta name=\"twitter:label2\" content=\"Tiempo de lectura\" \/>\n\t<meta name=\"twitter:data2\" content=\"2 minutos\" \/>\n<script type=\"application\/ld+json\" class=\"yoast-schema-graph\">{\"@context\":\"https:\/\/schema.org\",\"@graph\":[{\"@type\":\"Article\",\"@id\":\"https:\/\/www.psoecaceres.com\/es\/actualidad\/el-psoe-de-plasencia-denuncia-el-colapso-del-ayuntamiento-por-72-vacantes-sin-cubrir\/#article\",\"isPartOf\":{\"@id\":\"https:\/\/www.psoecaceres.com\/es\/actualidad\/el-psoe-de-plasencia-denuncia-el-colapso-del-ayuntamiento-por-72-vacantes-sin-cubrir\/\"},\"author\":{\"name\":\"PSOE\",\"@id\":\"https:\/\/www.psoecaceres.com\/es\/#\/schema\/person\/f39f54f038cc2ed62af85f6d76c466a9\"},\"headline\":\"El PSOE de Plasencia denuncia el colapso del Ayuntamiento por 72 vacantes sin cubrir\",\"datePublished\":\"2026-04-23T02:19:25+00:00\",\"mainEntityOfPage\":{\"@id\":\"https:\/\/www.psoecaceres.com\/es\/actualidad\/el-psoe-de-plasencia-denuncia-el-colapso-del-ayuntamiento-por-72-vacantes-sin-cubrir\/\"},\"wordCount\":362,\"commentCount\":0,\"publisher\":{\"@id\":\"https:\/\/www.psoecaceres.com\/es\/#organization\"},\"image\":{\"@id\":\"https:\/\/www.psoecaceres.com\/es\/actualidad\/el-psoe-de-plasencia-denuncia-el-colapso-del-ayuntamiento-por-72-vacantes-sin-cubrir\/#primaryimage\"},\"thumbnailUrl\":\"https:\/\/www.psoecaceres.com\/es\/wp-content\/uploads\/2026\/04\/Plasencia.jpeg\",\"keywords\":[\"destacada\"],\"articleSection\":[\"Actualidad\",\"Municipio a Municipio\",\"Noticias\"],\"inLanguage\":\"es\",\"potentialAction\":[{\"@type\":\"CommentAction\",\"name\":\"Comment\",\"target\":[\"https:\/\/www.psoecaceres.com\/es\/actualidad\/el-psoe-de-plasencia-denuncia-el-colapso-del-ayuntamiento-por-72-vacantes-sin-cubrir\/#respond\"]}]},{\"@type\":\"WebPage\",\"@id\":\"https:\/\/www.psoecaceres.com\/es\/actualidad\/el-psoe-de-plasencia-denuncia-el-colapso-del-ayuntamiento-por-72-vacantes-sin-cubrir\/\",\"url\":\"https:\/\/www.psoecaceres.com\/es\/actualidad\/el-psoe-de-plasencia-denuncia-el-colapso-del-ayuntamiento-por-72-vacantes-sin-cubrir\/\",\"name\":\"El PSOE de Plasencia denuncia el colapso del Ayuntamiento por 72 vacantes sin cubrir - PSOE provincia de C\u00e1ceres\",\"isPartOf\":{\"@id\":\"https:\/\/www.psoecaceres.com\/es\/#website\"},\"primaryImageOfPage\":{\"@id\":\"https:\/\/www.psoecaceres.com\/es\/actualidad\/el-psoe-de-plasencia-denuncia-el-colapso-del-ayuntamiento-por-72-vacantes-sin-cubrir\/#primaryimage\"},\"image\":{\"@id\":\"https:\/\/www.psoecaceres.com\/es\/actualidad\/el-psoe-de-plasencia-denuncia-el-colapso-del-ayuntamiento-por-72-vacantes-sin-cubrir\/#primaryimage\"},\"thumbnailUrl\":\"https:\/\/www.psoecaceres.com\/es\/wp-content\/uploads\/2026\/04\/Plasencia.jpeg\",\"datePublished\":\"2026-04-23T02:19:25+00:00\",\"breadcrumb\":{\"@id\":\"https:\/\/www.psoecaceres.com\/es\/actualidad\/el-psoe-de-plasencia-denuncia-el-colapso-del-ayuntamiento-por-72-vacantes-sin-cubrir\/#breadcrumb\"},\"inLanguage\":\"es\",\"potentialAction\":[{\"@type\":\"ReadAction\",\"target\":[\"https:\/\/www.psoecaceres.com\/es\/actualidad\/el-psoe-de-plasencia-denuncia-el-colapso-del-ayuntamiento-por-72-vacantes-sin-cubrir\/\"]}]},{\"@type\":\"ImageObject\",\"inLanguage\":\"es\",\"@id\":\"https:\/\/www.psoecaceres.com\/es\/actualidad\/el-psoe-de-plasencia-denuncia-el-colapso-del-ayuntamiento-por-72-vacantes-sin-cubrir\/#primaryimage\",\"url\":\"https:\/\/www.psoecaceres.com\/es\/wp-content\/uploads\/2026\/04\/Plasencia.jpeg\",\"contentUrl\":\"https:\/\/www.psoecaceres.com\/es\/wp-content\/uploads\/2026\/04\/Plasencia.jpeg\",\"width\":2560,\"height\":1707},{\"@type\":\"BreadcrumbList\",\"@id\":\"https:\/\/www.psoecaceres.com\/es\/actualidad\/el-psoe-de-plasencia-denuncia-el-colapso-del-ayuntamiento-por-72-vacantes-sin-cubrir\/#breadcrumb\",\"itemListElement\":[{\"@type\":\"ListItem\",\"position\":1,\"name\":\"Portada\",\"item\":\"https:\/\/www.psoecaceres.com\/es\/\"},{\"@type\":\"ListItem\",\"position\":2,\"name\":\"El PSOE de Plasencia denuncia el colapso del Ayuntamiento por 72 vacantes sin cubrir\"}]},{\"@type\":\"WebSite\",\"@id\":\"https:\/\/www.psoecaceres.com\/es\/#website\",\"url\":\"https:\/\/www.psoecaceres.com\/es\/\",\"name\":\"PSOE provincia de C\u00e1ceres\",\"description\":\"Pasi\u00f3n por Nuestros Pueblos\",\"publisher\":{\"@id\":\"https:\/\/www.psoecaceres.com\/es\/#organization\"},\"alternateName\":\"PSOE Caceres\",\"potentialAction\":[{\"@type\":\"SearchAction\",\"target\":{\"@type\":\"EntryPoint\",\"urlTemplate\":\"https:\/\/www.psoecaceres.com\/es\/?s={search_term_string}\"},\"query-input\":{\"@type\":\"PropertyValueSpecification\",\"valueRequired\":true,\"valueName\":\"search_term_string\"}}],\"inLanguage\":\"es\"},{\"@type\":\"Organization\",\"@id\":\"https:\/\/www.psoecaceres.com\/es\/#organization\",\"name\":\"Psoe C\u00e1ceres\",\"alternateName\":\"PSOE Caceres\",\"url\":\"https:\/\/www.psoecaceres.com\/es\/\",\"logo\":{\"@type\":\"ImageObject\",\"inLanguage\":\"es\",\"@id\":\"https:\/\/www.psoecaceres.com\/es\/#\/schema\/logo\/image\/\",\"url\":\"https:\/\/www.psoecaceres.com\/es\/wp-content\/uploads\/2020\/08\/logo-psoe-caceres-web-2020.png\",\"contentUrl\":\"https:\/\/www.psoecaceres.com\/es\/wp-content\/uploads\/2020\/08\/logo-psoe-caceres-web-2020.png\",\"width\":180,\"height\":105,\"caption\":\"Psoe C\u00e1ceres\"},\"image\":{\"@id\":\"https:\/\/www.psoecaceres.com\/es\/#\/schema\/logo\/image\/\"},\"sameAs\":[\"https:\/\/www.facebook.com\/psoecaceres\",\"https:\/\/x.com\/PSOEC\"]},{\"@type\":\"Person\",\"@id\":\"https:\/\/www.psoecaceres.com\/es\/#\/schema\/person\/f39f54f038cc2ed62af85f6d76c466a9\",\"name\":\"PSOE\",\"url\":\"https:\/\/www.psoecaceres.com\/es\/author\/ivar\/\"}]}<\/script>\n<!-- \/ Yoast SEO plugin. -->","yoast_head_json":{"title":"El PSOE de Plasencia denuncia el colapso del Ayuntamiento por 72 vacantes sin cubrir - PSOE provincia de C\u00e1ceres","robots":{"index":"index","follow":"follow","max-snippet":"max-snippet:-1","max-image-preview":"max-image-preview:large","max-video-preview":"max-video-preview:-1"},"canonical":"https:\/\/www.psoecaceres.com\/es\/actualidad\/el-psoe-de-plasencia-denuncia-el-colapso-del-ayuntamiento-por-72-vacantes-sin-cubrir\/","og_locale":"es_ES","og_type":"article","og_title":"El PSOE de Plasencia denuncia el colapso del Ayuntamiento por 72 vacantes sin cubrir - PSOE provincia de C\u00e1ceres","og_description":"El Grupo Municipal Socialista de Plasencia advierte del estado cr\u00edtico de la administraci\u00f3n local, que atraviesa un colapso generalizado derivado de la falta de personal estructural. Lo que el alcalde, Fernando Pizarro, intenta presentar como un problema puntual de Tesorer\u00eda es, en realidad, consecuencia de una gesti\u00f3n negligente que mantiene 72 plazas vacantes sin cubrir. [&hellip;]","og_url":"https:\/\/www.psoecaceres.com\/es\/actualidad\/el-psoe-de-plasencia-denuncia-el-colapso-del-ayuntamiento-por-72-vacantes-sin-cubrir\/","og_site_name":"PSOE provincia de C\u00e1ceres","article_publisher":"https:\/\/www.facebook.com\/psoecaceres","article_published_time":"2026-04-23T02:19:25+00:00","og_image":[{"width":2560,"height":1707,"url":"https:\/\/www.psoecaceres.com\/es\/wp-content\/uploads\/2026\/04\/Plasencia.jpeg","type":"image\/jpeg"}],"author":"PSOE","twitter_card":"summary_large_image","twitter_creator":"@PSOEC","twitter_site":"@PSOEC","twitter_misc":{"Escrito por":"PSOE","Tiempo de lectura":"2 minutos"},"schema":{"@context":"https:\/\/schema.org","@graph":[{"@type":"Article","@id":"https:\/\/www.psoecaceres.com\/es\/actualidad\/el-psoe-de-plasencia-denuncia-el-colapso-del-ayuntamiento-por-72-vacantes-sin-cubrir\/#article","isPartOf":{"@id":"https:\/\/www.psoecaceres.com\/es\/actualidad\/el-psoe-de-plasencia-denuncia-el-colapso-del-ayuntamiento-por-72-vacantes-sin-cubrir\/"},"author":{"name":"PSOE","@id":"https:\/\/www.psoecaceres.com\/es\/#\/schema\/person\/f39f54f038cc2ed62af85f6d76c466a9"},"headline":"El PSOE de Plasencia denuncia el colapso del Ayuntamiento por 72 vacantes sin cubrir","datePublished":"2026-04-23T02:19:25+00:00","mainEntityOfPage":{"@id":"https:\/\/www.psoecaceres.com\/es\/actualidad\/el-psoe-de-plasencia-denuncia-el-colapso-del-ayuntamiento-por-72-vacantes-sin-cubrir\/"},"wordCount":362,"commentCount":0,"publisher":{"@id":"https:\/\/www.psoecaceres.com\/es\/#organization"},"image":{"@id":"https:\/\/www.psoecaceres.com\/es\/actualidad\/el-psoe-de-plasencia-denuncia-el-colapso-del-ayuntamiento-por-72-vacantes-sin-cubrir\/#primaryimage"},"thumbnailUrl":"https:\/\/www.psoecaceres.com\/es\/wp-content\/uploads\/2026\/04\/Plasencia.jpeg","keywords":["destacada"],"articleSection":["Actualidad","Municipio a Municipio","Noticias"],"inLanguage":"es","potentialAction":[{"@type":"CommentAction","name":"Comment","target":["https:\/\/www.psoecaceres.com\/es\/actualidad\/el-psoe-de-plasencia-denuncia-el-colapso-del-ayuntamiento-por-72-vacantes-sin-cubrir\/#respond"]}]},{"@type":"WebPage","@id":"https:\/\/www.psoecaceres.com\/es\/actualidad\/el-psoe-de-plasencia-denuncia-el-colapso-del-ayuntamiento-por-72-vacantes-sin-cubrir\/","url":"https:\/\/www.psoecaceres.com\/es\/actualidad\/el-psoe-de-plasencia-denuncia-el-colapso-del-ayuntamiento-por-72-vacantes-sin-cubrir\/","name":"El PSOE de Plasencia denuncia el colapso del Ayuntamiento por 72 vacantes sin cubrir - PSOE provincia de C\u00e1ceres","isPartOf":{"@id":"https:\/\/www.psoecaceres.com\/es\/#website"},"primaryImageOfPage":{"@id":"https:\/\/www.psoecaceres.com\/es\/actualidad\/el-psoe-de-plasencia-denuncia-el-colapso-del-ayuntamiento-por-72-vacantes-sin-cubrir\/#primaryimage"},"image":{"@id":"https:\/\/www.psoecaceres.com\/es\/actualidad\/el-psoe-de-plasencia-denuncia-el-colapso-del-ayuntamiento-por-72-vacantes-sin-cubrir\/#primaryimage"},"thumbnailUrl":"https:\/\/www.psoecaceres.com\/es\/wp-content\/uploads\/2026\/04\/Plasencia.jpeg","datePublished":"2026-04-23T02:19:25+00:00","breadcrumb":{"@id":"https:\/\/www.psoecaceres.com\/es\/actualidad\/el-psoe-de-plasencia-denuncia-el-colapso-del-ayuntamiento-por-72-vacantes-sin-cubrir\/#breadcrumb"},"inLanguage":"es","potentialAction":[{"@type":"ReadAction","target":["https:\/\/www.psoecaceres.com\/es\/actualidad\/el-psoe-de-plasencia-denuncia-el-colapso-del-ayuntamiento-por-72-vacantes-sin-cubrir\/"]}]},{"@type":"ImageObject","inLanguage":"es","@id":"https:\/\/www.psoecaceres.com\/es\/actualidad\/el-psoe-de-plasencia-denuncia-el-colapso-del-ayuntamiento-por-72-vacantes-sin-cubrir\/#primaryimage","url":"https:\/\/www.psoecaceres.com\/es\/wp-content\/uploads\/2026\/04\/Plasencia.jpeg","contentUrl":"https:\/\/www.psoecaceres.com\/es\/wp-content\/uploads\/2026\/04\/Plasencia.jpeg","width":2560,"height":1707},{"@type":"BreadcrumbList","@id":"https:\/\/www.psoecaceres.com\/es\/actualidad\/el-psoe-de-plasencia-denuncia-el-colapso-del-ayuntamiento-por-72-vacantes-sin-cubrir\/#breadcrumb","itemListElement":[{"@type":"ListItem","position":1,"name":"Portada","item":"https:\/\/www.psoecaceres.com\/es\/"},{"@type":"ListItem","position":2,"name":"El PSOE de Plasencia denuncia el colapso del Ayuntamiento por 72 vacantes sin cubrir"}]},{"@type":"WebSite","@id":"https:\/\/www.psoecaceres.com\/es\/#website","url":"https:\/\/www.psoecaceres.com\/es\/","name":"PSOE provincia de C\u00e1ceres","description":"Pasi\u00f3n por Nuestros Pueblos","publisher":{"@id":"https:\/\/www.psoecaceres.com\/es\/#organization"},"alternateName":"PSOE Caceres","potentialAction":[{"@type":"SearchAction","target":{"@type":"EntryPoint","urlTemplate":"https:\/\/www.psoecaceres.com\/es\/?s={search_term_string}"},"query-input":{"@type":"PropertyValueSpecification","valueRequired":true,"valueName":"search_term_string"}}],"inLanguage":"es"},{"@type":"Organization","@id":"https:\/\/www.psoecaceres.com\/es\/#organization","name":"Psoe C\u00e1ceres","alternateName":"PSOE Caceres","url":"https:\/\/www.psoecaceres.com\/es\/","logo":{"@type":"ImageObject","inLanguage":"es","@id":"https:\/\/www.psoecaceres.com\/es\/#\/schema\/logo\/image\/","url":"https:\/\/www.psoecaceres.com\/es\/wp-content\/uploads\/2020\/08\/logo-psoe-caceres-web-2020.png","contentUrl":"https:\/\/www.psoecaceres.com\/es\/wp-content\/uploads\/2020\/08\/logo-psoe-caceres-web-2020.png","width":180,"height":105,"caption":"Psoe C\u00e1ceres"},"image":{"@id":"https:\/\/www.psoecaceres.com\/es\/#\/schema\/logo\/image\/"},"sameAs":["https:\/\/www.facebook.com\/psoecaceres","https:\/\/x.com\/PSOEC"]},{"@type":"Person","@id":"https:\/\/www.psoecaceres.com\/es\/#\/schema\/person\/f39f54f038cc2ed62af85f6d76c466a9","name":"PSOE","url":"https:\/\/www.psoecaceres.com\/es\/author\/ivar\/"}]}},"_links":{"self":[{"href":"https:\/\/www.psoecaceres.com\/es\/wp-json\/wp\/v2\/posts\/76667","targetHints":{"allow":["GET"]}}],"collection":[{"href":"https:\/\/www.psoecaceres.com\/es\/wp-json\/wp\/v2\/posts"}],"about":[{"href":"https:\/\/www.psoecaceres.com\/es\/wp-json\/wp\/v2\/types\/post"}],"author":[{"embeddable":true,"href":"https:\/\/www.psoecaceres.com\/es\/wp-json\/wp\/v2\/users\/3"}],"replies":[{"embeddable":true,"href":"https:\/\/www.psoecaceres.com\/es\/wp-json\/wp\/v2\/comments?post=76667"}],"version-history":[{"count":1,"href":"https:\/\/www.psoecaceres.com\/es\/wp-json\/wp\/v2\/posts\/76667\/revisions"}],"predecessor-version":[{"id":76669,"href":"https:\/\/www.psoecaceres.com\/es\/wp-json\/wp\/v2\/posts\/76667\/revisions\/76669"}],"wp:featuredmedia":[{"embeddable":true,"href":"https:\/\/www.psoecaceres.com\/es\/wp-json\/wp\/v2\/media\/76668"}],"wp:attachment":[{"href":"https:\/\/www.psoecaceres.com\/es\/wp-json\/wp\/v2\/media?parent=76667"}],"wp:term":[{"taxonomy":"category","embeddable":true,"href":"https:\/\/www.psoecaceres.com\/es\/wp-json\/wp\/v2\/categories?post=76667"},{"taxonomy":"post_tag","embeddable":true,"href":"https:\/\/www.psoecaceres.com\/es\/wp-json\/wp\/v2\/tags?post=76667"}],"curies":[{"name":"wp","href":"https:\/\/api.w.org\/{rel}","templated":true}]}}