{"id":76752,"date":"2026-04-27T16:30:34","date_gmt":"2026-04-27T14:30:34","guid":{"rendered":"https:\/\/www.psoecaceres.com\/es\/?p=76752"},"modified":"2026-04-27T16:30:55","modified_gmt":"2026-04-27T14:30:55","slug":"el-psoe-denuncia-que-rafa-mateos-intenta-ocultar-su-incompetencia-y-la-paralisis-de-caceres-atacando-al-gobierno-de-espana","status":"publish","type":"post","link":"https:\/\/www.psoecaceres.com\/es\/actualidad\/el-psoe-denuncia-que-rafa-mateos-intenta-ocultar-su-incompetencia-y-la-paralisis-de-caceres-atacando-al-gobierno-de-espana\/","title":{"rendered":"El PSOE denuncia que Rafa Mateos intenta ocultar su \u201cincompetencia\u201d y la par\u00e1lisis de C\u00e1ceres atacando al Gobierno de Espa\u00f1a"},"content":{"rendered":"<p><strong>Los socialistas demuestran que el Ayuntamiento ha tardado seis meses en entregar documentaci\u00f3n b\u00e1sica para la ampliaci\u00f3n del pol\u00edgono industrial.<\/strong><\/p>\n<p>La portavoz del Grupo Municipal Socialista en el Ayuntamiento de C\u00e1ceres, Bel\u00e9n Fern\u00e1ndez, y el diputado nacional, C\u00e9sar Ramos, han comparecido\u00a0hoy\u00a0para denunciar la estrategia de \u00abconfusi\u00f3n y mentira\u00bb que, a su juicio, est\u00e1 llevando a cabo el alcalde Rafa Mateos. Los socialistas sostienen que el edil utiliza las cr\u00edticas al Gobierno de Espa\u00f1a como una cortina de humo para tapar la falta de gesti\u00f3n propia y la ausencia de inversiones regionales en la ciudad.<\/p>\n<p>Ramos y Fern\u00e1ndez subrayan que las \u00fanicas inversiones reales que llegan a la ciudad provienen del Ejecutivo Central, frente al \u00abanuncio constante\u00bb de la Junta y el PP local.<\/p>\n<p>Ramos ha sido tajante al se\u00f1alar que el Ministerio de Transportes ha mostrado total disposici\u00f3n para autorizar los accesos por carretera necesarios para ampliar el pol\u00edgono industrial de C\u00e1ceres, pero el Ayuntamiento es quien no cumple.<\/p>\n<p>\u00abEn octubre de 2025, facilitamos una reuni\u00f3n en el Ministerio donde el Ayuntamiento se comprometi\u00f3 a entregar estudios de tr\u00e1fico. Han tardado casi seis meses, hasta el\u00a025 de marzo\u00a0de 2026, en presentar una documentaci\u00f3n incompleta\u00bb, ha explicado Ramos. El diputado ha detallado que no se ha cuantificado el tr\u00e1fico de pesados que generar\u00eda la futura terminal intermodal ni se ha comunicado su ubicaci\u00f3n exacta, lo que impide avanzar en las autorizaciones estatales.<\/p>\n<p>Frente a la par\u00e1lisis local, Ramos ha puesto en valor el trabajo del PSOE para garantizar que C\u00e1ceres tenga futuro industrial. \u201cGracias a la gesti\u00f3n socialista, la planificaci\u00f3n de Red El\u00e9ctrica incluye un punto de consumo para grandes industrias en la subestaci\u00f3n de Arenales para 2027. Esta infraestructura permitir\u00eda la instalaci\u00f3n de proyectos de gran envergadura como centros de datos o f\u00e1bricas de componentes\u201d.<\/p>\n<p>El diputado ha incidido en que \u201clos socialistas tenemos claro que no nos sirve que llegue cualquier tipo de industria, deben ser aquellas impulsen de mejor forma nuestro desarrollo y creaci\u00f3n de empleo. Por ello hemos aprobado el RDL 7\/2026 que prioriza para el acceso a puntos de consumo como el de arenales, aquellos proyectos que sean considerados como estrat\u00e9gicos, es decir, los que m\u00e1s impacto social tienen en el territorio. Adem\u00e1s, este RDL frena a los especuladores que reten\u00edan el derecho de acceso a estos puntos durante mucho tiempo sin desarrollar el proyecto e impidiendo que otros pudieran desarrollar los suyos generando desarrollo en la zona\u201d.<\/p>\n<p>No hay que olvidar que el Centro Ib\u00e9rico de Investigaci\u00f3n de Almacenamiento Energ\u00e9tico es una realidad gracias a la inversi\u00f3n de 75 millones de euros del Gobierno de Espa\u00f1a y a d\u00eda de\u00a0hoy, tambi\u00e9n es el Gobierno de Espa\u00f1a quien sostiene mayoritariamente la inversi\u00f3n necesaria para que el centro pueda seguir adelante . \u201cLa Junta y el Ayuntamiento visitan el centro para apuntarse tantos que no son suyos\u201d, criticaron.<\/p>\n<p><strong>Infraestructuras: Autov\u00edas y el AVE<\/strong><\/p>\n<p>En materia de transportes, el PSOE ha recordado que el PP dej\u00f3 todos los proyectos en un caj\u00f3n y ha sido el actual Gobierno de Espa\u00f1a quien los ha reactivado: la\u00a0Autov\u00eda C\u00e1ceres-Badajoz,\u00a0\u201cel primer tramo (80 millones \u20ac) est\u00e1 en ejecuci\u00f3n y se espera que finalice el pr\u00f3ximo a\u00f1o\u201d; y la variante de Malpartida,\u00a0\u201cuna obra de 43 millones \u20ac que tambi\u00e9n concluir\u00e1 en 2027\u201d.<\/p>\n<p>En cuanto a la Alta Velocidad,\u00a0Ramos ha desmentido que los nuevos estudios europeos supongan retrasos o eliminaci\u00f3n de paradas. \u00abEs un tr\u00e1mite obligatorio por ley. Las paradas en Navalmoral, Plasencia, C\u00e1ceres, M\u00e9rida y Badajoz est\u00e1n garantizadas por los socialistas, frente a un PP que paraliz\u00f3 las obras durante a\u00f1os\u00bb, ha aseverado.<\/p>\n<p><strong>Un gobierno local de \u201canuncios y vasallaje\u201d<\/strong><\/p>\n<p><strong>\u00a0<\/strong>Por su parte, Bel\u00e9n Fern\u00e1ndez ha lamentado que el equipo de Rafa Mateos desechara en esta legislatura los estudios de suelo industrial que ya estaban avanzados para iniciar otros nuevos, retrasando todo el proceso. Asimismo, ha calificado de \u00abcasualidad llamativa\u00bb que parte del suelo a\u00fan pendiente de expropiaci\u00f3n pertenezca a la familia de un concejal del equipo de Gobierno. En este sentido, es aclaratorio saber que si hay acuerdo pero siguen el resto de actuaciones, las cuales aportan valor a la zona, hasta que termine por decidir dicho valor el valor el Jurado Extreme\u00f1o de Valoraciones.<\/p>\n<p>\u00abMateos tiene un vasallaje absoluto hacia la Junta de Extremadura y no se\u00a0 atreve a elevar la voz para exigir que se comprometan de verdad con la ciudad. Prefiere culpar a otros antes que reconocer su propia incapacidad\u00bb, concluyeron los representantes socialistas.<\/p>\n","protected":false},"excerpt":{"rendered":"<p>Los socialistas demuestran que el Ayuntamiento ha tardado seis meses en entregar documentaci\u00f3n b\u00e1sica para la ampliaci\u00f3n del pol\u00edgono industrial. La portavoz del Grupo Municipal Socialista en el Ayuntamiento de C\u00e1ceres, Bel\u00e9n Fern\u00e1ndez, y el diputado nacional, C\u00e9sar Ramos, han comparecido\u00a0hoy\u00a0para denunciar la estrategia de \u00abconfusi\u00f3n y mentira\u00bb que, a su juicio, est\u00e1 llevando a [&hellip;]<\/p>\n","protected":false},"author":3,"featured_media":76753,"comment_status":"open","ping_status":"open","sticky":false,"template":"","format":"standard","meta":{"_et_pb_use_builder":"","_et_pb_old_content":"","_et_gb_content_width":"","footnotes":""},"categories":[21,222,246,20],"tags":[151],"class_list":["post-76752","post","type-post","status-publish","format-standard","has-post-thumbnail","hentry","category-actualidad","category-municipio-a-municipio","category-noticias","category-prensa","tag-destacada"],"yoast_head":"<!-- This site is optimized with the Yoast SEO plugin v26.7 - https:\/\/yoast.com\/wordpress\/plugins\/seo\/ -->\n<title>El PSOE denuncia que Rafa Mateos intenta ocultar su \u201cincompetencia\u201d y la par\u00e1lisis de C\u00e1ceres atacando al Gobierno de Espa\u00f1a - PSOE provincia de C\u00e1ceres<\/title>\n<meta name=\"robots\" content=\"index, follow, max-snippet:-1, max-image-preview:large, max-video-preview:-1\" \/>\n<link rel=\"canonical\" href=\"https:\/\/www.psoecaceres.com\/es\/prensa\/el-psoe-denuncia-que-rafa-mateos-intenta-ocultar-su-incompetencia-y-la-paralisis-de-caceres-atacando-al-gobierno-de-espana\/\" \/>\n<meta property=\"og:locale\" content=\"es_ES\" \/>\n<meta property=\"og:type\" content=\"article\" \/>\n<meta property=\"og:title\" content=\"El PSOE denuncia que Rafa Mateos intenta ocultar su \u201cincompetencia\u201d y la par\u00e1lisis de C\u00e1ceres atacando al Gobierno de Espa\u00f1a - PSOE provincia de C\u00e1ceres\" \/>\n<meta property=\"og:description\" content=\"Los socialistas demuestran que el Ayuntamiento ha tardado seis meses en entregar documentaci\u00f3n b\u00e1sica para la ampliaci\u00f3n del pol\u00edgono industrial. La portavoz del Grupo Municipal Socialista en el Ayuntamiento de C\u00e1ceres, Bel\u00e9n Fern\u00e1ndez, y el diputado nacional, C\u00e9sar Ramos, han comparecido\u00a0hoy\u00a0para denunciar la estrategia de \u00abconfusi\u00f3n y mentira\u00bb que, a su juicio, est\u00e1 llevando a [&hellip;]\" \/>\n<meta property=\"og:url\" content=\"https:\/\/www.psoecaceres.com\/es\/prensa\/el-psoe-denuncia-que-rafa-mateos-intenta-ocultar-su-incompetencia-y-la-paralisis-de-caceres-atacando-al-gobierno-de-espana\/\" \/>\n<meta property=\"og:site_name\" content=\"PSOE provincia de C\u00e1ceres\" \/>\n<meta property=\"article:publisher\" content=\"https:\/\/www.facebook.com\/psoecaceres\" \/>\n<meta property=\"article:published_time\" content=\"2026-04-27T14:30:34+00:00\" \/>\n<meta property=\"article:modified_time\" content=\"2026-04-27T14:30:55+00:00\" \/>\n<meta property=\"og:image\" content=\"https:\/\/www.psoecaceres.com\/es\/wp-content\/uploads\/2026\/04\/27-4-2026-Fernandez-y-Ramos-con-GMS.jpg\" \/>\n\t<meta property=\"og:image:width\" content=\"1126\" \/>\n\t<meta property=\"og:image:height\" content=\"1563\" \/>\n\t<meta property=\"og:image:type\" content=\"image\/jpeg\" \/>\n<meta name=\"author\" content=\"PSOE\" \/>\n<meta name=\"twitter:card\" content=\"summary_large_image\" \/>\n<meta name=\"twitter:creator\" content=\"@PSOEC\" \/>\n<meta name=\"twitter:site\" content=\"@PSOEC\" \/>\n<meta name=\"twitter:label1\" content=\"Escrito por\" \/>\n\t<meta name=\"twitter:data1\" content=\"PSOE\" \/>\n\t<meta name=\"twitter:label2\" content=\"Tiempo de lectura\" \/>\n\t<meta name=\"twitter:data2\" content=\"4 minutos\" \/>\n<script type=\"application\/ld+json\" class=\"yoast-schema-graph\">{\"@context\":\"https:\/\/schema.org\",\"@graph\":[{\"@type\":\"Article\",\"@id\":\"https:\/\/www.psoecaceres.com\/es\/prensa\/el-psoe-denuncia-que-rafa-mateos-intenta-ocultar-su-incompetencia-y-la-paralisis-de-caceres-atacando-al-gobierno-de-espana\/#article\",\"isPartOf\":{\"@id\":\"https:\/\/www.psoecaceres.com\/es\/prensa\/el-psoe-denuncia-que-rafa-mateos-intenta-ocultar-su-incompetencia-y-la-paralisis-de-caceres-atacando-al-gobierno-de-espana\/\"},\"author\":{\"name\":\"PSOE\",\"@id\":\"https:\/\/www.psoecaceres.com\/es\/#\/schema\/person\/f39f54f038cc2ed62af85f6d76c466a9\"},\"headline\":\"El PSOE denuncia que Rafa Mateos intenta ocultar su \u201cincompetencia\u201d y la par\u00e1lisis de C\u00e1ceres atacando al Gobierno de Espa\u00f1a\",\"datePublished\":\"2026-04-27T14:30:34+00:00\",\"dateModified\":\"2026-04-27T14:30:55+00:00\",\"mainEntityOfPage\":{\"@id\":\"https:\/\/www.psoecaceres.com\/es\/prensa\/el-psoe-denuncia-que-rafa-mateos-intenta-ocultar-su-incompetencia-y-la-paralisis-de-caceres-atacando-al-gobierno-de-espana\/\"},\"wordCount\":821,\"commentCount\":0,\"publisher\":{\"@id\":\"https:\/\/www.psoecaceres.com\/es\/#organization\"},\"image\":{\"@id\":\"https:\/\/www.psoecaceres.com\/es\/prensa\/el-psoe-denuncia-que-rafa-mateos-intenta-ocultar-su-incompetencia-y-la-paralisis-de-caceres-atacando-al-gobierno-de-espana\/#primaryimage\"},\"thumbnailUrl\":\"https:\/\/www.psoecaceres.com\/es\/wp-content\/uploads\/2026\/04\/27-4-2026-Fernandez-y-Ramos-con-GMS.jpg\",\"keywords\":[\"destacada\"],\"articleSection\":[\"Actualidad\",\"Municipio a Municipio\",\"Noticias\",\"Prensa\"],\"inLanguage\":\"es\",\"potentialAction\":[{\"@type\":\"CommentAction\",\"name\":\"Comment\",\"target\":[\"https:\/\/www.psoecaceres.com\/es\/prensa\/el-psoe-denuncia-que-rafa-mateos-intenta-ocultar-su-incompetencia-y-la-paralisis-de-caceres-atacando-al-gobierno-de-espana\/#respond\"]}]},{\"@type\":\"WebPage\",\"@id\":\"https:\/\/www.psoecaceres.com\/es\/prensa\/el-psoe-denuncia-que-rafa-mateos-intenta-ocultar-su-incompetencia-y-la-paralisis-de-caceres-atacando-al-gobierno-de-espana\/\",\"url\":\"https:\/\/www.psoecaceres.com\/es\/prensa\/el-psoe-denuncia-que-rafa-mateos-intenta-ocultar-su-incompetencia-y-la-paralisis-de-caceres-atacando-al-gobierno-de-espana\/\",\"name\":\"El PSOE denuncia que Rafa Mateos intenta ocultar su \u201cincompetencia\u201d y la par\u00e1lisis de C\u00e1ceres atacando al Gobierno de Espa\u00f1a - PSOE provincia de C\u00e1ceres\",\"isPartOf\":{\"@id\":\"https:\/\/www.psoecaceres.com\/es\/#website\"},\"primaryImageOfPage\":{\"@id\":\"https:\/\/www.psoecaceres.com\/es\/prensa\/el-psoe-denuncia-que-rafa-mateos-intenta-ocultar-su-incompetencia-y-la-paralisis-de-caceres-atacando-al-gobierno-de-espana\/#primaryimage\"},\"image\":{\"@id\":\"https:\/\/www.psoecaceres.com\/es\/prensa\/el-psoe-denuncia-que-rafa-mateos-intenta-ocultar-su-incompetencia-y-la-paralisis-de-caceres-atacando-al-gobierno-de-espana\/#primaryimage\"},\"thumbnailUrl\":\"https:\/\/www.psoecaceres.com\/es\/wp-content\/uploads\/2026\/04\/27-4-2026-Fernandez-y-Ramos-con-GMS.jpg\",\"datePublished\":\"2026-04-27T14:30:34+00:00\",\"dateModified\":\"2026-04-27T14:30:55+00:00\",\"breadcrumb\":{\"@id\":\"https:\/\/www.psoecaceres.com\/es\/prensa\/el-psoe-denuncia-que-rafa-mateos-intenta-ocultar-su-incompetencia-y-la-paralisis-de-caceres-atacando-al-gobierno-de-espana\/#breadcrumb\"},\"inLanguage\":\"es\",\"potentialAction\":[{\"@type\":\"ReadAction\",\"target\":[\"https:\/\/www.psoecaceres.com\/es\/prensa\/el-psoe-denuncia-que-rafa-mateos-intenta-ocultar-su-incompetencia-y-la-paralisis-de-caceres-atacando-al-gobierno-de-espana\/\"]}]},{\"@type\":\"ImageObject\",\"inLanguage\":\"es\",\"@id\":\"https:\/\/www.psoecaceres.com\/es\/prensa\/el-psoe-denuncia-que-rafa-mateos-intenta-ocultar-su-incompetencia-y-la-paralisis-de-caceres-atacando-al-gobierno-de-espana\/#primaryimage\",\"url\":\"https:\/\/www.psoecaceres.com\/es\/wp-content\/uploads\/2026\/04\/27-4-2026-Fernandez-y-Ramos-con-GMS.jpg\",\"contentUrl\":\"https:\/\/www.psoecaceres.com\/es\/wp-content\/uploads\/2026\/04\/27-4-2026-Fernandez-y-Ramos-con-GMS.jpg\",\"width\":1126,\"height\":1563},{\"@type\":\"BreadcrumbList\",\"@id\":\"https:\/\/www.psoecaceres.com\/es\/prensa\/el-psoe-denuncia-que-rafa-mateos-intenta-ocultar-su-incompetencia-y-la-paralisis-de-caceres-atacando-al-gobierno-de-espana\/#breadcrumb\",\"itemListElement\":[{\"@type\":\"ListItem\",\"position\":1,\"name\":\"Portada\",\"item\":\"https:\/\/www.psoecaceres.com\/es\/\"},{\"@type\":\"ListItem\",\"position\":2,\"name\":\"El PSOE denuncia que Rafa Mateos intenta ocultar su \u201cincompetencia\u201d y la par\u00e1lisis de C\u00e1ceres atacando al Gobierno de Espa\u00f1a\"}]},{\"@type\":\"WebSite\",\"@id\":\"https:\/\/www.psoecaceres.com\/es\/#website\",\"url\":\"https:\/\/www.psoecaceres.com\/es\/\",\"name\":\"PSOE provincia de C\u00e1ceres\",\"description\":\"Pasi\u00f3n por Nuestros Pueblos\",\"publisher\":{\"@id\":\"https:\/\/www.psoecaceres.com\/es\/#organization\"},\"alternateName\":\"PSOE Caceres\",\"potentialAction\":[{\"@type\":\"SearchAction\",\"target\":{\"@type\":\"EntryPoint\",\"urlTemplate\":\"https:\/\/www.psoecaceres.com\/es\/?s={search_term_string}\"},\"query-input\":{\"@type\":\"PropertyValueSpecification\",\"valueRequired\":true,\"valueName\":\"search_term_string\"}}],\"inLanguage\":\"es\"},{\"@type\":\"Organization\",\"@id\":\"https:\/\/www.psoecaceres.com\/es\/#organization\",\"name\":\"Psoe C\u00e1ceres\",\"alternateName\":\"PSOE Caceres\",\"url\":\"https:\/\/www.psoecaceres.com\/es\/\",\"logo\":{\"@type\":\"ImageObject\",\"inLanguage\":\"es\",\"@id\":\"https:\/\/www.psoecaceres.com\/es\/#\/schema\/logo\/image\/\",\"url\":\"https:\/\/www.psoecaceres.com\/es\/wp-content\/uploads\/2020\/08\/logo-psoe-caceres-web-2020.png\",\"contentUrl\":\"https:\/\/www.psoecaceres.com\/es\/wp-content\/uploads\/2020\/08\/logo-psoe-caceres-web-2020.png\",\"width\":180,\"height\":105,\"caption\":\"Psoe C\u00e1ceres\"},\"image\":{\"@id\":\"https:\/\/www.psoecaceres.com\/es\/#\/schema\/logo\/image\/\"},\"sameAs\":[\"https:\/\/www.facebook.com\/psoecaceres\",\"https:\/\/x.com\/PSOEC\"]},{\"@type\":\"Person\",\"@id\":\"https:\/\/www.psoecaceres.com\/es\/#\/schema\/person\/f39f54f038cc2ed62af85f6d76c466a9\",\"name\":\"PSOE\",\"url\":\"https:\/\/www.psoecaceres.com\/es\/author\/ivar\/\"}]}<\/script>\n<!-- \/ Yoast SEO plugin. -->","yoast_head_json":{"title":"El PSOE denuncia que Rafa Mateos intenta ocultar su \u201cincompetencia\u201d y la par\u00e1lisis de C\u00e1ceres atacando al Gobierno de Espa\u00f1a - PSOE provincia de C\u00e1ceres","robots":{"index":"index","follow":"follow","max-snippet":"max-snippet:-1","max-image-preview":"max-image-preview:large","max-video-preview":"max-video-preview:-1"},"canonical":"https:\/\/www.psoecaceres.com\/es\/prensa\/el-psoe-denuncia-que-rafa-mateos-intenta-ocultar-su-incompetencia-y-la-paralisis-de-caceres-atacando-al-gobierno-de-espana\/","og_locale":"es_ES","og_type":"article","og_title":"El PSOE denuncia que Rafa Mateos intenta ocultar su \u201cincompetencia\u201d y la par\u00e1lisis de C\u00e1ceres atacando al Gobierno de Espa\u00f1a - PSOE provincia de C\u00e1ceres","og_description":"Los socialistas demuestran que el Ayuntamiento ha tardado seis meses en entregar documentaci\u00f3n b\u00e1sica para la ampliaci\u00f3n del pol\u00edgono industrial. La portavoz del Grupo Municipal Socialista en el Ayuntamiento de C\u00e1ceres, Bel\u00e9n Fern\u00e1ndez, y el diputado nacional, C\u00e9sar Ramos, han comparecido\u00a0hoy\u00a0para denunciar la estrategia de \u00abconfusi\u00f3n y mentira\u00bb que, a su juicio, est\u00e1 llevando a [&hellip;]","og_url":"https:\/\/www.psoecaceres.com\/es\/prensa\/el-psoe-denuncia-que-rafa-mateos-intenta-ocultar-su-incompetencia-y-la-paralisis-de-caceres-atacando-al-gobierno-de-espana\/","og_site_name":"PSOE provincia de C\u00e1ceres","article_publisher":"https:\/\/www.facebook.com\/psoecaceres","article_published_time":"2026-04-27T14:30:34+00:00","article_modified_time":"2026-04-27T14:30:55+00:00","og_image":[{"width":1126,"height":1563,"url":"https:\/\/www.psoecaceres.com\/es\/wp-content\/uploads\/2026\/04\/27-4-2026-Fernandez-y-Ramos-con-GMS.jpg","type":"image\/jpeg"}],"author":"PSOE","twitter_card":"summary_large_image","twitter_creator":"@PSOEC","twitter_site":"@PSOEC","twitter_misc":{"Escrito por":"PSOE","Tiempo de lectura":"4 minutos"},"schema":{"@context":"https:\/\/schema.org","@graph":[{"@type":"Article","@id":"https:\/\/www.psoecaceres.com\/es\/prensa\/el-psoe-denuncia-que-rafa-mateos-intenta-ocultar-su-incompetencia-y-la-paralisis-de-caceres-atacando-al-gobierno-de-espana\/#article","isPartOf":{"@id":"https:\/\/www.psoecaceres.com\/es\/prensa\/el-psoe-denuncia-que-rafa-mateos-intenta-ocultar-su-incompetencia-y-la-paralisis-de-caceres-atacando-al-gobierno-de-espana\/"},"author":{"name":"PSOE","@id":"https:\/\/www.psoecaceres.com\/es\/#\/schema\/person\/f39f54f038cc2ed62af85f6d76c466a9"},"headline":"El PSOE denuncia que Rafa Mateos intenta ocultar su \u201cincompetencia\u201d y la par\u00e1lisis de C\u00e1ceres atacando al Gobierno de Espa\u00f1a","datePublished":"2026-04-27T14:30:34+00:00","dateModified":"2026-04-27T14:30:55+00:00","mainEntityOfPage":{"@id":"https:\/\/www.psoecaceres.com\/es\/prensa\/el-psoe-denuncia-que-rafa-mateos-intenta-ocultar-su-incompetencia-y-la-paralisis-de-caceres-atacando-al-gobierno-de-espana\/"},"wordCount":821,"commentCount":0,"publisher":{"@id":"https:\/\/www.psoecaceres.com\/es\/#organization"},"image":{"@id":"https:\/\/www.psoecaceres.com\/es\/prensa\/el-psoe-denuncia-que-rafa-mateos-intenta-ocultar-su-incompetencia-y-la-paralisis-de-caceres-atacando-al-gobierno-de-espana\/#primaryimage"},"thumbnailUrl":"https:\/\/www.psoecaceres.com\/es\/wp-content\/uploads\/2026\/04\/27-4-2026-Fernandez-y-Ramos-con-GMS.jpg","keywords":["destacada"],"articleSection":["Actualidad","Municipio a Municipio","Noticias","Prensa"],"inLanguage":"es","potentialAction":[{"@type":"CommentAction","name":"Comment","target":["https:\/\/www.psoecaceres.com\/es\/prensa\/el-psoe-denuncia-que-rafa-mateos-intenta-ocultar-su-incompetencia-y-la-paralisis-de-caceres-atacando-al-gobierno-de-espana\/#respond"]}]},{"@type":"WebPage","@id":"https:\/\/www.psoecaceres.com\/es\/prensa\/el-psoe-denuncia-que-rafa-mateos-intenta-ocultar-su-incompetencia-y-la-paralisis-de-caceres-atacando-al-gobierno-de-espana\/","url":"https:\/\/www.psoecaceres.com\/es\/prensa\/el-psoe-denuncia-que-rafa-mateos-intenta-ocultar-su-incompetencia-y-la-paralisis-de-caceres-atacando-al-gobierno-de-espana\/","name":"El PSOE denuncia que Rafa Mateos intenta ocultar su \u201cincompetencia\u201d y la par\u00e1lisis de C\u00e1ceres atacando al Gobierno de Espa\u00f1a - PSOE provincia de C\u00e1ceres","isPartOf":{"@id":"https:\/\/www.psoecaceres.com\/es\/#website"},"primaryImageOfPage":{"@id":"https:\/\/www.psoecaceres.com\/es\/prensa\/el-psoe-denuncia-que-rafa-mateos-intenta-ocultar-su-incompetencia-y-la-paralisis-de-caceres-atacando-al-gobierno-de-espana\/#primaryimage"},"image":{"@id":"https:\/\/www.psoecaceres.com\/es\/prensa\/el-psoe-denuncia-que-rafa-mateos-intenta-ocultar-su-incompetencia-y-la-paralisis-de-caceres-atacando-al-gobierno-de-espana\/#primaryimage"},"thumbnailUrl":"https:\/\/www.psoecaceres.com\/es\/wp-content\/uploads\/2026\/04\/27-4-2026-Fernandez-y-Ramos-con-GMS.jpg","datePublished":"2026-04-27T14:30:34+00:00","dateModified":"2026-04-27T14:30:55+00:00","breadcrumb":{"@id":"https:\/\/www.psoecaceres.com\/es\/prensa\/el-psoe-denuncia-que-rafa-mateos-intenta-ocultar-su-incompetencia-y-la-paralisis-de-caceres-atacando-al-gobierno-de-espana\/#breadcrumb"},"inLanguage":"es","potentialAction":[{"@type":"ReadAction","target":["https:\/\/www.psoecaceres.com\/es\/prensa\/el-psoe-denuncia-que-rafa-mateos-intenta-ocultar-su-incompetencia-y-la-paralisis-de-caceres-atacando-al-gobierno-de-espana\/"]}]},{"@type":"ImageObject","inLanguage":"es","@id":"https:\/\/www.psoecaceres.com\/es\/prensa\/el-psoe-denuncia-que-rafa-mateos-intenta-ocultar-su-incompetencia-y-la-paralisis-de-caceres-atacando-al-gobierno-de-espana\/#primaryimage","url":"https:\/\/www.psoecaceres.com\/es\/wp-content\/uploads\/2026\/04\/27-4-2026-Fernandez-y-Ramos-con-GMS.jpg","contentUrl":"https:\/\/www.psoecaceres.com\/es\/wp-content\/uploads\/2026\/04\/27-4-2026-Fernandez-y-Ramos-con-GMS.jpg","width":1126,"height":1563},{"@type":"BreadcrumbList","@id":"https:\/\/www.psoecaceres.com\/es\/prensa\/el-psoe-denuncia-que-rafa-mateos-intenta-ocultar-su-incompetencia-y-la-paralisis-de-caceres-atacando-al-gobierno-de-espana\/#breadcrumb","itemListElement":[{"@type":"ListItem","position":1,"name":"Portada","item":"https:\/\/www.psoecaceres.com\/es\/"},{"@type":"ListItem","position":2,"name":"El PSOE denuncia que Rafa Mateos intenta ocultar su \u201cincompetencia\u201d y la par\u00e1lisis de C\u00e1ceres atacando al Gobierno de Espa\u00f1a"}]},{"@type":"WebSite","@id":"https:\/\/www.psoecaceres.com\/es\/#website","url":"https:\/\/www.psoecaceres.com\/es\/","name":"PSOE provincia de C\u00e1ceres","description":"Pasi\u00f3n por Nuestros Pueblos","publisher":{"@id":"https:\/\/www.psoecaceres.com\/es\/#organization"},"alternateName":"PSOE Caceres","potentialAction":[{"@type":"SearchAction","target":{"@type":"EntryPoint","urlTemplate":"https:\/\/www.psoecaceres.com\/es\/?s={search_term_string}"},"query-input":{"@type":"PropertyValueSpecification","valueRequired":true,"valueName":"search_term_string"}}],"inLanguage":"es"},{"@type":"Organization","@id":"https:\/\/www.psoecaceres.com\/es\/#organization","name":"Psoe C\u00e1ceres","alternateName":"PSOE Caceres","url":"https:\/\/www.psoecaceres.com\/es\/","logo":{"@type":"ImageObject","inLanguage":"es","@id":"https:\/\/www.psoecaceres.com\/es\/#\/schema\/logo\/image\/","url":"https:\/\/www.psoecaceres.com\/es\/wp-content\/uploads\/2020\/08\/logo-psoe-caceres-web-2020.png","contentUrl":"https:\/\/www.psoecaceres.com\/es\/wp-content\/uploads\/2020\/08\/logo-psoe-caceres-web-2020.png","width":180,"height":105,"caption":"Psoe C\u00e1ceres"},"image":{"@id":"https:\/\/www.psoecaceres.com\/es\/#\/schema\/logo\/image\/"},"sameAs":["https:\/\/www.facebook.com\/psoecaceres","https:\/\/x.com\/PSOEC"]},{"@type":"Person","@id":"https:\/\/www.psoecaceres.com\/es\/#\/schema\/person\/f39f54f038cc2ed62af85f6d76c466a9","name":"PSOE","url":"https:\/\/www.psoecaceres.com\/es\/author\/ivar\/"}]}},"_links":{"self":[{"href":"https:\/\/www.psoecaceres.com\/es\/wp-json\/wp\/v2\/posts\/76752","targetHints":{"allow":["GET"]}}],"collection":[{"href":"https:\/\/www.psoecaceres.com\/es\/wp-json\/wp\/v2\/posts"}],"about":[{"href":"https:\/\/www.psoecaceres.com\/es\/wp-json\/wp\/v2\/types\/post"}],"author":[{"embeddable":true,"href":"https:\/\/www.psoecaceres.com\/es\/wp-json\/wp\/v2\/users\/3"}],"replies":[{"embeddable":true,"href":"https:\/\/www.psoecaceres.com\/es\/wp-json\/wp\/v2\/comments?post=76752"}],"version-history":[{"count":2,"href":"https:\/\/www.psoecaceres.com\/es\/wp-json\/wp\/v2\/posts\/76752\/revisions"}],"predecessor-version":[{"id":76755,"href":"https:\/\/www.psoecaceres.com\/es\/wp-json\/wp\/v2\/posts\/76752\/revisions\/76755"}],"wp:featuredmedia":[{"embeddable":true,"href":"https:\/\/www.psoecaceres.com\/es\/wp-json\/wp\/v2\/media\/76753"}],"wp:attachment":[{"href":"https:\/\/www.psoecaceres.com\/es\/wp-json\/wp\/v2\/media?parent=76752"}],"wp:term":[{"taxonomy":"category","embeddable":true,"href":"https:\/\/www.psoecaceres.com\/es\/wp-json\/wp\/v2\/categories?post=76752"},{"taxonomy":"post_tag","embeddable":true,"href":"https:\/\/www.psoecaceres.com\/es\/wp-json\/wp\/v2\/tags?post=76752"}],"curies":[{"name":"wp","href":"https:\/\/api.w.org\/{rel}","templated":true}]}}