{"id":76756,"date":"2026-04-27T00:31:39","date_gmt":"2026-04-26T22:31:39","guid":{"rendered":"https:\/\/www.psoecaceres.com\/es\/?p=76756"},"modified":"2026-04-27T16:33:36","modified_gmt":"2026-04-27T14:33:36","slug":"la-necesidad-disponer-de-una-red-de-apoyo-al-emprendimiento-mas-accesible-es-una-de-las-primeras-conclusiones-del-proyecto-en-mi-pueblo-emprendi","status":"publish","type":"post","link":"https:\/\/www.psoecaceres.com\/es\/actualidad\/la-necesidad-disponer-de-una-red-de-apoyo-al-emprendimiento-mas-accesible-es-una-de-las-primeras-conclusiones-del-proyecto-en-mi-pueblo-emprendi\/","title":{"rendered":"La necesidad disponer de una Red de apoyo al emprendimiento m\u00e1s accesible es una de las primeras conclusiones del proyecto \u201cEn mi pueblo emprend\u00ed\u201d"},"content":{"rendered":"<p><b>Un proyecto que ha puesto en marcha la Diputaci\u00f3n de C\u00e1ceres para impulsar el emprendimiento rural y que est\u00e1 recorriendo 10 municipios de la provincia\u00a0<\/b><b>para detectar oportunidades, apoyar a personas emprendedoras y generar un modelo de desarrollo econ\u00f3mico adaptado al territorio. <\/b><b>Una herramienta clave para generar empleo, fijar poblaci\u00f3n y crear nuevas oportunidades en la provincia. <\/b><b>La vivienda en alquiler, la conectividad, la movilidad o el relevo generacional son otros de los desaf\u00edos identificados en el proyecto.<\/b><\/p>\n<p><b>\u00a0<\/b><span lang=\"ES-TRAD\"><b>Escuchar, conectar y actuar<\/b>, son los tres objetivos que la Diputaci\u00f3n de C\u00e1ceres se ha marcado con la puesta en marcha de \u201cEn mi pueblo emprend\u00ed\u201d y con el que se pretende construir un modelo de emprendimiento rural adaptado a las necesidades de la provincia, compartiendo informaci\u00f3n, conectando los recursos existentes y facilitando el acceso a ellos por parte de emprendedores y empresas.<\/span><\/p>\n<p><span lang=\"ES-TRAD\">El programa, que se desarrolla a lo largo de 2026, ya ha comenzado su recorrido por 10 municipios estrat\u00e9gicos, donde se han mantenido reuniones con ayuntamientos, agentes de desarrollo, asociaciones empresariales y entidades sociales para conocer de primera mano la realidad de cada territorio.<\/span><\/p>\n<p><span lang=\"ES-TRAD\">Durante estas primeras jornadas, celebradas en los municipios de\u00a0<b>Miajadas, Pinofranqueado, Riolobos, Moraleja, Logros\u00e1n, Valencia de Alc\u00e1ntara, Jarandilla de la Vera, Navalmoral de la Mata, Arroyo de la Luz y Herv\u00e1s<\/b>, se han identificado retos comunes y tambi\u00e9n grandes oportunidades para el emprendimiento y para atraer nuevas personas pobladoras a la provincia.<\/span><\/p>\n<p><span lang=\"ES-TRAD\">Uno de los principales diagn\u00f3sticos compartidos por los agentes tiene que ver con la dificultad para acceder de forma clara a los recursos existentes, debido a la diversidad de programas de diferentes administraciones y ayudas disponibles. En este sentido, el proyecto apuesta por crear una\u00a0<b>red de apoyo m\u00e1s accesible<\/b>, que facilite el acompa\u00f1amiento a las personas emprendedoras desde una perspectiva pr\u00e1ctica.<\/span><\/p>\n<p><b><span lang=\"ES-TRAD\">Oportunidades reales en el medio rural<\/span><\/b><\/p>\n<p><span lang=\"ES-TRAD\">Las reuniones han puesto en valor el dinamismo de muchos municipios. En\u00a0<b>Logros\u00e1n<\/b>, por ejemplo, ya est\u00e1n en marcha nuevos negocios como una tienda de cosm\u00e9tica, una inmobiliaria o un taller que da continuidad a una actividad tradicional, adem\u00e1s de la llegada de n\u00f3madas digitales que han elegido las Villuercas para vivir y trabajar.<\/span><\/p>\n<p><span lang=\"ES-TRAD\">En\u00a0<b>Arroyo de la Luz<\/b>, el tejido empresarial supera las 400 empresas y el desempleo ha descendido de forma significativa en los \u00faltimos a\u00f1os, consolidando al municipio como un referente comarcal.<\/span><\/p>\n<p><span lang=\"ES-TRAD\">Por su parte, en\u00a0<b>Jarandilla de la Vera<\/b>\u00a0se contabilizan cerca de 80 proyectos de emprendimiento en diferentes fases, especialmente en sectores como el turismo, los servicios o la industria.<\/span><\/p>\n<p><b><span lang=\"ES-TRAD\">Retos que se convierten en oportunidades<\/span><\/b><\/p>\n<p><span lang=\"ES-TRAD\">El proyecto tambi\u00e9n ha permitido identificar algunos desaf\u00edos clave para el desarrollo rural, como la falta de\u00a0<b>vivienda en alquiler<\/b>\u00a0en zonas como\u00a0<b>Herv\u00e1s,<\/b>\u00a0los problemas de\u00a0<b>conectividad<\/b>\u00a0en determinadas \u00e1reas o la necesidad de mejorar la\u00a0<b>movilidad<\/b>\u00a0con transporte p\u00fablico entre municipios.<\/span><\/p>\n<p><span lang=\"ES-TRAD\">A estos factores se suman cuestiones como el\u00a0<b>relevo generacional<\/b>\u00a0en los negocios, la necesidad de formaci\u00f3n en \u00e1mbitos como la gesti\u00f3n empresarial, los idiomas, la inteligencia artificial o el acompa\u00f1amiento a personas que quieren emprender pero no saben por d\u00f3nde empezar.<\/span><\/p>\n<p><span lang=\"ES-TRAD\">Ejemplos concretos, como el de una joven emprendedora que tuvo que cerrar su negocio por falta de transporte entre localidades, reflejan la importancia de abordar estos retos de forma coordinada.<\/span><\/p>\n<p><b><span lang=\"ES-TRAD\">Coordinaci\u00f3n y acompa\u00f1amiento: claves del proyecto<\/span><\/b><\/p>\n<p><span lang=\"ES-TRAD\">Uno de los aspectos mejor valorados por las personas participantes ha sido el enfoque de En mi pueblo emprend\u00ed, centrado en la cercan\u00eda, la coordinaci\u00f3n entre agentes y el acompa\u00f1amiento personalizado.<\/span><\/p>\n<p><span lang=\"ES-TRAD\">El proyecto va a conectar los recursos para el emprendimiento y el reto demogr\u00e1fico existentes en la provincia, adem\u00e1s de facilitar que cada emprendimiento encuentre la soluci\u00f3n m\u00e1s adecuada a su caso, evitando la dispersi\u00f3n de informaci\u00f3n.<\/span><\/p>\n<p><span lang=\"ES-TRAD\">Adem\u00e1s, se van a desarrollar talleres adaptados a cada territorio y se trabajar\u00e1 directamente con los agentes locales para reforzar la red de apoyo al emprendimiento en cada zona.<\/span><\/p>\n<p><b><span lang=\"ES-TRAD\">Un modelo provincial de emprendimiento rural para el futuro<\/span><\/b><\/p>\n<p><span lang=\"ES-TRAD\">La informaci\u00f3n recogida durante estas jornadas y siguientes adem\u00e1s de otras acciones, servir\u00e1n para dise\u00f1ar el modelo provincial de emprendimiento rural, que permitir\u00e1 a la Diputaci\u00f3n de C\u00e1ceres orientar sus pol\u00edticas y programas, adapt\u00e1ndolos a la realidad actual de cada comarca.<\/span><\/p>\n<p><span lang=\"ES-TRAD\">Este modelo culminar\u00e1 en una\u00a0<b>\u201cventanilla \u00fanica\u201d\u00a0<\/b>que facilitar\u00e1 el acceso a recursos, ayudas y asesoramiento, simplificando el proceso para las personas emprendedoras, profesiones e instituciones de la provincia.<\/span><\/p>\n<p><span lang=\"ES-TRAD\">El respaldo mostrado por ayuntamientos, asociaciones y agentes del territorio ha sido un\u00e1nime, destacando el valor de esta iniciativa de la Diputaci\u00f3n de C\u00e1ceres que apuesta por el desarrollo rural desde el conocimiento directo del territorio.<\/span><\/p>\n<p><span lang=\"ES-TRAD\">Con \u201cEn mi pueblo emprend\u00ed\u201d, la Diputaci\u00f3n de C\u00e1ceres refuerza su compromiso con el medio rural, impulsando un modelo de desarrollo basado en el emprendimiento, la innovaci\u00f3n y la colaboraci\u00f3n entre agentes.<\/span><\/p>\n<p><span lang=\"ES-TRAD\">Para m\u00e1s informaci\u00f3n sobre el proyecto y acceso a los recursos disponibles, las personas interesadas pueden consultar la web oficial: <\/span><span lang=\"ES-TRAD\"><a href=\"https:\/\/enmipuebloemprendi.es\/\" target=\"_blank\" rel=\"noopener\" data-saferedirecturl=\"https:\/\/www.google.com\/url?q=https:\/\/enmipuebloemprendi.es\/&amp;source=gmail&amp;ust=1777386476525000&amp;usg=AOvVaw342NfXKbkgY8nlNXXhUIUp\">https:\/\/enmipuebloemprendi.es\/<\/a><\/span><\/p>\n","protected":false},"excerpt":{"rendered":"<p>Un proyecto que ha puesto en marcha la Diputaci\u00f3n de C\u00e1ceres para impulsar el emprendimiento rural y que est\u00e1 recorriendo 10 municipios de la provincia\u00a0para detectar oportunidades, apoyar a personas emprendedoras y generar un modelo de desarrollo econ\u00f3mico adaptado al territorio. Una herramienta clave para generar empleo, fijar poblaci\u00f3n y crear nuevas oportunidades en la [&hellip;]<\/p>\n","protected":false},"author":3,"featured_media":76757,"comment_status":"open","ping_status":"open","sticky":false,"template":"","format":"standard","meta":{"_et_pb_use_builder":"","_et_pb_old_content":"","_et_gb_content_width":"","footnotes":""},"categories":[21,226,222,246],"tags":[151],"class_list":["post-76756","post","type-post","status-publish","format-standard","has-post-thumbnail","hentry","category-actualidad","category-diputacion","category-municipio-a-municipio","category-noticias","tag-destacada"],"yoast_head":"<!-- This site is optimized with the Yoast SEO plugin v26.7 - https:\/\/yoast.com\/wordpress\/plugins\/seo\/ -->\n<title>La necesidad disponer de una Red de apoyo al emprendimiento m\u00e1s accesible es una de las primeras conclusiones del proyecto \u201cEn mi pueblo emprend\u00ed\u201d - PSOE provincia de C\u00e1ceres<\/title>\n<meta name=\"robots\" content=\"index, follow, max-snippet:-1, max-image-preview:large, max-video-preview:-1\" \/>\n<link rel=\"canonical\" href=\"https:\/\/www.psoecaceres.com\/es\/actualidad\/la-necesidad-disponer-de-una-red-de-apoyo-al-emprendimiento-mas-accesible-es-una-de-las-primeras-conclusiones-del-proyecto-en-mi-pueblo-emprendi\/\" \/>\n<meta property=\"og:locale\" content=\"es_ES\" \/>\n<meta property=\"og:type\" content=\"article\" \/>\n<meta property=\"og:title\" content=\"La necesidad disponer de una Red de apoyo al emprendimiento m\u00e1s accesible es una de las primeras conclusiones del proyecto \u201cEn mi pueblo emprend\u00ed\u201d - PSOE provincia de C\u00e1ceres\" \/>\n<meta property=\"og:description\" content=\"Un proyecto que ha puesto en marcha la Diputaci\u00f3n de C\u00e1ceres para impulsar el emprendimiento rural y que est\u00e1 recorriendo 10 municipios de la provincia\u00a0para detectar oportunidades, apoyar a personas emprendedoras y generar un modelo de desarrollo econ\u00f3mico adaptado al territorio. Una herramienta clave para generar empleo, fijar poblaci\u00f3n y crear nuevas oportunidades en la [&hellip;]\" \/>\n<meta property=\"og:url\" content=\"https:\/\/www.psoecaceres.com\/es\/actualidad\/la-necesidad-disponer-de-una-red-de-apoyo-al-emprendimiento-mas-accesible-es-una-de-las-primeras-conclusiones-del-proyecto-en-mi-pueblo-emprendi\/\" \/>\n<meta property=\"og:site_name\" content=\"PSOE provincia de C\u00e1ceres\" \/>\n<meta property=\"article:publisher\" content=\"https:\/\/www.facebook.com\/psoecaceres\" \/>\n<meta property=\"article:published_time\" content=\"2026-04-26T22:31:39+00:00\" \/>\n<meta property=\"article:modified_time\" content=\"2026-04-27T14:33:36+00:00\" \/>\n<meta property=\"og:image\" content=\"https:\/\/www.psoecaceres.com\/es\/wp-content\/uploads\/2026\/04\/miajadas.jpeg\" \/>\n\t<meta property=\"og:image:width\" content=\"1600\" \/>\n\t<meta property=\"og:image:height\" content=\"1200\" \/>\n\t<meta property=\"og:image:type\" content=\"image\/jpeg\" \/>\n<meta name=\"author\" content=\"PSOE\" \/>\n<meta name=\"twitter:card\" content=\"summary_large_image\" \/>\n<meta name=\"twitter:creator\" content=\"@PSOEC\" \/>\n<meta name=\"twitter:site\" content=\"@PSOEC\" \/>\n<meta name=\"twitter:label1\" content=\"Escrito por\" \/>\n\t<meta name=\"twitter:data1\" content=\"PSOE\" \/>\n\t<meta name=\"twitter:label2\" content=\"Tiempo de lectura\" \/>\n\t<meta name=\"twitter:data2\" content=\"4 minutos\" \/>\n<script type=\"application\/ld+json\" class=\"yoast-schema-graph\">{\"@context\":\"https:\/\/schema.org\",\"@graph\":[{\"@type\":\"Article\",\"@id\":\"https:\/\/www.psoecaceres.com\/es\/actualidad\/la-necesidad-disponer-de-una-red-de-apoyo-al-emprendimiento-mas-accesible-es-una-de-las-primeras-conclusiones-del-proyecto-en-mi-pueblo-emprendi\/#article\",\"isPartOf\":{\"@id\":\"https:\/\/www.psoecaceres.com\/es\/actualidad\/la-necesidad-disponer-de-una-red-de-apoyo-al-emprendimiento-mas-accesible-es-una-de-las-primeras-conclusiones-del-proyecto-en-mi-pueblo-emprendi\/\"},\"author\":{\"name\":\"PSOE\",\"@id\":\"https:\/\/www.psoecaceres.com\/es\/#\/schema\/person\/f39f54f038cc2ed62af85f6d76c466a9\"},\"headline\":\"La necesidad disponer de una Red de apoyo al emprendimiento m\u00e1s accesible es una de las primeras conclusiones del proyecto \u201cEn mi pueblo emprend\u00ed\u201d\",\"datePublished\":\"2026-04-26T22:31:39+00:00\",\"dateModified\":\"2026-04-27T14:33:36+00:00\",\"mainEntityOfPage\":{\"@id\":\"https:\/\/www.psoecaceres.com\/es\/actualidad\/la-necesidad-disponer-de-una-red-de-apoyo-al-emprendimiento-mas-accesible-es-una-de-las-primeras-conclusiones-del-proyecto-en-mi-pueblo-emprendi\/\"},\"wordCount\":894,\"commentCount\":0,\"publisher\":{\"@id\":\"https:\/\/www.psoecaceres.com\/es\/#organization\"},\"image\":{\"@id\":\"https:\/\/www.psoecaceres.com\/es\/actualidad\/la-necesidad-disponer-de-una-red-de-apoyo-al-emprendimiento-mas-accesible-es-una-de-las-primeras-conclusiones-del-proyecto-en-mi-pueblo-emprendi\/#primaryimage\"},\"thumbnailUrl\":\"https:\/\/www.psoecaceres.com\/es\/wp-content\/uploads\/2026\/04\/miajadas.jpeg\",\"keywords\":[\"destacada\"],\"articleSection\":[\"Actualidad\",\"Diputaci\u00f3n\",\"Municipio a Municipio\",\"Noticias\"],\"inLanguage\":\"es\",\"potentialAction\":[{\"@type\":\"CommentAction\",\"name\":\"Comment\",\"target\":[\"https:\/\/www.psoecaceres.com\/es\/actualidad\/la-necesidad-disponer-de-una-red-de-apoyo-al-emprendimiento-mas-accesible-es-una-de-las-primeras-conclusiones-del-proyecto-en-mi-pueblo-emprendi\/#respond\"]}]},{\"@type\":\"WebPage\",\"@id\":\"https:\/\/www.psoecaceres.com\/es\/actualidad\/la-necesidad-disponer-de-una-red-de-apoyo-al-emprendimiento-mas-accesible-es-una-de-las-primeras-conclusiones-del-proyecto-en-mi-pueblo-emprendi\/\",\"url\":\"https:\/\/www.psoecaceres.com\/es\/actualidad\/la-necesidad-disponer-de-una-red-de-apoyo-al-emprendimiento-mas-accesible-es-una-de-las-primeras-conclusiones-del-proyecto-en-mi-pueblo-emprendi\/\",\"name\":\"La necesidad disponer de una Red de apoyo al emprendimiento m\u00e1s accesible es una de las primeras conclusiones del proyecto \u201cEn mi pueblo emprend\u00ed\u201d - PSOE provincia de C\u00e1ceres\",\"isPartOf\":{\"@id\":\"https:\/\/www.psoecaceres.com\/es\/#website\"},\"primaryImageOfPage\":{\"@id\":\"https:\/\/www.psoecaceres.com\/es\/actualidad\/la-necesidad-disponer-de-una-red-de-apoyo-al-emprendimiento-mas-accesible-es-una-de-las-primeras-conclusiones-del-proyecto-en-mi-pueblo-emprendi\/#primaryimage\"},\"image\":{\"@id\":\"https:\/\/www.psoecaceres.com\/es\/actualidad\/la-necesidad-disponer-de-una-red-de-apoyo-al-emprendimiento-mas-accesible-es-una-de-las-primeras-conclusiones-del-proyecto-en-mi-pueblo-emprendi\/#primaryimage\"},\"thumbnailUrl\":\"https:\/\/www.psoecaceres.com\/es\/wp-content\/uploads\/2026\/04\/miajadas.jpeg\",\"datePublished\":\"2026-04-26T22:31:39+00:00\",\"dateModified\":\"2026-04-27T14:33:36+00:00\",\"breadcrumb\":{\"@id\":\"https:\/\/www.psoecaceres.com\/es\/actualidad\/la-necesidad-disponer-de-una-red-de-apoyo-al-emprendimiento-mas-accesible-es-una-de-las-primeras-conclusiones-del-proyecto-en-mi-pueblo-emprendi\/#breadcrumb\"},\"inLanguage\":\"es\",\"potentialAction\":[{\"@type\":\"ReadAction\",\"target\":[\"https:\/\/www.psoecaceres.com\/es\/actualidad\/la-necesidad-disponer-de-una-red-de-apoyo-al-emprendimiento-mas-accesible-es-una-de-las-primeras-conclusiones-del-proyecto-en-mi-pueblo-emprendi\/\"]}]},{\"@type\":\"ImageObject\",\"inLanguage\":\"es\",\"@id\":\"https:\/\/www.psoecaceres.com\/es\/actualidad\/la-necesidad-disponer-de-una-red-de-apoyo-al-emprendimiento-mas-accesible-es-una-de-las-primeras-conclusiones-del-proyecto-en-mi-pueblo-emprendi\/#primaryimage\",\"url\":\"https:\/\/www.psoecaceres.com\/es\/wp-content\/uploads\/2026\/04\/miajadas.jpeg\",\"contentUrl\":\"https:\/\/www.psoecaceres.com\/es\/wp-content\/uploads\/2026\/04\/miajadas.jpeg\",\"width\":1600,\"height\":1200},{\"@type\":\"BreadcrumbList\",\"@id\":\"https:\/\/www.psoecaceres.com\/es\/actualidad\/la-necesidad-disponer-de-una-red-de-apoyo-al-emprendimiento-mas-accesible-es-una-de-las-primeras-conclusiones-del-proyecto-en-mi-pueblo-emprendi\/#breadcrumb\",\"itemListElement\":[{\"@type\":\"ListItem\",\"position\":1,\"name\":\"Portada\",\"item\":\"https:\/\/www.psoecaceres.com\/es\/\"},{\"@type\":\"ListItem\",\"position\":2,\"name\":\"La necesidad disponer de una Red de apoyo al emprendimiento m\u00e1s accesible es una de las primeras conclusiones del proyecto \u201cEn mi pueblo emprend\u00ed\u201d\"}]},{\"@type\":\"WebSite\",\"@id\":\"https:\/\/www.psoecaceres.com\/es\/#website\",\"url\":\"https:\/\/www.psoecaceres.com\/es\/\",\"name\":\"PSOE provincia de C\u00e1ceres\",\"description\":\"Pasi\u00f3n por Nuestros Pueblos\",\"publisher\":{\"@id\":\"https:\/\/www.psoecaceres.com\/es\/#organization\"},\"alternateName\":\"PSOE Caceres\",\"potentialAction\":[{\"@type\":\"SearchAction\",\"target\":{\"@type\":\"EntryPoint\",\"urlTemplate\":\"https:\/\/www.psoecaceres.com\/es\/?s={search_term_string}\"},\"query-input\":{\"@type\":\"PropertyValueSpecification\",\"valueRequired\":true,\"valueName\":\"search_term_string\"}}],\"inLanguage\":\"es\"},{\"@type\":\"Organization\",\"@id\":\"https:\/\/www.psoecaceres.com\/es\/#organization\",\"name\":\"Psoe C\u00e1ceres\",\"alternateName\":\"PSOE Caceres\",\"url\":\"https:\/\/www.psoecaceres.com\/es\/\",\"logo\":{\"@type\":\"ImageObject\",\"inLanguage\":\"es\",\"@id\":\"https:\/\/www.psoecaceres.com\/es\/#\/schema\/logo\/image\/\",\"url\":\"https:\/\/www.psoecaceres.com\/es\/wp-content\/uploads\/2020\/08\/logo-psoe-caceres-web-2020.png\",\"contentUrl\":\"https:\/\/www.psoecaceres.com\/es\/wp-content\/uploads\/2020\/08\/logo-psoe-caceres-web-2020.png\",\"width\":180,\"height\":105,\"caption\":\"Psoe C\u00e1ceres\"},\"image\":{\"@id\":\"https:\/\/www.psoecaceres.com\/es\/#\/schema\/logo\/image\/\"},\"sameAs\":[\"https:\/\/www.facebook.com\/psoecaceres\",\"https:\/\/x.com\/PSOEC\"]},{\"@type\":\"Person\",\"@id\":\"https:\/\/www.psoecaceres.com\/es\/#\/schema\/person\/f39f54f038cc2ed62af85f6d76c466a9\",\"name\":\"PSOE\",\"url\":\"https:\/\/www.psoecaceres.com\/es\/author\/ivar\/\"}]}<\/script>\n<!-- \/ Yoast SEO plugin. -->","yoast_head_json":{"title":"La necesidad disponer de una Red de apoyo al emprendimiento m\u00e1s accesible es una de las primeras conclusiones del proyecto \u201cEn mi pueblo emprend\u00ed\u201d - PSOE provincia de C\u00e1ceres","robots":{"index":"index","follow":"follow","max-snippet":"max-snippet:-1","max-image-preview":"max-image-preview:large","max-video-preview":"max-video-preview:-1"},"canonical":"https:\/\/www.psoecaceres.com\/es\/actualidad\/la-necesidad-disponer-de-una-red-de-apoyo-al-emprendimiento-mas-accesible-es-una-de-las-primeras-conclusiones-del-proyecto-en-mi-pueblo-emprendi\/","og_locale":"es_ES","og_type":"article","og_title":"La necesidad disponer de una Red de apoyo al emprendimiento m\u00e1s accesible es una de las primeras conclusiones del proyecto \u201cEn mi pueblo emprend\u00ed\u201d - PSOE provincia de C\u00e1ceres","og_description":"Un proyecto que ha puesto en marcha la Diputaci\u00f3n de C\u00e1ceres para impulsar el emprendimiento rural y que est\u00e1 recorriendo 10 municipios de la provincia\u00a0para detectar oportunidades, apoyar a personas emprendedoras y generar un modelo de desarrollo econ\u00f3mico adaptado al territorio. Una herramienta clave para generar empleo, fijar poblaci\u00f3n y crear nuevas oportunidades en la [&hellip;]","og_url":"https:\/\/www.psoecaceres.com\/es\/actualidad\/la-necesidad-disponer-de-una-red-de-apoyo-al-emprendimiento-mas-accesible-es-una-de-las-primeras-conclusiones-del-proyecto-en-mi-pueblo-emprendi\/","og_site_name":"PSOE provincia de C\u00e1ceres","article_publisher":"https:\/\/www.facebook.com\/psoecaceres","article_published_time":"2026-04-26T22:31:39+00:00","article_modified_time":"2026-04-27T14:33:36+00:00","og_image":[{"width":1600,"height":1200,"url":"https:\/\/www.psoecaceres.com\/es\/wp-content\/uploads\/2026\/04\/miajadas.jpeg","type":"image\/jpeg"}],"author":"PSOE","twitter_card":"summary_large_image","twitter_creator":"@PSOEC","twitter_site":"@PSOEC","twitter_misc":{"Escrito por":"PSOE","Tiempo de lectura":"4 minutos"},"schema":{"@context":"https:\/\/schema.org","@graph":[{"@type":"Article","@id":"https:\/\/www.psoecaceres.com\/es\/actualidad\/la-necesidad-disponer-de-una-red-de-apoyo-al-emprendimiento-mas-accesible-es-una-de-las-primeras-conclusiones-del-proyecto-en-mi-pueblo-emprendi\/#article","isPartOf":{"@id":"https:\/\/www.psoecaceres.com\/es\/actualidad\/la-necesidad-disponer-de-una-red-de-apoyo-al-emprendimiento-mas-accesible-es-una-de-las-primeras-conclusiones-del-proyecto-en-mi-pueblo-emprendi\/"},"author":{"name":"PSOE","@id":"https:\/\/www.psoecaceres.com\/es\/#\/schema\/person\/f39f54f038cc2ed62af85f6d76c466a9"},"headline":"La necesidad disponer de una Red de apoyo al emprendimiento m\u00e1s accesible es una de las primeras conclusiones del proyecto \u201cEn mi pueblo emprend\u00ed\u201d","datePublished":"2026-04-26T22:31:39+00:00","dateModified":"2026-04-27T14:33:36+00:00","mainEntityOfPage":{"@id":"https:\/\/www.psoecaceres.com\/es\/actualidad\/la-necesidad-disponer-de-una-red-de-apoyo-al-emprendimiento-mas-accesible-es-una-de-las-primeras-conclusiones-del-proyecto-en-mi-pueblo-emprendi\/"},"wordCount":894,"commentCount":0,"publisher":{"@id":"https:\/\/www.psoecaceres.com\/es\/#organization"},"image":{"@id":"https:\/\/www.psoecaceres.com\/es\/actualidad\/la-necesidad-disponer-de-una-red-de-apoyo-al-emprendimiento-mas-accesible-es-una-de-las-primeras-conclusiones-del-proyecto-en-mi-pueblo-emprendi\/#primaryimage"},"thumbnailUrl":"https:\/\/www.psoecaceres.com\/es\/wp-content\/uploads\/2026\/04\/miajadas.jpeg","keywords":["destacada"],"articleSection":["Actualidad","Diputaci\u00f3n","Municipio a Municipio","Noticias"],"inLanguage":"es","potentialAction":[{"@type":"CommentAction","name":"Comment","target":["https:\/\/www.psoecaceres.com\/es\/actualidad\/la-necesidad-disponer-de-una-red-de-apoyo-al-emprendimiento-mas-accesible-es-una-de-las-primeras-conclusiones-del-proyecto-en-mi-pueblo-emprendi\/#respond"]}]},{"@type":"WebPage","@id":"https:\/\/www.psoecaceres.com\/es\/actualidad\/la-necesidad-disponer-de-una-red-de-apoyo-al-emprendimiento-mas-accesible-es-una-de-las-primeras-conclusiones-del-proyecto-en-mi-pueblo-emprendi\/","url":"https:\/\/www.psoecaceres.com\/es\/actualidad\/la-necesidad-disponer-de-una-red-de-apoyo-al-emprendimiento-mas-accesible-es-una-de-las-primeras-conclusiones-del-proyecto-en-mi-pueblo-emprendi\/","name":"La necesidad disponer de una Red de apoyo al emprendimiento m\u00e1s accesible es una de las primeras conclusiones del proyecto \u201cEn mi pueblo emprend\u00ed\u201d - PSOE provincia de C\u00e1ceres","isPartOf":{"@id":"https:\/\/www.psoecaceres.com\/es\/#website"},"primaryImageOfPage":{"@id":"https:\/\/www.psoecaceres.com\/es\/actualidad\/la-necesidad-disponer-de-una-red-de-apoyo-al-emprendimiento-mas-accesible-es-una-de-las-primeras-conclusiones-del-proyecto-en-mi-pueblo-emprendi\/#primaryimage"},"image":{"@id":"https:\/\/www.psoecaceres.com\/es\/actualidad\/la-necesidad-disponer-de-una-red-de-apoyo-al-emprendimiento-mas-accesible-es-una-de-las-primeras-conclusiones-del-proyecto-en-mi-pueblo-emprendi\/#primaryimage"},"thumbnailUrl":"https:\/\/www.psoecaceres.com\/es\/wp-content\/uploads\/2026\/04\/miajadas.jpeg","datePublished":"2026-04-26T22:31:39+00:00","dateModified":"2026-04-27T14:33:36+00:00","breadcrumb":{"@id":"https:\/\/www.psoecaceres.com\/es\/actualidad\/la-necesidad-disponer-de-una-red-de-apoyo-al-emprendimiento-mas-accesible-es-una-de-las-primeras-conclusiones-del-proyecto-en-mi-pueblo-emprendi\/#breadcrumb"},"inLanguage":"es","potentialAction":[{"@type":"ReadAction","target":["https:\/\/www.psoecaceres.com\/es\/actualidad\/la-necesidad-disponer-de-una-red-de-apoyo-al-emprendimiento-mas-accesible-es-una-de-las-primeras-conclusiones-del-proyecto-en-mi-pueblo-emprendi\/"]}]},{"@type":"ImageObject","inLanguage":"es","@id":"https:\/\/www.psoecaceres.com\/es\/actualidad\/la-necesidad-disponer-de-una-red-de-apoyo-al-emprendimiento-mas-accesible-es-una-de-las-primeras-conclusiones-del-proyecto-en-mi-pueblo-emprendi\/#primaryimage","url":"https:\/\/www.psoecaceres.com\/es\/wp-content\/uploads\/2026\/04\/miajadas.jpeg","contentUrl":"https:\/\/www.psoecaceres.com\/es\/wp-content\/uploads\/2026\/04\/miajadas.jpeg","width":1600,"height":1200},{"@type":"BreadcrumbList","@id":"https:\/\/www.psoecaceres.com\/es\/actualidad\/la-necesidad-disponer-de-una-red-de-apoyo-al-emprendimiento-mas-accesible-es-una-de-las-primeras-conclusiones-del-proyecto-en-mi-pueblo-emprendi\/#breadcrumb","itemListElement":[{"@type":"ListItem","position":1,"name":"Portada","item":"https:\/\/www.psoecaceres.com\/es\/"},{"@type":"ListItem","position":2,"name":"La necesidad disponer de una Red de apoyo al emprendimiento m\u00e1s accesible es una de las primeras conclusiones del proyecto \u201cEn mi pueblo emprend\u00ed\u201d"}]},{"@type":"WebSite","@id":"https:\/\/www.psoecaceres.com\/es\/#website","url":"https:\/\/www.psoecaceres.com\/es\/","name":"PSOE provincia de C\u00e1ceres","description":"Pasi\u00f3n por Nuestros Pueblos","publisher":{"@id":"https:\/\/www.psoecaceres.com\/es\/#organization"},"alternateName":"PSOE Caceres","potentialAction":[{"@type":"SearchAction","target":{"@type":"EntryPoint","urlTemplate":"https:\/\/www.psoecaceres.com\/es\/?s={search_term_string}"},"query-input":{"@type":"PropertyValueSpecification","valueRequired":true,"valueName":"search_term_string"}}],"inLanguage":"es"},{"@type":"Organization","@id":"https:\/\/www.psoecaceres.com\/es\/#organization","name":"Psoe C\u00e1ceres","alternateName":"PSOE Caceres","url":"https:\/\/www.psoecaceres.com\/es\/","logo":{"@type":"ImageObject","inLanguage":"es","@id":"https:\/\/www.psoecaceres.com\/es\/#\/schema\/logo\/image\/","url":"https:\/\/www.psoecaceres.com\/es\/wp-content\/uploads\/2020\/08\/logo-psoe-caceres-web-2020.png","contentUrl":"https:\/\/www.psoecaceres.com\/es\/wp-content\/uploads\/2020\/08\/logo-psoe-caceres-web-2020.png","width":180,"height":105,"caption":"Psoe C\u00e1ceres"},"image":{"@id":"https:\/\/www.psoecaceres.com\/es\/#\/schema\/logo\/image\/"},"sameAs":["https:\/\/www.facebook.com\/psoecaceres","https:\/\/x.com\/PSOEC"]},{"@type":"Person","@id":"https:\/\/www.psoecaceres.com\/es\/#\/schema\/person\/f39f54f038cc2ed62af85f6d76c466a9","name":"PSOE","url":"https:\/\/www.psoecaceres.com\/es\/author\/ivar\/"}]}},"_links":{"self":[{"href":"https:\/\/www.psoecaceres.com\/es\/wp-json\/wp\/v2\/posts\/76756","targetHints":{"allow":["GET"]}}],"collection":[{"href":"https:\/\/www.psoecaceres.com\/es\/wp-json\/wp\/v2\/posts"}],"about":[{"href":"https:\/\/www.psoecaceres.com\/es\/wp-json\/wp\/v2\/types\/post"}],"author":[{"embeddable":true,"href":"https:\/\/www.psoecaceres.com\/es\/wp-json\/wp\/v2\/users\/3"}],"replies":[{"embeddable":true,"href":"https:\/\/www.psoecaceres.com\/es\/wp-json\/wp\/v2\/comments?post=76756"}],"version-history":[{"count":1,"href":"https:\/\/www.psoecaceres.com\/es\/wp-json\/wp\/v2\/posts\/76756\/revisions"}],"predecessor-version":[{"id":76758,"href":"https:\/\/www.psoecaceres.com\/es\/wp-json\/wp\/v2\/posts\/76756\/revisions\/76758"}],"wp:featuredmedia":[{"embeddable":true,"href":"https:\/\/www.psoecaceres.com\/es\/wp-json\/wp\/v2\/media\/76757"}],"wp:attachment":[{"href":"https:\/\/www.psoecaceres.com\/es\/wp-json\/wp\/v2\/media?parent=76756"}],"wp:term":[{"taxonomy":"category","embeddable":true,"href":"https:\/\/www.psoecaceres.com\/es\/wp-json\/wp\/v2\/categories?post=76756"},{"taxonomy":"post_tag","embeddable":true,"href":"https:\/\/www.psoecaceres.com\/es\/wp-json\/wp\/v2\/tags?post=76756"}],"curies":[{"name":"wp","href":"https:\/\/api.w.org\/{rel}","templated":true}]}}