{"id":76759,"date":"2026-04-28T11:00:27","date_gmt":"2026-04-28T09:00:27","guid":{"rendered":"https:\/\/www.psoecaceres.com\/es\/?p=76759"},"modified":"2026-04-28T11:01:11","modified_gmt":"2026-04-28T09:01:11","slug":"alvaro-s-cotrina-vamos-a-poner-pie-en-pared-ante-cualquier-intento-de-pp-vox-de-vulnerar-derechos-o-de-actuar-fuera-del-marco-legal","status":"publish","type":"post","link":"https:\/\/www.psoecaceres.com\/es\/actualidad\/alvaro-s-cotrina-vamos-a-poner-pie-en-pared-ante-cualquier-intento-de-pp-vox-de-vulnerar-derechos-o-de-actuar-fuera-del-marco-legal\/","title":{"rendered":"\u00c1lvaro S. Cotrina: \u201cVamos a poner pie en pared ante cualquier intento de PP-Vox de vulnerar derechos o de actuar fuera del marco legal\u00bb"},"content":{"rendered":"<p data-start=\"142\" data-end=\"500\">El secretario general del PSOE de Extremadura, <strong data-start=\"189\" data-end=\"215\">\u00c1lvaro S\u00e1nchez Cotrina<\/strong>, ha comparecido este lunes en rueda de prensa tras la celebraci\u00f3n de la primera Ejecutiva Regional del partido, donde ha criticado la situaci\u00f3n de <strong data-start=\"363\" data-end=\"390\">\u201cbloqueo institucional\u201d<\/strong> que atraviesa la comunidad aut\u00f3noma y la <strong data-start=\"432\" data-end=\"499\">falta de avances en la conformaci\u00f3n del nuevo Gobierno regional<\/strong>.<\/p>\n<p data-start=\"502\" data-end=\"842\">S\u00e1nchez Cotrina ha denunciado que la regi\u00f3n acumula <strong data-start=\"554\" data-end=\"581\">seis meses de par\u00e1lisis<\/strong>, en los que, seg\u00fan ha se\u00f1alado, <strong data-start=\"614\" data-end=\"743\">\u201ca la se\u00f1ora Guardiola no le han preocupado ni los anhelos, ni los sue\u00f1os, ni los retos de presente y de futuro de la regi\u00f3n\u201d<\/strong>, lamentando que el debate pol\u00edtico se haya alejado de las verdaderas prioridades de la ciudadan\u00eda.<\/p>\n<p data-start=\"844\" data-end=\"1340\">En este sentido, ha reprochado la <strong data-start=\"878\" data-end=\"944\">ausencia de propuestas sobre cuestiones clave para Extremadura<\/strong>. <strong data-start=\"948\" data-end=\"1126\">\u201cNo he o\u00eddo ni a la presidenta, ni a ning\u00fan l\u00edder del Partido Popular ni de Vox hablar de industrializaci\u00f3n, de mejor financiaci\u00f3n o de los problemas reales de la ciudadan\u00eda\u201d<\/strong>, ha afirmado. Asimismo, ha cuestionado la demora en la formaci\u00f3n del Ejecutivo auton\u00f3mico: <strong data-start=\"1220\" data-end=\"1339\">\u201cSi ya tienen un pacto firmado entre el Partido Popular y Vox, \u00bfa qu\u00e9 est\u00e1n esperando para formalizar el Gobierno?\u201d<\/strong>.<\/p>\n<p data-start=\"1342\" data-end=\"1791\">En este contexto, ha interpelado directamente a la presidenta preguntando: <strong data-start=\"1417\" data-end=\"1490\">\u201c\u00bfA qu\u00e9 espera para dar estabilidad a Extremadura y formar gobierno?\u201d<\/strong>, recordando que el plazo para la constituci\u00f3n del Ejecutivo finaliza el pr\u00f3ximo mi\u00e9rcoles.<br data-start=\"1581\" data-end=\"1584\" \/>El dirigente socialista ha subrayado que el PSOE mantendr\u00e1 una <strong data-start=\"1647\" data-end=\"1677\">oposici\u00f3n firme y exigente<\/strong>, con el compromiso de sus representantes para <strong data-start=\"1724\" data-end=\"1790\">fiscalizar cada consejer\u00eda y cada decisi\u00f3n del futuro Gobierno<\/strong>.<\/p>\n<p data-start=\"1793\" data-end=\"2236\">S\u00e1nchez Cotrina ha defendido, adem\u00e1s, que el partido inicia una nueva etapa marcada por la <strong data-start=\"1884\" data-end=\"1975\">\u201cambici\u00f3n de gobierno, la movilizaci\u00f3n interna y la preparaci\u00f3n para ganar Extremadura\u201d<\/strong>. Ha asegurado que el PSOE <strong data-start=\"2002\" data-end=\"2080\">\u201cha vuelto con fuerza, con convicciones intactas y con un proyecto s\u00f3lido\u201d<\/strong>, frente a un Ejecutivo al que ha acusado de <strong data-start=\"2125\" data-end=\"2235\">\u201ccarecer de rumbo y estar m\u00e1s pendiente de sus equilibrios internos que de los problemas de la ciudadan\u00eda\u201d<\/strong>.<\/p>\n<p data-start=\"2238\" data-end=\"2626\">En su intervenci\u00f3n, ha reprochado a la presidenta haber <strong data-start=\"2294\" data-end=\"2361\">\u201centregado la estabilidad del Gobierno a la dependencia de Vox\u201d<\/strong>, advirtiendo de que <strong data-start=\"2382\" data-end=\"2454\">\u201cExtremadura tiene hoy un Gobierno condicionado por la ultraderecha\u201d<\/strong>.<br data-start=\"2455\" data-end=\"2458\" \/><strong data-start=\"2458\" data-end=\"2612\">\u201cEl propio socio reconoce que la estabilidad depende de su voluntad pol\u00edtica. Estamos ante un Gobierno sin autonom\u00eda y sin capacidad real de decisi\u00f3n\u201d<\/strong>, ha afirmado.<\/p>\n<p data-start=\"2628\" data-end=\"2957\">Asimismo, ha alertado sobre la introducci\u00f3n de conceptos como la <strong data-start=\"2693\" data-end=\"2712\">\u201cdesregulaci\u00f3n\u201d<\/strong> en el discurso pol\u00edtico, vincul\u00e1ndolos a postulados de la ultraderecha internacional, y ha advertido de que estas posiciones <strong data-start=\"2838\" data-end=\"2956\">\u201cponen en riesgo el modelo de di\u00e1logo social que ha permitido el desarrollo de Extremadura en las \u00faltimas d\u00e9cadas\u201d<\/strong>.<\/p>\n<p data-start=\"2959\" data-end=\"3444\">Ante este escenario, ha anunciado la creaci\u00f3n de un <strong data-start=\"3011\" data-end=\"3038\">comit\u00e9 t\u00e9cnico-jur\u00eddico<\/strong> dentro del partido, integrado por perfiles de \u00e1mbito nacional, auton\u00f3mico y local, que analizar\u00e1 cualquier iniciativa del Gobierno regional que pueda afectar a la legalidad o a los derechos de la ciudadan\u00eda. <strong data-start=\"3249\" data-end=\"3429\">\u201cVamos a poner pie en pared ante cualquier intento de vulnerar derechos o de actuar fuera del marco legal. El PSOE estar\u00e1 vigilante, con rigor jur\u00eddico y contundencia pol\u00edtica\u201d<\/strong>, ha subrayado.<\/p>\n<p data-start=\"3446\" data-end=\"3689\">S\u00e1nchez Cotrina ha insistido en que el PSOE ejercer\u00e1 una <strong data-start=\"3503\" data-end=\"3570\">oposici\u00f3n \u201cleal en lo institucional, pero firme en lo pol\u00edtico\u201d<\/strong>, trabajando de forma coordinada con el grupo parlamentario para <strong data-start=\"3635\" data-end=\"3688\">dar respuesta a los problemas reales de la regi\u00f3n<\/strong>.<\/p>\n<p data-start=\"3691\" data-end=\"3961\">El l\u00edder socialista ha concluido asegurando que el PSOE de Extremadura <strong data-start=\"3762\" data-end=\"3840\">\u201cest\u00e1 preparado para liderar una alternativa seria, estable y mayoritaria\u201d<\/strong>, frente a un Gobierno que, a su juicio, <strong data-start=\"3881\" data-end=\"3960\">\u201cha elegido la dependencia pol\u00edtica en lugar de la autonom\u00eda institucional\u201d<\/strong>.<\/p>\n<p><iframe loading=\"lazy\" style=\"border: none; overflow: hidden;\" src=\"https:\/\/www.facebook.com\/plugins\/post.php?href=https%3A%2F%2Fwww.facebook.com%2Fpsoecaceres%2Fposts%2Fpfbid0DwbTD5acdnsjcbBQDPXxZ6LzRYnTUcF4Z9xPL23fTMeS4nrMJ79wLQNHpdBvTYn9l&amp;show_text=true&amp;width=500\" width=\"500\" height=\"1086\" frameborder=\"0\" scrolling=\"no\" allowfullscreen=\"allowfullscreen\"><\/iframe><\/p>\n","protected":false},"excerpt":{"rendered":"<p>El secretario general del PSOE de Extremadura, \u00c1lvaro S\u00e1nchez Cotrina, ha comparecido este lunes en rueda de prensa tras la celebraci\u00f3n de la primera Ejecutiva Regional del partido, donde ha criticado la situaci\u00f3n de \u201cbloqueo institucional\u201d que atraviesa la comunidad aut\u00f3noma y la falta de avances en la conformaci\u00f3n del nuevo Gobierno regional. S\u00e1nchez Cotrina [&hellip;]<\/p>\n","protected":false},"author":3,"featured_media":76760,"comment_status":"open","ping_status":"open","sticky":false,"template":"","format":"standard","meta":{"_et_pb_use_builder":"","_et_pb_old_content":"","_et_gb_content_width":"","footnotes":""},"categories":[21,295,233,245,20],"tags":[151],"class_list":["post-76759","post","type-post","status-publish","format-standard","has-post-thumbnail","hentry","category-actualidad","category-alvaro-s-cotrina-secretario-general-psoe-extremadura","category-grupoparlamentario","category-junta-de-extremadura","category-prensa","tag-destacada"],"yoast_head":"<!-- This site is optimized with the Yoast SEO plugin v26.7 - https:\/\/yoast.com\/wordpress\/plugins\/seo\/ -->\n<title>\u00c1lvaro S. Cotrina: \u201cVamos a poner pie en pared ante cualquier intento de PP-Vox de vulnerar derechos o de actuar fuera del marco legal&quot; - PSOE provincia de C\u00e1ceres<\/title>\n<meta name=\"robots\" content=\"index, follow, max-snippet:-1, max-image-preview:large, max-video-preview:-1\" \/>\n<link rel=\"canonical\" href=\"https:\/\/www.psoecaceres.com\/es\/actualidad\/alvaro-s-cotrina-vamos-a-poner-pie-en-pared-ante-cualquier-intento-de-pp-vox-de-vulnerar-derechos-o-de-actuar-fuera-del-marco-legal\/\" \/>\n<meta property=\"og:locale\" content=\"es_ES\" \/>\n<meta property=\"og:type\" content=\"article\" \/>\n<meta property=\"og:title\" content=\"\u00c1lvaro S. Cotrina: \u201cVamos a poner pie en pared ante cualquier intento de PP-Vox de vulnerar derechos o de actuar fuera del marco legal&quot; - PSOE provincia de C\u00e1ceres\" \/>\n<meta property=\"og:description\" content=\"El secretario general del PSOE de Extremadura, \u00c1lvaro S\u00e1nchez Cotrina, ha comparecido este lunes en rueda de prensa tras la celebraci\u00f3n de la primera Ejecutiva Regional del partido, donde ha criticado la situaci\u00f3n de \u201cbloqueo institucional\u201d que atraviesa la comunidad aut\u00f3noma y la falta de avances en la conformaci\u00f3n del nuevo Gobierno regional. S\u00e1nchez Cotrina [&hellip;]\" \/>\n<meta property=\"og:url\" content=\"https:\/\/www.psoecaceres.com\/es\/actualidad\/alvaro-s-cotrina-vamos-a-poner-pie-en-pared-ante-cualquier-intento-de-pp-vox-de-vulnerar-derechos-o-de-actuar-fuera-del-marco-legal\/\" \/>\n<meta property=\"og:site_name\" content=\"PSOE provincia de C\u00e1ceres\" \/>\n<meta property=\"article:publisher\" content=\"https:\/\/www.facebook.com\/psoecaceres\" \/>\n<meta property=\"article:published_time\" content=\"2026-04-28T09:00:27+00:00\" \/>\n<meta property=\"article:modified_time\" content=\"2026-04-28T09:01:11+00:00\" \/>\n<meta property=\"og:image\" content=\"https:\/\/www.psoecaceres.com\/es\/wp-content\/uploads\/2026\/04\/Alvaro-rueda-de-prensa.jpeg\" \/>\n\t<meta property=\"og:image:width\" content=\"2048\" \/>\n\t<meta property=\"og:image:height\" content=\"1365\" \/>\n\t<meta property=\"og:image:type\" content=\"image\/jpeg\" \/>\n<meta name=\"author\" content=\"PSOE\" \/>\n<meta name=\"twitter:card\" content=\"summary_large_image\" \/>\n<meta name=\"twitter:creator\" content=\"@PSOEC\" \/>\n<meta name=\"twitter:site\" content=\"@PSOEC\" \/>\n<meta name=\"twitter:label1\" content=\"Escrito por\" \/>\n\t<meta name=\"twitter:data1\" content=\"PSOE\" \/>\n\t<meta name=\"twitter:label2\" content=\"Tiempo de lectura\" \/>\n\t<meta name=\"twitter:data2\" content=\"3 minutos\" \/>\n<script type=\"application\/ld+json\" class=\"yoast-schema-graph\">{\"@context\":\"https:\/\/schema.org\",\"@graph\":[{\"@type\":\"Article\",\"@id\":\"https:\/\/www.psoecaceres.com\/es\/actualidad\/alvaro-s-cotrina-vamos-a-poner-pie-en-pared-ante-cualquier-intento-de-pp-vox-de-vulnerar-derechos-o-de-actuar-fuera-del-marco-legal\/#article\",\"isPartOf\":{\"@id\":\"https:\/\/www.psoecaceres.com\/es\/actualidad\/alvaro-s-cotrina-vamos-a-poner-pie-en-pared-ante-cualquier-intento-de-pp-vox-de-vulnerar-derechos-o-de-actuar-fuera-del-marco-legal\/\"},\"author\":{\"name\":\"PSOE\",\"@id\":\"https:\/\/www.psoecaceres.com\/es\/#\/schema\/person\/f39f54f038cc2ed62af85f6d76c466a9\"},\"headline\":\"\u00c1lvaro S. Cotrina: \u201cVamos a poner pie en pared ante cualquier intento de PP-Vox de vulnerar derechos o de actuar fuera del marco legal\u00bb\",\"datePublished\":\"2026-04-28T09:00:27+00:00\",\"dateModified\":\"2026-04-28T09:01:11+00:00\",\"mainEntityOfPage\":{\"@id\":\"https:\/\/www.psoecaceres.com\/es\/actualidad\/alvaro-s-cotrina-vamos-a-poner-pie-en-pared-ante-cualquier-intento-de-pp-vox-de-vulnerar-derechos-o-de-actuar-fuera-del-marco-legal\/\"},\"wordCount\":667,\"commentCount\":0,\"publisher\":{\"@id\":\"https:\/\/www.psoecaceres.com\/es\/#organization\"},\"image\":{\"@id\":\"https:\/\/www.psoecaceres.com\/es\/actualidad\/alvaro-s-cotrina-vamos-a-poner-pie-en-pared-ante-cualquier-intento-de-pp-vox-de-vulnerar-derechos-o-de-actuar-fuera-del-marco-legal\/#primaryimage\"},\"thumbnailUrl\":\"https:\/\/www.psoecaceres.com\/es\/wp-content\/uploads\/2026\/04\/Alvaro-rueda-de-prensa.jpeg\",\"keywords\":[\"destacada\"],\"articleSection\":[\"Actualidad\",\"\u00c1lvaro S. Cotrina - Secretario General PSOE Extremadura\",\"Grupo Parlamentario\",\"Junta de Extremadura\",\"Prensa\"],\"inLanguage\":\"es\",\"potentialAction\":[{\"@type\":\"CommentAction\",\"name\":\"Comment\",\"target\":[\"https:\/\/www.psoecaceres.com\/es\/actualidad\/alvaro-s-cotrina-vamos-a-poner-pie-en-pared-ante-cualquier-intento-de-pp-vox-de-vulnerar-derechos-o-de-actuar-fuera-del-marco-legal\/#respond\"]}]},{\"@type\":\"WebPage\",\"@id\":\"https:\/\/www.psoecaceres.com\/es\/actualidad\/alvaro-s-cotrina-vamos-a-poner-pie-en-pared-ante-cualquier-intento-de-pp-vox-de-vulnerar-derechos-o-de-actuar-fuera-del-marco-legal\/\",\"url\":\"https:\/\/www.psoecaceres.com\/es\/actualidad\/alvaro-s-cotrina-vamos-a-poner-pie-en-pared-ante-cualquier-intento-de-pp-vox-de-vulnerar-derechos-o-de-actuar-fuera-del-marco-legal\/\",\"name\":\"\u00c1lvaro S. Cotrina: \u201cVamos a poner pie en pared ante cualquier intento de PP-Vox de vulnerar derechos o de actuar fuera del marco legal\\\" - PSOE provincia de C\u00e1ceres\",\"isPartOf\":{\"@id\":\"https:\/\/www.psoecaceres.com\/es\/#website\"},\"primaryImageOfPage\":{\"@id\":\"https:\/\/www.psoecaceres.com\/es\/actualidad\/alvaro-s-cotrina-vamos-a-poner-pie-en-pared-ante-cualquier-intento-de-pp-vox-de-vulnerar-derechos-o-de-actuar-fuera-del-marco-legal\/#primaryimage\"},\"image\":{\"@id\":\"https:\/\/www.psoecaceres.com\/es\/actualidad\/alvaro-s-cotrina-vamos-a-poner-pie-en-pared-ante-cualquier-intento-de-pp-vox-de-vulnerar-derechos-o-de-actuar-fuera-del-marco-legal\/#primaryimage\"},\"thumbnailUrl\":\"https:\/\/www.psoecaceres.com\/es\/wp-content\/uploads\/2026\/04\/Alvaro-rueda-de-prensa.jpeg\",\"datePublished\":\"2026-04-28T09:00:27+00:00\",\"dateModified\":\"2026-04-28T09:01:11+00:00\",\"breadcrumb\":{\"@id\":\"https:\/\/www.psoecaceres.com\/es\/actualidad\/alvaro-s-cotrina-vamos-a-poner-pie-en-pared-ante-cualquier-intento-de-pp-vox-de-vulnerar-derechos-o-de-actuar-fuera-del-marco-legal\/#breadcrumb\"},\"inLanguage\":\"es\",\"potentialAction\":[{\"@type\":\"ReadAction\",\"target\":[\"https:\/\/www.psoecaceres.com\/es\/actualidad\/alvaro-s-cotrina-vamos-a-poner-pie-en-pared-ante-cualquier-intento-de-pp-vox-de-vulnerar-derechos-o-de-actuar-fuera-del-marco-legal\/\"]}]},{\"@type\":\"ImageObject\",\"inLanguage\":\"es\",\"@id\":\"https:\/\/www.psoecaceres.com\/es\/actualidad\/alvaro-s-cotrina-vamos-a-poner-pie-en-pared-ante-cualquier-intento-de-pp-vox-de-vulnerar-derechos-o-de-actuar-fuera-del-marco-legal\/#primaryimage\",\"url\":\"https:\/\/www.psoecaceres.com\/es\/wp-content\/uploads\/2026\/04\/Alvaro-rueda-de-prensa.jpeg\",\"contentUrl\":\"https:\/\/www.psoecaceres.com\/es\/wp-content\/uploads\/2026\/04\/Alvaro-rueda-de-prensa.jpeg\",\"width\":2048,\"height\":1365},{\"@type\":\"BreadcrumbList\",\"@id\":\"https:\/\/www.psoecaceres.com\/es\/actualidad\/alvaro-s-cotrina-vamos-a-poner-pie-en-pared-ante-cualquier-intento-de-pp-vox-de-vulnerar-derechos-o-de-actuar-fuera-del-marco-legal\/#breadcrumb\",\"itemListElement\":[{\"@type\":\"ListItem\",\"position\":1,\"name\":\"Portada\",\"item\":\"https:\/\/www.psoecaceres.com\/es\/\"},{\"@type\":\"ListItem\",\"position\":2,\"name\":\"\u00c1lvaro S. Cotrina: \u201cVamos a poner pie en pared ante cualquier intento de PP-Vox de vulnerar derechos o de actuar fuera del marco legal\u00bb\"}]},{\"@type\":\"WebSite\",\"@id\":\"https:\/\/www.psoecaceres.com\/es\/#website\",\"url\":\"https:\/\/www.psoecaceres.com\/es\/\",\"name\":\"PSOE provincia de C\u00e1ceres\",\"description\":\"Pasi\u00f3n por Nuestros Pueblos\",\"publisher\":{\"@id\":\"https:\/\/www.psoecaceres.com\/es\/#organization\"},\"alternateName\":\"PSOE Caceres\",\"potentialAction\":[{\"@type\":\"SearchAction\",\"target\":{\"@type\":\"EntryPoint\",\"urlTemplate\":\"https:\/\/www.psoecaceres.com\/es\/?s={search_term_string}\"},\"query-input\":{\"@type\":\"PropertyValueSpecification\",\"valueRequired\":true,\"valueName\":\"search_term_string\"}}],\"inLanguage\":\"es\"},{\"@type\":\"Organization\",\"@id\":\"https:\/\/www.psoecaceres.com\/es\/#organization\",\"name\":\"Psoe C\u00e1ceres\",\"alternateName\":\"PSOE Caceres\",\"url\":\"https:\/\/www.psoecaceres.com\/es\/\",\"logo\":{\"@type\":\"ImageObject\",\"inLanguage\":\"es\",\"@id\":\"https:\/\/www.psoecaceres.com\/es\/#\/schema\/logo\/image\/\",\"url\":\"https:\/\/www.psoecaceres.com\/es\/wp-content\/uploads\/2020\/08\/logo-psoe-caceres-web-2020.png\",\"contentUrl\":\"https:\/\/www.psoecaceres.com\/es\/wp-content\/uploads\/2020\/08\/logo-psoe-caceres-web-2020.png\",\"width\":180,\"height\":105,\"caption\":\"Psoe C\u00e1ceres\"},\"image\":{\"@id\":\"https:\/\/www.psoecaceres.com\/es\/#\/schema\/logo\/image\/\"},\"sameAs\":[\"https:\/\/www.facebook.com\/psoecaceres\",\"https:\/\/x.com\/PSOEC\"]},{\"@type\":\"Person\",\"@id\":\"https:\/\/www.psoecaceres.com\/es\/#\/schema\/person\/f39f54f038cc2ed62af85f6d76c466a9\",\"name\":\"PSOE\",\"url\":\"https:\/\/www.psoecaceres.com\/es\/author\/ivar\/\"}]}<\/script>\n<!-- \/ Yoast SEO plugin. -->","yoast_head_json":{"title":"\u00c1lvaro S. Cotrina: \u201cVamos a poner pie en pared ante cualquier intento de PP-Vox de vulnerar derechos o de actuar fuera del marco legal\" - PSOE provincia de C\u00e1ceres","robots":{"index":"index","follow":"follow","max-snippet":"max-snippet:-1","max-image-preview":"max-image-preview:large","max-video-preview":"max-video-preview:-1"},"canonical":"https:\/\/www.psoecaceres.com\/es\/actualidad\/alvaro-s-cotrina-vamos-a-poner-pie-en-pared-ante-cualquier-intento-de-pp-vox-de-vulnerar-derechos-o-de-actuar-fuera-del-marco-legal\/","og_locale":"es_ES","og_type":"article","og_title":"\u00c1lvaro S. Cotrina: \u201cVamos a poner pie en pared ante cualquier intento de PP-Vox de vulnerar derechos o de actuar fuera del marco legal\" - PSOE provincia de C\u00e1ceres","og_description":"El secretario general del PSOE de Extremadura, \u00c1lvaro S\u00e1nchez Cotrina, ha comparecido este lunes en rueda de prensa tras la celebraci\u00f3n de la primera Ejecutiva Regional del partido, donde ha criticado la situaci\u00f3n de \u201cbloqueo institucional\u201d que atraviesa la comunidad aut\u00f3noma y la falta de avances en la conformaci\u00f3n del nuevo Gobierno regional. S\u00e1nchez Cotrina [&hellip;]","og_url":"https:\/\/www.psoecaceres.com\/es\/actualidad\/alvaro-s-cotrina-vamos-a-poner-pie-en-pared-ante-cualquier-intento-de-pp-vox-de-vulnerar-derechos-o-de-actuar-fuera-del-marco-legal\/","og_site_name":"PSOE provincia de C\u00e1ceres","article_publisher":"https:\/\/www.facebook.com\/psoecaceres","article_published_time":"2026-04-28T09:00:27+00:00","article_modified_time":"2026-04-28T09:01:11+00:00","og_image":[{"width":2048,"height":1365,"url":"https:\/\/www.psoecaceres.com\/es\/wp-content\/uploads\/2026\/04\/Alvaro-rueda-de-prensa.jpeg","type":"image\/jpeg"}],"author":"PSOE","twitter_card":"summary_large_image","twitter_creator":"@PSOEC","twitter_site":"@PSOEC","twitter_misc":{"Escrito por":"PSOE","Tiempo de lectura":"3 minutos"},"schema":{"@context":"https:\/\/schema.org","@graph":[{"@type":"Article","@id":"https:\/\/www.psoecaceres.com\/es\/actualidad\/alvaro-s-cotrina-vamos-a-poner-pie-en-pared-ante-cualquier-intento-de-pp-vox-de-vulnerar-derechos-o-de-actuar-fuera-del-marco-legal\/#article","isPartOf":{"@id":"https:\/\/www.psoecaceres.com\/es\/actualidad\/alvaro-s-cotrina-vamos-a-poner-pie-en-pared-ante-cualquier-intento-de-pp-vox-de-vulnerar-derechos-o-de-actuar-fuera-del-marco-legal\/"},"author":{"name":"PSOE","@id":"https:\/\/www.psoecaceres.com\/es\/#\/schema\/person\/f39f54f038cc2ed62af85f6d76c466a9"},"headline":"\u00c1lvaro S. Cotrina: \u201cVamos a poner pie en pared ante cualquier intento de PP-Vox de vulnerar derechos o de actuar fuera del marco legal\u00bb","datePublished":"2026-04-28T09:00:27+00:00","dateModified":"2026-04-28T09:01:11+00:00","mainEntityOfPage":{"@id":"https:\/\/www.psoecaceres.com\/es\/actualidad\/alvaro-s-cotrina-vamos-a-poner-pie-en-pared-ante-cualquier-intento-de-pp-vox-de-vulnerar-derechos-o-de-actuar-fuera-del-marco-legal\/"},"wordCount":667,"commentCount":0,"publisher":{"@id":"https:\/\/www.psoecaceres.com\/es\/#organization"},"image":{"@id":"https:\/\/www.psoecaceres.com\/es\/actualidad\/alvaro-s-cotrina-vamos-a-poner-pie-en-pared-ante-cualquier-intento-de-pp-vox-de-vulnerar-derechos-o-de-actuar-fuera-del-marco-legal\/#primaryimage"},"thumbnailUrl":"https:\/\/www.psoecaceres.com\/es\/wp-content\/uploads\/2026\/04\/Alvaro-rueda-de-prensa.jpeg","keywords":["destacada"],"articleSection":["Actualidad","\u00c1lvaro S. Cotrina - Secretario General PSOE Extremadura","Grupo Parlamentario","Junta de Extremadura","Prensa"],"inLanguage":"es","potentialAction":[{"@type":"CommentAction","name":"Comment","target":["https:\/\/www.psoecaceres.com\/es\/actualidad\/alvaro-s-cotrina-vamos-a-poner-pie-en-pared-ante-cualquier-intento-de-pp-vox-de-vulnerar-derechos-o-de-actuar-fuera-del-marco-legal\/#respond"]}]},{"@type":"WebPage","@id":"https:\/\/www.psoecaceres.com\/es\/actualidad\/alvaro-s-cotrina-vamos-a-poner-pie-en-pared-ante-cualquier-intento-de-pp-vox-de-vulnerar-derechos-o-de-actuar-fuera-del-marco-legal\/","url":"https:\/\/www.psoecaceres.com\/es\/actualidad\/alvaro-s-cotrina-vamos-a-poner-pie-en-pared-ante-cualquier-intento-de-pp-vox-de-vulnerar-derechos-o-de-actuar-fuera-del-marco-legal\/","name":"\u00c1lvaro S. Cotrina: \u201cVamos a poner pie en pared ante cualquier intento de PP-Vox de vulnerar derechos o de actuar fuera del marco legal\" - PSOE provincia de C\u00e1ceres","isPartOf":{"@id":"https:\/\/www.psoecaceres.com\/es\/#website"},"primaryImageOfPage":{"@id":"https:\/\/www.psoecaceres.com\/es\/actualidad\/alvaro-s-cotrina-vamos-a-poner-pie-en-pared-ante-cualquier-intento-de-pp-vox-de-vulnerar-derechos-o-de-actuar-fuera-del-marco-legal\/#primaryimage"},"image":{"@id":"https:\/\/www.psoecaceres.com\/es\/actualidad\/alvaro-s-cotrina-vamos-a-poner-pie-en-pared-ante-cualquier-intento-de-pp-vox-de-vulnerar-derechos-o-de-actuar-fuera-del-marco-legal\/#primaryimage"},"thumbnailUrl":"https:\/\/www.psoecaceres.com\/es\/wp-content\/uploads\/2026\/04\/Alvaro-rueda-de-prensa.jpeg","datePublished":"2026-04-28T09:00:27+00:00","dateModified":"2026-04-28T09:01:11+00:00","breadcrumb":{"@id":"https:\/\/www.psoecaceres.com\/es\/actualidad\/alvaro-s-cotrina-vamos-a-poner-pie-en-pared-ante-cualquier-intento-de-pp-vox-de-vulnerar-derechos-o-de-actuar-fuera-del-marco-legal\/#breadcrumb"},"inLanguage":"es","potentialAction":[{"@type":"ReadAction","target":["https:\/\/www.psoecaceres.com\/es\/actualidad\/alvaro-s-cotrina-vamos-a-poner-pie-en-pared-ante-cualquier-intento-de-pp-vox-de-vulnerar-derechos-o-de-actuar-fuera-del-marco-legal\/"]}]},{"@type":"ImageObject","inLanguage":"es","@id":"https:\/\/www.psoecaceres.com\/es\/actualidad\/alvaro-s-cotrina-vamos-a-poner-pie-en-pared-ante-cualquier-intento-de-pp-vox-de-vulnerar-derechos-o-de-actuar-fuera-del-marco-legal\/#primaryimage","url":"https:\/\/www.psoecaceres.com\/es\/wp-content\/uploads\/2026\/04\/Alvaro-rueda-de-prensa.jpeg","contentUrl":"https:\/\/www.psoecaceres.com\/es\/wp-content\/uploads\/2026\/04\/Alvaro-rueda-de-prensa.jpeg","width":2048,"height":1365},{"@type":"BreadcrumbList","@id":"https:\/\/www.psoecaceres.com\/es\/actualidad\/alvaro-s-cotrina-vamos-a-poner-pie-en-pared-ante-cualquier-intento-de-pp-vox-de-vulnerar-derechos-o-de-actuar-fuera-del-marco-legal\/#breadcrumb","itemListElement":[{"@type":"ListItem","position":1,"name":"Portada","item":"https:\/\/www.psoecaceres.com\/es\/"},{"@type":"ListItem","position":2,"name":"\u00c1lvaro S. Cotrina: \u201cVamos a poner pie en pared ante cualquier intento de PP-Vox de vulnerar derechos o de actuar fuera del marco legal\u00bb"}]},{"@type":"WebSite","@id":"https:\/\/www.psoecaceres.com\/es\/#website","url":"https:\/\/www.psoecaceres.com\/es\/","name":"PSOE provincia de C\u00e1ceres","description":"Pasi\u00f3n por Nuestros Pueblos","publisher":{"@id":"https:\/\/www.psoecaceres.com\/es\/#organization"},"alternateName":"PSOE Caceres","potentialAction":[{"@type":"SearchAction","target":{"@type":"EntryPoint","urlTemplate":"https:\/\/www.psoecaceres.com\/es\/?s={search_term_string}"},"query-input":{"@type":"PropertyValueSpecification","valueRequired":true,"valueName":"search_term_string"}}],"inLanguage":"es"},{"@type":"Organization","@id":"https:\/\/www.psoecaceres.com\/es\/#organization","name":"Psoe C\u00e1ceres","alternateName":"PSOE Caceres","url":"https:\/\/www.psoecaceres.com\/es\/","logo":{"@type":"ImageObject","inLanguage":"es","@id":"https:\/\/www.psoecaceres.com\/es\/#\/schema\/logo\/image\/","url":"https:\/\/www.psoecaceres.com\/es\/wp-content\/uploads\/2020\/08\/logo-psoe-caceres-web-2020.png","contentUrl":"https:\/\/www.psoecaceres.com\/es\/wp-content\/uploads\/2020\/08\/logo-psoe-caceres-web-2020.png","width":180,"height":105,"caption":"Psoe C\u00e1ceres"},"image":{"@id":"https:\/\/www.psoecaceres.com\/es\/#\/schema\/logo\/image\/"},"sameAs":["https:\/\/www.facebook.com\/psoecaceres","https:\/\/x.com\/PSOEC"]},{"@type":"Person","@id":"https:\/\/www.psoecaceres.com\/es\/#\/schema\/person\/f39f54f038cc2ed62af85f6d76c466a9","name":"PSOE","url":"https:\/\/www.psoecaceres.com\/es\/author\/ivar\/"}]}},"_links":{"self":[{"href":"https:\/\/www.psoecaceres.com\/es\/wp-json\/wp\/v2\/posts\/76759","targetHints":{"allow":["GET"]}}],"collection":[{"href":"https:\/\/www.psoecaceres.com\/es\/wp-json\/wp\/v2\/posts"}],"about":[{"href":"https:\/\/www.psoecaceres.com\/es\/wp-json\/wp\/v2\/types\/post"}],"author":[{"embeddable":true,"href":"https:\/\/www.psoecaceres.com\/es\/wp-json\/wp\/v2\/users\/3"}],"replies":[{"embeddable":true,"href":"https:\/\/www.psoecaceres.com\/es\/wp-json\/wp\/v2\/comments?post=76759"}],"version-history":[{"count":2,"href":"https:\/\/www.psoecaceres.com\/es\/wp-json\/wp\/v2\/posts\/76759\/revisions"}],"predecessor-version":[{"id":76762,"href":"https:\/\/www.psoecaceres.com\/es\/wp-json\/wp\/v2\/posts\/76759\/revisions\/76762"}],"wp:featuredmedia":[{"embeddable":true,"href":"https:\/\/www.psoecaceres.com\/es\/wp-json\/wp\/v2\/media\/76760"}],"wp:attachment":[{"href":"https:\/\/www.psoecaceres.com\/es\/wp-json\/wp\/v2\/media?parent=76759"}],"wp:term":[{"taxonomy":"category","embeddable":true,"href":"https:\/\/www.psoecaceres.com\/es\/wp-json\/wp\/v2\/categories?post=76759"},{"taxonomy":"post_tag","embeddable":true,"href":"https:\/\/www.psoecaceres.com\/es\/wp-json\/wp\/v2\/tags?post=76759"}],"curies":[{"name":"wp","href":"https:\/\/api.w.org\/{rel}","templated":true}]}}