{"id":76767,"date":"2026-04-29T03:59:54","date_gmt":"2026-04-29T01:59:54","guid":{"rendered":"https:\/\/www.psoecaceres.com\/es\/?p=76767"},"modified":"2026-04-28T20:01:53","modified_gmt":"2026-04-28T18:01:53","slug":"el-grupo-municipal-socialista-propone-un-impulso-democratico-para-reforzar-el-peso-de-los-vecinos-en-la-gestion-de-caceres","status":"publish","type":"post","link":"https:\/\/www.psoecaceres.com\/es\/actualidad\/el-grupo-municipal-socialista-propone-un-impulso-democratico-para-reforzar-el-peso-de-los-vecinos-en-la-gestion-de-caceres\/","title":{"rendered":"El Grupo Municipal Socialista propone un \u201cimpulso democr\u00e1tico\u201d para reforzar el peso de los vecinos en la gesti\u00f3n de C\u00e1ceres"},"content":{"rendered":"<div>\n<p><b><i>Plantea mejorar la Iniciativa Ciudadana, reducir el censo municipal necesario entre el 1 y el 3% para que las iniciativas ciudadanas lleguen directamente al Pleno, y dar voz a los distritos en la Mesa del transporte y en los procesos y estudios que se creen<\/i><\/b><\/p>\n<p>La portavoz del Grupo Municipal Socialista, Bel\u00e9n Fern\u00e1ndez, ha presentado un paquete de medidas destinadas a transformar y profundizar en los mecanismos de participaci\u00f3n ciudadana de la ciudad. El objetivo central es garantizar que la voz de los vecinos y vecinas no solo sea escuchada, sino que tenga una incidencia real y vinculante en las decisiones municipales.<\/p>\n<p><b>Una metodolog\u00eda m\u00e1s eficaz para los Presupuestos Participativos.<\/b>\u00a0El Grupo Socialista ha puesto sobre la mesa una propuesta t\u00e9cnica para mejorar la metodolog\u00eda del Presupuesto Participativo. Seg\u00fan Fern\u00e1ndez Casero, es necesario evolucionar hacia un modelo m\u00e1s transparente y \u00e1gil que asegure que los proyectos seleccionados por la ciudadan\u00eda se ejecuten con eficiencia. \u00abNo basta con permitir que los vecinos elijan; el Ayuntamiento debe garantizar que esas ideas se conviertan en realidades tangibles en los barrios\u00bb, ha se\u00f1alado la portavoz.<\/p>\n<p><b>Facilitar la Iniciativa Ciudadana: el Pleno al alcance del 1%.<\/b>\u00a0Una de las medidas m\u00e1s ambiciosas es la reforma del umbral para la Iniciativa Ciudadana. El PSOE propone reducir el porcentaje de firmas necesarias \u2014situ\u00e1ndolo entre el 1% y el 3% del censo municipal\u2014 para que cualquier propuesta vecinal sea incluida de forma obligatoria en el Orden del D\u00eda del Pleno. Esta medida permitir\u00eda que las inquietudes directas de los cacere\u00f1os y cacere\u00f1as sean debatidas y votadas por todos los grupos municipales, eliminando barreras burocr\u00e1ticas actuales.<\/p>\n<p><b>Los Distritos como actores clave en la movilidad.<\/b>\u00a0Finalmente, la propuesta socialista exige la inclusi\u00f3n de las vicepresidencias de los Distritos en la Mesa de Transporte, as\u00ed como en todas las comisiones de estudio presentes y futuras. El PSOE considera fundamental que quienes viven el d\u00eda a d\u00eda de los barrios participen en el dise\u00f1o de la movilidad y la resoluci\u00f3n de problemas de comunicaci\u00f3n de la ciudad.<\/p>\n<p>\u00abQueremos un C\u00e1ceres donde la participaci\u00f3n no sea un tr\u00e1mite, sino el motor de la pol\u00edtica local. Reducir los umbrales y dar asiento a los distritos en mesas estrat\u00e9gicas como la de transporte es devolverle el ayuntamiento a sus leg\u00edtimos due\u00f1os: los ciudadanos\u00bb, ha concluido Bel\u00e9n Fern\u00e1ndez.<\/p>\n<\/div>\n","protected":false},"excerpt":{"rendered":"<p>Plantea mejorar la Iniciativa Ciudadana, reducir el censo municipal necesario entre el 1 y el 3% para que las iniciativas ciudadanas lleguen directamente al Pleno, y dar voz a los distritos en la Mesa del transporte y en los procesos y estudios que se creen La portavoz del Grupo Municipal Socialista, Bel\u00e9n Fern\u00e1ndez, ha presentado [&hellip;]<\/p>\n","protected":false},"author":3,"featured_media":76768,"comment_status":"open","ping_status":"open","sticky":false,"template":"","format":"standard","meta":{"_et_pb_use_builder":"","_et_pb_old_content":"","_et_gb_content_width":"","footnotes":""},"categories":[21,222,246],"tags":[151],"class_list":["post-76767","post","type-post","status-publish","format-standard","has-post-thumbnail","hentry","category-actualidad","category-municipio-a-municipio","category-noticias","tag-destacada"],"yoast_head":"<!-- This site is optimized with the Yoast SEO plugin v26.7 - https:\/\/yoast.com\/wordpress\/plugins\/seo\/ -->\n<title>El Grupo Municipal Socialista propone un \u201cimpulso democr\u00e1tico\u201d para reforzar el peso de los vecinos en la gesti\u00f3n de C\u00e1ceres - PSOE provincia de C\u00e1ceres<\/title>\n<meta name=\"robots\" content=\"index, follow, max-snippet:-1, max-image-preview:large, max-video-preview:-1\" \/>\n<link rel=\"canonical\" href=\"https:\/\/www.psoecaceres.com\/es\/actualidad\/el-grupo-municipal-socialista-propone-un-impulso-democratico-para-reforzar-el-peso-de-los-vecinos-en-la-gestion-de-caceres\/\" \/>\n<meta property=\"og:locale\" content=\"es_ES\" \/>\n<meta property=\"og:type\" content=\"article\" \/>\n<meta property=\"og:title\" content=\"El Grupo Municipal Socialista propone un \u201cimpulso democr\u00e1tico\u201d para reforzar el peso de los vecinos en la gesti\u00f3n de C\u00e1ceres - PSOE provincia de C\u00e1ceres\" \/>\n<meta property=\"og:description\" content=\"Plantea mejorar la Iniciativa Ciudadana, reducir el censo municipal necesario entre el 1 y el 3% para que las iniciativas ciudadanas lleguen directamente al Pleno, y dar voz a los distritos en la Mesa del transporte y en los procesos y estudios que se creen La portavoz del Grupo Municipal Socialista, Bel\u00e9n Fern\u00e1ndez, ha presentado [&hellip;]\" \/>\n<meta property=\"og:url\" content=\"https:\/\/www.psoecaceres.com\/es\/actualidad\/el-grupo-municipal-socialista-propone-un-impulso-democratico-para-reforzar-el-peso-de-los-vecinos-en-la-gestion-de-caceres\/\" \/>\n<meta property=\"og:site_name\" content=\"PSOE provincia de C\u00e1ceres\" \/>\n<meta property=\"article:publisher\" content=\"https:\/\/www.facebook.com\/psoecaceres\" \/>\n<meta property=\"article:published_time\" content=\"2026-04-29T01:59:54+00:00\" \/>\n<meta property=\"og:image\" content=\"https:\/\/www.psoecaceres.com\/es\/wp-content\/uploads\/2026\/04\/28-4-2026-Transporte.jpg\" \/>\n\t<meta property=\"og:image:width\" content=\"1600\" \/>\n\t<meta property=\"og:image:height\" content=\"1200\" \/>\n\t<meta property=\"og:image:type\" content=\"image\/jpeg\" \/>\n<meta name=\"author\" content=\"PSOE\" \/>\n<meta name=\"twitter:card\" content=\"summary_large_image\" \/>\n<meta name=\"twitter:creator\" content=\"@PSOEC\" \/>\n<meta name=\"twitter:site\" content=\"@PSOEC\" \/>\n<meta name=\"twitter:label1\" content=\"Escrito por\" \/>\n\t<meta name=\"twitter:data1\" content=\"PSOE\" \/>\n\t<meta name=\"twitter:label2\" content=\"Tiempo de lectura\" \/>\n\t<meta name=\"twitter:data2\" content=\"2 minutos\" \/>\n<script type=\"application\/ld+json\" class=\"yoast-schema-graph\">{\"@context\":\"https:\/\/schema.org\",\"@graph\":[{\"@type\":\"Article\",\"@id\":\"https:\/\/www.psoecaceres.com\/es\/actualidad\/el-grupo-municipal-socialista-propone-un-impulso-democratico-para-reforzar-el-peso-de-los-vecinos-en-la-gestion-de-caceres\/#article\",\"isPartOf\":{\"@id\":\"https:\/\/www.psoecaceres.com\/es\/actualidad\/el-grupo-municipal-socialista-propone-un-impulso-democratico-para-reforzar-el-peso-de-los-vecinos-en-la-gestion-de-caceres\/\"},\"author\":{\"name\":\"PSOE\",\"@id\":\"https:\/\/www.psoecaceres.com\/es\/#\/schema\/person\/f39f54f038cc2ed62af85f6d76c466a9\"},\"headline\":\"El Grupo Municipal Socialista propone un \u201cimpulso democr\u00e1tico\u201d para reforzar el peso de los vecinos en la gesti\u00f3n de C\u00e1ceres\",\"datePublished\":\"2026-04-29T01:59:54+00:00\",\"mainEntityOfPage\":{\"@id\":\"https:\/\/www.psoecaceres.com\/es\/actualidad\/el-grupo-municipal-socialista-propone-un-impulso-democratico-para-reforzar-el-peso-de-los-vecinos-en-la-gestion-de-caceres\/\"},\"wordCount\":434,\"commentCount\":0,\"publisher\":{\"@id\":\"https:\/\/www.psoecaceres.com\/es\/#organization\"},\"image\":{\"@id\":\"https:\/\/www.psoecaceres.com\/es\/actualidad\/el-grupo-municipal-socialista-propone-un-impulso-democratico-para-reforzar-el-peso-de-los-vecinos-en-la-gestion-de-caceres\/#primaryimage\"},\"thumbnailUrl\":\"https:\/\/www.psoecaceres.com\/es\/wp-content\/uploads\/2026\/04\/28-4-2026-Transporte.jpg\",\"keywords\":[\"destacada\"],\"articleSection\":[\"Actualidad\",\"Municipio a Municipio\",\"Noticias\"],\"inLanguage\":\"es\",\"potentialAction\":[{\"@type\":\"CommentAction\",\"name\":\"Comment\",\"target\":[\"https:\/\/www.psoecaceres.com\/es\/actualidad\/el-grupo-municipal-socialista-propone-un-impulso-democratico-para-reforzar-el-peso-de-los-vecinos-en-la-gestion-de-caceres\/#respond\"]}]},{\"@type\":\"WebPage\",\"@id\":\"https:\/\/www.psoecaceres.com\/es\/actualidad\/el-grupo-municipal-socialista-propone-un-impulso-democratico-para-reforzar-el-peso-de-los-vecinos-en-la-gestion-de-caceres\/\",\"url\":\"https:\/\/www.psoecaceres.com\/es\/actualidad\/el-grupo-municipal-socialista-propone-un-impulso-democratico-para-reforzar-el-peso-de-los-vecinos-en-la-gestion-de-caceres\/\",\"name\":\"El Grupo Municipal Socialista propone un \u201cimpulso democr\u00e1tico\u201d para reforzar el peso de los vecinos en la gesti\u00f3n de C\u00e1ceres - PSOE provincia de C\u00e1ceres\",\"isPartOf\":{\"@id\":\"https:\/\/www.psoecaceres.com\/es\/#website\"},\"primaryImageOfPage\":{\"@id\":\"https:\/\/www.psoecaceres.com\/es\/actualidad\/el-grupo-municipal-socialista-propone-un-impulso-democratico-para-reforzar-el-peso-de-los-vecinos-en-la-gestion-de-caceres\/#primaryimage\"},\"image\":{\"@id\":\"https:\/\/www.psoecaceres.com\/es\/actualidad\/el-grupo-municipal-socialista-propone-un-impulso-democratico-para-reforzar-el-peso-de-los-vecinos-en-la-gestion-de-caceres\/#primaryimage\"},\"thumbnailUrl\":\"https:\/\/www.psoecaceres.com\/es\/wp-content\/uploads\/2026\/04\/28-4-2026-Transporte.jpg\",\"datePublished\":\"2026-04-29T01:59:54+00:00\",\"breadcrumb\":{\"@id\":\"https:\/\/www.psoecaceres.com\/es\/actualidad\/el-grupo-municipal-socialista-propone-un-impulso-democratico-para-reforzar-el-peso-de-los-vecinos-en-la-gestion-de-caceres\/#breadcrumb\"},\"inLanguage\":\"es\",\"potentialAction\":[{\"@type\":\"ReadAction\",\"target\":[\"https:\/\/www.psoecaceres.com\/es\/actualidad\/el-grupo-municipal-socialista-propone-un-impulso-democratico-para-reforzar-el-peso-de-los-vecinos-en-la-gestion-de-caceres\/\"]}]},{\"@type\":\"ImageObject\",\"inLanguage\":\"es\",\"@id\":\"https:\/\/www.psoecaceres.com\/es\/actualidad\/el-grupo-municipal-socialista-propone-un-impulso-democratico-para-reforzar-el-peso-de-los-vecinos-en-la-gestion-de-caceres\/#primaryimage\",\"url\":\"https:\/\/www.psoecaceres.com\/es\/wp-content\/uploads\/2026\/04\/28-4-2026-Transporte.jpg\",\"contentUrl\":\"https:\/\/www.psoecaceres.com\/es\/wp-content\/uploads\/2026\/04\/28-4-2026-Transporte.jpg\",\"width\":1600,\"height\":1200},{\"@type\":\"BreadcrumbList\",\"@id\":\"https:\/\/www.psoecaceres.com\/es\/actualidad\/el-grupo-municipal-socialista-propone-un-impulso-democratico-para-reforzar-el-peso-de-los-vecinos-en-la-gestion-de-caceres\/#breadcrumb\",\"itemListElement\":[{\"@type\":\"ListItem\",\"position\":1,\"name\":\"Portada\",\"item\":\"https:\/\/www.psoecaceres.com\/es\/\"},{\"@type\":\"ListItem\",\"position\":2,\"name\":\"El Grupo Municipal Socialista propone un \u201cimpulso democr\u00e1tico\u201d para reforzar el peso de los vecinos en la gesti\u00f3n de C\u00e1ceres\"}]},{\"@type\":\"WebSite\",\"@id\":\"https:\/\/www.psoecaceres.com\/es\/#website\",\"url\":\"https:\/\/www.psoecaceres.com\/es\/\",\"name\":\"PSOE provincia de C\u00e1ceres\",\"description\":\"Pasi\u00f3n por Nuestros Pueblos\",\"publisher\":{\"@id\":\"https:\/\/www.psoecaceres.com\/es\/#organization\"},\"alternateName\":\"PSOE Caceres\",\"potentialAction\":[{\"@type\":\"SearchAction\",\"target\":{\"@type\":\"EntryPoint\",\"urlTemplate\":\"https:\/\/www.psoecaceres.com\/es\/?s={search_term_string}\"},\"query-input\":{\"@type\":\"PropertyValueSpecification\",\"valueRequired\":true,\"valueName\":\"search_term_string\"}}],\"inLanguage\":\"es\"},{\"@type\":\"Organization\",\"@id\":\"https:\/\/www.psoecaceres.com\/es\/#organization\",\"name\":\"Psoe C\u00e1ceres\",\"alternateName\":\"PSOE Caceres\",\"url\":\"https:\/\/www.psoecaceres.com\/es\/\",\"logo\":{\"@type\":\"ImageObject\",\"inLanguage\":\"es\",\"@id\":\"https:\/\/www.psoecaceres.com\/es\/#\/schema\/logo\/image\/\",\"url\":\"https:\/\/www.psoecaceres.com\/es\/wp-content\/uploads\/2020\/08\/logo-psoe-caceres-web-2020.png\",\"contentUrl\":\"https:\/\/www.psoecaceres.com\/es\/wp-content\/uploads\/2020\/08\/logo-psoe-caceres-web-2020.png\",\"width\":180,\"height\":105,\"caption\":\"Psoe C\u00e1ceres\"},\"image\":{\"@id\":\"https:\/\/www.psoecaceres.com\/es\/#\/schema\/logo\/image\/\"},\"sameAs\":[\"https:\/\/www.facebook.com\/psoecaceres\",\"https:\/\/x.com\/PSOEC\"]},{\"@type\":\"Person\",\"@id\":\"https:\/\/www.psoecaceres.com\/es\/#\/schema\/person\/f39f54f038cc2ed62af85f6d76c466a9\",\"name\":\"PSOE\",\"url\":\"https:\/\/www.psoecaceres.com\/es\/author\/ivar\/\"}]}<\/script>\n<!-- \/ Yoast SEO plugin. -->","yoast_head_json":{"title":"El Grupo Municipal Socialista propone un \u201cimpulso democr\u00e1tico\u201d para reforzar el peso de los vecinos en la gesti\u00f3n de C\u00e1ceres - PSOE provincia de C\u00e1ceres","robots":{"index":"index","follow":"follow","max-snippet":"max-snippet:-1","max-image-preview":"max-image-preview:large","max-video-preview":"max-video-preview:-1"},"canonical":"https:\/\/www.psoecaceres.com\/es\/actualidad\/el-grupo-municipal-socialista-propone-un-impulso-democratico-para-reforzar-el-peso-de-los-vecinos-en-la-gestion-de-caceres\/","og_locale":"es_ES","og_type":"article","og_title":"El Grupo Municipal Socialista propone un \u201cimpulso democr\u00e1tico\u201d para reforzar el peso de los vecinos en la gesti\u00f3n de C\u00e1ceres - PSOE provincia de C\u00e1ceres","og_description":"Plantea mejorar la Iniciativa Ciudadana, reducir el censo municipal necesario entre el 1 y el 3% para que las iniciativas ciudadanas lleguen directamente al Pleno, y dar voz a los distritos en la Mesa del transporte y en los procesos y estudios que se creen La portavoz del Grupo Municipal Socialista, Bel\u00e9n Fern\u00e1ndez, ha presentado [&hellip;]","og_url":"https:\/\/www.psoecaceres.com\/es\/actualidad\/el-grupo-municipal-socialista-propone-un-impulso-democratico-para-reforzar-el-peso-de-los-vecinos-en-la-gestion-de-caceres\/","og_site_name":"PSOE provincia de C\u00e1ceres","article_publisher":"https:\/\/www.facebook.com\/psoecaceres","article_published_time":"2026-04-29T01:59:54+00:00","og_image":[{"width":1600,"height":1200,"url":"https:\/\/www.psoecaceres.com\/es\/wp-content\/uploads\/2026\/04\/28-4-2026-Transporte.jpg","type":"image\/jpeg"}],"author":"PSOE","twitter_card":"summary_large_image","twitter_creator":"@PSOEC","twitter_site":"@PSOEC","twitter_misc":{"Escrito por":"PSOE","Tiempo de lectura":"2 minutos"},"schema":{"@context":"https:\/\/schema.org","@graph":[{"@type":"Article","@id":"https:\/\/www.psoecaceres.com\/es\/actualidad\/el-grupo-municipal-socialista-propone-un-impulso-democratico-para-reforzar-el-peso-de-los-vecinos-en-la-gestion-de-caceres\/#article","isPartOf":{"@id":"https:\/\/www.psoecaceres.com\/es\/actualidad\/el-grupo-municipal-socialista-propone-un-impulso-democratico-para-reforzar-el-peso-de-los-vecinos-en-la-gestion-de-caceres\/"},"author":{"name":"PSOE","@id":"https:\/\/www.psoecaceres.com\/es\/#\/schema\/person\/f39f54f038cc2ed62af85f6d76c466a9"},"headline":"El Grupo Municipal Socialista propone un \u201cimpulso democr\u00e1tico\u201d para reforzar el peso de los vecinos en la gesti\u00f3n de C\u00e1ceres","datePublished":"2026-04-29T01:59:54+00:00","mainEntityOfPage":{"@id":"https:\/\/www.psoecaceres.com\/es\/actualidad\/el-grupo-municipal-socialista-propone-un-impulso-democratico-para-reforzar-el-peso-de-los-vecinos-en-la-gestion-de-caceres\/"},"wordCount":434,"commentCount":0,"publisher":{"@id":"https:\/\/www.psoecaceres.com\/es\/#organization"},"image":{"@id":"https:\/\/www.psoecaceres.com\/es\/actualidad\/el-grupo-municipal-socialista-propone-un-impulso-democratico-para-reforzar-el-peso-de-los-vecinos-en-la-gestion-de-caceres\/#primaryimage"},"thumbnailUrl":"https:\/\/www.psoecaceres.com\/es\/wp-content\/uploads\/2026\/04\/28-4-2026-Transporte.jpg","keywords":["destacada"],"articleSection":["Actualidad","Municipio a Municipio","Noticias"],"inLanguage":"es","potentialAction":[{"@type":"CommentAction","name":"Comment","target":["https:\/\/www.psoecaceres.com\/es\/actualidad\/el-grupo-municipal-socialista-propone-un-impulso-democratico-para-reforzar-el-peso-de-los-vecinos-en-la-gestion-de-caceres\/#respond"]}]},{"@type":"WebPage","@id":"https:\/\/www.psoecaceres.com\/es\/actualidad\/el-grupo-municipal-socialista-propone-un-impulso-democratico-para-reforzar-el-peso-de-los-vecinos-en-la-gestion-de-caceres\/","url":"https:\/\/www.psoecaceres.com\/es\/actualidad\/el-grupo-municipal-socialista-propone-un-impulso-democratico-para-reforzar-el-peso-de-los-vecinos-en-la-gestion-de-caceres\/","name":"El Grupo Municipal Socialista propone un \u201cimpulso democr\u00e1tico\u201d para reforzar el peso de los vecinos en la gesti\u00f3n de C\u00e1ceres - PSOE provincia de C\u00e1ceres","isPartOf":{"@id":"https:\/\/www.psoecaceres.com\/es\/#website"},"primaryImageOfPage":{"@id":"https:\/\/www.psoecaceres.com\/es\/actualidad\/el-grupo-municipal-socialista-propone-un-impulso-democratico-para-reforzar-el-peso-de-los-vecinos-en-la-gestion-de-caceres\/#primaryimage"},"image":{"@id":"https:\/\/www.psoecaceres.com\/es\/actualidad\/el-grupo-municipal-socialista-propone-un-impulso-democratico-para-reforzar-el-peso-de-los-vecinos-en-la-gestion-de-caceres\/#primaryimage"},"thumbnailUrl":"https:\/\/www.psoecaceres.com\/es\/wp-content\/uploads\/2026\/04\/28-4-2026-Transporte.jpg","datePublished":"2026-04-29T01:59:54+00:00","breadcrumb":{"@id":"https:\/\/www.psoecaceres.com\/es\/actualidad\/el-grupo-municipal-socialista-propone-un-impulso-democratico-para-reforzar-el-peso-de-los-vecinos-en-la-gestion-de-caceres\/#breadcrumb"},"inLanguage":"es","potentialAction":[{"@type":"ReadAction","target":["https:\/\/www.psoecaceres.com\/es\/actualidad\/el-grupo-municipal-socialista-propone-un-impulso-democratico-para-reforzar-el-peso-de-los-vecinos-en-la-gestion-de-caceres\/"]}]},{"@type":"ImageObject","inLanguage":"es","@id":"https:\/\/www.psoecaceres.com\/es\/actualidad\/el-grupo-municipal-socialista-propone-un-impulso-democratico-para-reforzar-el-peso-de-los-vecinos-en-la-gestion-de-caceres\/#primaryimage","url":"https:\/\/www.psoecaceres.com\/es\/wp-content\/uploads\/2026\/04\/28-4-2026-Transporte.jpg","contentUrl":"https:\/\/www.psoecaceres.com\/es\/wp-content\/uploads\/2026\/04\/28-4-2026-Transporte.jpg","width":1600,"height":1200},{"@type":"BreadcrumbList","@id":"https:\/\/www.psoecaceres.com\/es\/actualidad\/el-grupo-municipal-socialista-propone-un-impulso-democratico-para-reforzar-el-peso-de-los-vecinos-en-la-gestion-de-caceres\/#breadcrumb","itemListElement":[{"@type":"ListItem","position":1,"name":"Portada","item":"https:\/\/www.psoecaceres.com\/es\/"},{"@type":"ListItem","position":2,"name":"El Grupo Municipal Socialista propone un \u201cimpulso democr\u00e1tico\u201d para reforzar el peso de los vecinos en la gesti\u00f3n de C\u00e1ceres"}]},{"@type":"WebSite","@id":"https:\/\/www.psoecaceres.com\/es\/#website","url":"https:\/\/www.psoecaceres.com\/es\/","name":"PSOE provincia de C\u00e1ceres","description":"Pasi\u00f3n por Nuestros Pueblos","publisher":{"@id":"https:\/\/www.psoecaceres.com\/es\/#organization"},"alternateName":"PSOE Caceres","potentialAction":[{"@type":"SearchAction","target":{"@type":"EntryPoint","urlTemplate":"https:\/\/www.psoecaceres.com\/es\/?s={search_term_string}"},"query-input":{"@type":"PropertyValueSpecification","valueRequired":true,"valueName":"search_term_string"}}],"inLanguage":"es"},{"@type":"Organization","@id":"https:\/\/www.psoecaceres.com\/es\/#organization","name":"Psoe C\u00e1ceres","alternateName":"PSOE Caceres","url":"https:\/\/www.psoecaceres.com\/es\/","logo":{"@type":"ImageObject","inLanguage":"es","@id":"https:\/\/www.psoecaceres.com\/es\/#\/schema\/logo\/image\/","url":"https:\/\/www.psoecaceres.com\/es\/wp-content\/uploads\/2020\/08\/logo-psoe-caceres-web-2020.png","contentUrl":"https:\/\/www.psoecaceres.com\/es\/wp-content\/uploads\/2020\/08\/logo-psoe-caceres-web-2020.png","width":180,"height":105,"caption":"Psoe C\u00e1ceres"},"image":{"@id":"https:\/\/www.psoecaceres.com\/es\/#\/schema\/logo\/image\/"},"sameAs":["https:\/\/www.facebook.com\/psoecaceres","https:\/\/x.com\/PSOEC"]},{"@type":"Person","@id":"https:\/\/www.psoecaceres.com\/es\/#\/schema\/person\/f39f54f038cc2ed62af85f6d76c466a9","name":"PSOE","url":"https:\/\/www.psoecaceres.com\/es\/author\/ivar\/"}]}},"_links":{"self":[{"href":"https:\/\/www.psoecaceres.com\/es\/wp-json\/wp\/v2\/posts\/76767","targetHints":{"allow":["GET"]}}],"collection":[{"href":"https:\/\/www.psoecaceres.com\/es\/wp-json\/wp\/v2\/posts"}],"about":[{"href":"https:\/\/www.psoecaceres.com\/es\/wp-json\/wp\/v2\/types\/post"}],"author":[{"embeddable":true,"href":"https:\/\/www.psoecaceres.com\/es\/wp-json\/wp\/v2\/users\/3"}],"replies":[{"embeddable":true,"href":"https:\/\/www.psoecaceres.com\/es\/wp-json\/wp\/v2\/comments?post=76767"}],"version-history":[{"count":1,"href":"https:\/\/www.psoecaceres.com\/es\/wp-json\/wp\/v2\/posts\/76767\/revisions"}],"predecessor-version":[{"id":76769,"href":"https:\/\/www.psoecaceres.com\/es\/wp-json\/wp\/v2\/posts\/76767\/revisions\/76769"}],"wp:featuredmedia":[{"embeddable":true,"href":"https:\/\/www.psoecaceres.com\/es\/wp-json\/wp\/v2\/media\/76768"}],"wp:attachment":[{"href":"https:\/\/www.psoecaceres.com\/es\/wp-json\/wp\/v2\/media?parent=76767"}],"wp:term":[{"taxonomy":"category","embeddable":true,"href":"https:\/\/www.psoecaceres.com\/es\/wp-json\/wp\/v2\/categories?post=76767"},{"taxonomy":"post_tag","embeddable":true,"href":"https:\/\/www.psoecaceres.com\/es\/wp-json\/wp\/v2\/tags?post=76767"}],"curies":[{"name":"wp","href":"https:\/\/api.w.org\/{rel}","templated":true}]}}