{"id":76770,"date":"2026-04-29T06:11:43","date_gmt":"2026-04-29T04:11:43","guid":{"rendered":"https:\/\/www.psoecaceres.com\/es\/?p=76770"},"modified":"2026-04-29T08:14:37","modified_gmt":"2026-04-29T06:14:37","slug":"espana-seguira-creciendo-y-liderando-la-creacion-de-puestos-de-trabajo-en-la-union-europea-en-2026","status":"publish","type":"post","link":"https:\/\/www.psoecaceres.com\/es\/actualidad\/espana-seguira-creciendo-y-liderando-la-creacion-de-puestos-de-trabajo-en-la-union-europea-en-2026\/","title":{"rendered":"Espa\u00f1a seguir\u00e1 creciendo y liderando la creaci\u00f3n de puestos de trabajo en la Uni\u00f3n Europea en 2026"},"content":{"rendered":"<p><strong>Elma Saiz, sobre el racismo de PP y Vox: \u201cEstamos regularizando personas, no capitales opacos como hicieron otros gobiernos\u201d.\u00a0<\/strong><\/p>\n<p>Espa\u00f1a seguir\u00e1 creciendo y cumpliendo con los objetivos fiscales que nos marca la UE pese a la incertidumbre por la guerra en Ir\u00e1n. Es una de las conclusiones del Informe de Progreso Anual presentado por el vicepresidente primero y ministro de Econom\u00eda, Carlos Cuerpo, en el Consejo de Ministros de este martes.<\/p>\n<p>En dicho documento se especifica que en 2026 el PIB espa\u00f1ol crecer\u00e1 un 2,2% y seguiremos liderando el crecimiento del mercado laboral en la UE. Al mismo tiempo, Espa\u00f1a adelantar\u00e1 un a\u00f1o sus objetivos de d\u00e9ficit y de deuda p\u00fablica. Seg\u00fan Cuerpo, est\u00e1 previsto que al cierre del actual ejercicio nuestro d\u00e9ficit se sit\u00fae en el 1,6% pese a que la previsi\u00f3n era del 2,1%. Una tendencia similar muestra la deuda, que bajar\u00e1 de la barrera del 100% del PIB un a\u00f1o antes de lo previsto, situ\u00e1ndose al fin de 2026 en el 99,3%.<\/p>\n<p>En cuanto a los efectos negativos de la situaci\u00f3n b\u00e9lica, la inflaci\u00f3n en nuestro pa\u00eds crecer\u00e1 un punto, pasando del 2,1% al 3,1%. De hecho, en el mercado mayorista, Espa\u00f1a es el tercer pa\u00eds donde menos est\u00e1n increment\u00e1ndose los precios de la energ\u00eda. El ministro de Econom\u00eda ha destacado que \u201cla econom\u00eda espa\u00f1ola est\u00e1 mejor preparada que en ocasiones anteriores en el \u00e1mbito econ\u00f3mico, el energ\u00e9tico y el presupuestario\u201d.<\/p>\n<p>Por su parte, Arcadi Espa\u00f1a, en su primera rueda de prensa como ministro de Hacienda, ha explicado la aprobaci\u00f3n de un nuevo Real Decreto Ley que alivia la carga fiscal de algunas indemnizaciones. Algunos ejemplos son las v\u00edctimas de abuso sexual de la Iglesia Cat\u00f3lica, que no tendr\u00e1n que tributar el IRPF; y las v\u00edctimas de los accidentes de Adamuz y Gelida, cuyas indemnizaciones se asemejar\u00e1n a las de los accidentes laborales, mejorando as\u00ed sus condiciones.<\/p>\n<p>A preguntas de los periodistas, la portavoz del Ejecutivo y ministra de Inclusi\u00f3n, Migraciones y Seguridad Social, Elma Saiz, ha dejado claro cu\u00e1les son las prioridades nacionales del Gobierno: la vivienda, el empleo, el acceso a la educaci\u00f3n y la sanidad p\u00fablica, la paz o la lucha contra el racismo. \u201cEsa siniestra prioridad nacional del PP y Vox es anticonstitucional y est\u00e1n basadas en mentiras\u201d. En primer lugar, hablan de que las personas extranjeras vienen a pedir ayudas p\u00fablicas. La principal ayuda de este tipo es el Ingreso M\u00ednimo Vital, cuyos perceptores, en un 83% son espa\u00f1oles. Otro ejemplo es el colapso sanidad, pero seg\u00fan las CCAA, los migrantes hacen un uso muy menor de la sanidad p\u00fablica. Por \u00faltimo, el bloqueo en el acceso a la vivienda. Saiz ha explicado que las entidades que trabajan de cerca en materia de vivienda con inmigrantes denuncian que sufren mucho m\u00e1s el hacinamiento. \u201cVamos a ser muy vigilantes. Estamos regularizando personas, no capitales opacos como hicieron otros gobiernos\u201d.<\/p>\n","protected":false},"excerpt":{"rendered":"<p>Elma Saiz, sobre el racismo de PP y Vox: \u201cEstamos regularizando personas, no capitales opacos como hicieron otros gobiernos\u201d.\u00a0 Espa\u00f1a seguir\u00e1 creciendo y cumpliendo con los objetivos fiscales que nos marca la UE pese a la incertidumbre por la guerra en Ir\u00e1n. Es una de las conclusiones del Informe de Progreso Anual presentado por el [&hellip;]<\/p>\n","protected":false},"author":3,"featured_media":74751,"comment_status":"open","ping_status":"open","sticky":false,"template":"","format":"standard","meta":{"_et_pb_use_builder":"","_et_pb_old_content":"","_et_gb_content_width":"","footnotes":""},"categories":[21,283,222,246],"tags":[151],"class_list":["post-76770","post","type-post","status-publish","format-standard","has-post-thumbnail","hentry","category-actualidad","category-gobierno-de-espana","category-municipio-a-municipio","category-noticias","tag-destacada"],"yoast_head":"<!-- This site is optimized with the Yoast SEO plugin v26.7 - https:\/\/yoast.com\/wordpress\/plugins\/seo\/ -->\n<title>Espa\u00f1a seguir\u00e1 creciendo y liderando la creaci\u00f3n de puestos de trabajo en la Uni\u00f3n Europea en 2026 - PSOE provincia de C\u00e1ceres<\/title>\n<meta name=\"robots\" content=\"index, follow, max-snippet:-1, max-image-preview:large, max-video-preview:-1\" \/>\n<link rel=\"canonical\" href=\"https:\/\/www.psoecaceres.com\/es\/actualidad\/espana-seguira-creciendo-y-liderando-la-creacion-de-puestos-de-trabajo-en-la-union-europea-en-2026\/\" \/>\n<meta property=\"og:locale\" content=\"es_ES\" \/>\n<meta property=\"og:type\" content=\"article\" \/>\n<meta property=\"og:title\" content=\"Espa\u00f1a seguir\u00e1 creciendo y liderando la creaci\u00f3n de puestos de trabajo en la Uni\u00f3n Europea en 2026 - PSOE provincia de C\u00e1ceres\" \/>\n<meta property=\"og:description\" content=\"Elma Saiz, sobre el racismo de PP y Vox: \u201cEstamos regularizando personas, no capitales opacos como hicieron otros gobiernos\u201d.\u00a0 Espa\u00f1a seguir\u00e1 creciendo y cumpliendo con los objetivos fiscales que nos marca la UE pese a la incertidumbre por la guerra en Ir\u00e1n. Es una de las conclusiones del Informe de Progreso Anual presentado por el [&hellip;]\" \/>\n<meta property=\"og:url\" content=\"https:\/\/www.psoecaceres.com\/es\/actualidad\/espana-seguira-creciendo-y-liderando-la-creacion-de-puestos-de-trabajo-en-la-union-europea-en-2026\/\" \/>\n<meta property=\"og:site_name\" content=\"PSOE provincia de C\u00e1ceres\" \/>\n<meta property=\"article:publisher\" content=\"https:\/\/www.facebook.com\/psoecaceres\" \/>\n<meta property=\"article:published_time\" content=\"2026-04-29T04:11:43+00:00\" \/>\n<meta property=\"article:modified_time\" content=\"2026-04-29T06:14:37+00:00\" \/>\n<meta property=\"og:image\" content=\"https:\/\/www.psoecaceres.com\/es\/wp-content\/uploads\/2025\/12\/Carlos-Cuerpo-1.jpg\" \/>\n\t<meta property=\"og:image:width\" content=\"1172\" \/>\n\t<meta property=\"og:image:height\" content=\"552\" \/>\n\t<meta property=\"og:image:type\" content=\"image\/jpeg\" \/>\n<meta name=\"author\" content=\"PSOE\" \/>\n<meta name=\"twitter:card\" content=\"summary_large_image\" \/>\n<meta name=\"twitter:creator\" content=\"@PSOEC\" \/>\n<meta name=\"twitter:site\" content=\"@PSOEC\" \/>\n<meta name=\"twitter:label1\" content=\"Escrito por\" \/>\n\t<meta name=\"twitter:data1\" content=\"PSOE\" \/>\n\t<meta name=\"twitter:label2\" content=\"Tiempo de lectura\" \/>\n\t<meta name=\"twitter:data2\" content=\"3 minutos\" \/>\n<script type=\"application\/ld+json\" class=\"yoast-schema-graph\">{\"@context\":\"https:\/\/schema.org\",\"@graph\":[{\"@type\":\"Article\",\"@id\":\"https:\/\/www.psoecaceres.com\/es\/actualidad\/espana-seguira-creciendo-y-liderando-la-creacion-de-puestos-de-trabajo-en-la-union-europea-en-2026\/#article\",\"isPartOf\":{\"@id\":\"https:\/\/www.psoecaceres.com\/es\/actualidad\/espana-seguira-creciendo-y-liderando-la-creacion-de-puestos-de-trabajo-en-la-union-europea-en-2026\/\"},\"author\":{\"name\":\"PSOE\",\"@id\":\"https:\/\/www.psoecaceres.com\/es\/#\/schema\/person\/f39f54f038cc2ed62af85f6d76c466a9\"},\"headline\":\"Espa\u00f1a seguir\u00e1 creciendo y liderando la creaci\u00f3n de puestos de trabajo en la Uni\u00f3n Europea en 2026\",\"datePublished\":\"2026-04-29T04:11:43+00:00\",\"dateModified\":\"2026-04-29T06:14:37+00:00\",\"mainEntityOfPage\":{\"@id\":\"https:\/\/www.psoecaceres.com\/es\/actualidad\/espana-seguira-creciendo-y-liderando-la-creacion-de-puestos-de-trabajo-en-la-union-europea-en-2026\/\"},\"wordCount\":531,\"commentCount\":0,\"publisher\":{\"@id\":\"https:\/\/www.psoecaceres.com\/es\/#organization\"},\"image\":{\"@id\":\"https:\/\/www.psoecaceres.com\/es\/actualidad\/espana-seguira-creciendo-y-liderando-la-creacion-de-puestos-de-trabajo-en-la-union-europea-en-2026\/#primaryimage\"},\"thumbnailUrl\":\"https:\/\/www.psoecaceres.com\/es\/wp-content\/uploads\/2025\/12\/Carlos-Cuerpo-1.jpg\",\"keywords\":[\"destacada\"],\"articleSection\":[\"Actualidad\",\"Gobierno de Espa\u00f1a\",\"Municipio a Municipio\",\"Noticias\"],\"inLanguage\":\"es\",\"potentialAction\":[{\"@type\":\"CommentAction\",\"name\":\"Comment\",\"target\":[\"https:\/\/www.psoecaceres.com\/es\/actualidad\/espana-seguira-creciendo-y-liderando-la-creacion-de-puestos-de-trabajo-en-la-union-europea-en-2026\/#respond\"]}]},{\"@type\":\"WebPage\",\"@id\":\"https:\/\/www.psoecaceres.com\/es\/actualidad\/espana-seguira-creciendo-y-liderando-la-creacion-de-puestos-de-trabajo-en-la-union-europea-en-2026\/\",\"url\":\"https:\/\/www.psoecaceres.com\/es\/actualidad\/espana-seguira-creciendo-y-liderando-la-creacion-de-puestos-de-trabajo-en-la-union-europea-en-2026\/\",\"name\":\"Espa\u00f1a seguir\u00e1 creciendo y liderando la creaci\u00f3n de puestos de trabajo en la Uni\u00f3n Europea en 2026 - PSOE provincia de C\u00e1ceres\",\"isPartOf\":{\"@id\":\"https:\/\/www.psoecaceres.com\/es\/#website\"},\"primaryImageOfPage\":{\"@id\":\"https:\/\/www.psoecaceres.com\/es\/actualidad\/espana-seguira-creciendo-y-liderando-la-creacion-de-puestos-de-trabajo-en-la-union-europea-en-2026\/#primaryimage\"},\"image\":{\"@id\":\"https:\/\/www.psoecaceres.com\/es\/actualidad\/espana-seguira-creciendo-y-liderando-la-creacion-de-puestos-de-trabajo-en-la-union-europea-en-2026\/#primaryimage\"},\"thumbnailUrl\":\"https:\/\/www.psoecaceres.com\/es\/wp-content\/uploads\/2025\/12\/Carlos-Cuerpo-1.jpg\",\"datePublished\":\"2026-04-29T04:11:43+00:00\",\"dateModified\":\"2026-04-29T06:14:37+00:00\",\"breadcrumb\":{\"@id\":\"https:\/\/www.psoecaceres.com\/es\/actualidad\/espana-seguira-creciendo-y-liderando-la-creacion-de-puestos-de-trabajo-en-la-union-europea-en-2026\/#breadcrumb\"},\"inLanguage\":\"es\",\"potentialAction\":[{\"@type\":\"ReadAction\",\"target\":[\"https:\/\/www.psoecaceres.com\/es\/actualidad\/espana-seguira-creciendo-y-liderando-la-creacion-de-puestos-de-trabajo-en-la-union-europea-en-2026\/\"]}]},{\"@type\":\"ImageObject\",\"inLanguage\":\"es\",\"@id\":\"https:\/\/www.psoecaceres.com\/es\/actualidad\/espana-seguira-creciendo-y-liderando-la-creacion-de-puestos-de-trabajo-en-la-union-europea-en-2026\/#primaryimage\",\"url\":\"https:\/\/www.psoecaceres.com\/es\/wp-content\/uploads\/2025\/12\/Carlos-Cuerpo-1.jpg\",\"contentUrl\":\"https:\/\/www.psoecaceres.com\/es\/wp-content\/uploads\/2025\/12\/Carlos-Cuerpo-1.jpg\",\"width\":1172,\"height\":552},{\"@type\":\"BreadcrumbList\",\"@id\":\"https:\/\/www.psoecaceres.com\/es\/actualidad\/espana-seguira-creciendo-y-liderando-la-creacion-de-puestos-de-trabajo-en-la-union-europea-en-2026\/#breadcrumb\",\"itemListElement\":[{\"@type\":\"ListItem\",\"position\":1,\"name\":\"Portada\",\"item\":\"https:\/\/www.psoecaceres.com\/es\/\"},{\"@type\":\"ListItem\",\"position\":2,\"name\":\"Espa\u00f1a seguir\u00e1 creciendo y liderando la creaci\u00f3n de puestos de trabajo en la Uni\u00f3n Europea en 2026\"}]},{\"@type\":\"WebSite\",\"@id\":\"https:\/\/www.psoecaceres.com\/es\/#website\",\"url\":\"https:\/\/www.psoecaceres.com\/es\/\",\"name\":\"PSOE provincia de C\u00e1ceres\",\"description\":\"Pasi\u00f3n por Nuestros Pueblos\",\"publisher\":{\"@id\":\"https:\/\/www.psoecaceres.com\/es\/#organization\"},\"alternateName\":\"PSOE Caceres\",\"potentialAction\":[{\"@type\":\"SearchAction\",\"target\":{\"@type\":\"EntryPoint\",\"urlTemplate\":\"https:\/\/www.psoecaceres.com\/es\/?s={search_term_string}\"},\"query-input\":{\"@type\":\"PropertyValueSpecification\",\"valueRequired\":true,\"valueName\":\"search_term_string\"}}],\"inLanguage\":\"es\"},{\"@type\":\"Organization\",\"@id\":\"https:\/\/www.psoecaceres.com\/es\/#organization\",\"name\":\"Psoe C\u00e1ceres\",\"alternateName\":\"PSOE Caceres\",\"url\":\"https:\/\/www.psoecaceres.com\/es\/\",\"logo\":{\"@type\":\"ImageObject\",\"inLanguage\":\"es\",\"@id\":\"https:\/\/www.psoecaceres.com\/es\/#\/schema\/logo\/image\/\",\"url\":\"https:\/\/www.psoecaceres.com\/es\/wp-content\/uploads\/2020\/08\/logo-psoe-caceres-web-2020.png\",\"contentUrl\":\"https:\/\/www.psoecaceres.com\/es\/wp-content\/uploads\/2020\/08\/logo-psoe-caceres-web-2020.png\",\"width\":180,\"height\":105,\"caption\":\"Psoe C\u00e1ceres\"},\"image\":{\"@id\":\"https:\/\/www.psoecaceres.com\/es\/#\/schema\/logo\/image\/\"},\"sameAs\":[\"https:\/\/www.facebook.com\/psoecaceres\",\"https:\/\/x.com\/PSOEC\"]},{\"@type\":\"Person\",\"@id\":\"https:\/\/www.psoecaceres.com\/es\/#\/schema\/person\/f39f54f038cc2ed62af85f6d76c466a9\",\"name\":\"PSOE\",\"url\":\"https:\/\/www.psoecaceres.com\/es\/author\/ivar\/\"}]}<\/script>\n<!-- \/ Yoast SEO plugin. -->","yoast_head_json":{"title":"Espa\u00f1a seguir\u00e1 creciendo y liderando la creaci\u00f3n de puestos de trabajo en la Uni\u00f3n Europea en 2026 - PSOE provincia de C\u00e1ceres","robots":{"index":"index","follow":"follow","max-snippet":"max-snippet:-1","max-image-preview":"max-image-preview:large","max-video-preview":"max-video-preview:-1"},"canonical":"https:\/\/www.psoecaceres.com\/es\/actualidad\/espana-seguira-creciendo-y-liderando-la-creacion-de-puestos-de-trabajo-en-la-union-europea-en-2026\/","og_locale":"es_ES","og_type":"article","og_title":"Espa\u00f1a seguir\u00e1 creciendo y liderando la creaci\u00f3n de puestos de trabajo en la Uni\u00f3n Europea en 2026 - PSOE provincia de C\u00e1ceres","og_description":"Elma Saiz, sobre el racismo de PP y Vox: \u201cEstamos regularizando personas, no capitales opacos como hicieron otros gobiernos\u201d.\u00a0 Espa\u00f1a seguir\u00e1 creciendo y cumpliendo con los objetivos fiscales que nos marca la UE pese a la incertidumbre por la guerra en Ir\u00e1n. Es una de las conclusiones del Informe de Progreso Anual presentado por el [&hellip;]","og_url":"https:\/\/www.psoecaceres.com\/es\/actualidad\/espana-seguira-creciendo-y-liderando-la-creacion-de-puestos-de-trabajo-en-la-union-europea-en-2026\/","og_site_name":"PSOE provincia de C\u00e1ceres","article_publisher":"https:\/\/www.facebook.com\/psoecaceres","article_published_time":"2026-04-29T04:11:43+00:00","article_modified_time":"2026-04-29T06:14:37+00:00","og_image":[{"width":1172,"height":552,"url":"https:\/\/www.psoecaceres.com\/es\/wp-content\/uploads\/2025\/12\/Carlos-Cuerpo-1.jpg","type":"image\/jpeg"}],"author":"PSOE","twitter_card":"summary_large_image","twitter_creator":"@PSOEC","twitter_site":"@PSOEC","twitter_misc":{"Escrito por":"PSOE","Tiempo de lectura":"3 minutos"},"schema":{"@context":"https:\/\/schema.org","@graph":[{"@type":"Article","@id":"https:\/\/www.psoecaceres.com\/es\/actualidad\/espana-seguira-creciendo-y-liderando-la-creacion-de-puestos-de-trabajo-en-la-union-europea-en-2026\/#article","isPartOf":{"@id":"https:\/\/www.psoecaceres.com\/es\/actualidad\/espana-seguira-creciendo-y-liderando-la-creacion-de-puestos-de-trabajo-en-la-union-europea-en-2026\/"},"author":{"name":"PSOE","@id":"https:\/\/www.psoecaceres.com\/es\/#\/schema\/person\/f39f54f038cc2ed62af85f6d76c466a9"},"headline":"Espa\u00f1a seguir\u00e1 creciendo y liderando la creaci\u00f3n de puestos de trabajo en la Uni\u00f3n Europea en 2026","datePublished":"2026-04-29T04:11:43+00:00","dateModified":"2026-04-29T06:14:37+00:00","mainEntityOfPage":{"@id":"https:\/\/www.psoecaceres.com\/es\/actualidad\/espana-seguira-creciendo-y-liderando-la-creacion-de-puestos-de-trabajo-en-la-union-europea-en-2026\/"},"wordCount":531,"commentCount":0,"publisher":{"@id":"https:\/\/www.psoecaceres.com\/es\/#organization"},"image":{"@id":"https:\/\/www.psoecaceres.com\/es\/actualidad\/espana-seguira-creciendo-y-liderando-la-creacion-de-puestos-de-trabajo-en-la-union-europea-en-2026\/#primaryimage"},"thumbnailUrl":"https:\/\/www.psoecaceres.com\/es\/wp-content\/uploads\/2025\/12\/Carlos-Cuerpo-1.jpg","keywords":["destacada"],"articleSection":["Actualidad","Gobierno de Espa\u00f1a","Municipio a Municipio","Noticias"],"inLanguage":"es","potentialAction":[{"@type":"CommentAction","name":"Comment","target":["https:\/\/www.psoecaceres.com\/es\/actualidad\/espana-seguira-creciendo-y-liderando-la-creacion-de-puestos-de-trabajo-en-la-union-europea-en-2026\/#respond"]}]},{"@type":"WebPage","@id":"https:\/\/www.psoecaceres.com\/es\/actualidad\/espana-seguira-creciendo-y-liderando-la-creacion-de-puestos-de-trabajo-en-la-union-europea-en-2026\/","url":"https:\/\/www.psoecaceres.com\/es\/actualidad\/espana-seguira-creciendo-y-liderando-la-creacion-de-puestos-de-trabajo-en-la-union-europea-en-2026\/","name":"Espa\u00f1a seguir\u00e1 creciendo y liderando la creaci\u00f3n de puestos de trabajo en la Uni\u00f3n Europea en 2026 - PSOE provincia de C\u00e1ceres","isPartOf":{"@id":"https:\/\/www.psoecaceres.com\/es\/#website"},"primaryImageOfPage":{"@id":"https:\/\/www.psoecaceres.com\/es\/actualidad\/espana-seguira-creciendo-y-liderando-la-creacion-de-puestos-de-trabajo-en-la-union-europea-en-2026\/#primaryimage"},"image":{"@id":"https:\/\/www.psoecaceres.com\/es\/actualidad\/espana-seguira-creciendo-y-liderando-la-creacion-de-puestos-de-trabajo-en-la-union-europea-en-2026\/#primaryimage"},"thumbnailUrl":"https:\/\/www.psoecaceres.com\/es\/wp-content\/uploads\/2025\/12\/Carlos-Cuerpo-1.jpg","datePublished":"2026-04-29T04:11:43+00:00","dateModified":"2026-04-29T06:14:37+00:00","breadcrumb":{"@id":"https:\/\/www.psoecaceres.com\/es\/actualidad\/espana-seguira-creciendo-y-liderando-la-creacion-de-puestos-de-trabajo-en-la-union-europea-en-2026\/#breadcrumb"},"inLanguage":"es","potentialAction":[{"@type":"ReadAction","target":["https:\/\/www.psoecaceres.com\/es\/actualidad\/espana-seguira-creciendo-y-liderando-la-creacion-de-puestos-de-trabajo-en-la-union-europea-en-2026\/"]}]},{"@type":"ImageObject","inLanguage":"es","@id":"https:\/\/www.psoecaceres.com\/es\/actualidad\/espana-seguira-creciendo-y-liderando-la-creacion-de-puestos-de-trabajo-en-la-union-europea-en-2026\/#primaryimage","url":"https:\/\/www.psoecaceres.com\/es\/wp-content\/uploads\/2025\/12\/Carlos-Cuerpo-1.jpg","contentUrl":"https:\/\/www.psoecaceres.com\/es\/wp-content\/uploads\/2025\/12\/Carlos-Cuerpo-1.jpg","width":1172,"height":552},{"@type":"BreadcrumbList","@id":"https:\/\/www.psoecaceres.com\/es\/actualidad\/espana-seguira-creciendo-y-liderando-la-creacion-de-puestos-de-trabajo-en-la-union-europea-en-2026\/#breadcrumb","itemListElement":[{"@type":"ListItem","position":1,"name":"Portada","item":"https:\/\/www.psoecaceres.com\/es\/"},{"@type":"ListItem","position":2,"name":"Espa\u00f1a seguir\u00e1 creciendo y liderando la creaci\u00f3n de puestos de trabajo en la Uni\u00f3n Europea en 2026"}]},{"@type":"WebSite","@id":"https:\/\/www.psoecaceres.com\/es\/#website","url":"https:\/\/www.psoecaceres.com\/es\/","name":"PSOE provincia de C\u00e1ceres","description":"Pasi\u00f3n por Nuestros Pueblos","publisher":{"@id":"https:\/\/www.psoecaceres.com\/es\/#organization"},"alternateName":"PSOE Caceres","potentialAction":[{"@type":"SearchAction","target":{"@type":"EntryPoint","urlTemplate":"https:\/\/www.psoecaceres.com\/es\/?s={search_term_string}"},"query-input":{"@type":"PropertyValueSpecification","valueRequired":true,"valueName":"search_term_string"}}],"inLanguage":"es"},{"@type":"Organization","@id":"https:\/\/www.psoecaceres.com\/es\/#organization","name":"Psoe C\u00e1ceres","alternateName":"PSOE Caceres","url":"https:\/\/www.psoecaceres.com\/es\/","logo":{"@type":"ImageObject","inLanguage":"es","@id":"https:\/\/www.psoecaceres.com\/es\/#\/schema\/logo\/image\/","url":"https:\/\/www.psoecaceres.com\/es\/wp-content\/uploads\/2020\/08\/logo-psoe-caceres-web-2020.png","contentUrl":"https:\/\/www.psoecaceres.com\/es\/wp-content\/uploads\/2020\/08\/logo-psoe-caceres-web-2020.png","width":180,"height":105,"caption":"Psoe C\u00e1ceres"},"image":{"@id":"https:\/\/www.psoecaceres.com\/es\/#\/schema\/logo\/image\/"},"sameAs":["https:\/\/www.facebook.com\/psoecaceres","https:\/\/x.com\/PSOEC"]},{"@type":"Person","@id":"https:\/\/www.psoecaceres.com\/es\/#\/schema\/person\/f39f54f038cc2ed62af85f6d76c466a9","name":"PSOE","url":"https:\/\/www.psoecaceres.com\/es\/author\/ivar\/"}]}},"_links":{"self":[{"href":"https:\/\/www.psoecaceres.com\/es\/wp-json\/wp\/v2\/posts\/76770","targetHints":{"allow":["GET"]}}],"collection":[{"href":"https:\/\/www.psoecaceres.com\/es\/wp-json\/wp\/v2\/posts"}],"about":[{"href":"https:\/\/www.psoecaceres.com\/es\/wp-json\/wp\/v2\/types\/post"}],"author":[{"embeddable":true,"href":"https:\/\/www.psoecaceres.com\/es\/wp-json\/wp\/v2\/users\/3"}],"replies":[{"embeddable":true,"href":"https:\/\/www.psoecaceres.com\/es\/wp-json\/wp\/v2\/comments?post=76770"}],"version-history":[{"count":1,"href":"https:\/\/www.psoecaceres.com\/es\/wp-json\/wp\/v2\/posts\/76770\/revisions"}],"predecessor-version":[{"id":76771,"href":"https:\/\/www.psoecaceres.com\/es\/wp-json\/wp\/v2\/posts\/76770\/revisions\/76771"}],"wp:featuredmedia":[{"embeddable":true,"href":"https:\/\/www.psoecaceres.com\/es\/wp-json\/wp\/v2\/media\/74751"}],"wp:attachment":[{"href":"https:\/\/www.psoecaceres.com\/es\/wp-json\/wp\/v2\/media?parent=76770"}],"wp:term":[{"taxonomy":"category","embeddable":true,"href":"https:\/\/www.psoecaceres.com\/es\/wp-json\/wp\/v2\/categories?post=76770"},{"taxonomy":"post_tag","embeddable":true,"href":"https:\/\/www.psoecaceres.com\/es\/wp-json\/wp\/v2\/tags?post=76770"}],"curies":[{"name":"wp","href":"https:\/\/api.w.org\/{rel}","templated":true}]}}