{"id":76772,"date":"2026-04-30T04:24:15","date_gmt":"2026-04-30T02:24:15","guid":{"rendered":"https:\/\/www.psoecaceres.com\/es\/?p=76772"},"modified":"2026-04-29T09:53:13","modified_gmt":"2026-04-29T07:53:13","slug":"alvaro-s-cotrina-maria-guardiola-no-conoce-la-historia-de-extremadu","status":"publish","type":"post","link":"https:\/\/www.psoecaceres.com\/es\/actualidad\/alvaro-s-cotrina-maria-guardiola-no-conoce-la-historia-de-extremadu\/","title":{"rendered":"\u00c1lvaro S. Cotrina: \u00abMar\u00eda Guardiola no conoce la historia de Extremadura\u00bb"},"content":{"rendered":"<p><strong>\u00c1lvaro S\u00e1nchez Cotrina\u00a0acaba de ser proclamado este pasado fin de semana como\u00a0secretario general del PSOE de Extremadura\u00a0y ya ha insistido en su empe\u00f1o para unir el partido de nuevo y \u201cacabar y desterrar de Extremadura la polarizaci\u00f3n\u201d tras el \u00faltimo acuerdo de Mar\u00eda Guardiola con la ultraderecha. Es as\u00ed como\u00a0llega con ganas de \u201ccombatir a la derecha y a la ultraderecha desde la izquierda \u00fatil que transform\u00f3 la tierra y que va a volver a levantarse\u201d.<\/strong><\/p>\n<p>Con este tel\u00f3n de fondo, Cotrina ha concedido una entrevista a <a href=\"https:\/\/youtu.be\/iQZCz-vx6SY?si=AyhI2Wi9YVTFjx71\" target=\"_blank\" rel=\"noopener\"><strong><span style=\"color: #ff0000;\">ElPlural.com<\/span><\/strong><\/a> en M\u00e9rida para hablar sobre su desembarco en la secretaria general del socialismo extreme\u00f1o, del acuerdo racista del PP de Guardiola con Vox para llegar a la Junta\u00a0o sobre la influencia en su proyecto del hist\u00f3rico Guillermo Fern\u00e1ndez Vara.<\/p>\n<p><strong>PREGUNTA (P): \u00bfC\u00f3mo se llega a dirigir el PSOE de Extremadura? Es uno de los momentos culmen en tu carrera viniendo de una familia humilde y tu madre, como t\u00fa mismo has reconocido, limpiando fincas.<\/strong><\/p>\n<p>RESPUESTA (R): Con todo el <strong>orgullo de lo que han supuesto las pol\u00edticas progresistas para transformar una tierra en la que hace solo tres generaciones la gente iba en una burra a trabajar, como el abuelo del ministro Carlos Cuerpo<\/strong>. Y sin embargo, a trav\u00e9s de la proyecci\u00f3n de pol\u00edtica p\u00fablica, de pol\u00edticas socialistas, que han <strong>cambiado la realidad de toda esta tierra en los \u00faltimos 50 a\u00f1os,<\/strong> pues ha permitido que el vicepresidente del Gobierno de Espa\u00f1a sea el nieto de esa persona; o yo mismo, que vengo tambi\u00e9n de una madre que hace limpieza en una finca todos los d\u00edas, pueda haber ascendido socialmente a trav\u00e9s de ese ascensor social que tenemos, que es la educaci\u00f3n p\u00fablica, la apuesta por la educaci\u00f3n p\u00fablica, y que el hijo de la empleada de hogar tenga las mismas posibilidades que el hijo de aquel donde ella trabaja y hace las camas todos los d\u00edas. Yo creo que eso es lo fundamental. <strong>Un orgullo el poder demostrar que la gente humilde y la gente trabajadora, cuando quiere trabajar, cuando quiere currar mucho por su tierra, puede llevar su tierra a lo m\u00e1s pleno.<\/strong> Y eso es lo que lo que yo voy a intentar desarrollar.<\/p>\n<p><strong>P: Hay gente humilde en Extremadura, que seguramente tenga trabajos muy precarizados, que ahora incluso tengan miedo de ir al m\u00e9dico una vez que se ha llegado a un acuerdo entre PP y Vox. C\u00f3mo se explican esas dos realidades y qu\u00e9 le dir\u00edas a esa gente que vive en Extremadura, que trabaja en Extremadura y que lo est\u00e1n pasando realmente.<\/strong><\/p>\n<p><iframe loading=\"lazy\" title=\"Cotrina, l\u00edder del PSOE de Extremadura: &quot;Al presidente Vara quiero parecerme todos los d\u00edas...&quot;\" width=\"1080\" height=\"608\" src=\"https:\/\/www.youtube.com\/embed\/iQZCz-vx6SY?feature=oembed\" frameborder=\"0\" allow=\"accelerometer; autoplay; clipboard-write; encrypted-media; gyroscope; picture-in-picture; web-share\" referrerpolicy=\"strict-origin-when-cross-origin\" allowfullscreen><\/iframe><\/p>\n<p>R: Que <strong>la Extremadura ultra que pinta la derecha, Mar\u00eda Guardiola y \u00d3scar Fern\u00e1ndez no tienen nada que ver con la Extremadura de los servicios p\u00fablicos, con la Extremadura libre que vamos a seguir fomentando los y las socialistas<\/strong>. Que nadie tenga miedo a utilizar los recursos p\u00fablicos porque los profesionales p\u00fablicos jam\u00e1s le negar\u00edan aquello que su gobierno hoy le est\u00e1 diciendo que proh\u00edbe a la ciudadan\u00eda.<\/p>\n<p>No me veo a una persona migrante yendo al m\u00e9dico con su beb\u00e9 de dos a\u00f1os, de dos meses, y que la profesional o el profesional no lo atienda, pero ya tienen un aviso muy importante, que es que est\u00e1n metiendo en la conversaci\u00f3n p\u00fablica una <strong>agenda ultraderechista<\/strong> en una tierra que siempre ha gozado de ser n\u00edtidamente progresista y que nosotros no vamos a permitir que demos pasos atr\u00e1s.<\/p>\n<p>Vamos a hacer una oposici\u00f3n firme y contundente para acabar con los postulados de ultraderecha y m\u00e1s pronto que tarde <strong>va a haber reacciones en la sociedad civil<\/strong> a la que pretendemos ayudar para quitarse este lastre de gobierno.<\/p>\n<p><strong>P: C\u00f3mo se explica eso, que una tierra como Extremadura, con el pasado que tiene Extremadura, sea el punto de partida de esos gobiernos del Partido Popular y la extrema derecha con pol\u00edticas tan regresivas y que atentan contra la dignidad de las personas. \u00bfC\u00f3mo ha podido pasar eso?<\/strong><\/p>\n<p>R: No les importan los extreme\u00f1os y las extreme\u00f1as, no conocen su tierra. <strong>Guardiola lleva tres a\u00f1os gobernando y yo creo que no conoce ni la historia de Extremadura, en la que miles de familias se ten\u00edan que ir de aqu\u00ed a Alemania, a Holanda\u2026<\/strong> Yo, enfrente de mi casa, viv\u00eda en la calle Cervantes, n\u00famero 18, enfrente, la casa n\u00famero 19, llam\u00e1bamos a Ram\u00f3n el alem\u00e1n. Lo llam\u00e1bamos as\u00ed porque este hombre tuvo que emigrar en su momento y all\u00ed lo \u00fanico que exig\u00eda eran derechos como ciudadanos, derechos de ciudadan\u00eda. Y lo que vamos a hacer los y las socialistas es garantizar esos derechos de ciudadan\u00eda. La sociedad extreme\u00f1a no se ha ultraderechizado\u00a0y la sociedad extreme\u00f1a no se ha vuelto facha de un d\u00eda para otro.<\/p>\n<p>Nosotros vamos a hacer <strong>que la realidad social de Extremadura siga siendo una tierra progresista, que se rebele contra ese gobierno.<\/strong> Y vamos a participar de esa condena social que estamos viendo ya en las calles de Extremadura.<\/p>\n<p><strong>P: \u00bfC\u00f3mo te sientes al sustituir a Guillermo Fern\u00e1ndez Vara, ni m\u00e1s ni menos, al frente del Partido Socialista de Extremadura?<\/strong><\/p>\n<p>R: Muy peque\u00f1o. La verdad que uno cuando ve a quien ha sido mi referente humano, humanista;\u00a0<strong>mi referente personal, pol\u00edtico y tambi\u00e9n de alguna manera ese candil en la casa de muchos extreme\u00f1os y extreme\u00f1as,<\/strong> que dec\u00eda \u00e9l siempre de una manera muy cari\u00f1osa. Yo <strong>al presidente Vara quiero parecerme todos los d\u00edas con todas las decisiones<\/strong>, porque si hab\u00eda algo de lo que \u00e9l hablaba era de la pol\u00edtica de las peque\u00f1as cosas.<\/p>\n<p>Y a m\u00ed me interesa mucho eso. El que la gente vea que nos preocupamos tambi\u00e9n de la gran pol\u00edtica, pero <strong>que lo peque\u00f1o siempre cuente a la hora de tomar decisiones, porque eso es al final la honestidad, la humildad y tambi\u00e9n la honorabilidad<\/strong> que hemos defendido los socialistas durante todos estos a\u00f1os. Guillermo era eso, era calidad humana por excelencia y yo quiero parecerme a \u00e9l, porque ese es el PSOE que voy a defenderse.<\/p>\n<p><strong>P: Para terminar, ni disimulado el orgullo de Jos\u00e9 Luis Rodr\u00edguez Zapatero en su presentaci\u00f3n en el mitin, casi como ojeador actu\u00f3, diciendo que confiaba en ti. Supongo que sientes mucha responsabilidad, \u00bfno?<\/strong><\/p>\n<p>R: Imag\u00ednate, uno que empieza a votar dos a\u00f1os despu\u00e9s del \u2018no a la guerra\u2019 de Irak. Mi primer voto fue al Partido Socialista. Yo no militaba en el Partido Socialista, pero hubo una persona que se convirti\u00f3 en un referente de toda una sociedad joven que sal\u00eda a las calles diciendo \u2018no a la guerra\u2019.<\/p>\n<p>Hoy, una casualidad de la historia, estamos diciendo tambi\u00e9n \u2018no a la guerra\u2019 en todas nuestras calles y de repente viene un tipo como <strong>Jos\u00e9 Luis Rodr\u00edguez Zapatero<\/strong>, al que t\u00fa has admirado en muchos momentos de la historia, pues s\u00ed con Guillermo te haces peque\u00f1o, con Jos\u00e9 Luis m\u00e1s o menos igual. Pero bueno, me ha visto cara de presidente y yo conf\u00edo en que mi historia repita la suya.<\/p>\n<p>Con 39 a\u00f1os se present\u00f3 a unas primarias del Partido Socialista y cuatro a\u00f1os despu\u00e9s acab\u00f3 siendo presidente. Espero que este que les habla no tarde cuatro a\u00f1os, porque veo inviable un gobierno de Guardiola y Vox que dure cuatro a\u00f1os.<\/p>\n<p><a href=\"https:\/\/www.psoecaceres.com\/es\/wp-content\/uploads\/2026\/04\/Alvaro-lo-sencillo.png\"><img loading=\"lazy\" decoding=\"async\" class=\"size-large wp-image-76780 alignleft\" src=\"https:\/\/www.psoecaceres.com\/es\/wp-content\/uploads\/2026\/04\/Alvaro-lo-sencillo-819x1024.png\" alt=\"\" width=\"819\" height=\"1024\" \/><\/a><\/p>\n<p>&nbsp;<\/p>\n<p>&nbsp;<\/p>\n","protected":false},"excerpt":{"rendered":"<p>\u00c1lvaro S\u00e1nchez Cotrina\u00a0acaba de ser proclamado este pasado fin de semana como\u00a0secretario general del PSOE de Extremadura\u00a0y ya ha insistido en su empe\u00f1o para unir el partido de nuevo y \u201cacabar y desterrar de Extremadura la polarizaci\u00f3n\u201d tras el \u00faltimo acuerdo de Mar\u00eda Guardiola con la ultraderecha. Es as\u00ed como\u00a0llega con ganas de \u201ccombatir a [&hellip;]<\/p>\n","protected":false},"author":3,"featured_media":76775,"comment_status":"open","ping_status":"open","sticky":false,"template":"","format":"standard","meta":{"_et_pb_use_builder":"","_et_pb_old_content":"","_et_gb_content_width":"","footnotes":""},"categories":[21,295,233,245,246],"tags":[151],"class_list":["post-76772","post","type-post","status-publish","format-standard","has-post-thumbnail","hentry","category-actualidad","category-alvaro-s-cotrina-secretario-general-psoe-extremadura","category-grupoparlamentario","category-junta-de-extremadura","category-noticias","tag-destacada"],"yoast_head":"<!-- This site is optimized with the Yoast SEO plugin v26.7 - https:\/\/yoast.com\/wordpress\/plugins\/seo\/ -->\n<title>\u00c1lvaro S. Cotrina: &quot;Mar\u00eda Guardiola no conoce la historia de Extremadura&quot; - PSOE provincia de C\u00e1ceres<\/title>\n<meta name=\"robots\" content=\"index, follow, max-snippet:-1, max-image-preview:large, max-video-preview:-1\" \/>\n<link rel=\"canonical\" href=\"https:\/\/www.psoecaceres.com\/es\/actualidad\/alvaro-s-cotrina-maria-guardiola-no-conoce-la-historia-de-extremadu\/\" \/>\n<meta property=\"og:locale\" content=\"es_ES\" \/>\n<meta property=\"og:type\" content=\"article\" \/>\n<meta property=\"og:title\" content=\"\u00c1lvaro S. Cotrina: &quot;Mar\u00eda Guardiola no conoce la historia de Extremadura&quot; - PSOE provincia de C\u00e1ceres\" \/>\n<meta property=\"og:description\" content=\"\u00c1lvaro S\u00e1nchez Cotrina\u00a0acaba de ser proclamado este pasado fin de semana como\u00a0secretario general del PSOE de Extremadura\u00a0y ya ha insistido en su empe\u00f1o para unir el partido de nuevo y \u201cacabar y desterrar de Extremadura la polarizaci\u00f3n\u201d tras el \u00faltimo acuerdo de Mar\u00eda Guardiola con la ultraderecha. Es as\u00ed como\u00a0llega con ganas de \u201ccombatir a [&hellip;]\" \/>\n<meta property=\"og:url\" content=\"https:\/\/www.psoecaceres.com\/es\/actualidad\/alvaro-s-cotrina-maria-guardiola-no-conoce-la-historia-de-extremadu\/\" \/>\n<meta property=\"og:site_name\" content=\"PSOE provincia de C\u00e1ceres\" \/>\n<meta property=\"article:publisher\" content=\"https:\/\/www.facebook.com\/psoecaceres\" \/>\n<meta property=\"article:published_time\" content=\"2026-04-30T02:24:15+00:00\" \/>\n<meta property=\"og:image\" content=\"https:\/\/www.psoecaceres.com\/es\/wp-content\/uploads\/2026\/04\/Alvaro-scaled.jpg\" \/>\n\t<meta property=\"og:image:width\" content=\"2560\" \/>\n\t<meta property=\"og:image:height\" content=\"1645\" \/>\n\t<meta property=\"og:image:type\" content=\"image\/jpeg\" \/>\n<meta name=\"author\" content=\"PSOE\" \/>\n<meta name=\"twitter:card\" content=\"summary_large_image\" \/>\n<meta name=\"twitter:creator\" content=\"@PSOEC\" \/>\n<meta name=\"twitter:site\" content=\"@PSOEC\" \/>\n<meta name=\"twitter:label1\" content=\"Escrito por\" \/>\n\t<meta name=\"twitter:data1\" content=\"PSOE\" \/>\n\t<meta name=\"twitter:label2\" content=\"Tiempo de lectura\" \/>\n\t<meta name=\"twitter:data2\" content=\"6 minutos\" \/>\n<script type=\"application\/ld+json\" class=\"yoast-schema-graph\">{\"@context\":\"https:\/\/schema.org\",\"@graph\":[{\"@type\":\"Article\",\"@id\":\"https:\/\/www.psoecaceres.com\/es\/actualidad\/alvaro-s-cotrina-maria-guardiola-no-conoce-la-historia-de-extremadu\/#article\",\"isPartOf\":{\"@id\":\"https:\/\/www.psoecaceres.com\/es\/actualidad\/alvaro-s-cotrina-maria-guardiola-no-conoce-la-historia-de-extremadu\/\"},\"author\":{\"name\":\"PSOE\",\"@id\":\"https:\/\/www.psoecaceres.com\/es\/#\/schema\/person\/f39f54f038cc2ed62af85f6d76c466a9\"},\"headline\":\"\u00c1lvaro S. Cotrina: \u00abMar\u00eda Guardiola no conoce la historia de Extremadura\u00bb\",\"datePublished\":\"2026-04-30T02:24:15+00:00\",\"mainEntityOfPage\":{\"@id\":\"https:\/\/www.psoecaceres.com\/es\/actualidad\/alvaro-s-cotrina-maria-guardiola-no-conoce-la-historia-de-extremadu\/\"},\"wordCount\":1322,\"commentCount\":0,\"publisher\":{\"@id\":\"https:\/\/www.psoecaceres.com\/es\/#organization\"},\"image\":{\"@id\":\"https:\/\/www.psoecaceres.com\/es\/actualidad\/alvaro-s-cotrina-maria-guardiola-no-conoce-la-historia-de-extremadu\/#primaryimage\"},\"thumbnailUrl\":\"https:\/\/www.psoecaceres.com\/es\/wp-content\/uploads\/2026\/04\/Alvaro-scaled.jpg\",\"keywords\":[\"destacada\"],\"articleSection\":[\"Actualidad\",\"\u00c1lvaro S. Cotrina - Secretario General PSOE Extremadura\",\"Grupo Parlamentario\",\"Junta de Extremadura\",\"Noticias\"],\"inLanguage\":\"es\",\"potentialAction\":[{\"@type\":\"CommentAction\",\"name\":\"Comment\",\"target\":[\"https:\/\/www.psoecaceres.com\/es\/actualidad\/alvaro-s-cotrina-maria-guardiola-no-conoce-la-historia-de-extremadu\/#respond\"]}]},{\"@type\":\"WebPage\",\"@id\":\"https:\/\/www.psoecaceres.com\/es\/actualidad\/alvaro-s-cotrina-maria-guardiola-no-conoce-la-historia-de-extremadu\/\",\"url\":\"https:\/\/www.psoecaceres.com\/es\/actualidad\/alvaro-s-cotrina-maria-guardiola-no-conoce-la-historia-de-extremadu\/\",\"name\":\"\u00c1lvaro S. Cotrina: \\\"Mar\u00eda Guardiola no conoce la historia de Extremadura\\\" - PSOE provincia de C\u00e1ceres\",\"isPartOf\":{\"@id\":\"https:\/\/www.psoecaceres.com\/es\/#website\"},\"primaryImageOfPage\":{\"@id\":\"https:\/\/www.psoecaceres.com\/es\/actualidad\/alvaro-s-cotrina-maria-guardiola-no-conoce-la-historia-de-extremadu\/#primaryimage\"},\"image\":{\"@id\":\"https:\/\/www.psoecaceres.com\/es\/actualidad\/alvaro-s-cotrina-maria-guardiola-no-conoce-la-historia-de-extremadu\/#primaryimage\"},\"thumbnailUrl\":\"https:\/\/www.psoecaceres.com\/es\/wp-content\/uploads\/2026\/04\/Alvaro-scaled.jpg\",\"datePublished\":\"2026-04-30T02:24:15+00:00\",\"breadcrumb\":{\"@id\":\"https:\/\/www.psoecaceres.com\/es\/actualidad\/alvaro-s-cotrina-maria-guardiola-no-conoce-la-historia-de-extremadu\/#breadcrumb\"},\"inLanguage\":\"es\",\"potentialAction\":[{\"@type\":\"ReadAction\",\"target\":[\"https:\/\/www.psoecaceres.com\/es\/actualidad\/alvaro-s-cotrina-maria-guardiola-no-conoce-la-historia-de-extremadu\/\"]}]},{\"@type\":\"ImageObject\",\"inLanguage\":\"es\",\"@id\":\"https:\/\/www.psoecaceres.com\/es\/actualidad\/alvaro-s-cotrina-maria-guardiola-no-conoce-la-historia-de-extremadu\/#primaryimage\",\"url\":\"https:\/\/www.psoecaceres.com\/es\/wp-content\/uploads\/2026\/04\/Alvaro-scaled.jpg\",\"contentUrl\":\"https:\/\/www.psoecaceres.com\/es\/wp-content\/uploads\/2026\/04\/Alvaro-scaled.jpg\",\"width\":2560,\"height\":1645},{\"@type\":\"BreadcrumbList\",\"@id\":\"https:\/\/www.psoecaceres.com\/es\/actualidad\/alvaro-s-cotrina-maria-guardiola-no-conoce-la-historia-de-extremadu\/#breadcrumb\",\"itemListElement\":[{\"@type\":\"ListItem\",\"position\":1,\"name\":\"Portada\",\"item\":\"https:\/\/www.psoecaceres.com\/es\/\"},{\"@type\":\"ListItem\",\"position\":2,\"name\":\"\u00c1lvaro S. Cotrina: \u00abMar\u00eda Guardiola no conoce la historia de Extremadura\u00bb\"}]},{\"@type\":\"WebSite\",\"@id\":\"https:\/\/www.psoecaceres.com\/es\/#website\",\"url\":\"https:\/\/www.psoecaceres.com\/es\/\",\"name\":\"PSOE provincia de C\u00e1ceres\",\"description\":\"Pasi\u00f3n por Nuestros Pueblos\",\"publisher\":{\"@id\":\"https:\/\/www.psoecaceres.com\/es\/#organization\"},\"alternateName\":\"PSOE Caceres\",\"potentialAction\":[{\"@type\":\"SearchAction\",\"target\":{\"@type\":\"EntryPoint\",\"urlTemplate\":\"https:\/\/www.psoecaceres.com\/es\/?s={search_term_string}\"},\"query-input\":{\"@type\":\"PropertyValueSpecification\",\"valueRequired\":true,\"valueName\":\"search_term_string\"}}],\"inLanguage\":\"es\"},{\"@type\":\"Organization\",\"@id\":\"https:\/\/www.psoecaceres.com\/es\/#organization\",\"name\":\"Psoe C\u00e1ceres\",\"alternateName\":\"PSOE Caceres\",\"url\":\"https:\/\/www.psoecaceres.com\/es\/\",\"logo\":{\"@type\":\"ImageObject\",\"inLanguage\":\"es\",\"@id\":\"https:\/\/www.psoecaceres.com\/es\/#\/schema\/logo\/image\/\",\"url\":\"https:\/\/www.psoecaceres.com\/es\/wp-content\/uploads\/2020\/08\/logo-psoe-caceres-web-2020.png\",\"contentUrl\":\"https:\/\/www.psoecaceres.com\/es\/wp-content\/uploads\/2020\/08\/logo-psoe-caceres-web-2020.png\",\"width\":180,\"height\":105,\"caption\":\"Psoe C\u00e1ceres\"},\"image\":{\"@id\":\"https:\/\/www.psoecaceres.com\/es\/#\/schema\/logo\/image\/\"},\"sameAs\":[\"https:\/\/www.facebook.com\/psoecaceres\",\"https:\/\/x.com\/PSOEC\"]},{\"@type\":\"Person\",\"@id\":\"https:\/\/www.psoecaceres.com\/es\/#\/schema\/person\/f39f54f038cc2ed62af85f6d76c466a9\",\"name\":\"PSOE\",\"url\":\"https:\/\/www.psoecaceres.com\/es\/author\/ivar\/\"}]}<\/script>\n<!-- \/ Yoast SEO plugin. -->","yoast_head_json":{"title":"\u00c1lvaro S. Cotrina: \"Mar\u00eda Guardiola no conoce la historia de Extremadura\" - PSOE provincia de C\u00e1ceres","robots":{"index":"index","follow":"follow","max-snippet":"max-snippet:-1","max-image-preview":"max-image-preview:large","max-video-preview":"max-video-preview:-1"},"canonical":"https:\/\/www.psoecaceres.com\/es\/actualidad\/alvaro-s-cotrina-maria-guardiola-no-conoce-la-historia-de-extremadu\/","og_locale":"es_ES","og_type":"article","og_title":"\u00c1lvaro S. Cotrina: \"Mar\u00eda Guardiola no conoce la historia de Extremadura\" - PSOE provincia de C\u00e1ceres","og_description":"\u00c1lvaro S\u00e1nchez Cotrina\u00a0acaba de ser proclamado este pasado fin de semana como\u00a0secretario general del PSOE de Extremadura\u00a0y ya ha insistido en su empe\u00f1o para unir el partido de nuevo y \u201cacabar y desterrar de Extremadura la polarizaci\u00f3n\u201d tras el \u00faltimo acuerdo de Mar\u00eda Guardiola con la ultraderecha. Es as\u00ed como\u00a0llega con ganas de \u201ccombatir a [&hellip;]","og_url":"https:\/\/www.psoecaceres.com\/es\/actualidad\/alvaro-s-cotrina-maria-guardiola-no-conoce-la-historia-de-extremadu\/","og_site_name":"PSOE provincia de C\u00e1ceres","article_publisher":"https:\/\/www.facebook.com\/psoecaceres","article_published_time":"2026-04-30T02:24:15+00:00","og_image":[{"width":2560,"height":1645,"url":"https:\/\/www.psoecaceres.com\/es\/wp-content\/uploads\/2026\/04\/Alvaro-scaled.jpg","type":"image\/jpeg"}],"author":"PSOE","twitter_card":"summary_large_image","twitter_creator":"@PSOEC","twitter_site":"@PSOEC","twitter_misc":{"Escrito por":"PSOE","Tiempo de lectura":"6 minutos"},"schema":{"@context":"https:\/\/schema.org","@graph":[{"@type":"Article","@id":"https:\/\/www.psoecaceres.com\/es\/actualidad\/alvaro-s-cotrina-maria-guardiola-no-conoce-la-historia-de-extremadu\/#article","isPartOf":{"@id":"https:\/\/www.psoecaceres.com\/es\/actualidad\/alvaro-s-cotrina-maria-guardiola-no-conoce-la-historia-de-extremadu\/"},"author":{"name":"PSOE","@id":"https:\/\/www.psoecaceres.com\/es\/#\/schema\/person\/f39f54f038cc2ed62af85f6d76c466a9"},"headline":"\u00c1lvaro S. Cotrina: \u00abMar\u00eda Guardiola no conoce la historia de Extremadura\u00bb","datePublished":"2026-04-30T02:24:15+00:00","mainEntityOfPage":{"@id":"https:\/\/www.psoecaceres.com\/es\/actualidad\/alvaro-s-cotrina-maria-guardiola-no-conoce-la-historia-de-extremadu\/"},"wordCount":1322,"commentCount":0,"publisher":{"@id":"https:\/\/www.psoecaceres.com\/es\/#organization"},"image":{"@id":"https:\/\/www.psoecaceres.com\/es\/actualidad\/alvaro-s-cotrina-maria-guardiola-no-conoce-la-historia-de-extremadu\/#primaryimage"},"thumbnailUrl":"https:\/\/www.psoecaceres.com\/es\/wp-content\/uploads\/2026\/04\/Alvaro-scaled.jpg","keywords":["destacada"],"articleSection":["Actualidad","\u00c1lvaro S. Cotrina - Secretario General PSOE Extremadura","Grupo Parlamentario","Junta de Extremadura","Noticias"],"inLanguage":"es","potentialAction":[{"@type":"CommentAction","name":"Comment","target":["https:\/\/www.psoecaceres.com\/es\/actualidad\/alvaro-s-cotrina-maria-guardiola-no-conoce-la-historia-de-extremadu\/#respond"]}]},{"@type":"WebPage","@id":"https:\/\/www.psoecaceres.com\/es\/actualidad\/alvaro-s-cotrina-maria-guardiola-no-conoce-la-historia-de-extremadu\/","url":"https:\/\/www.psoecaceres.com\/es\/actualidad\/alvaro-s-cotrina-maria-guardiola-no-conoce-la-historia-de-extremadu\/","name":"\u00c1lvaro S. Cotrina: \"Mar\u00eda Guardiola no conoce la historia de Extremadura\" - PSOE provincia de C\u00e1ceres","isPartOf":{"@id":"https:\/\/www.psoecaceres.com\/es\/#website"},"primaryImageOfPage":{"@id":"https:\/\/www.psoecaceres.com\/es\/actualidad\/alvaro-s-cotrina-maria-guardiola-no-conoce-la-historia-de-extremadu\/#primaryimage"},"image":{"@id":"https:\/\/www.psoecaceres.com\/es\/actualidad\/alvaro-s-cotrina-maria-guardiola-no-conoce-la-historia-de-extremadu\/#primaryimage"},"thumbnailUrl":"https:\/\/www.psoecaceres.com\/es\/wp-content\/uploads\/2026\/04\/Alvaro-scaled.jpg","datePublished":"2026-04-30T02:24:15+00:00","breadcrumb":{"@id":"https:\/\/www.psoecaceres.com\/es\/actualidad\/alvaro-s-cotrina-maria-guardiola-no-conoce-la-historia-de-extremadu\/#breadcrumb"},"inLanguage":"es","potentialAction":[{"@type":"ReadAction","target":["https:\/\/www.psoecaceres.com\/es\/actualidad\/alvaro-s-cotrina-maria-guardiola-no-conoce-la-historia-de-extremadu\/"]}]},{"@type":"ImageObject","inLanguage":"es","@id":"https:\/\/www.psoecaceres.com\/es\/actualidad\/alvaro-s-cotrina-maria-guardiola-no-conoce-la-historia-de-extremadu\/#primaryimage","url":"https:\/\/www.psoecaceres.com\/es\/wp-content\/uploads\/2026\/04\/Alvaro-scaled.jpg","contentUrl":"https:\/\/www.psoecaceres.com\/es\/wp-content\/uploads\/2026\/04\/Alvaro-scaled.jpg","width":2560,"height":1645},{"@type":"BreadcrumbList","@id":"https:\/\/www.psoecaceres.com\/es\/actualidad\/alvaro-s-cotrina-maria-guardiola-no-conoce-la-historia-de-extremadu\/#breadcrumb","itemListElement":[{"@type":"ListItem","position":1,"name":"Portada","item":"https:\/\/www.psoecaceres.com\/es\/"},{"@type":"ListItem","position":2,"name":"\u00c1lvaro S. Cotrina: \u00abMar\u00eda Guardiola no conoce la historia de Extremadura\u00bb"}]},{"@type":"WebSite","@id":"https:\/\/www.psoecaceres.com\/es\/#website","url":"https:\/\/www.psoecaceres.com\/es\/","name":"PSOE provincia de C\u00e1ceres","description":"Pasi\u00f3n por Nuestros Pueblos","publisher":{"@id":"https:\/\/www.psoecaceres.com\/es\/#organization"},"alternateName":"PSOE Caceres","potentialAction":[{"@type":"SearchAction","target":{"@type":"EntryPoint","urlTemplate":"https:\/\/www.psoecaceres.com\/es\/?s={search_term_string}"},"query-input":{"@type":"PropertyValueSpecification","valueRequired":true,"valueName":"search_term_string"}}],"inLanguage":"es"},{"@type":"Organization","@id":"https:\/\/www.psoecaceres.com\/es\/#organization","name":"Psoe C\u00e1ceres","alternateName":"PSOE Caceres","url":"https:\/\/www.psoecaceres.com\/es\/","logo":{"@type":"ImageObject","inLanguage":"es","@id":"https:\/\/www.psoecaceres.com\/es\/#\/schema\/logo\/image\/","url":"https:\/\/www.psoecaceres.com\/es\/wp-content\/uploads\/2020\/08\/logo-psoe-caceres-web-2020.png","contentUrl":"https:\/\/www.psoecaceres.com\/es\/wp-content\/uploads\/2020\/08\/logo-psoe-caceres-web-2020.png","width":180,"height":105,"caption":"Psoe C\u00e1ceres"},"image":{"@id":"https:\/\/www.psoecaceres.com\/es\/#\/schema\/logo\/image\/"},"sameAs":["https:\/\/www.facebook.com\/psoecaceres","https:\/\/x.com\/PSOEC"]},{"@type":"Person","@id":"https:\/\/www.psoecaceres.com\/es\/#\/schema\/person\/f39f54f038cc2ed62af85f6d76c466a9","name":"PSOE","url":"https:\/\/www.psoecaceres.com\/es\/author\/ivar\/"}]}},"_links":{"self":[{"href":"https:\/\/www.psoecaceres.com\/es\/wp-json\/wp\/v2\/posts\/76772","targetHints":{"allow":["GET"]}}],"collection":[{"href":"https:\/\/www.psoecaceres.com\/es\/wp-json\/wp\/v2\/posts"}],"about":[{"href":"https:\/\/www.psoecaceres.com\/es\/wp-json\/wp\/v2\/types\/post"}],"author":[{"embeddable":true,"href":"https:\/\/www.psoecaceres.com\/es\/wp-json\/wp\/v2\/users\/3"}],"replies":[{"embeddable":true,"href":"https:\/\/www.psoecaceres.com\/es\/wp-json\/wp\/v2\/comments?post=76772"}],"version-history":[{"count":2,"href":"https:\/\/www.psoecaceres.com\/es\/wp-json\/wp\/v2\/posts\/76772\/revisions"}],"predecessor-version":[{"id":76781,"href":"https:\/\/www.psoecaceres.com\/es\/wp-json\/wp\/v2\/posts\/76772\/revisions\/76781"}],"wp:featuredmedia":[{"embeddable":true,"href":"https:\/\/www.psoecaceres.com\/es\/wp-json\/wp\/v2\/media\/76775"}],"wp:attachment":[{"href":"https:\/\/www.psoecaceres.com\/es\/wp-json\/wp\/v2\/media?parent=76772"}],"wp:term":[{"taxonomy":"category","embeddable":true,"href":"https:\/\/www.psoecaceres.com\/es\/wp-json\/wp\/v2\/categories?post=76772"},{"taxonomy":"post_tag","embeddable":true,"href":"https:\/\/www.psoecaceres.com\/es\/wp-json\/wp\/v2\/tags?post=76772"}],"curies":[{"name":"wp","href":"https:\/\/api.w.org\/{rel}","templated":true}]}}