{"id":76782,"date":"2026-04-30T03:55:51","date_gmt":"2026-04-30T01:55:51","guid":{"rendered":"https:\/\/www.psoecaceres.com\/es\/?p=76782"},"modified":"2026-04-29T09:57:39","modified_gmt":"2026-04-29T07:57:39","slug":"el-psoe-de-banos-de-montemayor-organiza-su-primeras-jornadas-de-emprendimiento-del-29-de-abril-al-1-de-mayo","status":"publish","type":"post","link":"https:\/\/www.psoecaceres.com\/es\/actualidad\/el-psoe-de-banos-de-montemayor-organiza-su-primeras-jornadas-de-emprendimiento-del-29-de-abril-al-1-de-mayo\/","title":{"rendered":"El PSOE de Ba\u00f1os de Montemayor organiza su Primeras jornadas de emprendimiento del 29 de abril al 1 de mayo"},"content":{"rendered":"<p><strong>El Valle del Ambroz inicia el pr\u00f3ximo mi\u00e9rcoles 29 de abril sus I Jornadas de Emprendimiento, un ciclo de tres d\u00edas que se desarrollar\u00e1 entre Ba\u00f1os de\u00a0<a href=\"https:\/\/noticiasambroz.com\/el-psoe-denuncia-el-abandono-de-la-via-de-la-plata-a-su-paso-por-banos-de-montemayor\/\">Montemayor<\/a>\u00a0y\u00a0<a href=\"https:\/\/noticiasambroz.com\/la-asociacion-de-familiares-de-la-residencia-de-mayores-de-hervas-denuncia-deterioro-en-las-instalaciones-y-pide-medidas-urgentes-al-patronato\/\">Herv\u00e1s<\/a>\u00a0y que busca vertebrar una red de emprendedores en una comarca que lleva a\u00f1os apostando por el desarrollo econ\u00f3mico local como herramienta frente a la despoblaci\u00f3n rural.<\/strong><\/p>\n<p>La iniciativa arranca el mi\u00e9rcoles 29 de abril a las 19.00 horas en la biblioteca del edificio Boulevard de Ba\u00f1os de Montemayor, con una charla-conferencia titulada El valle en red: comunicar para conectar, a cargo de Nieves Granado. La comunicaci\u00f3n como palanca para el tejido empresarial local centra una sesi\u00f3n que se enmarca en un contexto de creciente inter\u00e9s institucional por el emprendimiento rural en la provincia de C\u00e1ceres: la propia\u00a0<a href=\"https:\/\/noticiasambroz.com\/la-diputacion-de-caceres-pone-en-marcha-un-programa-formativo-sobre-atencion-integral-centrada-en-la-persona-para-empleados-de-residencias-y-centros-de-dia-municipales\/\">Diputaci\u00f3n<\/a>\u00a0provincial puso en marcha este a\u00f1o el programa En mi pueblo emprend\u00ed, que ya ha identificado en Herv\u00e1s, entre otros municipios, carencias en el acceso a recursos y la necesidad de redes de apoyo m\u00e1s accesibles para quienes quieren emprender en el territorio.<\/p>\n<p>El jueves 30 de abril, a las 20.00 horas, le tocar\u00e1 el turno a Daniel Alonso, fundador de Vive Ambroz, empresa de ecoturismo con base en Herv\u00e1s que ofrece rutas en 4\u00d74, senderismo y gymkanas en la naturaleza por el Valle del Ambroz, el Parque Nacional de Monfrag\u00fce y las Tierras de Granadilla. Su ponencia, El emprendimiento en el Valle del Ambroz: un caso de \u00e9xito, aportar\u00e1 una visi\u00f3n pr\u00e1ctica y local de lo que supone construir un negocio viable en el entorno rural de la comarca. Vive Ambroz se ha consolidado como referente del turismo de naturaleza en la zona norte de C\u00e1ceres, con una valoraci\u00f3n muy positiva entre sus clientes nacionales e internacionales.<\/p>\n<p>El cierre de las jornadas coincide con una jornada intensa en la comarca. El 1 de mayo, Festividad del Trabajador, Herv\u00e1s concentrar\u00e1 varios actos conmemorativos. El PSOE del Valle del Ambroz ha convocado a sus militantes y simpatizantes a partir de las 12.30 horas en La Corredera de Herv\u00e1s, desde donde se trasladar\u00e1n a las 13.00 horas al cementerio para un homenaje a los compa\u00f1eros fallecidos. A las 13.30 horas tendr\u00e1 lugar el acto central en La Corredera, con la lectura del manifiesto del D\u00eda del Trabajador.<br \/>\nEn ese marco de reivindicaci\u00f3n del trabajo y la econom\u00eda local, los participantes en las I Jornadas de Emprendimiento celebrar\u00e1n a las 14.00 horas una comida de trabajo en el Hotel Sinagoga de Herv\u00e1s, con un men\u00fa a 25 euros, como colof\u00f3n de los tres d\u00edas de\u00a0<a href=\"https:\/\/noticiasambroz.com\/aldeanueva-del-camino-celebra-el-dia-del-libro-con-3-actividades-en-la-biblioteca-municipal-angel-duarte\/\">actividades<\/a>.<\/p>\n<p>Para Amaia Blanco, Secretaria General del PSOE de Ba\u00f1os, \u201cEl Valle del Ambroz tiene todos los ingredientes para convertirse en un referente del emprendimiento rural en Extremadura. Tenemos paisaje, historia, identidad y, sobre todo, personas con ganas de construir algo aqu\u00ed, y es necesario que de una vez por todas la Junta de Extremadura apueste por esta comarca\u201d<\/p>\n","protected":false},"excerpt":{"rendered":"<p>El Valle del Ambroz inicia el pr\u00f3ximo mi\u00e9rcoles 29 de abril sus I Jornadas de Emprendimiento, un ciclo de tres d\u00edas que se desarrollar\u00e1 entre Ba\u00f1os de\u00a0Montemayor\u00a0y\u00a0Herv\u00e1s\u00a0y que busca vertebrar una red de emprendedores en una comarca que lleva a\u00f1os apostando por el desarrollo econ\u00f3mico local como herramienta frente a la despoblaci\u00f3n rural. La iniciativa [&hellip;]<\/p>\n","protected":false},"author":3,"featured_media":76783,"comment_status":"open","ping_status":"open","sticky":false,"template":"","format":"standard","meta":{"_et_pb_use_builder":"","_et_pb_old_content":"","_et_gb_content_width":"","footnotes":""},"categories":[21,222,246],"tags":[151],"class_list":["post-76782","post","type-post","status-publish","format-standard","has-post-thumbnail","hentry","category-actualidad","category-municipio-a-municipio","category-noticias","tag-destacada"],"yoast_head":"<!-- This site is optimized with the Yoast SEO plugin v26.7 - https:\/\/yoast.com\/wordpress\/plugins\/seo\/ -->\n<title>El PSOE de Ba\u00f1os de Montemayor organiza su Primeras jornadas de emprendimiento del 29 de abril al 1 de mayo - PSOE provincia de C\u00e1ceres<\/title>\n<meta name=\"robots\" content=\"index, follow, max-snippet:-1, max-image-preview:large, max-video-preview:-1\" \/>\n<link rel=\"canonical\" href=\"https:\/\/www.psoecaceres.com\/es\/actualidad\/el-psoe-de-banos-de-montemayor-organiza-su-primeras-jornadas-de-emprendimiento-del-29-de-abril-al-1-de-mayo\/\" \/>\n<meta property=\"og:locale\" content=\"es_ES\" \/>\n<meta property=\"og:type\" content=\"article\" \/>\n<meta property=\"og:title\" content=\"El PSOE de Ba\u00f1os de Montemayor organiza su Primeras jornadas de emprendimiento del 29 de abril al 1 de mayo - PSOE provincia de C\u00e1ceres\" \/>\n<meta property=\"og:description\" content=\"El Valle del Ambroz inicia el pr\u00f3ximo mi\u00e9rcoles 29 de abril sus I Jornadas de Emprendimiento, un ciclo de tres d\u00edas que se desarrollar\u00e1 entre Ba\u00f1os de\u00a0Montemayor\u00a0y\u00a0Herv\u00e1s\u00a0y que busca vertebrar una red de emprendedores en una comarca que lleva a\u00f1os apostando por el desarrollo econ\u00f3mico local como herramienta frente a la despoblaci\u00f3n rural. La iniciativa [&hellip;]\" \/>\n<meta property=\"og:url\" content=\"https:\/\/www.psoecaceres.com\/es\/actualidad\/el-psoe-de-banos-de-montemayor-organiza-su-primeras-jornadas-de-emprendimiento-del-29-de-abril-al-1-de-mayo\/\" \/>\n<meta property=\"og:site_name\" content=\"PSOE provincia de C\u00e1ceres\" \/>\n<meta property=\"article:publisher\" content=\"https:\/\/www.facebook.com\/psoecaceres\" \/>\n<meta property=\"article:published_time\" content=\"2026-04-30T01:55:51+00:00\" \/>\n<meta property=\"og:image\" content=\"https:\/\/www.psoecaceres.com\/es\/wp-content\/uploads\/2026\/04\/jornadas-emprendimiento.jpg\" \/>\n\t<meta property=\"og:image:width\" content=\"696\" \/>\n\t<meta property=\"og:image:height\" content=\"596\" \/>\n\t<meta property=\"og:image:type\" content=\"image\/jpeg\" \/>\n<meta name=\"author\" content=\"PSOE\" \/>\n<meta name=\"twitter:card\" content=\"summary_large_image\" \/>\n<meta name=\"twitter:creator\" content=\"@PSOEC\" \/>\n<meta name=\"twitter:site\" content=\"@PSOEC\" \/>\n<meta name=\"twitter:label1\" content=\"Escrito por\" \/>\n\t<meta name=\"twitter:data1\" content=\"PSOE\" \/>\n\t<meta name=\"twitter:label2\" content=\"Tiempo de lectura\" \/>\n\t<meta name=\"twitter:data2\" content=\"3 minutos\" \/>\n<script type=\"application\/ld+json\" class=\"yoast-schema-graph\">{\"@context\":\"https:\/\/schema.org\",\"@graph\":[{\"@type\":\"Article\",\"@id\":\"https:\/\/www.psoecaceres.com\/es\/actualidad\/el-psoe-de-banos-de-montemayor-organiza-su-primeras-jornadas-de-emprendimiento-del-29-de-abril-al-1-de-mayo\/#article\",\"isPartOf\":{\"@id\":\"https:\/\/www.psoecaceres.com\/es\/actualidad\/el-psoe-de-banos-de-montemayor-organiza-su-primeras-jornadas-de-emprendimiento-del-29-de-abril-al-1-de-mayo\/\"},\"author\":{\"name\":\"PSOE\",\"@id\":\"https:\/\/www.psoecaceres.com\/es\/#\/schema\/person\/f39f54f038cc2ed62af85f6d76c466a9\"},\"headline\":\"El PSOE de Ba\u00f1os de Montemayor organiza su Primeras jornadas de emprendimiento del 29 de abril al 1 de mayo\",\"datePublished\":\"2026-04-30T01:55:51+00:00\",\"mainEntityOfPage\":{\"@id\":\"https:\/\/www.psoecaceres.com\/es\/actualidad\/el-psoe-de-banos-de-montemayor-organiza-su-primeras-jornadas-de-emprendimiento-del-29-de-abril-al-1-de-mayo\/\"},\"wordCount\":523,\"commentCount\":0,\"publisher\":{\"@id\":\"https:\/\/www.psoecaceres.com\/es\/#organization\"},\"image\":{\"@id\":\"https:\/\/www.psoecaceres.com\/es\/actualidad\/el-psoe-de-banos-de-montemayor-organiza-su-primeras-jornadas-de-emprendimiento-del-29-de-abril-al-1-de-mayo\/#primaryimage\"},\"thumbnailUrl\":\"https:\/\/www.psoecaceres.com\/es\/wp-content\/uploads\/2026\/04\/jornadas-emprendimiento.jpg\",\"keywords\":[\"destacada\"],\"articleSection\":[\"Actualidad\",\"Municipio a Municipio\",\"Noticias\"],\"inLanguage\":\"es\",\"potentialAction\":[{\"@type\":\"CommentAction\",\"name\":\"Comment\",\"target\":[\"https:\/\/www.psoecaceres.com\/es\/actualidad\/el-psoe-de-banos-de-montemayor-organiza-su-primeras-jornadas-de-emprendimiento-del-29-de-abril-al-1-de-mayo\/#respond\"]}]},{\"@type\":\"WebPage\",\"@id\":\"https:\/\/www.psoecaceres.com\/es\/actualidad\/el-psoe-de-banos-de-montemayor-organiza-su-primeras-jornadas-de-emprendimiento-del-29-de-abril-al-1-de-mayo\/\",\"url\":\"https:\/\/www.psoecaceres.com\/es\/actualidad\/el-psoe-de-banos-de-montemayor-organiza-su-primeras-jornadas-de-emprendimiento-del-29-de-abril-al-1-de-mayo\/\",\"name\":\"El PSOE de Ba\u00f1os de Montemayor organiza su Primeras jornadas de emprendimiento del 29 de abril al 1 de mayo - PSOE provincia de C\u00e1ceres\",\"isPartOf\":{\"@id\":\"https:\/\/www.psoecaceres.com\/es\/#website\"},\"primaryImageOfPage\":{\"@id\":\"https:\/\/www.psoecaceres.com\/es\/actualidad\/el-psoe-de-banos-de-montemayor-organiza-su-primeras-jornadas-de-emprendimiento-del-29-de-abril-al-1-de-mayo\/#primaryimage\"},\"image\":{\"@id\":\"https:\/\/www.psoecaceres.com\/es\/actualidad\/el-psoe-de-banos-de-montemayor-organiza-su-primeras-jornadas-de-emprendimiento-del-29-de-abril-al-1-de-mayo\/#primaryimage\"},\"thumbnailUrl\":\"https:\/\/www.psoecaceres.com\/es\/wp-content\/uploads\/2026\/04\/jornadas-emprendimiento.jpg\",\"datePublished\":\"2026-04-30T01:55:51+00:00\",\"breadcrumb\":{\"@id\":\"https:\/\/www.psoecaceres.com\/es\/actualidad\/el-psoe-de-banos-de-montemayor-organiza-su-primeras-jornadas-de-emprendimiento-del-29-de-abril-al-1-de-mayo\/#breadcrumb\"},\"inLanguage\":\"es\",\"potentialAction\":[{\"@type\":\"ReadAction\",\"target\":[\"https:\/\/www.psoecaceres.com\/es\/actualidad\/el-psoe-de-banos-de-montemayor-organiza-su-primeras-jornadas-de-emprendimiento-del-29-de-abril-al-1-de-mayo\/\"]}]},{\"@type\":\"ImageObject\",\"inLanguage\":\"es\",\"@id\":\"https:\/\/www.psoecaceres.com\/es\/actualidad\/el-psoe-de-banos-de-montemayor-organiza-su-primeras-jornadas-de-emprendimiento-del-29-de-abril-al-1-de-mayo\/#primaryimage\",\"url\":\"https:\/\/www.psoecaceres.com\/es\/wp-content\/uploads\/2026\/04\/jornadas-emprendimiento.jpg\",\"contentUrl\":\"https:\/\/www.psoecaceres.com\/es\/wp-content\/uploads\/2026\/04\/jornadas-emprendimiento.jpg\",\"width\":696,\"height\":596},{\"@type\":\"BreadcrumbList\",\"@id\":\"https:\/\/www.psoecaceres.com\/es\/actualidad\/el-psoe-de-banos-de-montemayor-organiza-su-primeras-jornadas-de-emprendimiento-del-29-de-abril-al-1-de-mayo\/#breadcrumb\",\"itemListElement\":[{\"@type\":\"ListItem\",\"position\":1,\"name\":\"Portada\",\"item\":\"https:\/\/www.psoecaceres.com\/es\/\"},{\"@type\":\"ListItem\",\"position\":2,\"name\":\"El PSOE de Ba\u00f1os de Montemayor organiza su Primeras jornadas de emprendimiento del 29 de abril al 1 de mayo\"}]},{\"@type\":\"WebSite\",\"@id\":\"https:\/\/www.psoecaceres.com\/es\/#website\",\"url\":\"https:\/\/www.psoecaceres.com\/es\/\",\"name\":\"PSOE provincia de C\u00e1ceres\",\"description\":\"Pasi\u00f3n por Nuestros Pueblos\",\"publisher\":{\"@id\":\"https:\/\/www.psoecaceres.com\/es\/#organization\"},\"alternateName\":\"PSOE Caceres\",\"potentialAction\":[{\"@type\":\"SearchAction\",\"target\":{\"@type\":\"EntryPoint\",\"urlTemplate\":\"https:\/\/www.psoecaceres.com\/es\/?s={search_term_string}\"},\"query-input\":{\"@type\":\"PropertyValueSpecification\",\"valueRequired\":true,\"valueName\":\"search_term_string\"}}],\"inLanguage\":\"es\"},{\"@type\":\"Organization\",\"@id\":\"https:\/\/www.psoecaceres.com\/es\/#organization\",\"name\":\"Psoe C\u00e1ceres\",\"alternateName\":\"PSOE Caceres\",\"url\":\"https:\/\/www.psoecaceres.com\/es\/\",\"logo\":{\"@type\":\"ImageObject\",\"inLanguage\":\"es\",\"@id\":\"https:\/\/www.psoecaceres.com\/es\/#\/schema\/logo\/image\/\",\"url\":\"https:\/\/www.psoecaceres.com\/es\/wp-content\/uploads\/2020\/08\/logo-psoe-caceres-web-2020.png\",\"contentUrl\":\"https:\/\/www.psoecaceres.com\/es\/wp-content\/uploads\/2020\/08\/logo-psoe-caceres-web-2020.png\",\"width\":180,\"height\":105,\"caption\":\"Psoe C\u00e1ceres\"},\"image\":{\"@id\":\"https:\/\/www.psoecaceres.com\/es\/#\/schema\/logo\/image\/\"},\"sameAs\":[\"https:\/\/www.facebook.com\/psoecaceres\",\"https:\/\/x.com\/PSOEC\"]},{\"@type\":\"Person\",\"@id\":\"https:\/\/www.psoecaceres.com\/es\/#\/schema\/person\/f39f54f038cc2ed62af85f6d76c466a9\",\"name\":\"PSOE\",\"url\":\"https:\/\/www.psoecaceres.com\/es\/author\/ivar\/\"}]}<\/script>\n<!-- \/ Yoast SEO plugin. -->","yoast_head_json":{"title":"El PSOE de Ba\u00f1os de Montemayor organiza su Primeras jornadas de emprendimiento del 29 de abril al 1 de mayo - PSOE provincia de C\u00e1ceres","robots":{"index":"index","follow":"follow","max-snippet":"max-snippet:-1","max-image-preview":"max-image-preview:large","max-video-preview":"max-video-preview:-1"},"canonical":"https:\/\/www.psoecaceres.com\/es\/actualidad\/el-psoe-de-banos-de-montemayor-organiza-su-primeras-jornadas-de-emprendimiento-del-29-de-abril-al-1-de-mayo\/","og_locale":"es_ES","og_type":"article","og_title":"El PSOE de Ba\u00f1os de Montemayor organiza su Primeras jornadas de emprendimiento del 29 de abril al 1 de mayo - PSOE provincia de C\u00e1ceres","og_description":"El Valle del Ambroz inicia el pr\u00f3ximo mi\u00e9rcoles 29 de abril sus I Jornadas de Emprendimiento, un ciclo de tres d\u00edas que se desarrollar\u00e1 entre Ba\u00f1os de\u00a0Montemayor\u00a0y\u00a0Herv\u00e1s\u00a0y que busca vertebrar una red de emprendedores en una comarca que lleva a\u00f1os apostando por el desarrollo econ\u00f3mico local como herramienta frente a la despoblaci\u00f3n rural. La iniciativa [&hellip;]","og_url":"https:\/\/www.psoecaceres.com\/es\/actualidad\/el-psoe-de-banos-de-montemayor-organiza-su-primeras-jornadas-de-emprendimiento-del-29-de-abril-al-1-de-mayo\/","og_site_name":"PSOE provincia de C\u00e1ceres","article_publisher":"https:\/\/www.facebook.com\/psoecaceres","article_published_time":"2026-04-30T01:55:51+00:00","og_image":[{"width":696,"height":596,"url":"https:\/\/www.psoecaceres.com\/es\/wp-content\/uploads\/2026\/04\/jornadas-emprendimiento.jpg","type":"image\/jpeg"}],"author":"PSOE","twitter_card":"summary_large_image","twitter_creator":"@PSOEC","twitter_site":"@PSOEC","twitter_misc":{"Escrito por":"PSOE","Tiempo de lectura":"3 minutos"},"schema":{"@context":"https:\/\/schema.org","@graph":[{"@type":"Article","@id":"https:\/\/www.psoecaceres.com\/es\/actualidad\/el-psoe-de-banos-de-montemayor-organiza-su-primeras-jornadas-de-emprendimiento-del-29-de-abril-al-1-de-mayo\/#article","isPartOf":{"@id":"https:\/\/www.psoecaceres.com\/es\/actualidad\/el-psoe-de-banos-de-montemayor-organiza-su-primeras-jornadas-de-emprendimiento-del-29-de-abril-al-1-de-mayo\/"},"author":{"name":"PSOE","@id":"https:\/\/www.psoecaceres.com\/es\/#\/schema\/person\/f39f54f038cc2ed62af85f6d76c466a9"},"headline":"El PSOE de Ba\u00f1os de Montemayor organiza su Primeras jornadas de emprendimiento del 29 de abril al 1 de mayo","datePublished":"2026-04-30T01:55:51+00:00","mainEntityOfPage":{"@id":"https:\/\/www.psoecaceres.com\/es\/actualidad\/el-psoe-de-banos-de-montemayor-organiza-su-primeras-jornadas-de-emprendimiento-del-29-de-abril-al-1-de-mayo\/"},"wordCount":523,"commentCount":0,"publisher":{"@id":"https:\/\/www.psoecaceres.com\/es\/#organization"},"image":{"@id":"https:\/\/www.psoecaceres.com\/es\/actualidad\/el-psoe-de-banos-de-montemayor-organiza-su-primeras-jornadas-de-emprendimiento-del-29-de-abril-al-1-de-mayo\/#primaryimage"},"thumbnailUrl":"https:\/\/www.psoecaceres.com\/es\/wp-content\/uploads\/2026\/04\/jornadas-emprendimiento.jpg","keywords":["destacada"],"articleSection":["Actualidad","Municipio a Municipio","Noticias"],"inLanguage":"es","potentialAction":[{"@type":"CommentAction","name":"Comment","target":["https:\/\/www.psoecaceres.com\/es\/actualidad\/el-psoe-de-banos-de-montemayor-organiza-su-primeras-jornadas-de-emprendimiento-del-29-de-abril-al-1-de-mayo\/#respond"]}]},{"@type":"WebPage","@id":"https:\/\/www.psoecaceres.com\/es\/actualidad\/el-psoe-de-banos-de-montemayor-organiza-su-primeras-jornadas-de-emprendimiento-del-29-de-abril-al-1-de-mayo\/","url":"https:\/\/www.psoecaceres.com\/es\/actualidad\/el-psoe-de-banos-de-montemayor-organiza-su-primeras-jornadas-de-emprendimiento-del-29-de-abril-al-1-de-mayo\/","name":"El PSOE de Ba\u00f1os de Montemayor organiza su Primeras jornadas de emprendimiento del 29 de abril al 1 de mayo - PSOE provincia de C\u00e1ceres","isPartOf":{"@id":"https:\/\/www.psoecaceres.com\/es\/#website"},"primaryImageOfPage":{"@id":"https:\/\/www.psoecaceres.com\/es\/actualidad\/el-psoe-de-banos-de-montemayor-organiza-su-primeras-jornadas-de-emprendimiento-del-29-de-abril-al-1-de-mayo\/#primaryimage"},"image":{"@id":"https:\/\/www.psoecaceres.com\/es\/actualidad\/el-psoe-de-banos-de-montemayor-organiza-su-primeras-jornadas-de-emprendimiento-del-29-de-abril-al-1-de-mayo\/#primaryimage"},"thumbnailUrl":"https:\/\/www.psoecaceres.com\/es\/wp-content\/uploads\/2026\/04\/jornadas-emprendimiento.jpg","datePublished":"2026-04-30T01:55:51+00:00","breadcrumb":{"@id":"https:\/\/www.psoecaceres.com\/es\/actualidad\/el-psoe-de-banos-de-montemayor-organiza-su-primeras-jornadas-de-emprendimiento-del-29-de-abril-al-1-de-mayo\/#breadcrumb"},"inLanguage":"es","potentialAction":[{"@type":"ReadAction","target":["https:\/\/www.psoecaceres.com\/es\/actualidad\/el-psoe-de-banos-de-montemayor-organiza-su-primeras-jornadas-de-emprendimiento-del-29-de-abril-al-1-de-mayo\/"]}]},{"@type":"ImageObject","inLanguage":"es","@id":"https:\/\/www.psoecaceres.com\/es\/actualidad\/el-psoe-de-banos-de-montemayor-organiza-su-primeras-jornadas-de-emprendimiento-del-29-de-abril-al-1-de-mayo\/#primaryimage","url":"https:\/\/www.psoecaceres.com\/es\/wp-content\/uploads\/2026\/04\/jornadas-emprendimiento.jpg","contentUrl":"https:\/\/www.psoecaceres.com\/es\/wp-content\/uploads\/2026\/04\/jornadas-emprendimiento.jpg","width":696,"height":596},{"@type":"BreadcrumbList","@id":"https:\/\/www.psoecaceres.com\/es\/actualidad\/el-psoe-de-banos-de-montemayor-organiza-su-primeras-jornadas-de-emprendimiento-del-29-de-abril-al-1-de-mayo\/#breadcrumb","itemListElement":[{"@type":"ListItem","position":1,"name":"Portada","item":"https:\/\/www.psoecaceres.com\/es\/"},{"@type":"ListItem","position":2,"name":"El PSOE de Ba\u00f1os de Montemayor organiza su Primeras jornadas de emprendimiento del 29 de abril al 1 de mayo"}]},{"@type":"WebSite","@id":"https:\/\/www.psoecaceres.com\/es\/#website","url":"https:\/\/www.psoecaceres.com\/es\/","name":"PSOE provincia de C\u00e1ceres","description":"Pasi\u00f3n por Nuestros Pueblos","publisher":{"@id":"https:\/\/www.psoecaceres.com\/es\/#organization"},"alternateName":"PSOE Caceres","potentialAction":[{"@type":"SearchAction","target":{"@type":"EntryPoint","urlTemplate":"https:\/\/www.psoecaceres.com\/es\/?s={search_term_string}"},"query-input":{"@type":"PropertyValueSpecification","valueRequired":true,"valueName":"search_term_string"}}],"inLanguage":"es"},{"@type":"Organization","@id":"https:\/\/www.psoecaceres.com\/es\/#organization","name":"Psoe C\u00e1ceres","alternateName":"PSOE Caceres","url":"https:\/\/www.psoecaceres.com\/es\/","logo":{"@type":"ImageObject","inLanguage":"es","@id":"https:\/\/www.psoecaceres.com\/es\/#\/schema\/logo\/image\/","url":"https:\/\/www.psoecaceres.com\/es\/wp-content\/uploads\/2020\/08\/logo-psoe-caceres-web-2020.png","contentUrl":"https:\/\/www.psoecaceres.com\/es\/wp-content\/uploads\/2020\/08\/logo-psoe-caceres-web-2020.png","width":180,"height":105,"caption":"Psoe C\u00e1ceres"},"image":{"@id":"https:\/\/www.psoecaceres.com\/es\/#\/schema\/logo\/image\/"},"sameAs":["https:\/\/www.facebook.com\/psoecaceres","https:\/\/x.com\/PSOEC"]},{"@type":"Person","@id":"https:\/\/www.psoecaceres.com\/es\/#\/schema\/person\/f39f54f038cc2ed62af85f6d76c466a9","name":"PSOE","url":"https:\/\/www.psoecaceres.com\/es\/author\/ivar\/"}]}},"_links":{"self":[{"href":"https:\/\/www.psoecaceres.com\/es\/wp-json\/wp\/v2\/posts\/76782","targetHints":{"allow":["GET"]}}],"collection":[{"href":"https:\/\/www.psoecaceres.com\/es\/wp-json\/wp\/v2\/posts"}],"about":[{"href":"https:\/\/www.psoecaceres.com\/es\/wp-json\/wp\/v2\/types\/post"}],"author":[{"embeddable":true,"href":"https:\/\/www.psoecaceres.com\/es\/wp-json\/wp\/v2\/users\/3"}],"replies":[{"embeddable":true,"href":"https:\/\/www.psoecaceres.com\/es\/wp-json\/wp\/v2\/comments?post=76782"}],"version-history":[{"count":1,"href":"https:\/\/www.psoecaceres.com\/es\/wp-json\/wp\/v2\/posts\/76782\/revisions"}],"predecessor-version":[{"id":76784,"href":"https:\/\/www.psoecaceres.com\/es\/wp-json\/wp\/v2\/posts\/76782\/revisions\/76784"}],"wp:featuredmedia":[{"embeddable":true,"href":"https:\/\/www.psoecaceres.com\/es\/wp-json\/wp\/v2\/media\/76783"}],"wp:attachment":[{"href":"https:\/\/www.psoecaceres.com\/es\/wp-json\/wp\/v2\/media?parent=76782"}],"wp:term":[{"taxonomy":"category","embeddable":true,"href":"https:\/\/www.psoecaceres.com\/es\/wp-json\/wp\/v2\/categories?post=76782"},{"taxonomy":"post_tag","embeddable":true,"href":"https:\/\/www.psoecaceres.com\/es\/wp-json\/wp\/v2\/tags?post=76782"}],"curies":[{"name":"wp","href":"https:\/\/api.w.org\/{rel}","templated":true}]}}