{"id":76787,"date":"2026-04-30T16:34:27","date_gmt":"2026-04-30T14:34:27","guid":{"rendered":"https:\/\/www.psoecaceres.com\/es\/?p=76787"},"modified":"2026-04-30T16:35:09","modified_gmt":"2026-04-30T14:35:09","slug":"dia-internacional-de-las-trabajadoras-y-los-trabajadores","status":"publish","type":"post","link":"https:\/\/www.psoecaceres.com\/es\/actualidad\/dia-internacional-de-las-trabajadoras-y-los-trabajadores\/","title":{"rendered":"1 de Mayo &#8211; D\u00eda Internacional de las Trabajadoras y los Trabajadores"},"content":{"rendered":"<p>Este Primero de Mayo, D\u00eda Internacional de las Trabajadoras y los Trabajadores, el <strong>Partido Socialista Obrero Espa\u00f1ol reafirma su compromiso con la clase trabajadora<\/strong> y con la <strong>defensa de sus derechos<\/strong>, en un contexto internacional marcado por la incertidumbre y los conflictos.<\/p>\n<p>Lo decimos con claridad: <strong>no a la guerra<\/strong>. Porque la guerra nunca es neutral: <strong>acaba con vidas, arrasa a la poblaci\u00f3n civil y golpea con m\u00e1s dureza a la clase obrera<\/strong>. Defender la paz es tambi\u00e9n <strong>defender los derechos de la mayor\u00eda social<\/strong>.<\/p>\n<p>Por ello, este Primero de Mayo lo hacemos bajo un lema que resume que Espa\u00f1a toma un camino distinto: <strong>22 millones de razones<\/strong>.<\/p>\n<p><strong>22 millones de razones para defender lo conseguido.<\/strong><br \/>\n<strong>22 millones de razones para no dar ni un paso atr\u00e1s.<\/strong><br \/>\n<strong>22 millones de razones para seguir avanzando.<\/strong><\/p>\n<p>Porque hoy Espa\u00f1a ha superado los <strong>22 millones de afiliados a la Seguridad Social<\/strong>, una cifra que durante a\u00f1os se consider\u00f3 inalcanzable. Hoy es una realidad.<\/p>\n<p>Y eso nos lleva a una segunda gran verdad: <strong>los derechos laborales no son casualidad<\/strong>. Espa\u00f1a no ha llegado hasta aqu\u00ed por inercia, sino por <strong>voluntad pol\u00edtica<\/strong>.<\/p>\n<p>Desde 2018, el <strong>salario m\u00ednimo interprofesional ha crecido un 66%<\/strong>, alcanzando hoy los <strong>1.221 euros mensuales<\/strong>. Una subida hist\u00f3rica que ha logrado <strong>reducir la desigualdad y fortalecer el poder adquisitivo<\/strong>.<\/p>\n<p>La temporalidad se ha reducido por debajo del <strong>12%<\/strong>, consolidando el <strong>contrato indefinido como norma<\/strong>. Y ese cambio ha venido acompa\u00f1ado de m\u00e1s empleo: la <strong>tasa de paro ha ca\u00eddo por debajo del 10%<\/strong> por primera vez en m\u00e1s de una d\u00e9cada.<\/p>\n<p><strong>No solo hay m\u00e1s empleo, hay mejor empleo<\/strong>, gracias a la reforma laboral que dej\u00f3 atr\u00e1s la precariedad estructural.<\/p>\n<p>Pero el avance no es solo econ\u00f3mico. <strong>Es social<\/strong>. Y solo es real si llega a <strong>toda la clase trabajadora, sin excepciones<\/strong>, tambi\u00e9n a quienes han venido de otros pa\u00edses a construir su vida en Espa\u00f1a.<\/p>\n<p>Frente a quienes intentan dividir o excluir, lo afirmamos con claridad: <strong>no hay derechos de primera y de segunda<\/strong>. Los derechos laborales deben ser <strong>universales<\/strong>.<\/p>\n<p>Y ese avance tambi\u00e9n pasa por garantizar el <strong>derecho a la vivienda<\/strong>. Porque <strong>no hay dignidad en el trabajo sin un hogar digno<\/strong>.<\/p>\n<p>Por eso avanzamos con el <strong>Plan Estatal de Vivienda 2026\u20132030<\/strong>, para reforzar la vivienda p\u00fablica y frenar la especulaci\u00f3n. Frente a quienes bloquean su aplicaci\u00f3n, lo decimos claro: <strong>la vivienda es un derecho, no un negocio<\/strong>.<\/p>\n<p>Porque el avance social debe ser integral: hoy hay <strong>m\u00e1s mujeres trabajando que nunca<\/strong>. Porque <strong>no hay justicia social sin feminismo<\/strong>, ni democracia plena sin <strong>igualdad real y efectiva<\/strong>.<\/p>\n<p>Tambi\u00e9n tenemos un mercado laboral m\u00e1s inclusivo: el crecimiento del empleo entre las personas mayores de 55 a\u00f1os demuestra que es posible <strong>avanzar sin dejar a nadie atr\u00e1s<\/strong>.<\/p>\n<p><strong>Nada de esto es casualidad.<\/strong><\/p>\n<p>Es el resultado del esfuerzo colectivo y de una tradici\u00f3n pol\u00edtica del PSOE que, desde sus or\u00edgenes con <strong>Pablo Iglesias Posse<\/strong>, ha defendido conquistas como la <strong>jornada de 8 horas<\/strong>.<\/p>\n<p>Pero los derechos no solo se conquistan. <strong>Tambi\u00e9n pueden retroceder.<\/strong><\/p>\n<p>Hoy vemos ejemplos claros. El Gobierno de <strong>Javier Milei en Argentina<\/strong> impulsa pol\u00edticas que <strong>debilitan derechos, facilitan el despido y aumentan la precariedad<\/strong>.<\/p>\n<p><strong>No es progreso. Es retroceso.<\/strong><\/p>\n<p>Y no hace falta irse fuera: en Espa\u00f1a, la <strong>ultraderecha y la ultraderecha de marca blanca avanzan juntas<\/strong>, apostando por recortar servicios p\u00fablicos y cuestionar los derechos laborales.<\/p>\n<p>Frente a ese modelo, el PSOE defiende una idea clara: <strong>el crecimiento econ\u00f3mico solo tiene sentido si mejora la vida de la mayor\u00eda<\/strong>.<\/p>\n<p>Por eso reivindica el <strong>inconformismo<\/strong>:<\/p>\n<ul>\n<li>Ayer: <strong>acabar con la precariedad estructural<\/strong><\/li>\n<li>Hoy: <strong>seguir ampliando derechos<\/strong><\/li>\n<li>Ma\u00f1ana: <strong>defenderlos frente a los recortes<\/strong><\/li>\n<\/ul>\n<p>La <strong>reducci\u00f3n de la jornada laboral<\/strong> es una de las grandes transformaciones pendientes. No se trata de trabajar menos, sino de <strong>vivir mejor<\/strong>, ganar tiempo para la conciliaci\u00f3n y repartir de forma m\u00e1s justa los beneficios del crecimiento.<\/p>\n<p>Para ello, la <strong>distribuci\u00f3n del tiempo de trabajo<\/strong> y el <strong>registro horario<\/strong> son herramientas esenciales para garantizar derechos y evitar abusos.<\/p>\n<p>Pero los retos van m\u00e1s all\u00e1. La <strong>transformaci\u00f3n digital<\/strong> est\u00e1 redefiniendo el trabajo, y el objetivo es claro: <strong>gobernar el cambio<\/strong>, asegurando que la <strong>inteligencia artificial est\u00e9 al servicio de las personas trabajadoras<\/strong>.<\/p>\n<p>Al mismo tiempo, la <strong>transici\u00f3n ecol\u00f3gica<\/strong> es una oportunidad para <strong>crear empleo digno, reindustrializar y modernizar la econom\u00eda<\/strong>, garantizando una <strong>transici\u00f3n justa que no deje a nadie atr\u00e1s<\/strong>.<\/p>\n<p>Y en este proceso, la <strong>juventud<\/strong> tiene un papel central. Una generaci\u00f3n que no acepta la precariedad como norma y que exige <strong>empleo estable, salarios dignos y oportunidades reales<\/strong>.<\/p>\n<p>El compromiso es claro: que la juventud <strong>no herede un mercado laboral peor, sino mejor<\/strong>.<\/p>\n<p><strong>Queda mucho por hacer. Mucho por conquistar. Y mucho por proteger.<\/strong><\/p>\n<p>Este Primero de Mayo no es solo una celebraci\u00f3n: es <strong>memoria, lucha y compromiso<\/strong>.<\/p>\n<p>Porque los derechos laborales:<br \/>\n<strong>no son casualidad, no est\u00e1n garantizados para siempre y solo avanzan cuando hay voluntad pol\u00edtica.<\/strong><\/p>\n<p>Y en Espa\u00f1a, los avances en derechos laborales tienen una firma: <strong>la del socialismo<\/strong>.<\/p>\n<p>El PSOE seguir\u00e1 estando, como siempre, <strong>en el lado correcto de la historia junto a la clase trabajadora<\/strong>.<\/p>\n<p><strong>\u00a1VIVA EL 1\u00ba DE MAYO!<\/strong><\/p>\n","protected":false},"excerpt":{"rendered":"<p>Este Primero de Mayo, D\u00eda Internacional de las Trabajadoras y los Trabajadores, el Partido Socialista Obrero Espa\u00f1ol reafirma su compromiso con la clase trabajadora y con la defensa de sus derechos, en un contexto internacional marcado por la incertidumbre y los conflictos. Lo decimos con claridad: no a la guerra. Porque la guerra nunca es [&hellip;]<\/p>\n","protected":false},"author":3,"featured_media":68059,"comment_status":"open","ping_status":"open","sticky":false,"template":"","format":"standard","meta":{"_et_pb_use_builder":"","_et_pb_old_content":"","_et_gb_content_width":"","footnotes":""},"categories":[21,295,246,20],"tags":[151],"class_list":["post-76787","post","type-post","status-publish","format-standard","has-post-thumbnail","hentry","category-actualidad","category-alvaro-s-cotrina-secretario-general-psoe-extremadura","category-noticias","category-prensa","tag-destacada"],"yoast_head":"<!-- This site is optimized with the Yoast SEO plugin v26.7 - https:\/\/yoast.com\/wordpress\/plugins\/seo\/ -->\n<title>1 de Mayo - D\u00eda Internacional de las Trabajadoras y los Trabajadores - PSOE provincia de C\u00e1ceres<\/title>\n<meta name=\"robots\" content=\"index, follow, max-snippet:-1, max-image-preview:large, max-video-preview:-1\" \/>\n<link rel=\"canonical\" href=\"https:\/\/www.psoecaceres.com\/es\/actualidad\/dia-internacional-de-las-trabajadoras-y-los-trabajadores\/\" \/>\n<meta property=\"og:locale\" content=\"es_ES\" \/>\n<meta property=\"og:type\" content=\"article\" \/>\n<meta property=\"og:title\" content=\"1 de Mayo - D\u00eda Internacional de las Trabajadoras y los Trabajadores - PSOE provincia de C\u00e1ceres\" \/>\n<meta property=\"og:description\" content=\"Este Primero de Mayo, D\u00eda Internacional de las Trabajadoras y los Trabajadores, el Partido Socialista Obrero Espa\u00f1ol reafirma su compromiso con la clase trabajadora y con la defensa de sus derechos, en un contexto internacional marcado por la incertidumbre y los conflictos. Lo decimos con claridad: no a la guerra. Porque la guerra nunca es [&hellip;]\" \/>\n<meta property=\"og:url\" content=\"https:\/\/www.psoecaceres.com\/es\/actualidad\/dia-internacional-de-las-trabajadoras-y-los-trabajadores\/\" \/>\n<meta property=\"og:site_name\" content=\"PSOE provincia de C\u00e1ceres\" \/>\n<meta property=\"article:publisher\" content=\"https:\/\/www.facebook.com\/psoecaceres\" \/>\n<meta property=\"article:published_time\" content=\"2026-04-30T14:34:27+00:00\" \/>\n<meta property=\"article:modified_time\" content=\"2026-04-30T14:35:09+00:00\" \/>\n<meta property=\"og:image\" content=\"https:\/\/www.psoecaceres.com\/es\/wp-content\/uploads\/2025\/02\/Alvaro-UGT-scaled.jpeg\" \/>\n\t<meta property=\"og:image:width\" content=\"2560\" \/>\n\t<meta property=\"og:image:height\" content=\"1707\" \/>\n\t<meta property=\"og:image:type\" content=\"image\/jpeg\" \/>\n<meta name=\"author\" content=\"PSOE\" \/>\n<meta name=\"twitter:card\" content=\"summary_large_image\" \/>\n<meta name=\"twitter:creator\" content=\"@PSOEC\" \/>\n<meta name=\"twitter:site\" content=\"@PSOEC\" \/>\n<meta name=\"twitter:label1\" content=\"Escrito por\" \/>\n\t<meta name=\"twitter:data1\" content=\"PSOE\" \/>\n\t<meta name=\"twitter:label2\" content=\"Tiempo de lectura\" \/>\n\t<meta name=\"twitter:data2\" content=\"5 minutos\" \/>\n<script type=\"application\/ld+json\" class=\"yoast-schema-graph\">{\"@context\":\"https:\/\/schema.org\",\"@graph\":[{\"@type\":\"Article\",\"@id\":\"https:\/\/www.psoecaceres.com\/es\/actualidad\/dia-internacional-de-las-trabajadoras-y-los-trabajadores\/#article\",\"isPartOf\":{\"@id\":\"https:\/\/www.psoecaceres.com\/es\/actualidad\/dia-internacional-de-las-trabajadoras-y-los-trabajadores\/\"},\"author\":{\"name\":\"PSOE\",\"@id\":\"https:\/\/www.psoecaceres.com\/es\/#\/schema\/person\/f39f54f038cc2ed62af85f6d76c466a9\"},\"headline\":\"1 de Mayo &#8211; D\u00eda Internacional de las Trabajadoras y los Trabajadores\",\"datePublished\":\"2026-04-30T14:34:27+00:00\",\"dateModified\":\"2026-04-30T14:35:09+00:00\",\"mainEntityOfPage\":{\"@id\":\"https:\/\/www.psoecaceres.com\/es\/actualidad\/dia-internacional-de-las-trabajadoras-y-los-trabajadores\/\"},\"wordCount\":903,\"commentCount\":0,\"publisher\":{\"@id\":\"https:\/\/www.psoecaceres.com\/es\/#organization\"},\"image\":{\"@id\":\"https:\/\/www.psoecaceres.com\/es\/actualidad\/dia-internacional-de-las-trabajadoras-y-los-trabajadores\/#primaryimage\"},\"thumbnailUrl\":\"https:\/\/www.psoecaceres.com\/es\/wp-content\/uploads\/2025\/02\/Alvaro-UGT-scaled.jpeg\",\"keywords\":[\"destacada\"],\"articleSection\":[\"Actualidad\",\"\u00c1lvaro S. Cotrina - Secretario General PSOE Extremadura\",\"Noticias\",\"Prensa\"],\"inLanguage\":\"es\",\"potentialAction\":[{\"@type\":\"CommentAction\",\"name\":\"Comment\",\"target\":[\"https:\/\/www.psoecaceres.com\/es\/actualidad\/dia-internacional-de-las-trabajadoras-y-los-trabajadores\/#respond\"]}]},{\"@type\":\"WebPage\",\"@id\":\"https:\/\/www.psoecaceres.com\/es\/actualidad\/dia-internacional-de-las-trabajadoras-y-los-trabajadores\/\",\"url\":\"https:\/\/www.psoecaceres.com\/es\/actualidad\/dia-internacional-de-las-trabajadoras-y-los-trabajadores\/\",\"name\":\"1 de Mayo - D\u00eda Internacional de las Trabajadoras y los Trabajadores - PSOE provincia de C\u00e1ceres\",\"isPartOf\":{\"@id\":\"https:\/\/www.psoecaceres.com\/es\/#website\"},\"primaryImageOfPage\":{\"@id\":\"https:\/\/www.psoecaceres.com\/es\/actualidad\/dia-internacional-de-las-trabajadoras-y-los-trabajadores\/#primaryimage\"},\"image\":{\"@id\":\"https:\/\/www.psoecaceres.com\/es\/actualidad\/dia-internacional-de-las-trabajadoras-y-los-trabajadores\/#primaryimage\"},\"thumbnailUrl\":\"https:\/\/www.psoecaceres.com\/es\/wp-content\/uploads\/2025\/02\/Alvaro-UGT-scaled.jpeg\",\"datePublished\":\"2026-04-30T14:34:27+00:00\",\"dateModified\":\"2026-04-30T14:35:09+00:00\",\"breadcrumb\":{\"@id\":\"https:\/\/www.psoecaceres.com\/es\/actualidad\/dia-internacional-de-las-trabajadoras-y-los-trabajadores\/#breadcrumb\"},\"inLanguage\":\"es\",\"potentialAction\":[{\"@type\":\"ReadAction\",\"target\":[\"https:\/\/www.psoecaceres.com\/es\/actualidad\/dia-internacional-de-las-trabajadoras-y-los-trabajadores\/\"]}]},{\"@type\":\"ImageObject\",\"inLanguage\":\"es\",\"@id\":\"https:\/\/www.psoecaceres.com\/es\/actualidad\/dia-internacional-de-las-trabajadoras-y-los-trabajadores\/#primaryimage\",\"url\":\"https:\/\/www.psoecaceres.com\/es\/wp-content\/uploads\/2025\/02\/Alvaro-UGT-scaled.jpeg\",\"contentUrl\":\"https:\/\/www.psoecaceres.com\/es\/wp-content\/uploads\/2025\/02\/Alvaro-UGT-scaled.jpeg\",\"width\":2560,\"height\":1707},{\"@type\":\"BreadcrumbList\",\"@id\":\"https:\/\/www.psoecaceres.com\/es\/actualidad\/dia-internacional-de-las-trabajadoras-y-los-trabajadores\/#breadcrumb\",\"itemListElement\":[{\"@type\":\"ListItem\",\"position\":1,\"name\":\"Portada\",\"item\":\"https:\/\/www.psoecaceres.com\/es\/\"},{\"@type\":\"ListItem\",\"position\":2,\"name\":\"1 de Mayo &#8211; D\u00eda Internacional de las Trabajadoras y los Trabajadores\"}]},{\"@type\":\"WebSite\",\"@id\":\"https:\/\/www.psoecaceres.com\/es\/#website\",\"url\":\"https:\/\/www.psoecaceres.com\/es\/\",\"name\":\"PSOE provincia de C\u00e1ceres\",\"description\":\"Pasi\u00f3n por Nuestros Pueblos\",\"publisher\":{\"@id\":\"https:\/\/www.psoecaceres.com\/es\/#organization\"},\"alternateName\":\"PSOE Caceres\",\"potentialAction\":[{\"@type\":\"SearchAction\",\"target\":{\"@type\":\"EntryPoint\",\"urlTemplate\":\"https:\/\/www.psoecaceres.com\/es\/?s={search_term_string}\"},\"query-input\":{\"@type\":\"PropertyValueSpecification\",\"valueRequired\":true,\"valueName\":\"search_term_string\"}}],\"inLanguage\":\"es\"},{\"@type\":\"Organization\",\"@id\":\"https:\/\/www.psoecaceres.com\/es\/#organization\",\"name\":\"Psoe C\u00e1ceres\",\"alternateName\":\"PSOE Caceres\",\"url\":\"https:\/\/www.psoecaceres.com\/es\/\",\"logo\":{\"@type\":\"ImageObject\",\"inLanguage\":\"es\",\"@id\":\"https:\/\/www.psoecaceres.com\/es\/#\/schema\/logo\/image\/\",\"url\":\"https:\/\/www.psoecaceres.com\/es\/wp-content\/uploads\/2020\/08\/logo-psoe-caceres-web-2020.png\",\"contentUrl\":\"https:\/\/www.psoecaceres.com\/es\/wp-content\/uploads\/2020\/08\/logo-psoe-caceres-web-2020.png\",\"width\":180,\"height\":105,\"caption\":\"Psoe C\u00e1ceres\"},\"image\":{\"@id\":\"https:\/\/www.psoecaceres.com\/es\/#\/schema\/logo\/image\/\"},\"sameAs\":[\"https:\/\/www.facebook.com\/psoecaceres\",\"https:\/\/x.com\/PSOEC\"]},{\"@type\":\"Person\",\"@id\":\"https:\/\/www.psoecaceres.com\/es\/#\/schema\/person\/f39f54f038cc2ed62af85f6d76c466a9\",\"name\":\"PSOE\",\"url\":\"https:\/\/www.psoecaceres.com\/es\/author\/ivar\/\"}]}<\/script>\n<!-- \/ Yoast SEO plugin. -->","yoast_head_json":{"title":"1 de Mayo - D\u00eda Internacional de las Trabajadoras y los Trabajadores - PSOE provincia de C\u00e1ceres","robots":{"index":"index","follow":"follow","max-snippet":"max-snippet:-1","max-image-preview":"max-image-preview:large","max-video-preview":"max-video-preview:-1"},"canonical":"https:\/\/www.psoecaceres.com\/es\/actualidad\/dia-internacional-de-las-trabajadoras-y-los-trabajadores\/","og_locale":"es_ES","og_type":"article","og_title":"1 de Mayo - D\u00eda Internacional de las Trabajadoras y los Trabajadores - PSOE provincia de C\u00e1ceres","og_description":"Este Primero de Mayo, D\u00eda Internacional de las Trabajadoras y los Trabajadores, el Partido Socialista Obrero Espa\u00f1ol reafirma su compromiso con la clase trabajadora y con la defensa de sus derechos, en un contexto internacional marcado por la incertidumbre y los conflictos. Lo decimos con claridad: no a la guerra. Porque la guerra nunca es [&hellip;]","og_url":"https:\/\/www.psoecaceres.com\/es\/actualidad\/dia-internacional-de-las-trabajadoras-y-los-trabajadores\/","og_site_name":"PSOE provincia de C\u00e1ceres","article_publisher":"https:\/\/www.facebook.com\/psoecaceres","article_published_time":"2026-04-30T14:34:27+00:00","article_modified_time":"2026-04-30T14:35:09+00:00","og_image":[{"width":2560,"height":1707,"url":"https:\/\/www.psoecaceres.com\/es\/wp-content\/uploads\/2025\/02\/Alvaro-UGT-scaled.jpeg","type":"image\/jpeg"}],"author":"PSOE","twitter_card":"summary_large_image","twitter_creator":"@PSOEC","twitter_site":"@PSOEC","twitter_misc":{"Escrito por":"PSOE","Tiempo de lectura":"5 minutos"},"schema":{"@context":"https:\/\/schema.org","@graph":[{"@type":"Article","@id":"https:\/\/www.psoecaceres.com\/es\/actualidad\/dia-internacional-de-las-trabajadoras-y-los-trabajadores\/#article","isPartOf":{"@id":"https:\/\/www.psoecaceres.com\/es\/actualidad\/dia-internacional-de-las-trabajadoras-y-los-trabajadores\/"},"author":{"name":"PSOE","@id":"https:\/\/www.psoecaceres.com\/es\/#\/schema\/person\/f39f54f038cc2ed62af85f6d76c466a9"},"headline":"1 de Mayo &#8211; D\u00eda Internacional de las Trabajadoras y los Trabajadores","datePublished":"2026-04-30T14:34:27+00:00","dateModified":"2026-04-30T14:35:09+00:00","mainEntityOfPage":{"@id":"https:\/\/www.psoecaceres.com\/es\/actualidad\/dia-internacional-de-las-trabajadoras-y-los-trabajadores\/"},"wordCount":903,"commentCount":0,"publisher":{"@id":"https:\/\/www.psoecaceres.com\/es\/#organization"},"image":{"@id":"https:\/\/www.psoecaceres.com\/es\/actualidad\/dia-internacional-de-las-trabajadoras-y-los-trabajadores\/#primaryimage"},"thumbnailUrl":"https:\/\/www.psoecaceres.com\/es\/wp-content\/uploads\/2025\/02\/Alvaro-UGT-scaled.jpeg","keywords":["destacada"],"articleSection":["Actualidad","\u00c1lvaro S. Cotrina - Secretario General PSOE Extremadura","Noticias","Prensa"],"inLanguage":"es","potentialAction":[{"@type":"CommentAction","name":"Comment","target":["https:\/\/www.psoecaceres.com\/es\/actualidad\/dia-internacional-de-las-trabajadoras-y-los-trabajadores\/#respond"]}]},{"@type":"WebPage","@id":"https:\/\/www.psoecaceres.com\/es\/actualidad\/dia-internacional-de-las-trabajadoras-y-los-trabajadores\/","url":"https:\/\/www.psoecaceres.com\/es\/actualidad\/dia-internacional-de-las-trabajadoras-y-los-trabajadores\/","name":"1 de Mayo - D\u00eda Internacional de las Trabajadoras y los Trabajadores - PSOE provincia de C\u00e1ceres","isPartOf":{"@id":"https:\/\/www.psoecaceres.com\/es\/#website"},"primaryImageOfPage":{"@id":"https:\/\/www.psoecaceres.com\/es\/actualidad\/dia-internacional-de-las-trabajadoras-y-los-trabajadores\/#primaryimage"},"image":{"@id":"https:\/\/www.psoecaceres.com\/es\/actualidad\/dia-internacional-de-las-trabajadoras-y-los-trabajadores\/#primaryimage"},"thumbnailUrl":"https:\/\/www.psoecaceres.com\/es\/wp-content\/uploads\/2025\/02\/Alvaro-UGT-scaled.jpeg","datePublished":"2026-04-30T14:34:27+00:00","dateModified":"2026-04-30T14:35:09+00:00","breadcrumb":{"@id":"https:\/\/www.psoecaceres.com\/es\/actualidad\/dia-internacional-de-las-trabajadoras-y-los-trabajadores\/#breadcrumb"},"inLanguage":"es","potentialAction":[{"@type":"ReadAction","target":["https:\/\/www.psoecaceres.com\/es\/actualidad\/dia-internacional-de-las-trabajadoras-y-los-trabajadores\/"]}]},{"@type":"ImageObject","inLanguage":"es","@id":"https:\/\/www.psoecaceres.com\/es\/actualidad\/dia-internacional-de-las-trabajadoras-y-los-trabajadores\/#primaryimage","url":"https:\/\/www.psoecaceres.com\/es\/wp-content\/uploads\/2025\/02\/Alvaro-UGT-scaled.jpeg","contentUrl":"https:\/\/www.psoecaceres.com\/es\/wp-content\/uploads\/2025\/02\/Alvaro-UGT-scaled.jpeg","width":2560,"height":1707},{"@type":"BreadcrumbList","@id":"https:\/\/www.psoecaceres.com\/es\/actualidad\/dia-internacional-de-las-trabajadoras-y-los-trabajadores\/#breadcrumb","itemListElement":[{"@type":"ListItem","position":1,"name":"Portada","item":"https:\/\/www.psoecaceres.com\/es\/"},{"@type":"ListItem","position":2,"name":"1 de Mayo &#8211; D\u00eda Internacional de las Trabajadoras y los Trabajadores"}]},{"@type":"WebSite","@id":"https:\/\/www.psoecaceres.com\/es\/#website","url":"https:\/\/www.psoecaceres.com\/es\/","name":"PSOE provincia de C\u00e1ceres","description":"Pasi\u00f3n por Nuestros Pueblos","publisher":{"@id":"https:\/\/www.psoecaceres.com\/es\/#organization"},"alternateName":"PSOE Caceres","potentialAction":[{"@type":"SearchAction","target":{"@type":"EntryPoint","urlTemplate":"https:\/\/www.psoecaceres.com\/es\/?s={search_term_string}"},"query-input":{"@type":"PropertyValueSpecification","valueRequired":true,"valueName":"search_term_string"}}],"inLanguage":"es"},{"@type":"Organization","@id":"https:\/\/www.psoecaceres.com\/es\/#organization","name":"Psoe C\u00e1ceres","alternateName":"PSOE Caceres","url":"https:\/\/www.psoecaceres.com\/es\/","logo":{"@type":"ImageObject","inLanguage":"es","@id":"https:\/\/www.psoecaceres.com\/es\/#\/schema\/logo\/image\/","url":"https:\/\/www.psoecaceres.com\/es\/wp-content\/uploads\/2020\/08\/logo-psoe-caceres-web-2020.png","contentUrl":"https:\/\/www.psoecaceres.com\/es\/wp-content\/uploads\/2020\/08\/logo-psoe-caceres-web-2020.png","width":180,"height":105,"caption":"Psoe C\u00e1ceres"},"image":{"@id":"https:\/\/www.psoecaceres.com\/es\/#\/schema\/logo\/image\/"},"sameAs":["https:\/\/www.facebook.com\/psoecaceres","https:\/\/x.com\/PSOEC"]},{"@type":"Person","@id":"https:\/\/www.psoecaceres.com\/es\/#\/schema\/person\/f39f54f038cc2ed62af85f6d76c466a9","name":"PSOE","url":"https:\/\/www.psoecaceres.com\/es\/author\/ivar\/"}]}},"_links":{"self":[{"href":"https:\/\/www.psoecaceres.com\/es\/wp-json\/wp\/v2\/posts\/76787","targetHints":{"allow":["GET"]}}],"collection":[{"href":"https:\/\/www.psoecaceres.com\/es\/wp-json\/wp\/v2\/posts"}],"about":[{"href":"https:\/\/www.psoecaceres.com\/es\/wp-json\/wp\/v2\/types\/post"}],"author":[{"embeddable":true,"href":"https:\/\/www.psoecaceres.com\/es\/wp-json\/wp\/v2\/users\/3"}],"replies":[{"embeddable":true,"href":"https:\/\/www.psoecaceres.com\/es\/wp-json\/wp\/v2\/comments?post=76787"}],"version-history":[{"count":2,"href":"https:\/\/www.psoecaceres.com\/es\/wp-json\/wp\/v2\/posts\/76787\/revisions"}],"predecessor-version":[{"id":76809,"href":"https:\/\/www.psoecaceres.com\/es\/wp-json\/wp\/v2\/posts\/76787\/revisions\/76809"}],"wp:featuredmedia":[{"embeddable":true,"href":"https:\/\/www.psoecaceres.com\/es\/wp-json\/wp\/v2\/media\/68059"}],"wp:attachment":[{"href":"https:\/\/www.psoecaceres.com\/es\/wp-json\/wp\/v2\/media?parent=76787"}],"wp:term":[{"taxonomy":"category","embeddable":true,"href":"https:\/\/www.psoecaceres.com\/es\/wp-json\/wp\/v2\/categories?post=76787"},{"taxonomy":"post_tag","embeddable":true,"href":"https:\/\/www.psoecaceres.com\/es\/wp-json\/wp\/v2\/tags?post=76787"}],"curies":[{"name":"wp","href":"https:\/\/api.w.org\/{rel}","templated":true}]}}