{"id":76806,"date":"2026-04-30T16:15:44","date_gmt":"2026-04-30T14:15:44","guid":{"rendered":"https:\/\/www.psoecaceres.com\/es\/?p=76806"},"modified":"2026-04-30T16:15:44","modified_gmt":"2026-04-30T14:15:44","slug":"el-gobierno-socialista-de-la-diputacion-de-caceres-para-impulsar-inversiones-reto-demografico-y-carreteras-en-los-municipios-de-la-provincia","status":"publish","type":"post","link":"https:\/\/www.psoecaceres.com\/es\/actualidad\/el-gobierno-socialista-de-la-diputacion-de-caceres-para-impulsar-inversiones-reto-demografico-y-carreteras-en-los-municipios-de-la-provincia\/","title":{"rendered":"El gobierno socialista de la Diputaci\u00f3n de C\u00e1ceres para impulsar inversiones, reto demogr\u00e1fico y carreteras en los municipios de la provincia"},"content":{"rendered":"<p><b><span lang=\"ES-TRAD\">La instituci\u00f3n provincial vuelve a demostrar que la mejor forma de apoyar al mundo rural es con inversi\u00f3n real, directa y \u00fatil para los ayuntamientos y el tejido social y econ\u00f3mico del territorio. <\/span><\/b><b><span lang=\"ES-TRAD\">El pleno da luz verde a m\u00e1s de 4,3 millones de euros para pol\u00edticas frente al despoblamiento, adem\u00e1s de una potente inversi\u00f3n en carreteras provinciales como garant\u00eda de seguridad, comunicaci\u00f3n y oportunidades de desarrollo para los municipios cacere\u00f1os.<\/span><\/b><\/p>\n<p><span lang=\"ES-TRAD\">\u00a0<\/span><span lang=\"ES-TRAD\">La Diputaci\u00f3n Provincial de C\u00e1ceres ha comenzado su pleno con un minuto de silencio en repulsa a los asesinatos por violencia machista sucedidos en el \u00faltimo mes y mostrar su solidaridad con las v\u00edctimas y sus familias. \u201cUn minuto que ojal\u00e1 no tengamos que tener que hacer porque, de una vez por todas, se erradiquen estos asesinatos\u201d ha se\u00f1alado el presidente <\/span><b><span lang=\"ES-TRAD\">Miguel \u00c1ngel Morales<\/span><\/b><span lang=\"ES-TRAD\">.<\/span><\/p>\n<p><span lang=\"ES-TRAD\">A continuaci\u00f3n, ha comenzado el desarrollo del orden del d\u00eda de un pleno que, como ha se\u00f1alado la portavoz y vicepresidenta primera,\u00a0<\/span><b><span lang=\"ES-TRAD\">Esther Guti\u00e9rrez<\/span><\/b><span lang=\"ES-TRAD\">\u00a0en declaraciones previas al inicio de la sesi\u00f3n \u201c<\/span><span lang=\"ES-TRAD\">La diputaci\u00f3n vuelve a ser ese escudo, ese motor para nuestros ayuntamientos, para el medio rural de la provincia de C\u00e1ceres; esto es una demostraci\u00f3n m\u00e1s de que la diputaci\u00f3n sigue destinando todos sus esfuerzos y su dinero a la viabilidad del medio rural, a que nuestros pueblos sean sin\u00f3nimo de prosperidad, de oportunidad y, por supuesto, de futuro. Esa es la intenci\u00f3n de la diputaci\u00f3n de C\u00e1ceres y de esta inversi\u00f3n\u201d.<\/span><\/p>\n<p><b><span lang=\"IT\">Red Viaria Provincial<\/span><\/b><b><\/b><\/p>\n<p><span lang=\"ES-TRAD\">Dentro del Plan de Inversiones en carreteras incluidas en la red viaria provincial, como ha explicado el vicepresidente tercero de Fomento, Movilidad y Agenda Provincial,\u00a0<b>Luis Fernando Garc\u00eda Nicol\u00e1s<\/b>, se ha dado luz verde a una modificaci\u00f3n para incrementar en 633.000 \u20ac en 10 de sus expedientes, como ha explicado \u201dpor la subida del precio del bet\u00fan (esencial para el asfaltado de las carreteras) debido a la guerra de Ir\u00e1n se actualiza el precio de los 10 expedientes aproximadamente en un 10%\u201d.<\/span><\/p>\n<p><span lang=\"ES-TRAD\">Se trata de:<\/span><\/p>\n<ul>\n<li><span lang=\"ES-TRAD\">CC-113, Acceso desde EX205 a Santib\u00e1\u00f1ez el Ato y CC-119 de Ex205 a Santiba\u00f1ez El Bajo por Santa Cruz de Paniagua; 720.027\u20ac<\/span><\/li>\n<li><span lang=\"ES-TRAD\">CC-151 de Moraleja a Vegaviana y CC-154 de EX109 a Casas de Don G\u00f3mez. Rehabilitaci\u00f3n estructural del firme; 624.000\u20ac.<\/span><\/li>\n<li><span lang=\"ES-TRAD\">CC-158, de EX108 a Montehermoso por Morcillo y CC-159 de Guijo de Coria a CC-158 por Guijo de Galisteo; 874.423\u20ac.<\/span><\/li>\n<li><span lang=\"ES-TRAD\">CC-162 de Torrejoncillo a Hoguera; 1.090.000\u20ac.<\/span><\/li>\n<li><span lang=\"ES-TRAD\">CC-224, de Herv\u00e1s (EX205) a N-110 por el Puerto de Honduras;1.072.000\u20ac.<\/span><\/li>\n<li><span lang=\"ES-TRAD\">CC-241 de Piornal (CC-233\/CC-242) a la CC-242, CC-240 de Piornal (CC-233\/CC-241 a Garganta la Olla y CC-245 de Jarandilla de la Vera a Guijo de Santa B\u00e1rbara; 910.000\u20ac.<\/span><\/li>\n<li><span lang=\"ES-TRAD\">CC-227, traves\u00eda de Malpartida de Plasencia, CC-250 de EX-A1 a Majadas (CC-251) y CC-254 de Serrej\u00f3n a Casatejada; 888.000\u20ac.<\/span><\/li>\n<li><span lang=\"ES-TRAD\">CC-301 de Ex374 (a Cedillo) a EX376 (a Herrera de Alc\u00e1ntara), CC-306, de N-521 a Alcorneo por Las Lanchuelas y La Ace\u00f1ade la Borrega y CC-312, de Santiago de Alc\u00e1ntara a Membr\u00edo por Carbajo, CC-315, de Alc\u00e1ntara a EX207 por Mata de Alc\u00e1ntara y Villa del Rey; 1.243.938\u20ac.<\/span><\/li>\n<li><span lang=\"ES-TRAD\">CC-157, humanizaci\u00f3n de acceso a las instalaciones deportivas de Coria; 451.000\u20ac<\/span><\/li>\n<li><span lang=\"ES-TRAD\">CC-147 carretera de Ceclav\u00edn al Embalse de Alc\u00e1ntara, 20219,85\u20ac<\/span><\/li>\n<\/ul>\n<p><span lang=\"ES-TRAD\">Adem\u00e1s, se ha aprobado el incremento\u00a0<\/span>de la ejecuci\u00f3n de una pasarela peatonal por encima del r\u00edo Ambroz en Aldeanueva del Camino; de 200.000 a 280.000 \u20ac y la ejecuci\u00f3n de un paseo peatonal en Herguijuela, que pasar\u00eda de 500.000 a 600.000 euros<\/p>\n<p><span lang=\"ES-TRAD\">Tambi\u00e9n se han aprobado\u00a0<\/span><b><span lang=\"PT\">500 mil euros<\/span><\/b><span lang=\"ES-TRAD\">\u00a0destinados a reparar los da\u00f1os ocasionados en la carretera\u00a0<b>CC-428, tramo de Logros\u00e1<\/b><\/span><b><span lang=\"NL\">n a Berzocana<\/span><\/b><span lang=\"IT\">\u00a0pk 7,500. Se trata del socav<\/span><span lang=\"ES-TRAD\">\u00f3n originado por el hundimiento de la v\u00eda el pasado 12 de febrero ante el deslizamiento de un talud que arrastr\u00f3 unos 30 metros de calzada debido a las fuertes lluvias y por el que cay\u00f3\u00a0<\/span>un veh<span lang=\"ES-TRAD\">\u00edculo con una ocupante que no sufri\u00f3\u00a0<\/span>da<span lang=\"ES-TRAD\">\u00f1<\/span><span lang=\"PT\">os graves.<\/span><span lang=\"ES-TRAD\">\u00a0En estos momentos se est\u00e1 ya trabajando y se espera que en el mes de junio est\u00e9 concluida la obra.<\/span><\/p>\n<p><b><span lang=\"ES-TRAD\">Inversiones extraordinarias<\/span><\/b><b><\/b><\/p>\n<p><span lang=\"ES-TRAD\">Dentro del Plan extraordinario para atender situaciones puntuales no incluidas en planes provinciales de inversi\u00f3n y que obedecen a situaciones puntuales de car\u00e1cter sobrevenido se aprueba un total de\u00a0<\/span><b>338.335<\/b><b><span lang=\"ES-TRAD\">\u20ac<\/span><\/b><span lang=\"PT\">\u00a0destinados a:<\/span><\/p>\n<ul>\n<li><span lang=\"ES-TRAD\">Madrigalejo: mejora de instalaciones deportivas, 110.000\u20ac.<\/span><\/li>\n<li><span lang=\"ES-TRAD\">Ladrillar: aumento de potencia en el edificio de usos m\u00faltiples en Cabezo; 12.000\u20ac.<\/span><\/li>\n<li><span lang=\"ES-TRAD\">Robledollano: reparaci\u00f3n de filtraciones en la cubierta de San Mart\u00edn de Trevejo; 70.859\u20ac.<\/span><\/li>\n<li><span lang=\"ES-TRAD\">San Mart\u00edn de Trevejo: rehabilitaci\u00f3n de canaleta r\u00fastica; 70.859\u20ac.<\/span><\/li>\n<li><span lang=\"ES-TRAD\">Ti\u00e9tar: renovaci\u00f3n de la red de saneamiento; 75.476\u20ac.<\/span><\/li>\n<\/ul>\n<p><b><span lang=\"IT\">Agenda Provincial<\/span><\/b><b><\/b><\/p>\n<p><span lang=\"ES-TRAD\">El Pleno de la Diputaci\u00f3<\/span><span lang=\"NL\">n de C<\/span><span lang=\"ES-TRAD\">\u00e1ceres tambi\u00e9n ha dado luz verde a la aprobaci\u00f3n inicial de la Agenda Provincial que sit\u00faa el Reto Demogr\u00e1fico en el centro de su estrategia.<\/span><\/p>\n<p><span lang=\"IT\">La Agenda Provincial de C<\/span><span lang=\"ES-TRAD\">\u00e1ceres es un instrumento transversal y de planificaci\u00f3n integral, alineado con la Agenda Urbana Espa\u00f1ola y los Objetivos de Desarrollo Sostenible (ODS) de la Agenda 2030.<\/span><\/p>\n<p><span lang=\"ES-TRAD\">Se ha llevado a cabo con la participaci\u00f3n de todas las \u00c1reas de la Diputaci\u00f3<\/span><span lang=\"EN-US\">n a trav<\/span><span lang=\"ES-TRAD\">\u00e9s de la creaci\u00f3n de un grupo de trabajo liderado por la vicepresidencia tercera de Fomento, Movilidad y Agenda provincial.<\/span><\/p>\n<p><span lang=\"ES-TRAD\">Se articula y estructura sobre los diez objetivos estrat\u00e9gicos de la Agenda Urbana Espa\u00f1ola (AUE) que han sido adaptados de forma precisa al contexto provincial y a las competencias de la Diputaci\u00f3<\/span>n.<\/p>\n<p><b><span lang=\"ES-TRAD\">Proyectos Europeos<\/span><\/b><\/p>\n<p><b><span lang=\"IT\">Destino tur<\/span><\/b><b><span lang=\"ES-TRAD\">\u00edstico transfronterizo y sostenible unido al agua \u201c<\/span><\/b><b><span lang=\"EN-US\">0390_MAS_H20_6_E<\/span><\/b><b><span lang=\"ES-TRAD\">\u201d<\/span><\/b><b><\/b><\/p>\n<p><span lang=\"ES-TRAD\">Se trata de una iniciativa transfronteriza liderada por la Diputaci\u00f3<\/span><span lang=\"NL\">n de C<\/span><span lang=\"ES-TRAD\">\u00e1ceres con fondos POCTEP, enfocada en crear un destino tur\u00edstico sostenible y unido al agua. Busca posicionar la zona fronteriza entre Espa\u00f1a y Portugal como un referente de ecoturismo, gestionando recursos h\u00eddricos para experiencias responsables.\u00a0<\/span><\/p>\n<p><span lang=\"ES-TRAD\">La Diputaci\u00f3<\/span><span lang=\"NL\">n de C<\/span><span lang=\"ES-TRAD\">\u00e1ceres ha aprobado el compromiso de gasto plurianual 2026-2027-2028) que ser\u00e1 financiado por el Fondo Europeo de Desarrollo Regional (FEDER) en el 75% y con fondos propios de la Diputaci\u00f3n en un 25%.<\/span><\/p>\n<p><span lang=\"ES-TRAD\">El total del presupuesto es de\u00a0<\/span><b>257.113\u00a0<\/b><b><span lang=\"ES-TRAD\">\u20ac<\/span><\/b><span lang=\"DE\">\u00a0(192.834,90 FEDER, 64.278,30 Diputaci<\/span><span lang=\"ES-TRAD\">\u00f3n). El compromiso en el presente ejercicio 2026 es de 90.277,24\u20ac (67.707,93 FEDER, 22.569,31 Diputaci\u00f3<\/span><span lang=\"NL\">n de C<\/span><span lang=\"ES-TRAD\">\u00e1<\/span>ceres).<\/p>\n<p><b><span lang=\"ES-TRAD\">Red Transfronteriza de ciclo senderos en el Algarve-Alentejo-Anadaluc\u00eda-<wbr \/>Extremadura \u201c<\/span><\/b><b><span lang=\"EN-US\">0362_CICLOSEND_SUR_Dos_6_E<\/span><\/b><b><span lang=\"ES-TRAD\">\u201d<\/span><\/b><b><\/b><\/p>\n<p><span lang=\"ES-TRAD\">Su principal objetivo es crear una red interconectada de rutas no motorizadas para senderistas y ciclistas, eliminando las barreras fronterizas y promoviendo el turismo sostenible y la movilidad responsable.<\/span><\/p>\n<p><span lang=\"ES-TRAD\">La Diputaci\u00f3<\/span><span lang=\"NL\">n de C<\/span><span lang=\"ES-TRAD\">\u00e1ceres lleva a pleno la aprobaci\u00f3n del compromiso de gasto plurianual 2026-2027-2028) que ser\u00e1 financiado por el Fondo Europeo de Desarrollo Regional (FEDER) en el 75% y con fondos propios de la Diputaci\u00f3n en un 25%.<\/span><\/p>\n<p><span lang=\"ES-TRAD\">El total del presupuesto es de\u00a0<\/span><b>400.000<\/b><b><span lang=\"ES-TRAD\">\u20ac<\/span><\/b>\u00a0(300.000\u00a0<span lang=\"ES-TRAD\">\u20ac FEDER, 100.000 Diputaci\u00f3n). El compromiso en el presente ejercicio 2026 es de 145.820\u20ac\u00a0<\/span>(109.365<span lang=\"ES-TRAD\">\u20ac\u00a0<\/span><span lang=\"DE\">FEDER, 36.455<\/span><span lang=\"ES-TRAD\">\u20ac Diputaci\u00f3<\/span><span lang=\"NL\">n de C<\/span><span lang=\"ES-TRAD\">\u00e1<\/span>ceres).<\/p>\n<p><span lang=\"ES-TRAD\">Y tambi\u00e9n se lleva a pleno la aprobaci\u00f3n de compromisos plurianuales 2026 \u2013\u00a0<\/span>2027\u00a0<span lang=\"ES-TRAD\">\u2013 2028) del proyecto\u00a0<b>Bastiones urbanos resilientes: Resiliencia y adaptaci\u00f3n frente a las inundaciones y el cambio clim\u00e1<\/b><\/span><b>tico \u00ab0384-bur_PC_4_E\u00bb<\/b>\u00a0<span lang=\"ES-TRAD\">para la realizaci\u00f3n de refugios clim\u00e1ticos que ser\u00e1 financiado por el Fondo Europeo de Desarrollo Regional (FEDER) en el 75% y con fondos propios de la Diputaci\u00f3n en un 25%.<\/span><\/p>\n<p><span lang=\"ES-TRAD\">El total del presupuesto es de\u00a0<\/span><b>150.272\u00a0<\/b><b><span lang=\"ES-TRAD\">\u20ac<\/span><\/b>\u00a0(112.704<span lang=\"ES-TRAD\">\u20ac FEDER, 37.568 Diputaci\u00f3n). El compromiso en el presente ejercicio 2026 es de 37.568\u20ac\u00a0<\/span>(28.176<span lang=\"ES-TRAD\">\u20ac\u00a0<\/span><span lang=\"DE\">FEDER, 9.392<\/span><span lang=\"ES-TRAD\">\u20ac Diputaci\u00f3<\/span><span lang=\"NL\">n de C<\/span><span lang=\"ES-TRAD\">\u00e1<\/span>ceres).<\/p>\n<p><b>M<\/b><b><span lang=\"ES-TRAD\">\u00e1s de 4 millones de euros a los ayuntamientos para pol\u00edticas contra el despoblamiento<\/span><\/b><b><\/b><\/p>\n<p><span lang=\"ES-TRAD\">Se destaca en el apartado de subvenciones nominativas las destinadas a favor de entidades locales de la provincia para pol\u00edticas contra el despoblamiento por un importe total de 4.391.740,14\u20ac. Un total de 61 municipios se beneficiar\u00e1n de estas ayudas destinadas reformas de diferentes instalaciones municipales, centros de mayores o mejora de caminos municipales.<\/span><\/p>\n<p><span lang=\"ES-TRAD\">La portavoz y vicepresidenta primera Esther Guti\u00e9rrez ha destacado la importancia de esta partida.<\/span><\/p>\n<p>\u201cY una partida que es muy importante es la partida de despoblamiento que todos los a\u00f1os traemos, destinada a los ayuntamientos para proyectos generadores de empleo, para proyectos finalistas y que faciliten la vida en el mundo rural, un escudo para el mundo rural al que no llegan otras instituciones, pero s\u00ed la Diputaci\u00f3n de C\u00e1ceres, y lo hace cada a\u00f1o para combatir la despoblaci\u00f3n, mejorar la vida diaria y poder fijar poblaci\u00f3n garantizando una serie de servicios e inversiones necesarias para los municipios\u201d. En este sentido, la diputada ha destacado el aumento de esta partida recordando que \u201cel a\u00f1o pasado esta partida fueron de 2 millones de euros, y este a\u00f1o es una partida total de casi 4.400.000 euros\u201d.<\/p>\n<p>Por su parte el presidente de la Diputaci\u00f3n de C\u00e1ceres Miguel \u00c1ngel Morales ha querido destacar la voluntad de alcaldesas y alcaldes de la provincia para asentar poblaci\u00f3n,\u00a0garantizar servicios p\u00fablicos de calidad para que la gente pueda vivir con el mayor confort posible. \u201cPor tanto, tambi\u00e9n, evidentemente, aprovecho para dar las gracias al trabajo que est\u00e1n haciendo los alcaldes y las alcaldesas, y como dec\u00edan los dos portavoces de los dos grupos, nosotros tenemos la obligaci\u00f3n de gestionar un dinero p\u00fablico que no es nuestro, que es de los ciudadanos y tiene que revertir a los ciudadanos. Y, por tanto, esto es lo que hacemos\u201d.<\/p>\n<p>\u201cM\u00e1s all\u00e1 de cualquier diatriba pol\u00edtica que no se entienda o que se deje de entender, aqu\u00ed se entiende que la democracia es la que es y cada uno tiene que respetar los tiempos cada cuatro a\u00f1os en la voluntad mayoritaria de los municipios. Y yo estoy, como presidente, muy orgulloso del trabajo que est\u00e1n haciendo los grupos, en este caso, en un reparto de fondos para garantizar infraestructuras, creaci\u00f3n de empleo, fijaci\u00f3n de la poblaci\u00f3n del territorio, o incluso, en alguna ocasi\u00f3n, tener un mejor parque o un mejor pabell\u00f3n para poder hacer actividades y no tener que irse al pueblo al lado o al pueblo m\u00e1s grande. Por tanto, ojal\u00e1 la pol\u00edtica se escribiera as\u00ed, con may\u00fasculas, como hacemos aqu\u00ed, y ojal\u00e1, m\u00e1s all\u00e1 de la responsabilidad de cada uno, pudi\u00e9ramos ser ejemplo en muchos sitios donde solo hay discusi\u00f3n, enfrentamientos e insultos\u201d ha subrayado.<\/p>\n<p><span lang=\"ES-TRAD\">Adem\u00e1s, se destina un total de\u00a0<\/span><b>8.020\u00a0<\/b><b><span lang=\"ES-TRAD\">\u20ac<\/span><\/b><span lang=\"ES-TRAD\">\u00a0destinados a los ayuntamientos de Aceh\u00fache y Piornal para la participaci\u00f3n de Las Caranto\u00f1as y El Jaramplas en el festival Vibo Mask y a la Asociaci\u00f3n Empresarial de Coria y comarca, ASECOC para la Feria Multisectorial.<\/span><\/p>\n<p><span lang=\"ES-TRAD\">Destinadas a las mancomunidades integrales y a diversas entidades sin \u00e1nimo de lucro para realizar actividades e inversiones en materia relacionada con pol\u00edticas sociales se aprueba un total de\u00a0<\/span><b>142.000<\/b><b><span lang=\"ES-TRAD\">\u20ac<\/span><\/b><b>.<\/b><span lang=\"ES-TRAD\">\u00a0A las mancomunidades para la celebraci\u00f3<\/span><span lang=\"IT\">n del D<\/span><span lang=\"ES-TRAD\">\u00eda del Mayor y a las asociaciones: Padres y madres taller ocupacional APTO, Plena inclusi\u00f3n de las personas con discapacidad intelectual ASINDI, Padres para la integraci\u00f3n en C\u00e1ceres ASPAINCa y a Familiares y enfermos Alzheimer y otras dolencias Valle del Ambroz, AFEAVA, un total de 120 mil euros para la adquisici\u00f3n de veh\u00edculo (30.000 para cada asociaci\u00f3<\/span>n).<\/p>\n<p><span lang=\"ES-TRAD\">Para la ejecuci\u00f3<\/span><span lang=\"NL\">n de\u00a0<\/span><b><span lang=\"ES-TRAD\">inversiones y obras de las entidades locales,<\/span><\/b><span lang=\"ES-TRAD\">\u00a0la Diputaci\u00f3n tiene prevista la aprobaci\u00f3<\/span><span lang=\"NL\">n de\u00a0<\/span><b>142.000<\/b>.<\/p>\n<p><span lang=\"ES-TRAD\">Se trata de los ayuntamientos de Azabal (caminos vecinales), Galisteo (redes de abastecimiento), Millanes de la Mata (instalaciones el\u00e9ctricas en alojamiento tur\u00edstico), Pedroso de Acim, (caminos vecinales), Salorino (dependencias municipales), Sierra de Fuentes (mejoras en cementerio municipal), Ti\u00e9tar (caminos vecinales) y Torrecilla de los \u00c1ngeles (Casa Consistorial)<\/span><\/p>\n<p><span lang=\"PT\">Destinado a\u00a0<\/span><b><span lang=\"ES-TRAD\">entidades sin \u00e1nimo de lucro con fines culturales y de pol\u00edtica social y de Memoria Democr\u00e1<\/span><\/b><b><span lang=\"IT\">tica<\/span><\/b><span lang=\"ES-TRAD\">\u00a0se aprueban un total de\u00a0<\/span><b>170.885<\/b><b><span lang=\"ES-TRAD\">\u20ac<\/span><\/b><span lang=\"ES-TRAD\">\u00a0destinados. Se trata de la Fundaci\u00f3<\/span><span lang=\"EN-US\">n oncol<\/span><span lang=\"ES-TRAD\">\u00f3gica infantil extreme\u00f1a ICARO (proyecto de atenci\u00f3n de vivienda para acogida para menores enfermos de c\u00e1ncer); Asociaci\u00f3<\/span><span lang=\"PT\">n de Enfermos de esclerosis de C<\/span><span lang=\"ES-TRAD\">\u00e1ceres, AEEMCA, (proyecto \u201cMantente conectado\u201d), asociaci\u00f3n FEAFES Plasencia, proyecto integral, sensibilizaci\u00f3n y formaci\u00f3n igualdad de g\u00e9nero; asociaci\u00f3n Regional Parkinson Extremadura, proyecto Parkinson rural; Asociaci\u00f3n Down Plasencia, proyecto \u201cConociendo\u201d; Asociaci\u00f3<\/span>n\u00a0<span lang=\"ES-TRAD\">\u201cEl gato al agua para el proyecto Alma de piel y viento. Hay que destacar la subvenci\u00f3<\/span><span lang=\"NL\">n de\u00a0<\/span><b>100.000<\/b><b><span lang=\"ES-TRAD\">\u20ac<\/span><\/b><span lang=\"ES-TRAD\">\u00a0destinados al convenio con\u00a0<b>la Sociedad de Ciencias Aranzadi<\/b>\u00a0para la investigaci\u00f3n, localizaci\u00f3n, exhumaci\u00f3n de fosas comunes de la Guerra Civil y el franquismo en el\u00a0<b>cementerio de C\u00e1ceres y Conquista de la Sierra<\/b><\/span>.<\/p>\n<p><span lang=\"ES-TRAD\">Y destinado a asociaciones sin \u00e1nimo de lucro y entidades locales para\u00a0<b>gastos corrientes<\/b>\u00a0se tiene previsto la aprobaci\u00f3<\/span><span lang=\"NL\">n de\u00a0<\/span><b>93.160<\/b><b><span lang=\"ES-TRAD\">\u20ac<\/span><\/b><b>.<\/b><\/p>\n<p><b><span lang=\"ES-TRAD\">\u201cManifiesto Ciudadano por una IA \u00e9<\/span><\/b><b><span lang=\"IT\">tica<\/span><\/b><b><span lang=\"ES-TRAD\">\u201d<\/span><\/b><\/p>\n<p><span lang=\"ES-TRAD\">El pleno finalizar\u00e1 con la lectura del\u00a0<b>\u201cManifiesto Ciudadano por una IA \u00e9<\/b><\/span><b><span lang=\"IT\">tica<\/span><\/b><b><span lang=\"ES-TRAD\">\u201d<\/span><\/b><span lang=\"ES-TRAD\">\u00a0elaborado por la Red S\u00e9nior dentro del programa \u201c<\/span><span lang=\"PT\">IA S<\/span><span lang=\"ES-TRAD\">\u00e9<\/span><span lang=\"IT\">nior<\/span><span lang=\"ES-TRAD\">\u201d que impulsa la Diputaci\u00f3n Provincial de C\u00e1ceres. El presidente de la Diputaci\u00f3<\/span><span lang=\"NL\">n de C<\/span><span lang=\"ES-TRAD\">\u00e1<\/span><span lang=\"PT\">ceres, Miguel\u00a0<\/span><span lang=\"ES-TRAD\">\u00c1ngel Morales, que asisti\u00f3 a la clausura del proyecto el pasado 9 de abril se comprometi\u00f3 a llevar el Manifiesto al pleno de la instituci\u00f3n provincia y hac\u00e9rselo llegar al gobierno y a todas las instancias que tengan capacidad de regular la normativa que deben cumplir las empresas.<\/span><\/p>\n","protected":false},"excerpt":{"rendered":"<p>La instituci\u00f3n provincial vuelve a demostrar que la mejor forma de apoyar al mundo rural es con inversi\u00f3n real, directa y \u00fatil para los ayuntamientos y el tejido social y econ\u00f3mico del territorio. El pleno da luz verde a m\u00e1s de 4,3 millones de euros para pol\u00edticas frente al despoblamiento, adem\u00e1s de una potente inversi\u00f3n [&hellip;]<\/p>\n","protected":false},"author":3,"featured_media":76807,"comment_status":"open","ping_status":"open","sticky":false,"template":"","format":"standard","meta":{"_et_pb_use_builder":"","_et_pb_old_content":"","_et_gb_content_width":"","footnotes":""},"categories":[21,226,222,246],"tags":[151],"class_list":["post-76806","post","type-post","status-publish","format-standard","has-post-thumbnail","hentry","category-actualidad","category-diputacion","category-municipio-a-municipio","category-noticias","tag-destacada"],"yoast_head":"<!-- This site is optimized with the Yoast SEO plugin v26.7 - https:\/\/yoast.com\/wordpress\/plugins\/seo\/ -->\n<title>El gobierno socialista de la Diputaci\u00f3n de C\u00e1ceres para impulsar inversiones, reto demogr\u00e1fico y carreteras en los municipios de la provincia - PSOE provincia de C\u00e1ceres<\/title>\n<meta name=\"robots\" content=\"index, follow, max-snippet:-1, max-image-preview:large, max-video-preview:-1\" \/>\n<link rel=\"canonical\" href=\"https:\/\/www.psoecaceres.com\/es\/actualidad\/el-gobierno-socialista-de-la-diputacion-de-caceres-para-impulsar-inversiones-reto-demografico-y-carreteras-en-los-municipios-de-la-provincia\/\" \/>\n<meta property=\"og:locale\" content=\"es_ES\" \/>\n<meta property=\"og:type\" content=\"article\" \/>\n<meta property=\"og:title\" content=\"El gobierno socialista de la Diputaci\u00f3n de C\u00e1ceres para impulsar inversiones, reto demogr\u00e1fico y carreteras en los municipios de la provincia - PSOE provincia de C\u00e1ceres\" \/>\n<meta property=\"og:description\" content=\"La instituci\u00f3n provincial vuelve a demostrar que la mejor forma de apoyar al mundo rural es con inversi\u00f3n real, directa y \u00fatil para los ayuntamientos y el tejido social y econ\u00f3mico del territorio. El pleno da luz verde a m\u00e1s de 4,3 millones de euros para pol\u00edticas frente al despoblamiento, adem\u00e1s de una potente inversi\u00f3n [&hellip;]\" \/>\n<meta property=\"og:url\" content=\"https:\/\/www.psoecaceres.com\/es\/actualidad\/el-gobierno-socialista-de-la-diputacion-de-caceres-para-impulsar-inversiones-reto-demografico-y-carreteras-en-los-municipios-de-la-provincia\/\" \/>\n<meta property=\"og:site_name\" content=\"PSOE provincia de C\u00e1ceres\" \/>\n<meta property=\"article:publisher\" content=\"https:\/\/www.facebook.com\/psoecaceres\" \/>\n<meta property=\"article:published_time\" content=\"2026-04-30T14:15:44+00:00\" \/>\n<meta property=\"og:image\" content=\"https:\/\/www.psoecaceres.com\/es\/wp-content\/uploads\/2026\/04\/Pleno-diputacion.jpg\" \/>\n\t<meta property=\"og:image:width\" content=\"1229\" \/>\n\t<meta property=\"og:image:height\" content=\"686\" \/>\n\t<meta property=\"og:image:type\" content=\"image\/jpeg\" \/>\n<meta name=\"author\" content=\"PSOE\" \/>\n<meta name=\"twitter:card\" content=\"summary_large_image\" \/>\n<meta name=\"twitter:creator\" content=\"@PSOEC\" \/>\n<meta name=\"twitter:site\" content=\"@PSOEC\" \/>\n<meta name=\"twitter:label1\" content=\"Escrito por\" \/>\n\t<meta name=\"twitter:data1\" content=\"PSOE\" \/>\n\t<meta name=\"twitter:label2\" content=\"Tiempo de lectura\" \/>\n\t<meta name=\"twitter:data2\" content=\"11 minutos\" \/>\n<script type=\"application\/ld+json\" class=\"yoast-schema-graph\">{\"@context\":\"https:\/\/schema.org\",\"@graph\":[{\"@type\":\"Article\",\"@id\":\"https:\/\/www.psoecaceres.com\/es\/actualidad\/el-gobierno-socialista-de-la-diputacion-de-caceres-para-impulsar-inversiones-reto-demografico-y-carreteras-en-los-municipios-de-la-provincia\/#article\",\"isPartOf\":{\"@id\":\"https:\/\/www.psoecaceres.com\/es\/actualidad\/el-gobierno-socialista-de-la-diputacion-de-caceres-para-impulsar-inversiones-reto-demografico-y-carreteras-en-los-municipios-de-la-provincia\/\"},\"author\":{\"name\":\"PSOE\",\"@id\":\"https:\/\/www.psoecaceres.com\/es\/#\/schema\/person\/f39f54f038cc2ed62af85f6d76c466a9\"},\"headline\":\"El gobierno socialista de la Diputaci\u00f3n de C\u00e1ceres para impulsar inversiones, reto demogr\u00e1fico y carreteras en los municipios de la provincia\",\"datePublished\":\"2026-04-30T14:15:44+00:00\",\"mainEntityOfPage\":{\"@id\":\"https:\/\/www.psoecaceres.com\/es\/actualidad\/el-gobierno-socialista-de-la-diputacion-de-caceres-para-impulsar-inversiones-reto-demografico-y-carreteras-en-los-municipios-de-la-provincia\/\"},\"wordCount\":2252,\"commentCount\":0,\"publisher\":{\"@id\":\"https:\/\/www.psoecaceres.com\/es\/#organization\"},\"image\":{\"@id\":\"https:\/\/www.psoecaceres.com\/es\/actualidad\/el-gobierno-socialista-de-la-diputacion-de-caceres-para-impulsar-inversiones-reto-demografico-y-carreteras-en-los-municipios-de-la-provincia\/#primaryimage\"},\"thumbnailUrl\":\"https:\/\/www.psoecaceres.com\/es\/wp-content\/uploads\/2026\/04\/Pleno-diputacion.jpg\",\"keywords\":[\"destacada\"],\"articleSection\":[\"Actualidad\",\"Diputaci\u00f3n\",\"Municipio a Municipio\",\"Noticias\"],\"inLanguage\":\"es\",\"potentialAction\":[{\"@type\":\"CommentAction\",\"name\":\"Comment\",\"target\":[\"https:\/\/www.psoecaceres.com\/es\/actualidad\/el-gobierno-socialista-de-la-diputacion-de-caceres-para-impulsar-inversiones-reto-demografico-y-carreteras-en-los-municipios-de-la-provincia\/#respond\"]}]},{\"@type\":\"WebPage\",\"@id\":\"https:\/\/www.psoecaceres.com\/es\/actualidad\/el-gobierno-socialista-de-la-diputacion-de-caceres-para-impulsar-inversiones-reto-demografico-y-carreteras-en-los-municipios-de-la-provincia\/\",\"url\":\"https:\/\/www.psoecaceres.com\/es\/actualidad\/el-gobierno-socialista-de-la-diputacion-de-caceres-para-impulsar-inversiones-reto-demografico-y-carreteras-en-los-municipios-de-la-provincia\/\",\"name\":\"El gobierno socialista de la Diputaci\u00f3n de C\u00e1ceres para impulsar inversiones, reto demogr\u00e1fico y carreteras en los municipios de la provincia - PSOE provincia de C\u00e1ceres\",\"isPartOf\":{\"@id\":\"https:\/\/www.psoecaceres.com\/es\/#website\"},\"primaryImageOfPage\":{\"@id\":\"https:\/\/www.psoecaceres.com\/es\/actualidad\/el-gobierno-socialista-de-la-diputacion-de-caceres-para-impulsar-inversiones-reto-demografico-y-carreteras-en-los-municipios-de-la-provincia\/#primaryimage\"},\"image\":{\"@id\":\"https:\/\/www.psoecaceres.com\/es\/actualidad\/el-gobierno-socialista-de-la-diputacion-de-caceres-para-impulsar-inversiones-reto-demografico-y-carreteras-en-los-municipios-de-la-provincia\/#primaryimage\"},\"thumbnailUrl\":\"https:\/\/www.psoecaceres.com\/es\/wp-content\/uploads\/2026\/04\/Pleno-diputacion.jpg\",\"datePublished\":\"2026-04-30T14:15:44+00:00\",\"breadcrumb\":{\"@id\":\"https:\/\/www.psoecaceres.com\/es\/actualidad\/el-gobierno-socialista-de-la-diputacion-de-caceres-para-impulsar-inversiones-reto-demografico-y-carreteras-en-los-municipios-de-la-provincia\/#breadcrumb\"},\"inLanguage\":\"es\",\"potentialAction\":[{\"@type\":\"ReadAction\",\"target\":[\"https:\/\/www.psoecaceres.com\/es\/actualidad\/el-gobierno-socialista-de-la-diputacion-de-caceres-para-impulsar-inversiones-reto-demografico-y-carreteras-en-los-municipios-de-la-provincia\/\"]}]},{\"@type\":\"ImageObject\",\"inLanguage\":\"es\",\"@id\":\"https:\/\/www.psoecaceres.com\/es\/actualidad\/el-gobierno-socialista-de-la-diputacion-de-caceres-para-impulsar-inversiones-reto-demografico-y-carreteras-en-los-municipios-de-la-provincia\/#primaryimage\",\"url\":\"https:\/\/www.psoecaceres.com\/es\/wp-content\/uploads\/2026\/04\/Pleno-diputacion.jpg\",\"contentUrl\":\"https:\/\/www.psoecaceres.com\/es\/wp-content\/uploads\/2026\/04\/Pleno-diputacion.jpg\",\"width\":1229,\"height\":686},{\"@type\":\"BreadcrumbList\",\"@id\":\"https:\/\/www.psoecaceres.com\/es\/actualidad\/el-gobierno-socialista-de-la-diputacion-de-caceres-para-impulsar-inversiones-reto-demografico-y-carreteras-en-los-municipios-de-la-provincia\/#breadcrumb\",\"itemListElement\":[{\"@type\":\"ListItem\",\"position\":1,\"name\":\"Portada\",\"item\":\"https:\/\/www.psoecaceres.com\/es\/\"},{\"@type\":\"ListItem\",\"position\":2,\"name\":\"El gobierno socialista de la Diputaci\u00f3n de C\u00e1ceres para impulsar inversiones, reto demogr\u00e1fico y carreteras en los municipios de la provincia\"}]},{\"@type\":\"WebSite\",\"@id\":\"https:\/\/www.psoecaceres.com\/es\/#website\",\"url\":\"https:\/\/www.psoecaceres.com\/es\/\",\"name\":\"PSOE provincia de C\u00e1ceres\",\"description\":\"Pasi\u00f3n por Nuestros Pueblos\",\"publisher\":{\"@id\":\"https:\/\/www.psoecaceres.com\/es\/#organization\"},\"alternateName\":\"PSOE Caceres\",\"potentialAction\":[{\"@type\":\"SearchAction\",\"target\":{\"@type\":\"EntryPoint\",\"urlTemplate\":\"https:\/\/www.psoecaceres.com\/es\/?s={search_term_string}\"},\"query-input\":{\"@type\":\"PropertyValueSpecification\",\"valueRequired\":true,\"valueName\":\"search_term_string\"}}],\"inLanguage\":\"es\"},{\"@type\":\"Organization\",\"@id\":\"https:\/\/www.psoecaceres.com\/es\/#organization\",\"name\":\"Psoe C\u00e1ceres\",\"alternateName\":\"PSOE Caceres\",\"url\":\"https:\/\/www.psoecaceres.com\/es\/\",\"logo\":{\"@type\":\"ImageObject\",\"inLanguage\":\"es\",\"@id\":\"https:\/\/www.psoecaceres.com\/es\/#\/schema\/logo\/image\/\",\"url\":\"https:\/\/www.psoecaceres.com\/es\/wp-content\/uploads\/2020\/08\/logo-psoe-caceres-web-2020.png\",\"contentUrl\":\"https:\/\/www.psoecaceres.com\/es\/wp-content\/uploads\/2020\/08\/logo-psoe-caceres-web-2020.png\",\"width\":180,\"height\":105,\"caption\":\"Psoe C\u00e1ceres\"},\"image\":{\"@id\":\"https:\/\/www.psoecaceres.com\/es\/#\/schema\/logo\/image\/\"},\"sameAs\":[\"https:\/\/www.facebook.com\/psoecaceres\",\"https:\/\/x.com\/PSOEC\"]},{\"@type\":\"Person\",\"@id\":\"https:\/\/www.psoecaceres.com\/es\/#\/schema\/person\/f39f54f038cc2ed62af85f6d76c466a9\",\"name\":\"PSOE\",\"url\":\"https:\/\/www.psoecaceres.com\/es\/author\/ivar\/\"}]}<\/script>\n<!-- \/ Yoast SEO plugin. -->","yoast_head_json":{"title":"El gobierno socialista de la Diputaci\u00f3n de C\u00e1ceres para impulsar inversiones, reto demogr\u00e1fico y carreteras en los municipios de la provincia - PSOE provincia de C\u00e1ceres","robots":{"index":"index","follow":"follow","max-snippet":"max-snippet:-1","max-image-preview":"max-image-preview:large","max-video-preview":"max-video-preview:-1"},"canonical":"https:\/\/www.psoecaceres.com\/es\/actualidad\/el-gobierno-socialista-de-la-diputacion-de-caceres-para-impulsar-inversiones-reto-demografico-y-carreteras-en-los-municipios-de-la-provincia\/","og_locale":"es_ES","og_type":"article","og_title":"El gobierno socialista de la Diputaci\u00f3n de C\u00e1ceres para impulsar inversiones, reto demogr\u00e1fico y carreteras en los municipios de la provincia - PSOE provincia de C\u00e1ceres","og_description":"La instituci\u00f3n provincial vuelve a demostrar que la mejor forma de apoyar al mundo rural es con inversi\u00f3n real, directa y \u00fatil para los ayuntamientos y el tejido social y econ\u00f3mico del territorio. El pleno da luz verde a m\u00e1s de 4,3 millones de euros para pol\u00edticas frente al despoblamiento, adem\u00e1s de una potente inversi\u00f3n [&hellip;]","og_url":"https:\/\/www.psoecaceres.com\/es\/actualidad\/el-gobierno-socialista-de-la-diputacion-de-caceres-para-impulsar-inversiones-reto-demografico-y-carreteras-en-los-municipios-de-la-provincia\/","og_site_name":"PSOE provincia de C\u00e1ceres","article_publisher":"https:\/\/www.facebook.com\/psoecaceres","article_published_time":"2026-04-30T14:15:44+00:00","og_image":[{"width":1229,"height":686,"url":"https:\/\/www.psoecaceres.com\/es\/wp-content\/uploads\/2026\/04\/Pleno-diputacion.jpg","type":"image\/jpeg"}],"author":"PSOE","twitter_card":"summary_large_image","twitter_creator":"@PSOEC","twitter_site":"@PSOEC","twitter_misc":{"Escrito por":"PSOE","Tiempo de lectura":"11 minutos"},"schema":{"@context":"https:\/\/schema.org","@graph":[{"@type":"Article","@id":"https:\/\/www.psoecaceres.com\/es\/actualidad\/el-gobierno-socialista-de-la-diputacion-de-caceres-para-impulsar-inversiones-reto-demografico-y-carreteras-en-los-municipios-de-la-provincia\/#article","isPartOf":{"@id":"https:\/\/www.psoecaceres.com\/es\/actualidad\/el-gobierno-socialista-de-la-diputacion-de-caceres-para-impulsar-inversiones-reto-demografico-y-carreteras-en-los-municipios-de-la-provincia\/"},"author":{"name":"PSOE","@id":"https:\/\/www.psoecaceres.com\/es\/#\/schema\/person\/f39f54f038cc2ed62af85f6d76c466a9"},"headline":"El gobierno socialista de la Diputaci\u00f3n de C\u00e1ceres para impulsar inversiones, reto demogr\u00e1fico y carreteras en los municipios de la provincia","datePublished":"2026-04-30T14:15:44+00:00","mainEntityOfPage":{"@id":"https:\/\/www.psoecaceres.com\/es\/actualidad\/el-gobierno-socialista-de-la-diputacion-de-caceres-para-impulsar-inversiones-reto-demografico-y-carreteras-en-los-municipios-de-la-provincia\/"},"wordCount":2252,"commentCount":0,"publisher":{"@id":"https:\/\/www.psoecaceres.com\/es\/#organization"},"image":{"@id":"https:\/\/www.psoecaceres.com\/es\/actualidad\/el-gobierno-socialista-de-la-diputacion-de-caceres-para-impulsar-inversiones-reto-demografico-y-carreteras-en-los-municipios-de-la-provincia\/#primaryimage"},"thumbnailUrl":"https:\/\/www.psoecaceres.com\/es\/wp-content\/uploads\/2026\/04\/Pleno-diputacion.jpg","keywords":["destacada"],"articleSection":["Actualidad","Diputaci\u00f3n","Municipio a Municipio","Noticias"],"inLanguage":"es","potentialAction":[{"@type":"CommentAction","name":"Comment","target":["https:\/\/www.psoecaceres.com\/es\/actualidad\/el-gobierno-socialista-de-la-diputacion-de-caceres-para-impulsar-inversiones-reto-demografico-y-carreteras-en-los-municipios-de-la-provincia\/#respond"]}]},{"@type":"WebPage","@id":"https:\/\/www.psoecaceres.com\/es\/actualidad\/el-gobierno-socialista-de-la-diputacion-de-caceres-para-impulsar-inversiones-reto-demografico-y-carreteras-en-los-municipios-de-la-provincia\/","url":"https:\/\/www.psoecaceres.com\/es\/actualidad\/el-gobierno-socialista-de-la-diputacion-de-caceres-para-impulsar-inversiones-reto-demografico-y-carreteras-en-los-municipios-de-la-provincia\/","name":"El gobierno socialista de la Diputaci\u00f3n de C\u00e1ceres para impulsar inversiones, reto demogr\u00e1fico y carreteras en los municipios de la provincia - PSOE provincia de C\u00e1ceres","isPartOf":{"@id":"https:\/\/www.psoecaceres.com\/es\/#website"},"primaryImageOfPage":{"@id":"https:\/\/www.psoecaceres.com\/es\/actualidad\/el-gobierno-socialista-de-la-diputacion-de-caceres-para-impulsar-inversiones-reto-demografico-y-carreteras-en-los-municipios-de-la-provincia\/#primaryimage"},"image":{"@id":"https:\/\/www.psoecaceres.com\/es\/actualidad\/el-gobierno-socialista-de-la-diputacion-de-caceres-para-impulsar-inversiones-reto-demografico-y-carreteras-en-los-municipios-de-la-provincia\/#primaryimage"},"thumbnailUrl":"https:\/\/www.psoecaceres.com\/es\/wp-content\/uploads\/2026\/04\/Pleno-diputacion.jpg","datePublished":"2026-04-30T14:15:44+00:00","breadcrumb":{"@id":"https:\/\/www.psoecaceres.com\/es\/actualidad\/el-gobierno-socialista-de-la-diputacion-de-caceres-para-impulsar-inversiones-reto-demografico-y-carreteras-en-los-municipios-de-la-provincia\/#breadcrumb"},"inLanguage":"es","potentialAction":[{"@type":"ReadAction","target":["https:\/\/www.psoecaceres.com\/es\/actualidad\/el-gobierno-socialista-de-la-diputacion-de-caceres-para-impulsar-inversiones-reto-demografico-y-carreteras-en-los-municipios-de-la-provincia\/"]}]},{"@type":"ImageObject","inLanguage":"es","@id":"https:\/\/www.psoecaceres.com\/es\/actualidad\/el-gobierno-socialista-de-la-diputacion-de-caceres-para-impulsar-inversiones-reto-demografico-y-carreteras-en-los-municipios-de-la-provincia\/#primaryimage","url":"https:\/\/www.psoecaceres.com\/es\/wp-content\/uploads\/2026\/04\/Pleno-diputacion.jpg","contentUrl":"https:\/\/www.psoecaceres.com\/es\/wp-content\/uploads\/2026\/04\/Pleno-diputacion.jpg","width":1229,"height":686},{"@type":"BreadcrumbList","@id":"https:\/\/www.psoecaceres.com\/es\/actualidad\/el-gobierno-socialista-de-la-diputacion-de-caceres-para-impulsar-inversiones-reto-demografico-y-carreteras-en-los-municipios-de-la-provincia\/#breadcrumb","itemListElement":[{"@type":"ListItem","position":1,"name":"Portada","item":"https:\/\/www.psoecaceres.com\/es\/"},{"@type":"ListItem","position":2,"name":"El gobierno socialista de la Diputaci\u00f3n de C\u00e1ceres para impulsar inversiones, reto demogr\u00e1fico y carreteras en los municipios de la provincia"}]},{"@type":"WebSite","@id":"https:\/\/www.psoecaceres.com\/es\/#website","url":"https:\/\/www.psoecaceres.com\/es\/","name":"PSOE provincia de C\u00e1ceres","description":"Pasi\u00f3n por Nuestros Pueblos","publisher":{"@id":"https:\/\/www.psoecaceres.com\/es\/#organization"},"alternateName":"PSOE Caceres","potentialAction":[{"@type":"SearchAction","target":{"@type":"EntryPoint","urlTemplate":"https:\/\/www.psoecaceres.com\/es\/?s={search_term_string}"},"query-input":{"@type":"PropertyValueSpecification","valueRequired":true,"valueName":"search_term_string"}}],"inLanguage":"es"},{"@type":"Organization","@id":"https:\/\/www.psoecaceres.com\/es\/#organization","name":"Psoe C\u00e1ceres","alternateName":"PSOE Caceres","url":"https:\/\/www.psoecaceres.com\/es\/","logo":{"@type":"ImageObject","inLanguage":"es","@id":"https:\/\/www.psoecaceres.com\/es\/#\/schema\/logo\/image\/","url":"https:\/\/www.psoecaceres.com\/es\/wp-content\/uploads\/2020\/08\/logo-psoe-caceres-web-2020.png","contentUrl":"https:\/\/www.psoecaceres.com\/es\/wp-content\/uploads\/2020\/08\/logo-psoe-caceres-web-2020.png","width":180,"height":105,"caption":"Psoe C\u00e1ceres"},"image":{"@id":"https:\/\/www.psoecaceres.com\/es\/#\/schema\/logo\/image\/"},"sameAs":["https:\/\/www.facebook.com\/psoecaceres","https:\/\/x.com\/PSOEC"]},{"@type":"Person","@id":"https:\/\/www.psoecaceres.com\/es\/#\/schema\/person\/f39f54f038cc2ed62af85f6d76c466a9","name":"PSOE","url":"https:\/\/www.psoecaceres.com\/es\/author\/ivar\/"}]}},"_links":{"self":[{"href":"https:\/\/www.psoecaceres.com\/es\/wp-json\/wp\/v2\/posts\/76806","targetHints":{"allow":["GET"]}}],"collection":[{"href":"https:\/\/www.psoecaceres.com\/es\/wp-json\/wp\/v2\/posts"}],"about":[{"href":"https:\/\/www.psoecaceres.com\/es\/wp-json\/wp\/v2\/types\/post"}],"author":[{"embeddable":true,"href":"https:\/\/www.psoecaceres.com\/es\/wp-json\/wp\/v2\/users\/3"}],"replies":[{"embeddable":true,"href":"https:\/\/www.psoecaceres.com\/es\/wp-json\/wp\/v2\/comments?post=76806"}],"version-history":[{"count":1,"href":"https:\/\/www.psoecaceres.com\/es\/wp-json\/wp\/v2\/posts\/76806\/revisions"}],"predecessor-version":[{"id":76808,"href":"https:\/\/www.psoecaceres.com\/es\/wp-json\/wp\/v2\/posts\/76806\/revisions\/76808"}],"wp:featuredmedia":[{"embeddable":true,"href":"https:\/\/www.psoecaceres.com\/es\/wp-json\/wp\/v2\/media\/76807"}],"wp:attachment":[{"href":"https:\/\/www.psoecaceres.com\/es\/wp-json\/wp\/v2\/media?parent=76806"}],"wp:term":[{"taxonomy":"category","embeddable":true,"href":"https:\/\/www.psoecaceres.com\/es\/wp-json\/wp\/v2\/categories?post=76806"},{"taxonomy":"post_tag","embeddable":true,"href":"https:\/\/www.psoecaceres.com\/es\/wp-json\/wp\/v2\/tags?post=76806"}],"curies":[{"name":"wp","href":"https:\/\/api.w.org\/{rel}","templated":true}]}}