{"id":76819,"date":"2026-05-01T18:07:48","date_gmt":"2026-05-01T16:07:48","guid":{"rendered":"https:\/\/www.psoecaceres.com\/es\/?p=76819"},"modified":"2026-05-01T18:07:48","modified_gmt":"2026-05-01T16:07:48","slug":"alvaro-s-cotrina-refuerza-el-compromiso-del-psoe-con-la-clase-trabajadora-extremena","status":"publish","type":"post","link":"https:\/\/www.psoecaceres.com\/es\/actualidad\/alvaro-s-cotrina-refuerza-el-compromiso-del-psoe-con-la-clase-trabajadora-extremena\/","title":{"rendered":"\u00c1lvaro S. Cotrina refuerza el compromiso del PSOE con la clase trabajadora extreme\u00f1a"},"content":{"rendered":"<p data-start=\"248\" data-end=\"636\"><strong>El secretario general del PSOE de Extremadura, \u00c1lvaro S\u00e1nchez Cotrina, ha afirmado este viernes que su partido ser\u00e1 \u201cel garante de la clase trabajadora ante las pol\u00edticas regresivas de PP y Vox en la Junta de Extremadura\u201d, en declaraciones a los medios minutos antes de participar en la manifestaci\u00f3n del D\u00eda del Trabajo convocada por UGT y CC OO en M\u00e9rida.<\/strong><\/p>\n<p data-start=\"638\" data-end=\"900\">S\u00e1nchez Cotrina ha subrayado que <strong data-start=\"671\" data-end=\"730\">\u201choy no es un d\u00eda para celebrar, sino para reivindicar\u201d<\/strong>, criticando la ausencia del gobierno auton\u00f3mico en las movilizaciones. \u201cEs un d\u00eda de reivindicaci\u00f3n, no de celebraci\u00f3n como dice la Junta; <strong data-start=\"870\" data-end=\"885\">mal empieza<\/strong>\u201d, ha se\u00f1alado.<\/p>\n<p data-start=\"902\" data-end=\"1185\">El l\u00edder socialista ha puesto en valor la lucha hist\u00f3rica de la clase trabajadora, destacando que <strong data-start=\"1000\" data-end=\"1097\">\u201choy se reconoce el esfuerzo de hombres y mujeres que han peleado por los derechos laborales\u201d<\/strong>, lo que convierte la jornada en <strong data-start=\"1130\" data-end=\"1184\">\u201cun buen d\u00eda para los trabajadores y trabajadoras\u201d<\/strong>.<\/p>\n<p data-start=\"1250\" data-end=\"1499\">S\u00e1nchez Cotrina ha advertido de que el <strong data-start=\"1289\" data-end=\"1339\">di\u00e1logo social \u201cest\u00e1 m\u00e1s en peligro que nunca\u201d<\/strong> por la presencia de Vox en el gobierno auton\u00f3mico, formaci\u00f3n a la que ha acusado de querer <strong data-start=\"1431\" data-end=\"1498\">\u201cacabar con los sindicatos y con los protagonistas de este d\u00eda\u201d<\/strong>.<\/p>\n<p data-start=\"1501\" data-end=\"1866\">Frente a ello, ha reafirmado el compromiso del PSOE de defender <strong data-start=\"1565\" data-end=\"1645\">\u201ccon todas sus fuerzas el di\u00e1logo social como herramienta de transformaci\u00f3n\u201d<\/strong>. En ese sentido, ha lanzado un mensaje directo al Ejecutivo regional:<br data-start=\"1715\" data-end=\"1718\" \/><strong data-start=\"1718\" data-end=\"1865\">\u201cDesde las calles le decimos a Guardiola y a Vox que nos van a tener enfrente, defendiendo los derechos de la clase trabajadora de esta tierra\u201d<\/strong>.<\/p>\n<p data-start=\"1930\" data-end=\"2164\">En referencia al contexto pol\u00edtico, S\u00e1nchez Cotrina ha comparado la situaci\u00f3n extreme\u00f1a con el inicio de la campa\u00f1a electoral andaluza, recordando las palabras del presidente andaluz, Juanma Moreno, quien pidi\u00f3 no \u201cmeterse en un l\u00edo\u201d.<\/p>\n<p data-start=\"2166\" data-end=\"2425\">\u201c<strong data-start=\"2167\" data-end=\"2224\">En Extremadura, la derecha s\u00ed nos ha metido en un l\u00edo<\/strong>\u201d, ha afirmado el dirigente socialista, criticando la gesti\u00f3n del gobierno auton\u00f3mico.<br data-start=\"2310\" data-end=\"2313\" \/>\u201c<strong data-start=\"2314\" data-end=\"2411\">Entre estabilidad y l\u00edo, Guardiola ha elegido l\u00edo; entre moderaci\u00f3n y ruido, ha elegido ruido<\/strong>\u201d, ha a\u00f1adido.<\/p>\n<p data-start=\"2427\" data-end=\"2680\" data-is-last-node=\"\" data-is-only-node=\"\">El secretario general del PSOE extreme\u00f1o ha concluido reafirmando su compromiso pol\u00edtico:<br data-start=\"2516\" data-end=\"2519\" \/><strong data-start=\"2519\" data-end=\"2679\">\u201cArranca ahora s\u00ed una legislatura en la que el PSOE estar\u00e1 del lado de los extreme\u00f1os y extreme\u00f1as, frente al gobierno del l\u00edo, el ruido y la inestabilidad\u201d<\/strong>.<\/p>\n<p><iframe loading=\"lazy\" style=\"border: none; overflow: hidden;\" src=\"https:\/\/www.facebook.com\/plugins\/post.php?href=https%3A%2F%2Fwww.facebook.com%2Fpsoecaceres%2Fposts%2Fpfbid02fMH13bdfywqRaRdKhaAQYBkaKm3wn44ksvwdRPEyFh49254YciA93ZodimphhfYJl&amp;show_text=true&amp;width=500\" width=\"500\" height=\"728\" frameborder=\"0\" scrolling=\"no\" allowfullscreen=\"allowfullscreen\"><\/iframe><\/p>\n","protected":false},"excerpt":{"rendered":"<p>El secretario general del PSOE de Extremadura, \u00c1lvaro S\u00e1nchez Cotrina, ha afirmado este viernes que su partido ser\u00e1 \u201cel garante de la clase trabajadora ante las pol\u00edticas regresivas de PP y Vox en la Junta de Extremadura\u201d, en declaraciones a los medios minutos antes de participar en la manifestaci\u00f3n del D\u00eda del Trabajo convocada por [&hellip;]<\/p>\n","protected":false},"author":3,"featured_media":76820,"comment_status":"open","ping_status":"open","sticky":false,"template":"","format":"standard","meta":{"_et_pb_use_builder":"","_et_pb_old_content":"","_et_gb_content_width":"","footnotes":""},"categories":[21,295,277,246,20],"tags":[151],"class_list":["post-76819","post","type-post","status-publish","format-standard","has-post-thumbnail","hentry","category-actualidad","category-alvaro-s-cotrina-secretario-general-psoe-extremadura","category-comision-ejecutiva-provincial-noticias","category-noticias","category-prensa","tag-destacada"],"yoast_head":"<!-- This site is optimized with the Yoast SEO plugin v26.7 - https:\/\/yoast.com\/wordpress\/plugins\/seo\/ -->\n<title>\u00c1lvaro S. Cotrina refuerza el compromiso del PSOE con la clase trabajadora extreme\u00f1a - PSOE provincia de C\u00e1ceres<\/title>\n<meta name=\"robots\" content=\"index, follow, max-snippet:-1, max-image-preview:large, max-video-preview:-1\" \/>\n<link rel=\"canonical\" href=\"https:\/\/www.psoecaceres.com\/es\/actualidad\/alvaro-s-cotrina-refuerza-el-compromiso-del-psoe-con-la-clase-trabajadora-extremena\/\" \/>\n<meta property=\"og:locale\" content=\"es_ES\" \/>\n<meta property=\"og:type\" content=\"article\" \/>\n<meta property=\"og:title\" content=\"\u00c1lvaro S. Cotrina refuerza el compromiso del PSOE con la clase trabajadora extreme\u00f1a - PSOE provincia de C\u00e1ceres\" \/>\n<meta property=\"og:description\" content=\"El secretario general del PSOE de Extremadura, \u00c1lvaro S\u00e1nchez Cotrina, ha afirmado este viernes que su partido ser\u00e1 \u201cel garante de la clase trabajadora ante las pol\u00edticas regresivas de PP y Vox en la Junta de Extremadura\u201d, en declaraciones a los medios minutos antes de participar en la manifestaci\u00f3n del D\u00eda del Trabajo convocada por [&hellip;]\" \/>\n<meta property=\"og:url\" content=\"https:\/\/www.psoecaceres.com\/es\/actualidad\/alvaro-s-cotrina-refuerza-el-compromiso-del-psoe-con-la-clase-trabajadora-extremena\/\" \/>\n<meta property=\"og:site_name\" content=\"PSOE provincia de C\u00e1ceres\" \/>\n<meta property=\"article:publisher\" content=\"https:\/\/www.facebook.com\/psoecaceres\" \/>\n<meta property=\"article:published_time\" content=\"2026-05-01T16:07:48+00:00\" \/>\n<meta property=\"og:image\" content=\"https:\/\/www.psoecaceres.com\/es\/wp-content\/uploads\/2026\/05\/Alvaro-y-Pulido.jpg\" \/>\n\t<meta property=\"og:image:width\" content=\"2048\" \/>\n\t<meta property=\"og:image:height\" content=\"1353\" \/>\n\t<meta property=\"og:image:type\" content=\"image\/jpeg\" \/>\n<meta name=\"author\" content=\"PSOE\" \/>\n<meta name=\"twitter:card\" content=\"summary_large_image\" \/>\n<meta name=\"twitter:creator\" content=\"@PSOEC\" \/>\n<meta name=\"twitter:site\" content=\"@PSOEC\" \/>\n<meta name=\"twitter:label1\" content=\"Escrito por\" \/>\n\t<meta name=\"twitter:data1\" content=\"PSOE\" \/>\n\t<meta name=\"twitter:label2\" content=\"Tiempo de lectura\" \/>\n\t<meta name=\"twitter:data2\" content=\"2 minutos\" \/>\n<script type=\"application\/ld+json\" class=\"yoast-schema-graph\">{\"@context\":\"https:\/\/schema.org\",\"@graph\":[{\"@type\":\"Article\",\"@id\":\"https:\/\/www.psoecaceres.com\/es\/actualidad\/alvaro-s-cotrina-refuerza-el-compromiso-del-psoe-con-la-clase-trabajadora-extremena\/#article\",\"isPartOf\":{\"@id\":\"https:\/\/www.psoecaceres.com\/es\/actualidad\/alvaro-s-cotrina-refuerza-el-compromiso-del-psoe-con-la-clase-trabajadora-extremena\/\"},\"author\":{\"name\":\"PSOE\",\"@id\":\"https:\/\/www.psoecaceres.com\/es\/#\/schema\/person\/f39f54f038cc2ed62af85f6d76c466a9\"},\"headline\":\"\u00c1lvaro S. Cotrina refuerza el compromiso del PSOE con la clase trabajadora extreme\u00f1a\",\"datePublished\":\"2026-05-01T16:07:48+00:00\",\"mainEntityOfPage\":{\"@id\":\"https:\/\/www.psoecaceres.com\/es\/actualidad\/alvaro-s-cotrina-refuerza-el-compromiso-del-psoe-con-la-clase-trabajadora-extremena\/\"},\"wordCount\":418,\"commentCount\":0,\"publisher\":{\"@id\":\"https:\/\/www.psoecaceres.com\/es\/#organization\"},\"image\":{\"@id\":\"https:\/\/www.psoecaceres.com\/es\/actualidad\/alvaro-s-cotrina-refuerza-el-compromiso-del-psoe-con-la-clase-trabajadora-extremena\/#primaryimage\"},\"thumbnailUrl\":\"https:\/\/www.psoecaceres.com\/es\/wp-content\/uploads\/2026\/05\/Alvaro-y-Pulido.jpg\",\"keywords\":[\"destacada\"],\"articleSection\":[\"Actualidad\",\"\u00c1lvaro S. Cotrina - Secretario General PSOE Extremadura\",\"Comisi\u00f3n Ejecutiva Provincial\",\"Noticias\",\"Prensa\"],\"inLanguage\":\"es\",\"potentialAction\":[{\"@type\":\"CommentAction\",\"name\":\"Comment\",\"target\":[\"https:\/\/www.psoecaceres.com\/es\/actualidad\/alvaro-s-cotrina-refuerza-el-compromiso-del-psoe-con-la-clase-trabajadora-extremena\/#respond\"]}]},{\"@type\":\"WebPage\",\"@id\":\"https:\/\/www.psoecaceres.com\/es\/actualidad\/alvaro-s-cotrina-refuerza-el-compromiso-del-psoe-con-la-clase-trabajadora-extremena\/\",\"url\":\"https:\/\/www.psoecaceres.com\/es\/actualidad\/alvaro-s-cotrina-refuerza-el-compromiso-del-psoe-con-la-clase-trabajadora-extremena\/\",\"name\":\"\u00c1lvaro S. Cotrina refuerza el compromiso del PSOE con la clase trabajadora extreme\u00f1a - PSOE provincia de C\u00e1ceres\",\"isPartOf\":{\"@id\":\"https:\/\/www.psoecaceres.com\/es\/#website\"},\"primaryImageOfPage\":{\"@id\":\"https:\/\/www.psoecaceres.com\/es\/actualidad\/alvaro-s-cotrina-refuerza-el-compromiso-del-psoe-con-la-clase-trabajadora-extremena\/#primaryimage\"},\"image\":{\"@id\":\"https:\/\/www.psoecaceres.com\/es\/actualidad\/alvaro-s-cotrina-refuerza-el-compromiso-del-psoe-con-la-clase-trabajadora-extremena\/#primaryimage\"},\"thumbnailUrl\":\"https:\/\/www.psoecaceres.com\/es\/wp-content\/uploads\/2026\/05\/Alvaro-y-Pulido.jpg\",\"datePublished\":\"2026-05-01T16:07:48+00:00\",\"breadcrumb\":{\"@id\":\"https:\/\/www.psoecaceres.com\/es\/actualidad\/alvaro-s-cotrina-refuerza-el-compromiso-del-psoe-con-la-clase-trabajadora-extremena\/#breadcrumb\"},\"inLanguage\":\"es\",\"potentialAction\":[{\"@type\":\"ReadAction\",\"target\":[\"https:\/\/www.psoecaceres.com\/es\/actualidad\/alvaro-s-cotrina-refuerza-el-compromiso-del-psoe-con-la-clase-trabajadora-extremena\/\"]}]},{\"@type\":\"ImageObject\",\"inLanguage\":\"es\",\"@id\":\"https:\/\/www.psoecaceres.com\/es\/actualidad\/alvaro-s-cotrina-refuerza-el-compromiso-del-psoe-con-la-clase-trabajadora-extremena\/#primaryimage\",\"url\":\"https:\/\/www.psoecaceres.com\/es\/wp-content\/uploads\/2026\/05\/Alvaro-y-Pulido.jpg\",\"contentUrl\":\"https:\/\/www.psoecaceres.com\/es\/wp-content\/uploads\/2026\/05\/Alvaro-y-Pulido.jpg\",\"width\":2048,\"height\":1353},{\"@type\":\"BreadcrumbList\",\"@id\":\"https:\/\/www.psoecaceres.com\/es\/actualidad\/alvaro-s-cotrina-refuerza-el-compromiso-del-psoe-con-la-clase-trabajadora-extremena\/#breadcrumb\",\"itemListElement\":[{\"@type\":\"ListItem\",\"position\":1,\"name\":\"Portada\",\"item\":\"https:\/\/www.psoecaceres.com\/es\/\"},{\"@type\":\"ListItem\",\"position\":2,\"name\":\"\u00c1lvaro S. Cotrina refuerza el compromiso del PSOE con la clase trabajadora extreme\u00f1a\"}]},{\"@type\":\"WebSite\",\"@id\":\"https:\/\/www.psoecaceres.com\/es\/#website\",\"url\":\"https:\/\/www.psoecaceres.com\/es\/\",\"name\":\"PSOE provincia de C\u00e1ceres\",\"description\":\"Pasi\u00f3n por Nuestros Pueblos\",\"publisher\":{\"@id\":\"https:\/\/www.psoecaceres.com\/es\/#organization\"},\"alternateName\":\"PSOE Caceres\",\"potentialAction\":[{\"@type\":\"SearchAction\",\"target\":{\"@type\":\"EntryPoint\",\"urlTemplate\":\"https:\/\/www.psoecaceres.com\/es\/?s={search_term_string}\"},\"query-input\":{\"@type\":\"PropertyValueSpecification\",\"valueRequired\":true,\"valueName\":\"search_term_string\"}}],\"inLanguage\":\"es\"},{\"@type\":\"Organization\",\"@id\":\"https:\/\/www.psoecaceres.com\/es\/#organization\",\"name\":\"Psoe C\u00e1ceres\",\"alternateName\":\"PSOE Caceres\",\"url\":\"https:\/\/www.psoecaceres.com\/es\/\",\"logo\":{\"@type\":\"ImageObject\",\"inLanguage\":\"es\",\"@id\":\"https:\/\/www.psoecaceres.com\/es\/#\/schema\/logo\/image\/\",\"url\":\"https:\/\/www.psoecaceres.com\/es\/wp-content\/uploads\/2020\/08\/logo-psoe-caceres-web-2020.png\",\"contentUrl\":\"https:\/\/www.psoecaceres.com\/es\/wp-content\/uploads\/2020\/08\/logo-psoe-caceres-web-2020.png\",\"width\":180,\"height\":105,\"caption\":\"Psoe C\u00e1ceres\"},\"image\":{\"@id\":\"https:\/\/www.psoecaceres.com\/es\/#\/schema\/logo\/image\/\"},\"sameAs\":[\"https:\/\/www.facebook.com\/psoecaceres\",\"https:\/\/x.com\/PSOEC\"]},{\"@type\":\"Person\",\"@id\":\"https:\/\/www.psoecaceres.com\/es\/#\/schema\/person\/f39f54f038cc2ed62af85f6d76c466a9\",\"name\":\"PSOE\",\"url\":\"https:\/\/www.psoecaceres.com\/es\/author\/ivar\/\"}]}<\/script>\n<!-- \/ Yoast SEO plugin. -->","yoast_head_json":{"title":"\u00c1lvaro S. Cotrina refuerza el compromiso del PSOE con la clase trabajadora extreme\u00f1a - PSOE provincia de C\u00e1ceres","robots":{"index":"index","follow":"follow","max-snippet":"max-snippet:-1","max-image-preview":"max-image-preview:large","max-video-preview":"max-video-preview:-1"},"canonical":"https:\/\/www.psoecaceres.com\/es\/actualidad\/alvaro-s-cotrina-refuerza-el-compromiso-del-psoe-con-la-clase-trabajadora-extremena\/","og_locale":"es_ES","og_type":"article","og_title":"\u00c1lvaro S. Cotrina refuerza el compromiso del PSOE con la clase trabajadora extreme\u00f1a - PSOE provincia de C\u00e1ceres","og_description":"El secretario general del PSOE de Extremadura, \u00c1lvaro S\u00e1nchez Cotrina, ha afirmado este viernes que su partido ser\u00e1 \u201cel garante de la clase trabajadora ante las pol\u00edticas regresivas de PP y Vox en la Junta de Extremadura\u201d, en declaraciones a los medios minutos antes de participar en la manifestaci\u00f3n del D\u00eda del Trabajo convocada por [&hellip;]","og_url":"https:\/\/www.psoecaceres.com\/es\/actualidad\/alvaro-s-cotrina-refuerza-el-compromiso-del-psoe-con-la-clase-trabajadora-extremena\/","og_site_name":"PSOE provincia de C\u00e1ceres","article_publisher":"https:\/\/www.facebook.com\/psoecaceres","article_published_time":"2026-05-01T16:07:48+00:00","og_image":[{"width":2048,"height":1353,"url":"https:\/\/www.psoecaceres.com\/es\/wp-content\/uploads\/2026\/05\/Alvaro-y-Pulido.jpg","type":"image\/jpeg"}],"author":"PSOE","twitter_card":"summary_large_image","twitter_creator":"@PSOEC","twitter_site":"@PSOEC","twitter_misc":{"Escrito por":"PSOE","Tiempo de lectura":"2 minutos"},"schema":{"@context":"https:\/\/schema.org","@graph":[{"@type":"Article","@id":"https:\/\/www.psoecaceres.com\/es\/actualidad\/alvaro-s-cotrina-refuerza-el-compromiso-del-psoe-con-la-clase-trabajadora-extremena\/#article","isPartOf":{"@id":"https:\/\/www.psoecaceres.com\/es\/actualidad\/alvaro-s-cotrina-refuerza-el-compromiso-del-psoe-con-la-clase-trabajadora-extremena\/"},"author":{"name":"PSOE","@id":"https:\/\/www.psoecaceres.com\/es\/#\/schema\/person\/f39f54f038cc2ed62af85f6d76c466a9"},"headline":"\u00c1lvaro S. Cotrina refuerza el compromiso del PSOE con la clase trabajadora extreme\u00f1a","datePublished":"2026-05-01T16:07:48+00:00","mainEntityOfPage":{"@id":"https:\/\/www.psoecaceres.com\/es\/actualidad\/alvaro-s-cotrina-refuerza-el-compromiso-del-psoe-con-la-clase-trabajadora-extremena\/"},"wordCount":418,"commentCount":0,"publisher":{"@id":"https:\/\/www.psoecaceres.com\/es\/#organization"},"image":{"@id":"https:\/\/www.psoecaceres.com\/es\/actualidad\/alvaro-s-cotrina-refuerza-el-compromiso-del-psoe-con-la-clase-trabajadora-extremena\/#primaryimage"},"thumbnailUrl":"https:\/\/www.psoecaceres.com\/es\/wp-content\/uploads\/2026\/05\/Alvaro-y-Pulido.jpg","keywords":["destacada"],"articleSection":["Actualidad","\u00c1lvaro S. Cotrina - Secretario General PSOE Extremadura","Comisi\u00f3n Ejecutiva Provincial","Noticias","Prensa"],"inLanguage":"es","potentialAction":[{"@type":"CommentAction","name":"Comment","target":["https:\/\/www.psoecaceres.com\/es\/actualidad\/alvaro-s-cotrina-refuerza-el-compromiso-del-psoe-con-la-clase-trabajadora-extremena\/#respond"]}]},{"@type":"WebPage","@id":"https:\/\/www.psoecaceres.com\/es\/actualidad\/alvaro-s-cotrina-refuerza-el-compromiso-del-psoe-con-la-clase-trabajadora-extremena\/","url":"https:\/\/www.psoecaceres.com\/es\/actualidad\/alvaro-s-cotrina-refuerza-el-compromiso-del-psoe-con-la-clase-trabajadora-extremena\/","name":"\u00c1lvaro S. Cotrina refuerza el compromiso del PSOE con la clase trabajadora extreme\u00f1a - PSOE provincia de C\u00e1ceres","isPartOf":{"@id":"https:\/\/www.psoecaceres.com\/es\/#website"},"primaryImageOfPage":{"@id":"https:\/\/www.psoecaceres.com\/es\/actualidad\/alvaro-s-cotrina-refuerza-el-compromiso-del-psoe-con-la-clase-trabajadora-extremena\/#primaryimage"},"image":{"@id":"https:\/\/www.psoecaceres.com\/es\/actualidad\/alvaro-s-cotrina-refuerza-el-compromiso-del-psoe-con-la-clase-trabajadora-extremena\/#primaryimage"},"thumbnailUrl":"https:\/\/www.psoecaceres.com\/es\/wp-content\/uploads\/2026\/05\/Alvaro-y-Pulido.jpg","datePublished":"2026-05-01T16:07:48+00:00","breadcrumb":{"@id":"https:\/\/www.psoecaceres.com\/es\/actualidad\/alvaro-s-cotrina-refuerza-el-compromiso-del-psoe-con-la-clase-trabajadora-extremena\/#breadcrumb"},"inLanguage":"es","potentialAction":[{"@type":"ReadAction","target":["https:\/\/www.psoecaceres.com\/es\/actualidad\/alvaro-s-cotrina-refuerza-el-compromiso-del-psoe-con-la-clase-trabajadora-extremena\/"]}]},{"@type":"ImageObject","inLanguage":"es","@id":"https:\/\/www.psoecaceres.com\/es\/actualidad\/alvaro-s-cotrina-refuerza-el-compromiso-del-psoe-con-la-clase-trabajadora-extremena\/#primaryimage","url":"https:\/\/www.psoecaceres.com\/es\/wp-content\/uploads\/2026\/05\/Alvaro-y-Pulido.jpg","contentUrl":"https:\/\/www.psoecaceres.com\/es\/wp-content\/uploads\/2026\/05\/Alvaro-y-Pulido.jpg","width":2048,"height":1353},{"@type":"BreadcrumbList","@id":"https:\/\/www.psoecaceres.com\/es\/actualidad\/alvaro-s-cotrina-refuerza-el-compromiso-del-psoe-con-la-clase-trabajadora-extremena\/#breadcrumb","itemListElement":[{"@type":"ListItem","position":1,"name":"Portada","item":"https:\/\/www.psoecaceres.com\/es\/"},{"@type":"ListItem","position":2,"name":"\u00c1lvaro S. Cotrina refuerza el compromiso del PSOE con la clase trabajadora extreme\u00f1a"}]},{"@type":"WebSite","@id":"https:\/\/www.psoecaceres.com\/es\/#website","url":"https:\/\/www.psoecaceres.com\/es\/","name":"PSOE provincia de C\u00e1ceres","description":"Pasi\u00f3n por Nuestros Pueblos","publisher":{"@id":"https:\/\/www.psoecaceres.com\/es\/#organization"},"alternateName":"PSOE Caceres","potentialAction":[{"@type":"SearchAction","target":{"@type":"EntryPoint","urlTemplate":"https:\/\/www.psoecaceres.com\/es\/?s={search_term_string}"},"query-input":{"@type":"PropertyValueSpecification","valueRequired":true,"valueName":"search_term_string"}}],"inLanguage":"es"},{"@type":"Organization","@id":"https:\/\/www.psoecaceres.com\/es\/#organization","name":"Psoe C\u00e1ceres","alternateName":"PSOE Caceres","url":"https:\/\/www.psoecaceres.com\/es\/","logo":{"@type":"ImageObject","inLanguage":"es","@id":"https:\/\/www.psoecaceres.com\/es\/#\/schema\/logo\/image\/","url":"https:\/\/www.psoecaceres.com\/es\/wp-content\/uploads\/2020\/08\/logo-psoe-caceres-web-2020.png","contentUrl":"https:\/\/www.psoecaceres.com\/es\/wp-content\/uploads\/2020\/08\/logo-psoe-caceres-web-2020.png","width":180,"height":105,"caption":"Psoe C\u00e1ceres"},"image":{"@id":"https:\/\/www.psoecaceres.com\/es\/#\/schema\/logo\/image\/"},"sameAs":["https:\/\/www.facebook.com\/psoecaceres","https:\/\/x.com\/PSOEC"]},{"@type":"Person","@id":"https:\/\/www.psoecaceres.com\/es\/#\/schema\/person\/f39f54f038cc2ed62af85f6d76c466a9","name":"PSOE","url":"https:\/\/www.psoecaceres.com\/es\/author\/ivar\/"}]}},"_links":{"self":[{"href":"https:\/\/www.psoecaceres.com\/es\/wp-json\/wp\/v2\/posts\/76819","targetHints":{"allow":["GET"]}}],"collection":[{"href":"https:\/\/www.psoecaceres.com\/es\/wp-json\/wp\/v2\/posts"}],"about":[{"href":"https:\/\/www.psoecaceres.com\/es\/wp-json\/wp\/v2\/types\/post"}],"author":[{"embeddable":true,"href":"https:\/\/www.psoecaceres.com\/es\/wp-json\/wp\/v2\/users\/3"}],"replies":[{"embeddable":true,"href":"https:\/\/www.psoecaceres.com\/es\/wp-json\/wp\/v2\/comments?post=76819"}],"version-history":[{"count":1,"href":"https:\/\/www.psoecaceres.com\/es\/wp-json\/wp\/v2\/posts\/76819\/revisions"}],"predecessor-version":[{"id":76821,"href":"https:\/\/www.psoecaceres.com\/es\/wp-json\/wp\/v2\/posts\/76819\/revisions\/76821"}],"wp:featuredmedia":[{"embeddable":true,"href":"https:\/\/www.psoecaceres.com\/es\/wp-json\/wp\/v2\/media\/76820"}],"wp:attachment":[{"href":"https:\/\/www.psoecaceres.com\/es\/wp-json\/wp\/v2\/media?parent=76819"}],"wp:term":[{"taxonomy":"category","embeddable":true,"href":"https:\/\/www.psoecaceres.com\/es\/wp-json\/wp\/v2\/categories?post=76819"},{"taxonomy":"post_tag","embeddable":true,"href":"https:\/\/www.psoecaceres.com\/es\/wp-json\/wp\/v2\/tags?post=76819"}],"curies":[{"name":"wp","href":"https:\/\/api.w.org\/{rel}","templated":true}]}}