{"id":78727,"date":"2026-09-01T09:00:36","date_gmt":"2026-09-01T07:00:36","guid":{"rendered":"https:\/\/www.psoecaceres.com\/es\/?p=78727"},"modified":"2026-09-01T09:00:36","modified_gmt":"2026-09-01T07:00:36","slug":"el-psoe-de-extremadura-exige-a-guardiola-responsabilidad-mas-trabajo-y-menos-improvisacion-parches-y-falta-de-gestion","status":"publish","type":"post","link":"https:\/\/www.psoecaceres.com\/es\/actualidad\/el-psoe-de-extremadura-exige-a-guardiola-responsabilidad-mas-trabajo-y-menos-improvisacion-parches-y-falta-de-gestion\/","title":{"rendered":"El PSOE de Extremadura exige a Guardiola responsabilidad, m\u00e1s trabajo y menos improvisaci\u00f3n, parches y falta de gesti\u00f3n"},"content":{"rendered":"<p>El portavoz del PSOE de Extremadura, <strong>Manuel Gonz\u00e1lez Andrade<\/strong>, ha reclamado este lunes a la presidenta de la Junta que <strong>anteponga los intereses de Extremadura a las estrategias de su partido y de Vox<\/strong>. \u201c<strong>Cuando tenga que elegir entre Vox y Extremadura, que elija a Extremadura. Y cuando tenga que elegir entre la calle G\u00e9nova y Extremadura, que elija a Extremadura<\/strong>\u201d, ha se\u00f1alado. Adem\u00e1s, ha contrapuesto esta actitud a la del PSOE, que, seg\u00fan ha afirmado, \u201c<strong>no tiene que elegir porque lo tiene claro: primero Extremadura, despu\u00e9s Extremadura y, para terminar, Extremadura<\/strong>\u201d.<\/p>\n<p>Gonz\u00e1lez Andrade ha asegurado que el PSOE afronta el nuevo curso pol\u00edtico <strong>\u201ccon muchas ganas, perfectamente engrasado y preparado para seguir trabajando por esta tierra\u201d<\/strong>, con una hoja de ruta basada en <strong>estar en la calle, escuchar a la ciudadan\u00eda, recoger sus problemas, plantear propuestas y fiscalizar la acci\u00f3n del Gobierno<\/strong>.<\/p>\n<p>Un trabajo que, ha explicado, tendr\u00e1 tambi\u00e9n la mirada puesta en <strong>las elecciones municipales de mayo de 2027<\/strong>, con el objetivo de <strong>revalidar las alcald\u00edas socialistas y convertir al PSOE en gobierno all\u00ed donde actualmente es alternativa<\/strong>. \u201c<strong>Las alternativas de Gobierno no se construyen solamente diciendo lo que no funciona<\/strong>\u201d, ha apuntado, sino \u201c<strong>escuchando, anticip\u00e1ndose, inform\u00e1ndose, estando al lado de la gente y planteando soluciones<\/strong>\u201d.<\/p>\n<p>Frente a ello, ha criticado la gesti\u00f3n del <strong>Gobierno de PP y Vox<\/strong>, al que ha acusado de <strong>\u201cno anticipar, no escuchar, no gestionar\u201d<\/strong> y de llegar <strong>\u201ctarde y mal\u201d<\/strong> para terminar poniendo <strong>\u201cparches\u201d donde deber\u00edan existir soluciones<\/strong>. En ese sentido, ha puesto como ejemplo la <strong>pol\u00edtica de vivienda<\/strong>. Ha recordado que la Junta ya dispone de <strong>24 millones de euros del Gobierno de Espa\u00f1a para el Plan Estatal de Vivienda<\/strong> y que durante el periodo <strong>2026-2030 llegar\u00e1n 210 millones de euros<\/strong>.<\/p>\n<p>Sobre esto, ha censurado que el Gobierno de Guardiola <strong>haya recurrido el plan mientras \u201cya tiene el dinero en la cuenta\u201d<\/strong>. Ha reclamado a la presidenta que explique esta decisi\u00f3n a las personas que tienen dificultades para acceder a una vivienda y ha cuestionado qu\u00e9 ha ocurrido con las viviendas impulsadas por el anterior Gobierno socialista a trav\u00e9s del <strong>plan Rehabita<\/strong>.<\/p>\n<h3><strong>SANIDAD CA\u00d3TICA<\/strong><\/h3>\n<p>El portavoz socialista tambi\u00e9n ha denunciado la situaci\u00f3n de la sanidad extreme\u00f1a, con <strong>caos en las urgencias, falta de limpieza en hospitales, carencia de profesionales, esperas de catorce d\u00edas y m\u00e1s en atenci\u00f3n primaria y dimisiones de trabajadores<\/strong>. Por ello, ha pedido a Guardiola que <strong>deje de hablar de \u201cherencias recibidas\u201d y asuma su responsabilidad<\/strong>. \u201c<strong>Quien elude su responsabilidad en la herencia recibida es que no est\u00e1 capacitada para resolver el problema. De los \u00faltimos 15 a\u00f1os, la derecha lleva 7 gobernando, \u00bfa qu\u00e9 herencia se refieren?<\/strong>\u201d, ha afirmado.<\/p>\n<p>Respecto al <strong>transporte escolar<\/strong>, Gonz\u00e1lez Andrade ha lamentado que, <strong>a solo diez d\u00edas del inicio del curso<\/strong>, la presidenta todav\u00eda no pueda garantizar que todas las rutas estar\u00e1n cubiertas desde el primer d\u00eda. Ha criticado que la Junta haya tenido que recurrir a <strong>tres licitaciones extraordinarias<\/strong> para resolver un problema que se conoc\u00eda desde hace meses y ha denunciado adem\u00e1s una <strong>\u201cabsoluta falta de transparencia\u201d<\/strong> sobre las rutas que todav\u00eda permanecen sin cubrir. \u201c<strong>Esto no es una cat\u00e1strofe ni una situaci\u00f3n sobrevenida. Se saben cu\u00e1les son las rutas y cu\u00e1ndo empieza el curso<\/strong>\u201d, ha se\u00f1alado.<\/p>\n<h3><strong>CEUTA<\/strong><\/h3>\n<p>Por \u00faltimo, el portavoz socialista ha mostrado la <strong>\u201csolidaridad absoluta\u201d del PSOE de Extremadura con el pueblo de Ceuta<\/strong> y ha defendido la convivencia y la responsabilidad institucional ante la crisis fronteriza y humanitaria. En este contexto, ha exigido explicaciones a Guardiola por <strong>la ausencia de la Junta en la conferencia sectorial y por el rechazo por escrito a una ayuda de 25 millones de euros destinada a Ceuta<\/strong>. \u201c<strong>Participar en las conferencias sectoriales es gobernar. Aceptar la ayuda a Ceuta es gobernar. Cooperar es gobernar. Cumplir la ley es gobernar. Proteger a los menores es gobernar y defender la convivencia tambi\u00e9n es gobernar<\/strong>\u201d, ha afirmado.<\/p>\n","protected":false},"excerpt":{"rendered":"<p>El portavoz del PSOE de Extremadura, Manuel Gonz\u00e1lez Andrade, ha reclamado este lunes a la presidenta de la Junta que anteponga los intereses de Extremadura a las estrategias de su partido y de Vox. \u201cCuando tenga que elegir entre Vox y Extremadura, que elija a Extremadura. Y cuando tenga que elegir entre la calle G\u00e9nova [&hellip;]<\/p>\n","protected":false},"author":3,"featured_media":78728,"comment_status":"open","ping_status":"open","sticky":false,"template":"","format":"standard","meta":{"_et_pb_use_builder":"","_et_pb_old_content":"","_et_gb_content_width":"","footnotes":""},"categories":[21,246,295],"tags":[151],"class_list":["post-78727","post","type-post","status-publish","format-standard","has-post-thumbnail","hentry","category-actualidad","category-noticias","category-psoe-extremadura","tag-destacada"],"yoast_head":"<!-- This site is optimized with the Yoast SEO plugin v26.7 - https:\/\/yoast.com\/wordpress\/plugins\/seo\/ -->\n<title>El PSOE de Extremadura exige a Guardiola responsabilidad, m\u00e1s trabajo y menos improvisaci\u00f3n, parches y falta de gesti\u00f3n - PSOE provincia de C\u00e1ceres<\/title>\n<meta name=\"robots\" content=\"index, follow, max-snippet:-1, max-image-preview:large, max-video-preview:-1\" \/>\n<link rel=\"canonical\" href=\"https:\/\/www.psoecaceres.com\/es\/actualidad\/el-psoe-de-extremadura-exige-a-guardiola-responsabilidad-mas-trabajo-y-menos-improvisacion-parches-y-falta-de-gestion\/\" \/>\n<meta property=\"og:locale\" content=\"es_ES\" \/>\n<meta property=\"og:type\" content=\"article\" \/>\n<meta property=\"og:title\" content=\"El PSOE de Extremadura exige a Guardiola responsabilidad, m\u00e1s trabajo y menos improvisaci\u00f3n, parches y falta de gesti\u00f3n - PSOE provincia de C\u00e1ceres\" \/>\n<meta property=\"og:description\" content=\"El portavoz del PSOE de Extremadura, Manuel Gonz\u00e1lez Andrade, ha reclamado este lunes a la presidenta de la Junta que anteponga los intereses de Extremadura a las estrategias de su partido y de Vox. \u201cCuando tenga que elegir entre Vox y Extremadura, que elija a Extremadura. Y cuando tenga que elegir entre la calle G\u00e9nova [&hellip;]\" \/>\n<meta property=\"og:url\" content=\"https:\/\/www.psoecaceres.com\/es\/actualidad\/el-psoe-de-extremadura-exige-a-guardiola-responsabilidad-mas-trabajo-y-menos-improvisacion-parches-y-falta-de-gestion\/\" \/>\n<meta property=\"og:site_name\" content=\"PSOE provincia de C\u00e1ceres\" \/>\n<meta property=\"article:publisher\" content=\"https:\/\/www.facebook.com\/psoecaceres\" \/>\n<meta property=\"article:published_time\" content=\"2026-09-01T07:00:36+00:00\" \/>\n<meta property=\"og:image\" content=\"https:\/\/www.psoecaceres.com\/es\/wp-content\/uploads\/2026\/09\/Figu.jpg\" \/>\n\t<meta property=\"og:image:width\" content=\"2560\" \/>\n\t<meta property=\"og:image:height\" content=\"1707\" \/>\n\t<meta property=\"og:image:type\" content=\"image\/jpeg\" \/>\n<meta name=\"author\" content=\"PSOE\" \/>\n<meta name=\"twitter:card\" content=\"summary_large_image\" \/>\n<meta name=\"twitter:creator\" content=\"@PSOEC\" \/>\n<meta name=\"twitter:site\" content=\"@PSOEC\" \/>\n<meta name=\"twitter:label1\" content=\"Escrito por\" \/>\n\t<meta name=\"twitter:data1\" content=\"PSOE\" \/>\n\t<meta name=\"twitter:label2\" content=\"Tiempo de lectura\" \/>\n\t<meta name=\"twitter:data2\" content=\"4 minutos\" \/>\n<script type=\"application\/ld+json\" class=\"yoast-schema-graph\">{\"@context\":\"https:\/\/schema.org\",\"@graph\":[{\"@type\":\"Article\",\"@id\":\"https:\/\/www.psoecaceres.com\/es\/actualidad\/el-psoe-de-extremadura-exige-a-guardiola-responsabilidad-mas-trabajo-y-menos-improvisacion-parches-y-falta-de-gestion\/#article\",\"isPartOf\":{\"@id\":\"https:\/\/www.psoecaceres.com\/es\/actualidad\/el-psoe-de-extremadura-exige-a-guardiola-responsabilidad-mas-trabajo-y-menos-improvisacion-parches-y-falta-de-gestion\/\"},\"author\":{\"name\":\"PSOE\",\"@id\":\"https:\/\/www.psoecaceres.com\/es\/#\/schema\/person\/f39f54f038cc2ed62af85f6d76c466a9\"},\"headline\":\"El PSOE de Extremadura exige a Guardiola responsabilidad, m\u00e1s trabajo y menos improvisaci\u00f3n, parches y falta de gesti\u00f3n\",\"datePublished\":\"2026-09-01T07:00:36+00:00\",\"mainEntityOfPage\":{\"@id\":\"https:\/\/www.psoecaceres.com\/es\/actualidad\/el-psoe-de-extremadura-exige-a-guardiola-responsabilidad-mas-trabajo-y-menos-improvisacion-parches-y-falta-de-gestion\/\"},\"wordCount\":702,\"commentCount\":0,\"publisher\":{\"@id\":\"https:\/\/www.psoecaceres.com\/es\/#organization\"},\"image\":{\"@id\":\"https:\/\/www.psoecaceres.com\/es\/actualidad\/el-psoe-de-extremadura-exige-a-guardiola-responsabilidad-mas-trabajo-y-menos-improvisacion-parches-y-falta-de-gestion\/#primaryimage\"},\"thumbnailUrl\":\"https:\/\/www.psoecaceres.com\/es\/wp-content\/uploads\/2026\/09\/Figu.jpg\",\"keywords\":[\"destacada\"],\"articleSection\":[\"Actualidad\",\"Noticias\",\"PSOE Extremadura\"],\"inLanguage\":\"es\",\"potentialAction\":[{\"@type\":\"CommentAction\",\"name\":\"Comment\",\"target\":[\"https:\/\/www.psoecaceres.com\/es\/actualidad\/el-psoe-de-extremadura-exige-a-guardiola-responsabilidad-mas-trabajo-y-menos-improvisacion-parches-y-falta-de-gestion\/#respond\"]}]},{\"@type\":\"WebPage\",\"@id\":\"https:\/\/www.psoecaceres.com\/es\/actualidad\/el-psoe-de-extremadura-exige-a-guardiola-responsabilidad-mas-trabajo-y-menos-improvisacion-parches-y-falta-de-gestion\/\",\"url\":\"https:\/\/www.psoecaceres.com\/es\/actualidad\/el-psoe-de-extremadura-exige-a-guardiola-responsabilidad-mas-trabajo-y-menos-improvisacion-parches-y-falta-de-gestion\/\",\"name\":\"El PSOE de Extremadura exige a Guardiola responsabilidad, m\u00e1s trabajo y menos improvisaci\u00f3n, parches y falta de gesti\u00f3n - PSOE provincia de C\u00e1ceres\",\"isPartOf\":{\"@id\":\"https:\/\/www.psoecaceres.com\/es\/#website\"},\"primaryImageOfPage\":{\"@id\":\"https:\/\/www.psoecaceres.com\/es\/actualidad\/el-psoe-de-extremadura-exige-a-guardiola-responsabilidad-mas-trabajo-y-menos-improvisacion-parches-y-falta-de-gestion\/#primaryimage\"},\"image\":{\"@id\":\"https:\/\/www.psoecaceres.com\/es\/actualidad\/el-psoe-de-extremadura-exige-a-guardiola-responsabilidad-mas-trabajo-y-menos-improvisacion-parches-y-falta-de-gestion\/#primaryimage\"},\"thumbnailUrl\":\"https:\/\/www.psoecaceres.com\/es\/wp-content\/uploads\/2026\/09\/Figu.jpg\",\"datePublished\":\"2026-09-01T07:00:36+00:00\",\"breadcrumb\":{\"@id\":\"https:\/\/www.psoecaceres.com\/es\/actualidad\/el-psoe-de-extremadura-exige-a-guardiola-responsabilidad-mas-trabajo-y-menos-improvisacion-parches-y-falta-de-gestion\/#breadcrumb\"},\"inLanguage\":\"es\",\"potentialAction\":[{\"@type\":\"ReadAction\",\"target\":[\"https:\/\/www.psoecaceres.com\/es\/actualidad\/el-psoe-de-extremadura-exige-a-guardiola-responsabilidad-mas-trabajo-y-menos-improvisacion-parches-y-falta-de-gestion\/\"]}]},{\"@type\":\"ImageObject\",\"inLanguage\":\"es\",\"@id\":\"https:\/\/www.psoecaceres.com\/es\/actualidad\/el-psoe-de-extremadura-exige-a-guardiola-responsabilidad-mas-trabajo-y-menos-improvisacion-parches-y-falta-de-gestion\/#primaryimage\",\"url\":\"https:\/\/www.psoecaceres.com\/es\/wp-content\/uploads\/2026\/09\/Figu.jpg\",\"contentUrl\":\"https:\/\/www.psoecaceres.com\/es\/wp-content\/uploads\/2026\/09\/Figu.jpg\",\"width\":2560,\"height\":1707},{\"@type\":\"BreadcrumbList\",\"@id\":\"https:\/\/www.psoecaceres.com\/es\/actualidad\/el-psoe-de-extremadura-exige-a-guardiola-responsabilidad-mas-trabajo-y-menos-improvisacion-parches-y-falta-de-gestion\/#breadcrumb\",\"itemListElement\":[{\"@type\":\"ListItem\",\"position\":1,\"name\":\"Portada\",\"item\":\"https:\/\/www.psoecaceres.com\/es\/\"},{\"@type\":\"ListItem\",\"position\":2,\"name\":\"El PSOE de Extremadura exige a Guardiola responsabilidad, m\u00e1s trabajo y menos improvisaci\u00f3n, parches y falta de gesti\u00f3n\"}]},{\"@type\":\"WebSite\",\"@id\":\"https:\/\/www.psoecaceres.com\/es\/#website\",\"url\":\"https:\/\/www.psoecaceres.com\/es\/\",\"name\":\"PSOE provincia de C\u00e1ceres\",\"description\":\"Pasi\u00f3n por Nuestros Pueblos\",\"publisher\":{\"@id\":\"https:\/\/www.psoecaceres.com\/es\/#organization\"},\"alternateName\":\"PSOE Caceres\",\"potentialAction\":[{\"@type\":\"SearchAction\",\"target\":{\"@type\":\"EntryPoint\",\"urlTemplate\":\"https:\/\/www.psoecaceres.com\/es\/?s={search_term_string}\"},\"query-input\":{\"@type\":\"PropertyValueSpecification\",\"valueRequired\":true,\"valueName\":\"search_term_string\"}}],\"inLanguage\":\"es\"},{\"@type\":\"Organization\",\"@id\":\"https:\/\/www.psoecaceres.com\/es\/#organization\",\"name\":\"Psoe C\u00e1ceres\",\"alternateName\":\"PSOE Caceres\",\"url\":\"https:\/\/www.psoecaceres.com\/es\/\",\"logo\":{\"@type\":\"ImageObject\",\"inLanguage\":\"es\",\"@id\":\"https:\/\/www.psoecaceres.com\/es\/#\/schema\/logo\/image\/\",\"url\":\"https:\/\/www.psoecaceres.com\/es\/wp-content\/uploads\/2020\/08\/logo-psoe-caceres-web-2020.png\",\"contentUrl\":\"https:\/\/www.psoecaceres.com\/es\/wp-content\/uploads\/2020\/08\/logo-psoe-caceres-web-2020.png\",\"width\":180,\"height\":105,\"caption\":\"Psoe C\u00e1ceres\"},\"image\":{\"@id\":\"https:\/\/www.psoecaceres.com\/es\/#\/schema\/logo\/image\/\"},\"sameAs\":[\"https:\/\/www.facebook.com\/psoecaceres\",\"https:\/\/x.com\/PSOEC\"]},{\"@type\":\"Person\",\"@id\":\"https:\/\/www.psoecaceres.com\/es\/#\/schema\/person\/f39f54f038cc2ed62af85f6d76c466a9\",\"name\":\"PSOE\",\"url\":\"https:\/\/www.psoecaceres.com\/es\/author\/ivar\/\"}]}<\/script>\n<!-- \/ Yoast SEO plugin. -->","yoast_head_json":{"title":"El PSOE de Extremadura exige a Guardiola responsabilidad, m\u00e1s trabajo y menos improvisaci\u00f3n, parches y falta de gesti\u00f3n - PSOE provincia de C\u00e1ceres","robots":{"index":"index","follow":"follow","max-snippet":"max-snippet:-1","max-image-preview":"max-image-preview:large","max-video-preview":"max-video-preview:-1"},"canonical":"https:\/\/www.psoecaceres.com\/es\/actualidad\/el-psoe-de-extremadura-exige-a-guardiola-responsabilidad-mas-trabajo-y-menos-improvisacion-parches-y-falta-de-gestion\/","og_locale":"es_ES","og_type":"article","og_title":"El PSOE de Extremadura exige a Guardiola responsabilidad, m\u00e1s trabajo y menos improvisaci\u00f3n, parches y falta de gesti\u00f3n - PSOE provincia de C\u00e1ceres","og_description":"El portavoz del PSOE de Extremadura, Manuel Gonz\u00e1lez Andrade, ha reclamado este lunes a la presidenta de la Junta que anteponga los intereses de Extremadura a las estrategias de su partido y de Vox. \u201cCuando tenga que elegir entre Vox y Extremadura, que elija a Extremadura. Y cuando tenga que elegir entre la calle G\u00e9nova [&hellip;]","og_url":"https:\/\/www.psoecaceres.com\/es\/actualidad\/el-psoe-de-extremadura-exige-a-guardiola-responsabilidad-mas-trabajo-y-menos-improvisacion-parches-y-falta-de-gestion\/","og_site_name":"PSOE provincia de C\u00e1ceres","article_publisher":"https:\/\/www.facebook.com\/psoecaceres","article_published_time":"2026-09-01T07:00:36+00:00","og_image":[{"width":2560,"height":1707,"url":"https:\/\/www.psoecaceres.com\/es\/wp-content\/uploads\/2026\/09\/Figu.jpg","type":"image\/jpeg"}],"author":"PSOE","twitter_card":"summary_large_image","twitter_creator":"@PSOEC","twitter_site":"@PSOEC","twitter_misc":{"Escrito por":"PSOE","Tiempo de lectura":"4 minutos"},"schema":{"@context":"https:\/\/schema.org","@graph":[{"@type":"Article","@id":"https:\/\/www.psoecaceres.com\/es\/actualidad\/el-psoe-de-extremadura-exige-a-guardiola-responsabilidad-mas-trabajo-y-menos-improvisacion-parches-y-falta-de-gestion\/#article","isPartOf":{"@id":"https:\/\/www.psoecaceres.com\/es\/actualidad\/el-psoe-de-extremadura-exige-a-guardiola-responsabilidad-mas-trabajo-y-menos-improvisacion-parches-y-falta-de-gestion\/"},"author":{"name":"PSOE","@id":"https:\/\/www.psoecaceres.com\/es\/#\/schema\/person\/f39f54f038cc2ed62af85f6d76c466a9"},"headline":"El PSOE de Extremadura exige a Guardiola responsabilidad, m\u00e1s trabajo y menos improvisaci\u00f3n, parches y falta de gesti\u00f3n","datePublished":"2026-09-01T07:00:36+00:00","mainEntityOfPage":{"@id":"https:\/\/www.psoecaceres.com\/es\/actualidad\/el-psoe-de-extremadura-exige-a-guardiola-responsabilidad-mas-trabajo-y-menos-improvisacion-parches-y-falta-de-gestion\/"},"wordCount":702,"commentCount":0,"publisher":{"@id":"https:\/\/www.psoecaceres.com\/es\/#organization"},"image":{"@id":"https:\/\/www.psoecaceres.com\/es\/actualidad\/el-psoe-de-extremadura-exige-a-guardiola-responsabilidad-mas-trabajo-y-menos-improvisacion-parches-y-falta-de-gestion\/#primaryimage"},"thumbnailUrl":"https:\/\/www.psoecaceres.com\/es\/wp-content\/uploads\/2026\/09\/Figu.jpg","keywords":["destacada"],"articleSection":["Actualidad","Noticias","PSOE Extremadura"],"inLanguage":"es","potentialAction":[{"@type":"CommentAction","name":"Comment","target":["https:\/\/www.psoecaceres.com\/es\/actualidad\/el-psoe-de-extremadura-exige-a-guardiola-responsabilidad-mas-trabajo-y-menos-improvisacion-parches-y-falta-de-gestion\/#respond"]}]},{"@type":"WebPage","@id":"https:\/\/www.psoecaceres.com\/es\/actualidad\/el-psoe-de-extremadura-exige-a-guardiola-responsabilidad-mas-trabajo-y-menos-improvisacion-parches-y-falta-de-gestion\/","url":"https:\/\/www.psoecaceres.com\/es\/actualidad\/el-psoe-de-extremadura-exige-a-guardiola-responsabilidad-mas-trabajo-y-menos-improvisacion-parches-y-falta-de-gestion\/","name":"El PSOE de Extremadura exige a Guardiola responsabilidad, m\u00e1s trabajo y menos improvisaci\u00f3n, parches y falta de gesti\u00f3n - PSOE provincia de C\u00e1ceres","isPartOf":{"@id":"https:\/\/www.psoecaceres.com\/es\/#website"},"primaryImageOfPage":{"@id":"https:\/\/www.psoecaceres.com\/es\/actualidad\/el-psoe-de-extremadura-exige-a-guardiola-responsabilidad-mas-trabajo-y-menos-improvisacion-parches-y-falta-de-gestion\/#primaryimage"},"image":{"@id":"https:\/\/www.psoecaceres.com\/es\/actualidad\/el-psoe-de-extremadura-exige-a-guardiola-responsabilidad-mas-trabajo-y-menos-improvisacion-parches-y-falta-de-gestion\/#primaryimage"},"thumbnailUrl":"https:\/\/www.psoecaceres.com\/es\/wp-content\/uploads\/2026\/09\/Figu.jpg","datePublished":"2026-09-01T07:00:36+00:00","breadcrumb":{"@id":"https:\/\/www.psoecaceres.com\/es\/actualidad\/el-psoe-de-extremadura-exige-a-guardiola-responsabilidad-mas-trabajo-y-menos-improvisacion-parches-y-falta-de-gestion\/#breadcrumb"},"inLanguage":"es","potentialAction":[{"@type":"ReadAction","target":["https:\/\/www.psoecaceres.com\/es\/actualidad\/el-psoe-de-extremadura-exige-a-guardiola-responsabilidad-mas-trabajo-y-menos-improvisacion-parches-y-falta-de-gestion\/"]}]},{"@type":"ImageObject","inLanguage":"es","@id":"https:\/\/www.psoecaceres.com\/es\/actualidad\/el-psoe-de-extremadura-exige-a-guardiola-responsabilidad-mas-trabajo-y-menos-improvisacion-parches-y-falta-de-gestion\/#primaryimage","url":"https:\/\/www.psoecaceres.com\/es\/wp-content\/uploads\/2026\/09\/Figu.jpg","contentUrl":"https:\/\/www.psoecaceres.com\/es\/wp-content\/uploads\/2026\/09\/Figu.jpg","width":2560,"height":1707},{"@type":"BreadcrumbList","@id":"https:\/\/www.psoecaceres.com\/es\/actualidad\/el-psoe-de-extremadura-exige-a-guardiola-responsabilidad-mas-trabajo-y-menos-improvisacion-parches-y-falta-de-gestion\/#breadcrumb","itemListElement":[{"@type":"ListItem","position":1,"name":"Portada","item":"https:\/\/www.psoecaceres.com\/es\/"},{"@type":"ListItem","position":2,"name":"El PSOE de Extremadura exige a Guardiola responsabilidad, m\u00e1s trabajo y menos improvisaci\u00f3n, parches y falta de gesti\u00f3n"}]},{"@type":"WebSite","@id":"https:\/\/www.psoecaceres.com\/es\/#website","url":"https:\/\/www.psoecaceres.com\/es\/","name":"PSOE provincia de C\u00e1ceres","description":"Pasi\u00f3n por Nuestros Pueblos","publisher":{"@id":"https:\/\/www.psoecaceres.com\/es\/#organization"},"alternateName":"PSOE Caceres","potentialAction":[{"@type":"SearchAction","target":{"@type":"EntryPoint","urlTemplate":"https:\/\/www.psoecaceres.com\/es\/?s={search_term_string}"},"query-input":{"@type":"PropertyValueSpecification","valueRequired":true,"valueName":"search_term_string"}}],"inLanguage":"es"},{"@type":"Organization","@id":"https:\/\/www.psoecaceres.com\/es\/#organization","name":"Psoe C\u00e1ceres","alternateName":"PSOE Caceres","url":"https:\/\/www.psoecaceres.com\/es\/","logo":{"@type":"ImageObject","inLanguage":"es","@id":"https:\/\/www.psoecaceres.com\/es\/#\/schema\/logo\/image\/","url":"https:\/\/www.psoecaceres.com\/es\/wp-content\/uploads\/2020\/08\/logo-psoe-caceres-web-2020.png","contentUrl":"https:\/\/www.psoecaceres.com\/es\/wp-content\/uploads\/2020\/08\/logo-psoe-caceres-web-2020.png","width":180,"height":105,"caption":"Psoe C\u00e1ceres"},"image":{"@id":"https:\/\/www.psoecaceres.com\/es\/#\/schema\/logo\/image\/"},"sameAs":["https:\/\/www.facebook.com\/psoecaceres","https:\/\/x.com\/PSOEC"]},{"@type":"Person","@id":"https:\/\/www.psoecaceres.com\/es\/#\/schema\/person\/f39f54f038cc2ed62af85f6d76c466a9","name":"PSOE","url":"https:\/\/www.psoecaceres.com\/es\/author\/ivar\/"}]}},"_links":{"self":[{"href":"https:\/\/www.psoecaceres.com\/es\/wp-json\/wp\/v2\/posts\/78727","targetHints":{"allow":["GET"]}}],"collection":[{"href":"https:\/\/www.psoecaceres.com\/es\/wp-json\/wp\/v2\/posts"}],"about":[{"href":"https:\/\/www.psoecaceres.com\/es\/wp-json\/wp\/v2\/types\/post"}],"author":[{"embeddable":true,"href":"https:\/\/www.psoecaceres.com\/es\/wp-json\/wp\/v2\/users\/3"}],"replies":[{"embeddable":true,"href":"https:\/\/www.psoecaceres.com\/es\/wp-json\/wp\/v2\/comments?post=78727"}],"version-history":[{"count":1,"href":"https:\/\/www.psoecaceres.com\/es\/wp-json\/wp\/v2\/posts\/78727\/revisions"}],"predecessor-version":[{"id":78729,"href":"https:\/\/www.psoecaceres.com\/es\/wp-json\/wp\/v2\/posts\/78727\/revisions\/78729"}],"wp:featuredmedia":[{"embeddable":true,"href":"https:\/\/www.psoecaceres.com\/es\/wp-json\/wp\/v2\/media\/78728"}],"wp:attachment":[{"href":"https:\/\/www.psoecaceres.com\/es\/wp-json\/wp\/v2\/media?parent=78727"}],"wp:term":[{"taxonomy":"category","embeddable":true,"href":"https:\/\/www.psoecaceres.com\/es\/wp-json\/wp\/v2\/categories?post=78727"},{"taxonomy":"post_tag","embeddable":true,"href":"https:\/\/www.psoecaceres.com\/es\/wp-json\/wp\/v2\/tags?post=78727"}],"curies":[{"name":"wp","href":"https:\/\/api.w.org\/{rel}","templated":true}]}}