{"id":8480,"date":"2014-12-12T05:46:22","date_gmt":"2014-12-12T04:46:22","guid":{"rendered":"http:\/\/www.psoecaceres.com\/es\/?p=8480"},"modified":"2014-12-12T06:43:10","modified_gmt":"2014-12-12T05:43:10","slug":"el-psoe-de-casar-de-caceres-propone-enmiendas-para-la-construccion-de-una-residencia-de-ancianos-y-15-viviendas-sociales","status":"publish","type":"post","link":"https:\/\/www.psoecaceres.com\/es\/actualidad\/el-psoe-de-casar-de-caceres-propone-enmiendas-para-la-construccion-de-una-residencia-de-ancianos-y-15-viviendas-sociales\/","title":{"rendered":"El PSOE de Casar de C\u00e1ceres propone enmiendas para la construcci\u00f3n de una Residencia de Ancianos y 15 viviendas sociales"},"content":{"rendered":"<p><strong>El Grupo Municipal Socialista de Casar de C\u00e1ceres, trasladar\u00e1 a la pr\u00f3xima sesi\u00f3n de la Asamblea de Extremadura cuatro alegaciones a los presupuestos, cuatro propuestas de indudable necesidad e inter\u00e9s social para esta localidad.<\/strong>\u00a0<a href=\"https:\/\/www.psoecaceres.com\/es\/wp-content\/uploads\/2014\/01\/Ayuntamiento-Casar-de-C\u00e1ceres.jpg\"><img loading=\"lazy\" decoding=\"async\" class=\"alignright size-medium wp-image-5974\" alt=\"Ayuntamiento Casar de C\u00e1ceres\" src=\"https:\/\/www.psoecaceres.com\/es\/wp-content\/uploads\/2014\/01\/Ayuntamiento-Casar-de-C\u00e1ceres-300x225.jpg\" width=\"300\" height=\"225\" \/><\/a><\/p>\n<p>La primera solicita la <b>construcci\u00f3n de una residencia para mayores<\/b>. Todas las peticiones vecinales est\u00e1n en la necesidad de construir y gestionar una residencia de mayores en la localidad, con una capacidad aproximada de 50 plazas, que proporcione un espacio para los mayores, tanto v\u00e1lidos como dependientes, de la localidad. El Ayuntamiento dispone de un solar dotacional de 3.000 m<sup>2<\/sup> que cede gratuitamente y est\u00e1 dispuesto a colaborar econ\u00f3micamente para su ejecuci\u00f3n. A ella se trasladar\u00edan los quince residentes de los Pisos Tutelados, pudiendo as\u00ed ampliar las instalaciones del Centro de D\u00eda a ese espacio que, en la actualidad, ocupan los Pisos Tutelados.<\/p>\n<p>La segunda hace referencia a la <b>necesidad de construir 15 viviendas de promoci\u00f3n p\u00fablica <\/b>que hagan m\u00e1s asequible el acceso a la vivienda en estos momentos cr\u00edticos. El ayuntamiento de Casar de C\u00e1ceres cede, gratuitamente, un solar urbano de m\u00e1s de 500 m<sup>2<\/sup>, sin edificar, dotado de todos los servicios urban\u00edsticos y con capacidad para la construcci\u00f3n de estas viviendas.<\/p>\n<p>De todos es conocida la demanda y necesidad que hay tanto de la residencia de mayores como de las viviendas sociales, que facilite el bienestar de nuestra poblaci\u00f3n y es por lo que solicitamos que, en los presupuestos del Gobierno de Extremadura, se contemple una partida para el inicio de los tr\u00e1mites (proyecto, inicio de obras,\u2026).<\/p>\n<p>La tercera propuesta se encamina a la <b>adecuaci\u00f3n de las instalaciones y pistas deportivas<\/b>. Instalaciones muy utilizadas en nuestro pueblo por peque\u00f1os y mayores y que tambi\u00e9n generan importantes recursos. Es necesario conocer que la inversi\u00f3n en deportes durante estos cuatro a\u00f1os por parte de esa Direcci\u00f3n General en Casar de C\u00e1ceres ha sido de cero euros, siendo muy necesarias adecuaciones y mejoras de las instalaciones.<\/p>\n<p>Y por \u00faltimo, se propone la <b>restituci\u00f3n de las cuatro plazas de celadores del Centro de Salud<\/b> que se eliminaron en 2012 y que redund\u00f3 en el empeoramiento del funcionamiento de dicho centro que atiende a una poblaci\u00f3n de casi 5.000 personas.<\/p>\n<p>Seg\u00fan palabras del Secretario General Socialista casare\u00f1o, <b>Rafael Pacheco<\/b>, \u201ccreemos que son muy necesarias estas ayudas para el desarrollo social y econ\u00f3mico de nuestro pueblo, puesto que adem\u00e1s del bienestar que suponen para la poblaci\u00f3n, generaran empleo a corto y largo plazo y permiten fijar la poblaci\u00f3n de nuestros n\u00facleos rurales, pero para todo ello necesitamos un poco de ayuda del Gobierno regional\u201d.<\/p>\n<p>Por su parte, el diputado casare\u00f1o en la Asamblea extreme\u00f1a, <b>Jorge Amado,<\/b> comentaba que \u201cson alegaciones que reflejan las necesidades y el sentir de todos los casare\u00f1os y casare\u00f1as, necesidades sociales por las que pelearemos todo lo necesario como es nuestro deber\u201d.<\/p>\n","protected":false},"excerpt":{"rendered":"<p>El Grupo Municipal Socialista de Casar de C\u00e1ceres, trasladar\u00e1 a la pr\u00f3xima sesi\u00f3n de la Asamblea de Extremadura cuatro alegaciones a los presupuestos, cuatro propuestas de indudable necesidad e inter\u00e9s social para esta localidad.\u00a0 La primera solicita la construcci\u00f3n de una residencia para mayores. Todas las peticiones vecinales est\u00e1n en la necesidad de construir y [&hellip;]<\/p>\n","protected":false},"author":3,"featured_media":5974,"comment_status":"open","ping_status":"open","sticky":false,"template":"","format":"standard","meta":{"_et_pb_use_builder":"","_et_pb_old_content":"","_et_gb_content_width":"","footnotes":""},"categories":[21],"tags":[151],"class_list":["post-8480","post","type-post","status-publish","format-standard","has-post-thumbnail","hentry","category-actualidad","tag-destacada"],"yoast_head":"<!-- This site is optimized with the Yoast SEO plugin v26.7 - https:\/\/yoast.com\/wordpress\/plugins\/seo\/ -->\n<title>El PSOE de Casar de C\u00e1ceres propone enmiendas para la construcci\u00f3n de una Residencia de Ancianos y 15 viviendas sociales - PSOE provincia de C\u00e1ceres<\/title>\n<meta name=\"description\" content=\"El PSOE de Casar de C\u00e1ceres trasladar\u00e1 a la pr\u00f3xima sesi\u00f3n de la Asamblea de Extremadura cuatro alegaciones a los presupuestos\" \/>\n<meta name=\"robots\" content=\"index, follow, max-snippet:-1, max-image-preview:large, max-video-preview:-1\" \/>\n<link rel=\"canonical\" href=\"https:\/\/www.psoecaceres.com\/es\/actualidad\/el-psoe-de-casar-de-caceres-propone-enmiendas-para-la-construccion-de-una-residencia-de-ancianos-y-15-viviendas-sociales\/\" \/>\n<meta property=\"og:locale\" content=\"es_ES\" \/>\n<meta property=\"og:type\" content=\"article\" \/>\n<meta property=\"og:title\" content=\"El PSOE de Casar de C\u00e1ceres propone enmiendas para la construcci\u00f3n de una Residencia de Ancianos y 15 viviendas sociales - PSOE provincia de C\u00e1ceres\" \/>\n<meta property=\"og:description\" content=\"El PSOE de Casar de C\u00e1ceres trasladar\u00e1 a la pr\u00f3xima sesi\u00f3n de la Asamblea de Extremadura cuatro alegaciones a los presupuestos\" \/>\n<meta property=\"og:url\" content=\"https:\/\/www.psoecaceres.com\/es\/actualidad\/el-psoe-de-casar-de-caceres-propone-enmiendas-para-la-construccion-de-una-residencia-de-ancianos-y-15-viviendas-sociales\/\" \/>\n<meta property=\"og:site_name\" content=\"PSOE provincia de C\u00e1ceres\" \/>\n<meta property=\"article:publisher\" content=\"https:\/\/www.facebook.com\/psoecaceres\" \/>\n<meta property=\"article:published_time\" content=\"2014-12-12T04:46:22+00:00\" \/>\n<meta property=\"article:modified_time\" content=\"2014-12-12T05:43:10+00:00\" \/>\n<meta property=\"og:image\" content=\"https:\/\/www.psoecaceres.com\/es\/wp-content\/uploads\/2014\/01\/Ayuntamiento-Casar-de-C\u00e1ceres.jpg\" \/>\n\t<meta property=\"og:image:width\" content=\"500\" \/>\n\t<meta property=\"og:image:height\" content=\"375\" \/>\n\t<meta property=\"og:image:type\" content=\"image\/jpeg\" \/>\n<meta name=\"author\" content=\"PSOE\" \/>\n<meta name=\"twitter:card\" content=\"summary_large_image\" \/>\n<meta name=\"twitter:creator\" content=\"@PSOEC\" \/>\n<meta name=\"twitter:site\" content=\"@PSOEC\" \/>\n<meta name=\"twitter:label1\" content=\"Escrito por\" \/>\n\t<meta name=\"twitter:data1\" content=\"PSOE\" \/>\n\t<meta name=\"twitter:label2\" content=\"Tiempo de lectura\" \/>\n\t<meta name=\"twitter:data2\" content=\"3 minutos\" \/>\n<script type=\"application\/ld+json\" class=\"yoast-schema-graph\">{\"@context\":\"https:\/\/schema.org\",\"@graph\":[{\"@type\":\"Article\",\"@id\":\"https:\/\/www.psoecaceres.com\/es\/actualidad\/el-psoe-de-casar-de-caceres-propone-enmiendas-para-la-construccion-de-una-residencia-de-ancianos-y-15-viviendas-sociales\/#article\",\"isPartOf\":{\"@id\":\"https:\/\/www.psoecaceres.com\/es\/actualidad\/el-psoe-de-casar-de-caceres-propone-enmiendas-para-la-construccion-de-una-residencia-de-ancianos-y-15-viviendas-sociales\/\"},\"author\":{\"name\":\"PSOE\",\"@id\":\"https:\/\/www.psoecaceres.com\/es\/#\/schema\/person\/f39f54f038cc2ed62af85f6d76c466a9\"},\"headline\":\"El PSOE de Casar de C\u00e1ceres propone enmiendas para la construcci\u00f3n de una Residencia de Ancianos y 15 viviendas sociales\",\"datePublished\":\"2014-12-12T04:46:22+00:00\",\"dateModified\":\"2014-12-12T05:43:10+00:00\",\"mainEntityOfPage\":{\"@id\":\"https:\/\/www.psoecaceres.com\/es\/actualidad\/el-psoe-de-casar-de-caceres-propone-enmiendas-para-la-construccion-de-una-residencia-de-ancianos-y-15-viviendas-sociales\/\"},\"wordCount\":522,\"commentCount\":0,\"publisher\":{\"@id\":\"https:\/\/www.psoecaceres.com\/es\/#organization\"},\"image\":{\"@id\":\"https:\/\/www.psoecaceres.com\/es\/actualidad\/el-psoe-de-casar-de-caceres-propone-enmiendas-para-la-construccion-de-una-residencia-de-ancianos-y-15-viviendas-sociales\/#primaryimage\"},\"thumbnailUrl\":\"https:\/\/www.psoecaceres.com\/es\/wp-content\/uploads\/2014\/01\/Ayuntamiento-Casar-de-C\u00e1ceres.jpg\",\"keywords\":[\"destacada\"],\"articleSection\":[\"Actualidad\"],\"inLanguage\":\"es\",\"potentialAction\":[{\"@type\":\"CommentAction\",\"name\":\"Comment\",\"target\":[\"https:\/\/www.psoecaceres.com\/es\/actualidad\/el-psoe-de-casar-de-caceres-propone-enmiendas-para-la-construccion-de-una-residencia-de-ancianos-y-15-viviendas-sociales\/#respond\"]}]},{\"@type\":\"WebPage\",\"@id\":\"https:\/\/www.psoecaceres.com\/es\/actualidad\/el-psoe-de-casar-de-caceres-propone-enmiendas-para-la-construccion-de-una-residencia-de-ancianos-y-15-viviendas-sociales\/\",\"url\":\"https:\/\/www.psoecaceres.com\/es\/actualidad\/el-psoe-de-casar-de-caceres-propone-enmiendas-para-la-construccion-de-una-residencia-de-ancianos-y-15-viviendas-sociales\/\",\"name\":\"El PSOE de Casar de C\u00e1ceres propone enmiendas para la construcci\u00f3n de una Residencia de Ancianos y 15 viviendas sociales - PSOE provincia de C\u00e1ceres\",\"isPartOf\":{\"@id\":\"https:\/\/www.psoecaceres.com\/es\/#website\"},\"primaryImageOfPage\":{\"@id\":\"https:\/\/www.psoecaceres.com\/es\/actualidad\/el-psoe-de-casar-de-caceres-propone-enmiendas-para-la-construccion-de-una-residencia-de-ancianos-y-15-viviendas-sociales\/#primaryimage\"},\"image\":{\"@id\":\"https:\/\/www.psoecaceres.com\/es\/actualidad\/el-psoe-de-casar-de-caceres-propone-enmiendas-para-la-construccion-de-una-residencia-de-ancianos-y-15-viviendas-sociales\/#primaryimage\"},\"thumbnailUrl\":\"https:\/\/www.psoecaceres.com\/es\/wp-content\/uploads\/2014\/01\/Ayuntamiento-Casar-de-C\u00e1ceres.jpg\",\"datePublished\":\"2014-12-12T04:46:22+00:00\",\"dateModified\":\"2014-12-12T05:43:10+00:00\",\"description\":\"El PSOE de Casar de C\u00e1ceres trasladar\u00e1 a la pr\u00f3xima sesi\u00f3n de la Asamblea de Extremadura cuatro alegaciones a los presupuestos\",\"breadcrumb\":{\"@id\":\"https:\/\/www.psoecaceres.com\/es\/actualidad\/el-psoe-de-casar-de-caceres-propone-enmiendas-para-la-construccion-de-una-residencia-de-ancianos-y-15-viviendas-sociales\/#breadcrumb\"},\"inLanguage\":\"es\",\"potentialAction\":[{\"@type\":\"ReadAction\",\"target\":[\"https:\/\/www.psoecaceres.com\/es\/actualidad\/el-psoe-de-casar-de-caceres-propone-enmiendas-para-la-construccion-de-una-residencia-de-ancianos-y-15-viviendas-sociales\/\"]}]},{\"@type\":\"ImageObject\",\"inLanguage\":\"es\",\"@id\":\"https:\/\/www.psoecaceres.com\/es\/actualidad\/el-psoe-de-casar-de-caceres-propone-enmiendas-para-la-construccion-de-una-residencia-de-ancianos-y-15-viviendas-sociales\/#primaryimage\",\"url\":\"https:\/\/www.psoecaceres.com\/es\/wp-content\/uploads\/2014\/01\/Ayuntamiento-Casar-de-C\u00e1ceres.jpg\",\"contentUrl\":\"https:\/\/www.psoecaceres.com\/es\/wp-content\/uploads\/2014\/01\/Ayuntamiento-Casar-de-C\u00e1ceres.jpg\",\"width\":\"500\",\"height\":\"375\"},{\"@type\":\"BreadcrumbList\",\"@id\":\"https:\/\/www.psoecaceres.com\/es\/actualidad\/el-psoe-de-casar-de-caceres-propone-enmiendas-para-la-construccion-de-una-residencia-de-ancianos-y-15-viviendas-sociales\/#breadcrumb\",\"itemListElement\":[{\"@type\":\"ListItem\",\"position\":1,\"name\":\"Portada\",\"item\":\"https:\/\/www.psoecaceres.com\/es\/\"},{\"@type\":\"ListItem\",\"position\":2,\"name\":\"El PSOE de Casar de C\u00e1ceres propone enmiendas para la construcci\u00f3n de una Residencia de Ancianos y 15 viviendas sociales\"}]},{\"@type\":\"WebSite\",\"@id\":\"https:\/\/www.psoecaceres.com\/es\/#website\",\"url\":\"https:\/\/www.psoecaceres.com\/es\/\",\"name\":\"PSOE provincia de C\u00e1ceres\",\"description\":\"Pasi\u00f3n por Nuestros Pueblos\",\"publisher\":{\"@id\":\"https:\/\/www.psoecaceres.com\/es\/#organization\"},\"alternateName\":\"PSOE Caceres\",\"potentialAction\":[{\"@type\":\"SearchAction\",\"target\":{\"@type\":\"EntryPoint\",\"urlTemplate\":\"https:\/\/www.psoecaceres.com\/es\/?s={search_term_string}\"},\"query-input\":{\"@type\":\"PropertyValueSpecification\",\"valueRequired\":true,\"valueName\":\"search_term_string\"}}],\"inLanguage\":\"es\"},{\"@type\":\"Organization\",\"@id\":\"https:\/\/www.psoecaceres.com\/es\/#organization\",\"name\":\"Psoe C\u00e1ceres\",\"alternateName\":\"PSOE Caceres\",\"url\":\"https:\/\/www.psoecaceres.com\/es\/\",\"logo\":{\"@type\":\"ImageObject\",\"inLanguage\":\"es\",\"@id\":\"https:\/\/www.psoecaceres.com\/es\/#\/schema\/logo\/image\/\",\"url\":\"https:\/\/www.psoecaceres.com\/es\/wp-content\/uploads\/2020\/08\/logo-psoe-caceres-web-2020.png\",\"contentUrl\":\"https:\/\/www.psoecaceres.com\/es\/wp-content\/uploads\/2020\/08\/logo-psoe-caceres-web-2020.png\",\"width\":180,\"height\":105,\"caption\":\"Psoe C\u00e1ceres\"},\"image\":{\"@id\":\"https:\/\/www.psoecaceres.com\/es\/#\/schema\/logo\/image\/\"},\"sameAs\":[\"https:\/\/www.facebook.com\/psoecaceres\",\"https:\/\/x.com\/PSOEC\"]},{\"@type\":\"Person\",\"@id\":\"https:\/\/www.psoecaceres.com\/es\/#\/schema\/person\/f39f54f038cc2ed62af85f6d76c466a9\",\"name\":\"PSOE\",\"url\":\"https:\/\/www.psoecaceres.com\/es\/author\/ivar\/\"}]}<\/script>\n<!-- \/ Yoast SEO plugin. -->","yoast_head_json":{"title":"El PSOE de Casar de C\u00e1ceres propone enmiendas para la construcci\u00f3n de una Residencia de Ancianos y 15 viviendas sociales - PSOE provincia de C\u00e1ceres","description":"El PSOE de Casar de C\u00e1ceres trasladar\u00e1 a la pr\u00f3xima sesi\u00f3n de la Asamblea de Extremadura cuatro alegaciones a los presupuestos","robots":{"index":"index","follow":"follow","max-snippet":"max-snippet:-1","max-image-preview":"max-image-preview:large","max-video-preview":"max-video-preview:-1"},"canonical":"https:\/\/www.psoecaceres.com\/es\/actualidad\/el-psoe-de-casar-de-caceres-propone-enmiendas-para-la-construccion-de-una-residencia-de-ancianos-y-15-viviendas-sociales\/","og_locale":"es_ES","og_type":"article","og_title":"El PSOE de Casar de C\u00e1ceres propone enmiendas para la construcci\u00f3n de una Residencia de Ancianos y 15 viviendas sociales - PSOE provincia de C\u00e1ceres","og_description":"El PSOE de Casar de C\u00e1ceres trasladar\u00e1 a la pr\u00f3xima sesi\u00f3n de la Asamblea de Extremadura cuatro alegaciones a los presupuestos","og_url":"https:\/\/www.psoecaceres.com\/es\/actualidad\/el-psoe-de-casar-de-caceres-propone-enmiendas-para-la-construccion-de-una-residencia-de-ancianos-y-15-viviendas-sociales\/","og_site_name":"PSOE provincia de C\u00e1ceres","article_publisher":"https:\/\/www.facebook.com\/psoecaceres","article_published_time":"2014-12-12T04:46:22+00:00","article_modified_time":"2014-12-12T05:43:10+00:00","og_image":[{"width":500,"height":375,"url":"https:\/\/www.psoecaceres.com\/es\/wp-content\/uploads\/2014\/01\/Ayuntamiento-Casar-de-C\u00e1ceres.jpg","type":"image\/jpeg"}],"author":"PSOE","twitter_card":"summary_large_image","twitter_creator":"@PSOEC","twitter_site":"@PSOEC","twitter_misc":{"Escrito por":"PSOE","Tiempo de lectura":"3 minutos"},"schema":{"@context":"https:\/\/schema.org","@graph":[{"@type":"Article","@id":"https:\/\/www.psoecaceres.com\/es\/actualidad\/el-psoe-de-casar-de-caceres-propone-enmiendas-para-la-construccion-de-una-residencia-de-ancianos-y-15-viviendas-sociales\/#article","isPartOf":{"@id":"https:\/\/www.psoecaceres.com\/es\/actualidad\/el-psoe-de-casar-de-caceres-propone-enmiendas-para-la-construccion-de-una-residencia-de-ancianos-y-15-viviendas-sociales\/"},"author":{"name":"PSOE","@id":"https:\/\/www.psoecaceres.com\/es\/#\/schema\/person\/f39f54f038cc2ed62af85f6d76c466a9"},"headline":"El PSOE de Casar de C\u00e1ceres propone enmiendas para la construcci\u00f3n de una Residencia de Ancianos y 15 viviendas sociales","datePublished":"2014-12-12T04:46:22+00:00","dateModified":"2014-12-12T05:43:10+00:00","mainEntityOfPage":{"@id":"https:\/\/www.psoecaceres.com\/es\/actualidad\/el-psoe-de-casar-de-caceres-propone-enmiendas-para-la-construccion-de-una-residencia-de-ancianos-y-15-viviendas-sociales\/"},"wordCount":522,"commentCount":0,"publisher":{"@id":"https:\/\/www.psoecaceres.com\/es\/#organization"},"image":{"@id":"https:\/\/www.psoecaceres.com\/es\/actualidad\/el-psoe-de-casar-de-caceres-propone-enmiendas-para-la-construccion-de-una-residencia-de-ancianos-y-15-viviendas-sociales\/#primaryimage"},"thumbnailUrl":"https:\/\/www.psoecaceres.com\/es\/wp-content\/uploads\/2014\/01\/Ayuntamiento-Casar-de-C\u00e1ceres.jpg","keywords":["destacada"],"articleSection":["Actualidad"],"inLanguage":"es","potentialAction":[{"@type":"CommentAction","name":"Comment","target":["https:\/\/www.psoecaceres.com\/es\/actualidad\/el-psoe-de-casar-de-caceres-propone-enmiendas-para-la-construccion-de-una-residencia-de-ancianos-y-15-viviendas-sociales\/#respond"]}]},{"@type":"WebPage","@id":"https:\/\/www.psoecaceres.com\/es\/actualidad\/el-psoe-de-casar-de-caceres-propone-enmiendas-para-la-construccion-de-una-residencia-de-ancianos-y-15-viviendas-sociales\/","url":"https:\/\/www.psoecaceres.com\/es\/actualidad\/el-psoe-de-casar-de-caceres-propone-enmiendas-para-la-construccion-de-una-residencia-de-ancianos-y-15-viviendas-sociales\/","name":"El PSOE de Casar de C\u00e1ceres propone enmiendas para la construcci\u00f3n de una Residencia de Ancianos y 15 viviendas sociales - PSOE provincia de C\u00e1ceres","isPartOf":{"@id":"https:\/\/www.psoecaceres.com\/es\/#website"},"primaryImageOfPage":{"@id":"https:\/\/www.psoecaceres.com\/es\/actualidad\/el-psoe-de-casar-de-caceres-propone-enmiendas-para-la-construccion-de-una-residencia-de-ancianos-y-15-viviendas-sociales\/#primaryimage"},"image":{"@id":"https:\/\/www.psoecaceres.com\/es\/actualidad\/el-psoe-de-casar-de-caceres-propone-enmiendas-para-la-construccion-de-una-residencia-de-ancianos-y-15-viviendas-sociales\/#primaryimage"},"thumbnailUrl":"https:\/\/www.psoecaceres.com\/es\/wp-content\/uploads\/2014\/01\/Ayuntamiento-Casar-de-C\u00e1ceres.jpg","datePublished":"2014-12-12T04:46:22+00:00","dateModified":"2014-12-12T05:43:10+00:00","description":"El PSOE de Casar de C\u00e1ceres trasladar\u00e1 a la pr\u00f3xima sesi\u00f3n de la Asamblea de Extremadura cuatro alegaciones a los presupuestos","breadcrumb":{"@id":"https:\/\/www.psoecaceres.com\/es\/actualidad\/el-psoe-de-casar-de-caceres-propone-enmiendas-para-la-construccion-de-una-residencia-de-ancianos-y-15-viviendas-sociales\/#breadcrumb"},"inLanguage":"es","potentialAction":[{"@type":"ReadAction","target":["https:\/\/www.psoecaceres.com\/es\/actualidad\/el-psoe-de-casar-de-caceres-propone-enmiendas-para-la-construccion-de-una-residencia-de-ancianos-y-15-viviendas-sociales\/"]}]},{"@type":"ImageObject","inLanguage":"es","@id":"https:\/\/www.psoecaceres.com\/es\/actualidad\/el-psoe-de-casar-de-caceres-propone-enmiendas-para-la-construccion-de-una-residencia-de-ancianos-y-15-viviendas-sociales\/#primaryimage","url":"https:\/\/www.psoecaceres.com\/es\/wp-content\/uploads\/2014\/01\/Ayuntamiento-Casar-de-C\u00e1ceres.jpg","contentUrl":"https:\/\/www.psoecaceres.com\/es\/wp-content\/uploads\/2014\/01\/Ayuntamiento-Casar-de-C\u00e1ceres.jpg","width":"500","height":"375"},{"@type":"BreadcrumbList","@id":"https:\/\/www.psoecaceres.com\/es\/actualidad\/el-psoe-de-casar-de-caceres-propone-enmiendas-para-la-construccion-de-una-residencia-de-ancianos-y-15-viviendas-sociales\/#breadcrumb","itemListElement":[{"@type":"ListItem","position":1,"name":"Portada","item":"https:\/\/www.psoecaceres.com\/es\/"},{"@type":"ListItem","position":2,"name":"El PSOE de Casar de C\u00e1ceres propone enmiendas para la construcci\u00f3n de una Residencia de Ancianos y 15 viviendas sociales"}]},{"@type":"WebSite","@id":"https:\/\/www.psoecaceres.com\/es\/#website","url":"https:\/\/www.psoecaceres.com\/es\/","name":"PSOE provincia de C\u00e1ceres","description":"Pasi\u00f3n por Nuestros Pueblos","publisher":{"@id":"https:\/\/www.psoecaceres.com\/es\/#organization"},"alternateName":"PSOE Caceres","potentialAction":[{"@type":"SearchAction","target":{"@type":"EntryPoint","urlTemplate":"https:\/\/www.psoecaceres.com\/es\/?s={search_term_string}"},"query-input":{"@type":"PropertyValueSpecification","valueRequired":true,"valueName":"search_term_string"}}],"inLanguage":"es"},{"@type":"Organization","@id":"https:\/\/www.psoecaceres.com\/es\/#organization","name":"Psoe C\u00e1ceres","alternateName":"PSOE Caceres","url":"https:\/\/www.psoecaceres.com\/es\/","logo":{"@type":"ImageObject","inLanguage":"es","@id":"https:\/\/www.psoecaceres.com\/es\/#\/schema\/logo\/image\/","url":"https:\/\/www.psoecaceres.com\/es\/wp-content\/uploads\/2020\/08\/logo-psoe-caceres-web-2020.png","contentUrl":"https:\/\/www.psoecaceres.com\/es\/wp-content\/uploads\/2020\/08\/logo-psoe-caceres-web-2020.png","width":180,"height":105,"caption":"Psoe C\u00e1ceres"},"image":{"@id":"https:\/\/www.psoecaceres.com\/es\/#\/schema\/logo\/image\/"},"sameAs":["https:\/\/www.facebook.com\/psoecaceres","https:\/\/x.com\/PSOEC"]},{"@type":"Person","@id":"https:\/\/www.psoecaceres.com\/es\/#\/schema\/person\/f39f54f038cc2ed62af85f6d76c466a9","name":"PSOE","url":"https:\/\/www.psoecaceres.com\/es\/author\/ivar\/"}]}},"_links":{"self":[{"href":"https:\/\/www.psoecaceres.com\/es\/wp-json\/wp\/v2\/posts\/8480","targetHints":{"allow":["GET"]}}],"collection":[{"href":"https:\/\/www.psoecaceres.com\/es\/wp-json\/wp\/v2\/posts"}],"about":[{"href":"https:\/\/www.psoecaceres.com\/es\/wp-json\/wp\/v2\/types\/post"}],"author":[{"embeddable":true,"href":"https:\/\/www.psoecaceres.com\/es\/wp-json\/wp\/v2\/users\/3"}],"replies":[{"embeddable":true,"href":"https:\/\/www.psoecaceres.com\/es\/wp-json\/wp\/v2\/comments?post=8480"}],"version-history":[{"count":0,"href":"https:\/\/www.psoecaceres.com\/es\/wp-json\/wp\/v2\/posts\/8480\/revisions"}],"wp:featuredmedia":[{"embeddable":true,"href":"https:\/\/www.psoecaceres.com\/es\/wp-json\/wp\/v2\/media\/5974"}],"wp:attachment":[{"href":"https:\/\/www.psoecaceres.com\/es\/wp-json\/wp\/v2\/media?parent=8480"}],"wp:term":[{"taxonomy":"category","embeddable":true,"href":"https:\/\/www.psoecaceres.com\/es\/wp-json\/wp\/v2\/categories?post=8480"},{"taxonomy":"post_tag","embeddable":true,"href":"https:\/\/www.psoecaceres.com\/es\/wp-json\/wp\/v2\/tags?post=8480"}],"curies":[{"name":"wp","href":"https:\/\/api.w.org\/{rel}","templated":true}]}}