{"id":8649,"date":"2015-01-19T03:30:07","date_gmt":"2015-01-19T02:30:07","guid":{"rendered":"http:\/\/www.psoecaceres.com\/es\/?p=8649"},"modified":"2015-01-19T05:30:55","modified_gmt":"2015-01-19T04:30:55","slug":"video-mas-de-100-anos-de-socialismo-psoe","status":"publish","type":"post","link":"https:\/\/www.psoecaceres.com\/es\/historia-socialista\/video-mas-de-100-anos-de-socialismo-psoe\/","title":{"rendered":"#V\u00cdDEO &#8211; M\u00e1s de 100 a\u00f1os de socialismo. PSOE"},"content":{"rendered":"<p>M\u00e1s de 100 a\u00f1os ofrece una fascinante y reveladora visi\u00f3n de la historia del Partido Socialista Obrero Espa\u00f1ol, fundado hace mas de 125 a\u00f1os. Desde que Pablo Iglesias y sus compa\u00f1eros crearan en Madrid el Partido, en el ya m\u00edtico restaurante Labra el 2 de mayo de 1879, hasta el triunfo del PSOE en las elecciones de 2004, la serie ofrece un recorrido de la historia del PSOE, inseparable de la historia que ha vivido Espa\u00f1a desde finales del siglo XIX hasta el siglo XXI.<\/p>\n<p>El importante archivo de la Fundaci\u00f3n Pablo Iglesias ha sudi esencial para el desarrollo de este riguroso documental, en el que participaran historiadores, dirigentes y militantes, y donde se presentan numerosos documentos audiovisuales pr\u00e1cticamente in\u00e9ditos del Partido Socialista que, despu\u00e9s del alem\u00e1n, es el mas antiguo de Europa.<br \/>\nCon la Intervenci\u00f3n de: Jose Luis Rodriguez Zapatero, Felipe Gonzalez, Alfonso Guerra, Manuel Chavez, Josep Almunia, Nicolas Redondo&#8230;<\/p>\n<p>Gui\u00f3n: Pedro Carvajal y Julio Martin Casas<br \/>\nM\u00fasica: Jorge Malet\u00e1<br \/>\nDocumentaci\u00f3n: Marisa Elorriaga<br \/>\nMontaje: Amparo Martinez Dorado<br \/>\nProductor Ejecutivo: Larry Levene<br \/>\nDirector: Pedro Carvajal<\/p>\n<p>Mas de 100 a\u00f1os (c) 2005 TVE s.a \/ Fundaci\u00f3n Pablo Iglesias<br \/>\nEdici\u00f3n, Dise\u00f1o y autor\u00eda (c) Divisa Home Video 2005<br \/>\nC\/Los Astros, 2 47009 Valladolid- www.divisared.es<\/p>\n<p><iframe loading=\"lazy\" src=\"\/\/www.youtube.com\/embed\/SqmK2cK_xnI\" height=\"315\" width=\"560\" allowfullscreen=\"\" frameborder=\"0\"><\/iframe><\/p>\n","protected":false},"excerpt":{"rendered":"<p>M\u00e1s de 100 a\u00f1os ofrece una fascinante y reveladora visi\u00f3n de la historia del Partido Socialista Obrero Espa\u00f1ol, fundado hace mas de 125 a\u00f1os. Desde que Pablo Iglesias y sus compa\u00f1eros crearan en Madrid el Partido, en el ya m\u00edtico restaurante Labra el 2 de mayo de 1879, hasta el triunfo del PSOE en las [&hellip;]<\/p>\n","protected":false},"author":3,"featured_media":3165,"comment_status":"open","ping_status":"open","sticky":false,"template":"","format":"standard","meta":{"_et_pb_use_builder":"","_et_pb_old_content":"","_et_gb_content_width":"","footnotes":""},"categories":[152],"tags":[151],"class_list":["post-8649","post","type-post","status-publish","format-standard","has-post-thumbnail","hentry","category-historia-socialista","tag-destacada"],"yoast_head":"<!-- This site is optimized with the Yoast SEO plugin v26.7 - https:\/\/yoast.com\/wordpress\/plugins\/seo\/ -->\n<title>#V\u00cdDEO - M\u00e1s de 100 a\u00f1os de socialismo. PSOE - PSOE provincia de C\u00e1ceres<\/title>\n<meta name=\"description\" content=\"M\u00e1s de 100 a\u00f1os ofrece una fascinante y reveladora visi\u00f3n de la historia del Partido Socialista Obrero Espa\u00f1ol\" \/>\n<meta name=\"robots\" content=\"index, follow, max-snippet:-1, max-image-preview:large, max-video-preview:-1\" \/>\n<link rel=\"canonical\" href=\"https:\/\/www.psoecaceres.com\/es\/historia-socialista\/video-mas-de-100-anos-de-socialismo-psoe\/\" \/>\n<meta property=\"og:locale\" content=\"es_ES\" \/>\n<meta property=\"og:type\" content=\"article\" \/>\n<meta property=\"og:title\" content=\"#V\u00cdDEO - M\u00e1s de 100 a\u00f1os de socialismo. PSOE - PSOE provincia de C\u00e1ceres\" \/>\n<meta property=\"og:description\" content=\"M\u00e1s de 100 a\u00f1os ofrece una fascinante y reveladora visi\u00f3n de la historia del Partido Socialista Obrero Espa\u00f1ol\" \/>\n<meta property=\"og:url\" content=\"https:\/\/www.psoecaceres.com\/es\/historia-socialista\/video-mas-de-100-anos-de-socialismo-psoe\/\" \/>\n<meta property=\"og:site_name\" content=\"PSOE provincia de C\u00e1ceres\" \/>\n<meta property=\"article:publisher\" content=\"https:\/\/www.facebook.com\/psoecaceres\" \/>\n<meta property=\"article:published_time\" content=\"2015-01-19T02:30:07+00:00\" \/>\n<meta property=\"article:modified_time\" content=\"2015-01-19T04:30:55+00:00\" \/>\n<meta property=\"og:image\" content=\"https:\/\/www.psoecaceres.com\/es\/wp-content\/uploads\/2013\/04\/II-Rep\u00fablica.jpg\" \/>\n\t<meta property=\"og:image:width\" content=\"540\" \/>\n\t<meta property=\"og:image:height\" content=\"397\" \/>\n\t<meta property=\"og:image:type\" content=\"image\/jpeg\" \/>\n<meta name=\"author\" content=\"PSOE\" \/>\n<meta name=\"twitter:card\" content=\"summary_large_image\" \/>\n<meta name=\"twitter:creator\" content=\"@PSOEC\" \/>\n<meta name=\"twitter:site\" content=\"@PSOEC\" \/>\n<meta name=\"twitter:label1\" content=\"Escrito por\" \/>\n\t<meta name=\"twitter:data1\" content=\"PSOE\" \/>\n\t<meta name=\"twitter:label2\" content=\"Tiempo de lectura\" \/>\n\t<meta name=\"twitter:data2\" content=\"1 minuto\" \/>\n<script type=\"application\/ld+json\" class=\"yoast-schema-graph\">{\"@context\":\"https:\/\/schema.org\",\"@graph\":[{\"@type\":\"Article\",\"@id\":\"https:\/\/www.psoecaceres.com\/es\/historia-socialista\/video-mas-de-100-anos-de-socialismo-psoe\/#article\",\"isPartOf\":{\"@id\":\"https:\/\/www.psoecaceres.com\/es\/historia-socialista\/video-mas-de-100-anos-de-socialismo-psoe\/\"},\"author\":{\"name\":\"PSOE\",\"@id\":\"https:\/\/www.psoecaceres.com\/es\/#\/schema\/person\/f39f54f038cc2ed62af85f6d76c466a9\"},\"headline\":\"#V\u00cdDEO &#8211; M\u00e1s de 100 a\u00f1os de socialismo. PSOE\",\"datePublished\":\"2015-01-19T02:30:07+00:00\",\"dateModified\":\"2015-01-19T04:30:55+00:00\",\"mainEntityOfPage\":{\"@id\":\"https:\/\/www.psoecaceres.com\/es\/historia-socialista\/video-mas-de-100-anos-de-socialismo-psoe\/\"},\"wordCount\":228,\"commentCount\":0,\"publisher\":{\"@id\":\"https:\/\/www.psoecaceres.com\/es\/#organization\"},\"image\":{\"@id\":\"https:\/\/www.psoecaceres.com\/es\/historia-socialista\/video-mas-de-100-anos-de-socialismo-psoe\/#primaryimage\"},\"thumbnailUrl\":\"https:\/\/www.psoecaceres.com\/es\/wp-content\/uploads\/2013\/04\/II-Rep\u00fablica.jpg\",\"keywords\":[\"destacada\"],\"articleSection\":[\"Historia Socialista\"],\"inLanguage\":\"es\",\"potentialAction\":[{\"@type\":\"CommentAction\",\"name\":\"Comment\",\"target\":[\"https:\/\/www.psoecaceres.com\/es\/historia-socialista\/video-mas-de-100-anos-de-socialismo-psoe\/#respond\"]}]},{\"@type\":\"WebPage\",\"@id\":\"https:\/\/www.psoecaceres.com\/es\/historia-socialista\/video-mas-de-100-anos-de-socialismo-psoe\/\",\"url\":\"https:\/\/www.psoecaceres.com\/es\/historia-socialista\/video-mas-de-100-anos-de-socialismo-psoe\/\",\"name\":\"#V\u00cdDEO - M\u00e1s de 100 a\u00f1os de socialismo. PSOE - PSOE provincia de C\u00e1ceres\",\"isPartOf\":{\"@id\":\"https:\/\/www.psoecaceres.com\/es\/#website\"},\"primaryImageOfPage\":{\"@id\":\"https:\/\/www.psoecaceres.com\/es\/historia-socialista\/video-mas-de-100-anos-de-socialismo-psoe\/#primaryimage\"},\"image\":{\"@id\":\"https:\/\/www.psoecaceres.com\/es\/historia-socialista\/video-mas-de-100-anos-de-socialismo-psoe\/#primaryimage\"},\"thumbnailUrl\":\"https:\/\/www.psoecaceres.com\/es\/wp-content\/uploads\/2013\/04\/II-Rep\u00fablica.jpg\",\"datePublished\":\"2015-01-19T02:30:07+00:00\",\"dateModified\":\"2015-01-19T04:30:55+00:00\",\"description\":\"M\u00e1s de 100 a\u00f1os ofrece una fascinante y reveladora visi\u00f3n de la historia del Partido Socialista Obrero Espa\u00f1ol\",\"breadcrumb\":{\"@id\":\"https:\/\/www.psoecaceres.com\/es\/historia-socialista\/video-mas-de-100-anos-de-socialismo-psoe\/#breadcrumb\"},\"inLanguage\":\"es\",\"potentialAction\":[{\"@type\":\"ReadAction\",\"target\":[\"https:\/\/www.psoecaceres.com\/es\/historia-socialista\/video-mas-de-100-anos-de-socialismo-psoe\/\"]}]},{\"@type\":\"ImageObject\",\"inLanguage\":\"es\",\"@id\":\"https:\/\/www.psoecaceres.com\/es\/historia-socialista\/video-mas-de-100-anos-de-socialismo-psoe\/#primaryimage\",\"url\":\"https:\/\/www.psoecaceres.com\/es\/wp-content\/uploads\/2013\/04\/II-Rep\u00fablica.jpg\",\"contentUrl\":\"https:\/\/www.psoecaceres.com\/es\/wp-content\/uploads\/2013\/04\/II-Rep\u00fablica.jpg\",\"width\":\"540\",\"height\":\"397\"},{\"@type\":\"BreadcrumbList\",\"@id\":\"https:\/\/www.psoecaceres.com\/es\/historia-socialista\/video-mas-de-100-anos-de-socialismo-psoe\/#breadcrumb\",\"itemListElement\":[{\"@type\":\"ListItem\",\"position\":1,\"name\":\"Portada\",\"item\":\"https:\/\/www.psoecaceres.com\/es\/\"},{\"@type\":\"ListItem\",\"position\":2,\"name\":\"#V\u00cdDEO &#8211; M\u00e1s de 100 a\u00f1os de socialismo. PSOE\"}]},{\"@type\":\"WebSite\",\"@id\":\"https:\/\/www.psoecaceres.com\/es\/#website\",\"url\":\"https:\/\/www.psoecaceres.com\/es\/\",\"name\":\"PSOE provincia de C\u00e1ceres\",\"description\":\"Pasi\u00f3n por Nuestros Pueblos\",\"publisher\":{\"@id\":\"https:\/\/www.psoecaceres.com\/es\/#organization\"},\"alternateName\":\"PSOE Caceres\",\"potentialAction\":[{\"@type\":\"SearchAction\",\"target\":{\"@type\":\"EntryPoint\",\"urlTemplate\":\"https:\/\/www.psoecaceres.com\/es\/?s={search_term_string}\"},\"query-input\":{\"@type\":\"PropertyValueSpecification\",\"valueRequired\":true,\"valueName\":\"search_term_string\"}}],\"inLanguage\":\"es\"},{\"@type\":\"Organization\",\"@id\":\"https:\/\/www.psoecaceres.com\/es\/#organization\",\"name\":\"Psoe C\u00e1ceres\",\"alternateName\":\"PSOE Caceres\",\"url\":\"https:\/\/www.psoecaceres.com\/es\/\",\"logo\":{\"@type\":\"ImageObject\",\"inLanguage\":\"es\",\"@id\":\"https:\/\/www.psoecaceres.com\/es\/#\/schema\/logo\/image\/\",\"url\":\"https:\/\/www.psoecaceres.com\/es\/wp-content\/uploads\/2020\/08\/logo-psoe-caceres-web-2020.png\",\"contentUrl\":\"https:\/\/www.psoecaceres.com\/es\/wp-content\/uploads\/2020\/08\/logo-psoe-caceres-web-2020.png\",\"width\":180,\"height\":105,\"caption\":\"Psoe C\u00e1ceres\"},\"image\":{\"@id\":\"https:\/\/www.psoecaceres.com\/es\/#\/schema\/logo\/image\/\"},\"sameAs\":[\"https:\/\/www.facebook.com\/psoecaceres\",\"https:\/\/x.com\/PSOEC\"]},{\"@type\":\"Person\",\"@id\":\"https:\/\/www.psoecaceres.com\/es\/#\/schema\/person\/f39f54f038cc2ed62af85f6d76c466a9\",\"name\":\"PSOE\",\"url\":\"https:\/\/www.psoecaceres.com\/es\/author\/ivar\/\"}]}<\/script>\n<!-- \/ Yoast SEO plugin. -->","yoast_head_json":{"title":"#V\u00cdDEO - M\u00e1s de 100 a\u00f1os de socialismo. PSOE - PSOE provincia de C\u00e1ceres","description":"M\u00e1s de 100 a\u00f1os ofrece una fascinante y reveladora visi\u00f3n de la historia del Partido Socialista Obrero Espa\u00f1ol","robots":{"index":"index","follow":"follow","max-snippet":"max-snippet:-1","max-image-preview":"max-image-preview:large","max-video-preview":"max-video-preview:-1"},"canonical":"https:\/\/www.psoecaceres.com\/es\/historia-socialista\/video-mas-de-100-anos-de-socialismo-psoe\/","og_locale":"es_ES","og_type":"article","og_title":"#V\u00cdDEO - M\u00e1s de 100 a\u00f1os de socialismo. PSOE - PSOE provincia de C\u00e1ceres","og_description":"M\u00e1s de 100 a\u00f1os ofrece una fascinante y reveladora visi\u00f3n de la historia del Partido Socialista Obrero Espa\u00f1ol","og_url":"https:\/\/www.psoecaceres.com\/es\/historia-socialista\/video-mas-de-100-anos-de-socialismo-psoe\/","og_site_name":"PSOE provincia de C\u00e1ceres","article_publisher":"https:\/\/www.facebook.com\/psoecaceres","article_published_time":"2015-01-19T02:30:07+00:00","article_modified_time":"2015-01-19T04:30:55+00:00","og_image":[{"width":540,"height":397,"url":"https:\/\/www.psoecaceres.com\/es\/wp-content\/uploads\/2013\/04\/II-Rep\u00fablica.jpg","type":"image\/jpeg"}],"author":"PSOE","twitter_card":"summary_large_image","twitter_creator":"@PSOEC","twitter_site":"@PSOEC","twitter_misc":{"Escrito por":"PSOE","Tiempo de lectura":"1 minuto"},"schema":{"@context":"https:\/\/schema.org","@graph":[{"@type":"Article","@id":"https:\/\/www.psoecaceres.com\/es\/historia-socialista\/video-mas-de-100-anos-de-socialismo-psoe\/#article","isPartOf":{"@id":"https:\/\/www.psoecaceres.com\/es\/historia-socialista\/video-mas-de-100-anos-de-socialismo-psoe\/"},"author":{"name":"PSOE","@id":"https:\/\/www.psoecaceres.com\/es\/#\/schema\/person\/f39f54f038cc2ed62af85f6d76c466a9"},"headline":"#V\u00cdDEO &#8211; M\u00e1s de 100 a\u00f1os de socialismo. PSOE","datePublished":"2015-01-19T02:30:07+00:00","dateModified":"2015-01-19T04:30:55+00:00","mainEntityOfPage":{"@id":"https:\/\/www.psoecaceres.com\/es\/historia-socialista\/video-mas-de-100-anos-de-socialismo-psoe\/"},"wordCount":228,"commentCount":0,"publisher":{"@id":"https:\/\/www.psoecaceres.com\/es\/#organization"},"image":{"@id":"https:\/\/www.psoecaceres.com\/es\/historia-socialista\/video-mas-de-100-anos-de-socialismo-psoe\/#primaryimage"},"thumbnailUrl":"https:\/\/www.psoecaceres.com\/es\/wp-content\/uploads\/2013\/04\/II-Rep\u00fablica.jpg","keywords":["destacada"],"articleSection":["Historia Socialista"],"inLanguage":"es","potentialAction":[{"@type":"CommentAction","name":"Comment","target":["https:\/\/www.psoecaceres.com\/es\/historia-socialista\/video-mas-de-100-anos-de-socialismo-psoe\/#respond"]}]},{"@type":"WebPage","@id":"https:\/\/www.psoecaceres.com\/es\/historia-socialista\/video-mas-de-100-anos-de-socialismo-psoe\/","url":"https:\/\/www.psoecaceres.com\/es\/historia-socialista\/video-mas-de-100-anos-de-socialismo-psoe\/","name":"#V\u00cdDEO - M\u00e1s de 100 a\u00f1os de socialismo. PSOE - PSOE provincia de C\u00e1ceres","isPartOf":{"@id":"https:\/\/www.psoecaceres.com\/es\/#website"},"primaryImageOfPage":{"@id":"https:\/\/www.psoecaceres.com\/es\/historia-socialista\/video-mas-de-100-anos-de-socialismo-psoe\/#primaryimage"},"image":{"@id":"https:\/\/www.psoecaceres.com\/es\/historia-socialista\/video-mas-de-100-anos-de-socialismo-psoe\/#primaryimage"},"thumbnailUrl":"https:\/\/www.psoecaceres.com\/es\/wp-content\/uploads\/2013\/04\/II-Rep\u00fablica.jpg","datePublished":"2015-01-19T02:30:07+00:00","dateModified":"2015-01-19T04:30:55+00:00","description":"M\u00e1s de 100 a\u00f1os ofrece una fascinante y reveladora visi\u00f3n de la historia del Partido Socialista Obrero Espa\u00f1ol","breadcrumb":{"@id":"https:\/\/www.psoecaceres.com\/es\/historia-socialista\/video-mas-de-100-anos-de-socialismo-psoe\/#breadcrumb"},"inLanguage":"es","potentialAction":[{"@type":"ReadAction","target":["https:\/\/www.psoecaceres.com\/es\/historia-socialista\/video-mas-de-100-anos-de-socialismo-psoe\/"]}]},{"@type":"ImageObject","inLanguage":"es","@id":"https:\/\/www.psoecaceres.com\/es\/historia-socialista\/video-mas-de-100-anos-de-socialismo-psoe\/#primaryimage","url":"https:\/\/www.psoecaceres.com\/es\/wp-content\/uploads\/2013\/04\/II-Rep\u00fablica.jpg","contentUrl":"https:\/\/www.psoecaceres.com\/es\/wp-content\/uploads\/2013\/04\/II-Rep\u00fablica.jpg","width":"540","height":"397"},{"@type":"BreadcrumbList","@id":"https:\/\/www.psoecaceres.com\/es\/historia-socialista\/video-mas-de-100-anos-de-socialismo-psoe\/#breadcrumb","itemListElement":[{"@type":"ListItem","position":1,"name":"Portada","item":"https:\/\/www.psoecaceres.com\/es\/"},{"@type":"ListItem","position":2,"name":"#V\u00cdDEO &#8211; M\u00e1s de 100 a\u00f1os de socialismo. PSOE"}]},{"@type":"WebSite","@id":"https:\/\/www.psoecaceres.com\/es\/#website","url":"https:\/\/www.psoecaceres.com\/es\/","name":"PSOE provincia de C\u00e1ceres","description":"Pasi\u00f3n por Nuestros Pueblos","publisher":{"@id":"https:\/\/www.psoecaceres.com\/es\/#organization"},"alternateName":"PSOE Caceres","potentialAction":[{"@type":"SearchAction","target":{"@type":"EntryPoint","urlTemplate":"https:\/\/www.psoecaceres.com\/es\/?s={search_term_string}"},"query-input":{"@type":"PropertyValueSpecification","valueRequired":true,"valueName":"search_term_string"}}],"inLanguage":"es"},{"@type":"Organization","@id":"https:\/\/www.psoecaceres.com\/es\/#organization","name":"Psoe C\u00e1ceres","alternateName":"PSOE Caceres","url":"https:\/\/www.psoecaceres.com\/es\/","logo":{"@type":"ImageObject","inLanguage":"es","@id":"https:\/\/www.psoecaceres.com\/es\/#\/schema\/logo\/image\/","url":"https:\/\/www.psoecaceres.com\/es\/wp-content\/uploads\/2020\/08\/logo-psoe-caceres-web-2020.png","contentUrl":"https:\/\/www.psoecaceres.com\/es\/wp-content\/uploads\/2020\/08\/logo-psoe-caceres-web-2020.png","width":180,"height":105,"caption":"Psoe C\u00e1ceres"},"image":{"@id":"https:\/\/www.psoecaceres.com\/es\/#\/schema\/logo\/image\/"},"sameAs":["https:\/\/www.facebook.com\/psoecaceres","https:\/\/x.com\/PSOEC"]},{"@type":"Person","@id":"https:\/\/www.psoecaceres.com\/es\/#\/schema\/person\/f39f54f038cc2ed62af85f6d76c466a9","name":"PSOE","url":"https:\/\/www.psoecaceres.com\/es\/author\/ivar\/"}]}},"_links":{"self":[{"href":"https:\/\/www.psoecaceres.com\/es\/wp-json\/wp\/v2\/posts\/8649","targetHints":{"allow":["GET"]}}],"collection":[{"href":"https:\/\/www.psoecaceres.com\/es\/wp-json\/wp\/v2\/posts"}],"about":[{"href":"https:\/\/www.psoecaceres.com\/es\/wp-json\/wp\/v2\/types\/post"}],"author":[{"embeddable":true,"href":"https:\/\/www.psoecaceres.com\/es\/wp-json\/wp\/v2\/users\/3"}],"replies":[{"embeddable":true,"href":"https:\/\/www.psoecaceres.com\/es\/wp-json\/wp\/v2\/comments?post=8649"}],"version-history":[{"count":0,"href":"https:\/\/www.psoecaceres.com\/es\/wp-json\/wp\/v2\/posts\/8649\/revisions"}],"wp:featuredmedia":[{"embeddable":true,"href":"https:\/\/www.psoecaceres.com\/es\/wp-json\/wp\/v2\/media\/3165"}],"wp:attachment":[{"href":"https:\/\/www.psoecaceres.com\/es\/wp-json\/wp\/v2\/media?parent=8649"}],"wp:term":[{"taxonomy":"category","embeddable":true,"href":"https:\/\/www.psoecaceres.com\/es\/wp-json\/wp\/v2\/categories?post=8649"},{"taxonomy":"post_tag","embeddable":true,"href":"https:\/\/www.psoecaceres.com\/es\/wp-json\/wp\/v2\/tags?post=8649"}],"curies":[{"name":"wp","href":"https:\/\/api.w.org\/{rel}","templated":true}]}}